{"id":198528,"date":"2025-05-09T07:33:21","date_gmt":"2025-05-09T07:33:21","guid":{"rendered":"https:\/\/www.welovecycling.com\/wide\/?p=198528"},"modified":"2025-05-09T07:33:21","modified_gmt":"2025-05-09T07:33:21","slug":"pedal-breathe-repeat-a-cyclists-take-on-mental-health","status":"publish","type":"post","link":"https:\/\/www.welovecycling.com\/wide\/2025\/05\/09\/pedal-breathe-repeat-a-cyclists-take-on-mental-health\/","title":{"rendered":"Pedal. Breathe. Repeat. A Cyclist\u2019s Take on Mental Health"},"content":{"rendered":"<p><strong>May is Mental Health Awareness Month, which makes it a good time to talk about something many of us experience but don\u2019t always name: the way cycling helps us cope.<\/strong><\/p>\n<p><!--more--><\/p>\n<p><span style=\"font-weight: 400;\">That doesn\u2019t mean it \u201ccures\u201d anything. It doesn\u2019t fix burnout or magically dissolve anxiety. But for a lot of us, getting on the bike and moving our bodies makes things feel a little more manageable. Whether it\u2019s a steady solo ride that clears your head or a short group spin just to get moving again, cycling has a way of showing up when we need it most.<\/span><\/p>\n<p><span style=\"font-weight: 400;\">This isn\u2019t about toxic positivity or &#8220;just ride, and you&#8217;ll feel better.&#8221; It\u2019s about having a tool\u2014a practice, a rhythm, something that gets you outside, back into your body, and a little bit closer to balance. So, let\u2019s take a closer look at how cycling supports mental well-being\u2014from the research to the lived experience.<\/span><\/p>\n<h2><b>What the research actually says<\/b><\/h2>\n<p><span style=\"font-weight: 400;\">Most cyclists don\u2019t need a scientific study to tell them that riding helps their mood, but it turns out the science backs up what we\u2019ve felt all along.<\/span><\/p>\n<p><span style=\"font-weight: 400;\">Research <\/span><a href=\"https:\/\/bmjopen.bmj.com\/content\/7\/6\/e013542\"><span style=\"font-weight: 400;\">published on BMJ Open<\/span><\/a><span style=\"font-weight: 400;\"> has shown that aerobic exercise, like running or cycling, can significantly reduce feelings of anxiety. Regular movement doesn\u2019t just help in the moment; it may actually lower the risk of anxious thoughts developing into full-blown panic attacks or anxiety disorders.\u00a0<\/span><\/p>\n<p><span style=\"font-weight: 400;\">The study found that people who cycle daily are more likely to describe their lives as happy compared to those who tried cycling but gave it up. The type of aerobic exercise matters less than the consistency, but cycling offers a unique combination: it\u2019s low-impact (a bonus if you\u2019re managing joint pain or worried about bad knees) and it gets you outside. That means added benefits from natural light, fresh air, and time in green spaces\u2014all of which have been independently linked to improved mood and reduced stress.<\/span><\/p>\n<p><span style=\"font-weight: 400;\">There\u2019s a biological explanation, too. Riding stimulates the production of endorphins\u2014those feel-good brain chemicals\u2014as well as dopamine and serotonin, which regulate mood, focus, and a sense of calm. It also helps lower levels of cortisol, the stress hormone that stays elevated when we\u2019re anxious or under pressure. In short: cycling shifts your brain chemistry in ways that support emotional regulation.<\/span><\/p>\n<p><span style=\"font-weight: 400;\">But the science doesn\u2019t quite capture everything. Because mental health isn\u2019t just about hormones and neurotransmitters. It\u2019s about how we feel when we\u2019re in the middle of it\u2014and what helps us find a way through.<\/span><\/p>\n<figure id=\"attachment_184711\" aria-describedby=\"caption-attachment-184711\" style=\"width: 1000px\" class=\"wp-caption alignnone\"><a href=\"https:\/\/d2p6e6u75xmxt8.cloudfront.net\/2\/2021\/07\/Cycling-in-nature-profimedia-0613464706.webp\"><img loading=\"lazy\" decoding=\"async\" class=\"wp-image-184711 size-full\" src=\"https:\/\/d2p6e6u75xmxt8.cloudfront.net\/2\/2021\/07\/Cycling-in-nature-profimedia-0613464706.webp\" alt=\"Cycling in nature\" width=\"1000\" height=\"666\" srcset=\"https:\/\/d2p6e6u75xmxt8.cloudfront.net\/2\/2021\/07\/Cycling-in-nature-profimedia-0613464706.webp 1000w, https:\/\/d2p6e6u75xmxt8.cloudfront.net\/2\/2021\/07\/Cycling-in-nature-profimedia-0613464706-300x200.webp 300w, https:\/\/d2p6e6u75xmxt8.cloudfront.net\/2\/2021\/07\/Cycling-in-nature-profimedia-0613464706-768x511.webp 768w, https:\/\/d2p6e6u75xmxt8.cloudfront.net\/2\/2021\/07\/Cycling-in-nature-profimedia-0613464706-272x182.webp 272w\" sizes=\"auto, (max-width: 1000px) 100vw, 1000px\" \/><\/a><figcaption id=\"caption-attachment-184711\" class=\"wp-caption-text\">People who cycle daily are more likely to describe their lives as happy compared to those who tried cycling but gave it up. \u00a9 Profimedia<\/figcaption><\/figure>\n<h2><b>What it feels like (and why it helps)<\/b><\/h2>\n<p><span style=\"font-weight: 400;\">For many riders, the benefits of cycling on mental health are subtle but consistent. It\u2019s not a dramatic transformation. It\u2019s more like finding the volume knob and turning everything down just a little.<\/span><\/p>\n<p><span style=\"font-weight: 400;\">Some describe it as a moving meditation. The repetition of pedaling, the feeling of wind on your face, the changing scenery\u2014all of it helps quiet the noise. You&#8217;re forced into the present moment. Not because you\u2019re trying to be <a href=\"https:\/\/www.welovecycling.com\/wide\/2025\/02\/05\/cycling-for-mindfulness-embrace-the-slow-ride-movement-this-winter\/\" target=\"_blank\" rel=\"noopener\">mindful,<\/a> but because riding requires your attention. To the road, to your breathing, to the mechanics of your body.<\/span><\/p>\n<p><span style=\"font-weight: 400;\">For me, that shift usually happens about 20 minutes into a ride. The thoughts don\u2019t disappear, but they soften. The edge comes off the anxiety. Even if I return home tired, windblown, or a little sore, I feel like myself again.<\/span><\/p>\n<p><span style=\"font-weight: 400;\">There\u2019s also something about the act of getting outside. Especially on hard days, when everything feels stuck or small or overwhelming, leaving the house\u2014even for a short spin\u2014can be enough to change your mindset. The simple exposure to natural light, fresh air, or open space has a grounding effect.<\/span><\/p>\n<h2><b>Riding through hard seasons<\/b><\/h2>\n<p><span style=\"font-weight: 400;\">It\u2019s worth repeating: cycling isn\u2019t therapy. It\u2019s not a replacement for professional support, medication, or real conversations. But it can be part of the toolbox\u2014a supportive practice alongside other mental health strategies.<\/span><\/p>\n<p><span style=\"font-weight: 400;\">For some, it\u2019s a way to move grief. I have a friend who rode every morning for six weeks after losing a family member. Not far. Not fast. Just enough to start the day outside her own pain. Another acquaintance, who struggles with panic attacks, told me cycling was the only thing that reliably stopped the spiral. Not because it fixed the underlying issue\u2014but because it gave him a way to break the loop when it started.<\/span><\/p>\n<div class=\"shortcode-ys-post-pinup\"><article class=\"loop-simple post-197849 post type-post status-publish format-standard has-post-thumbnail hentry category-health-and-training tag-cycling-and-mindfulness tag-cycling-and-yoga tag-pedalmind-project tag-winter-training global-categories-cycling\" data-postid=\"197849\" role=\"article\" data-post-id=\"197849\" data-word-count=\"879\" data-headline-length=\"67\" data-category=\"Health &amp; Training\" data-global-category=\"Cycling\" data-author=\"Megan Flottorp\" data-published=\"2025-02-05T12:26:39+00:00\" data-published-day=\"Wednesday\">\n    <div class=\"entry-thumbnail article-thumbnail\" content=\"https:\/\/d2p6e6u75xmxt8.cloudfront.net\/2\/2025\/02\/Cyclist-Cold-Fog-profimedia-0958561366-CVR-150x150.webp\"><a href=\"https:\/\/www.welovecycling.com\/wide\/2025\/02\/05\/cycling-for-mindfulness-embrace-the-slow-ride-movement-this-winter\/\" class=\"image-holder\" target=\"_self\"><img decoding=\"async\" loading=\"lazy\" class=\"\" src=\"https:\/\/d2p6e6u75xmxt8.cloudfront.net\/2\/2025\/02\/Cyclist-Cold-Fog-profimedia-0958561366-CVR.webp\" srcset=\"https:\/\/d2p6e6u75xmxt8.cloudfront.net\/2\/2025\/02\/Cyclist-Cold-Fog-profimedia-0958561366-CVR.webp 990w, https:\/\/d2p6e6u75xmxt8.cloudfront.net\/2\/2025\/02\/Cyclist-Cold-Fog-profimedia-0958561366-CVR-300x200.webp 300w, https:\/\/d2p6e6u75xmxt8.cloudfront.net\/2\/2025\/02\/Cyclist-Cold-Fog-profimedia-0958561366-CVR-768x512.webp 768w, https:\/\/d2p6e6u75xmxt8.cloudfront.net\/2\/2025\/02\/Cyclist-Cold-Fog-profimedia-0958561366-CVR-400x267.webp 400w, https:\/\/d2p6e6u75xmxt8.cloudfront.net\/2\/2025\/02\/Cyclist-Cold-Fog-profimedia-0958561366-CVR-272x182.webp 272w\" width=\"990\" height=\"660\" sizes=\"auto, (min-width: 1200px) 300px, (min-width: 768px) 25vw, 100vw\" alt=\"cycling-for-mindfulness-embrace-the-slow-ride-movement-this-winter\"\/><\/a><\/div>    <div class=\"entry-meta\">\n        <a class=\"label label-secondary post-category\" href=\"https:\/\/www.welovecycling.com\/wide\/category\/health-and-training\/\" title=\"Health &amp; Training\">Health &amp; Training<\/a>\n    <\/div>\n    <div class=\"entry-details\">\n        <a href=\"https:\/\/www.welovecycling.com\/wide\/2025\/02\/05\/cycling-for-mindfulness-embrace-the-slow-ride-movement-this-winter\/\" class='entry-title-wrapper'>\n            <h3 class=\"entry-title\"><span>Cycling for Mindfulness: Embrace the Slow Ride Movement This Winter<\/span><\/h3>\n        <\/a>\n    <\/div>\n    <\/article>\n<\/div>\n<p><span style=\"font-weight: 400;\">Personally, I\u2019ve had weeks where moving my body was the only thing that made sense. I couldn\u2019t concentrate. I didn\u2019t want to talk. But I could get myself moving, even if just for 20 minutes. Some days, it felt like a tether. Not to something dramatic, but to the small feeling of momentum.<\/span><\/p>\n<p><span style=\"font-weight: 400;\">There\u2019s also the community. Even when you&#8217;re riding solo, being part of a group that shares your love of the sport, whether in person or online, can help you feel less isolated. Group rides aren\u2019t just about fitness. Sometimes they\u2019re about showing up and being seen.<\/span><\/p>\n<h2><b>If you&#8217;re struggling, start small<\/b><\/h2>\n<p><span style=\"font-weight: 400;\">It\u2019s easy to fall into the trap of thinking you need to feel <\/span><i><span style=\"font-weight: 400;\">ready<\/span><\/i><span style=\"font-weight: 400;\"> to ride. But often, the hardest part is just getting out the door.<\/span><\/p>\n<p><span style=\"font-weight: 400;\">So if you\u2019re in a tough season, here\u2019s a gentle reminder: your ride doesn\u2019t have to be long, intense, or impressive. It <a href=\"https:\/\/www.welovecycling.com\/wide\/2025\/01\/30\/strava-or-it-didnt-happen-the-psychology-of-digital-bragging-for-cyclists\/\" target=\"_blank\" rel=\"noopener\">doesn\u2019t have to be posted to Strava.<\/a> It just has to happen.<\/span><\/p>\n<p><span style=\"font-weight: 400;\">Here are a few things that can help:<\/span><\/p>\n<p><b>Ditch the metrics.<\/b><span style=\"font-weight: 400;\"> Leave the computer off. Focus on how the ride feels, not how it looks on a screen.<\/span><span style=\"font-weight: 400;\"><\/p>\n<p><\/span><\/p>\n<p><b>Ride short.<\/b><span style=\"font-weight: 400;\"> A 20-minute spin can do more for your head than a 3-hour epic when your energy is low.<\/span><span style=\"font-weight: 400;\"><\/p>\n<p><\/span><\/p>\n<p><b>Find a favourite route.<\/b><span style=\"font-weight: 400;\"> There\u2019s something calming about knowing where you\u2019re going.<\/span><span style=\"font-weight: 400;\"><\/p>\n<p><\/span><\/p>\n<p><b>Ride with a friend.<\/b><span style=\"font-weight: 400;\"> Even if you don\u2019t talk about how you\u2019re feeling, just being around someone can help.<\/span><span style=\"font-weight: 400;\"><\/p>\n<p><\/span><\/p>\n<p><b>Be kind to yourself.<\/b><span style=\"font-weight: 400;\"> Skipping a ride doesn\u2019t mean failure. But showing up, even imperfectly, is a win.<\/span><span style=\"font-weight: 400;\"><\/p>\n<p><\/span><\/p>\n<p><span style=\"font-weight: 400;\">Sometimes, the most important ride is the one that reminds you of what you\u2019re still capable of doing\u2014even when everything else feels uncertain. Cycling isn\u2019t a cure-all. But it can be a companion. A steady part of life that helps us process, move through, and reconnect with ourselves.<\/span><\/p>\n<p><span style=\"font-weight: 400;\">During Mental Health Awareness Month, there\u2019s a lot of talk about what we should be doing to feel better. But maybe part of he the answer isn\u2019t in grand solutions. Maybe it\u2019s in the small, consistent rituals. The early morning loop. The after-work reset. The solo ride that gets your feet turning again.<\/span><\/p>\n","protected":false},"excerpt":{"rendered":"<p>May is Mental Health Awareness Month, which makes it a good time to talk about something many of us experience [&hellip;]<\/p>\n","protected":false},"author":99,"featured_media":198529,"comment_status":"closed","ping_status":"open","sticky":false,"template":"","format":"standard","meta":{"footnotes":""},"categories":[332],"tags":[2809,8518],"global-categories":[3366],"class_list":["post-198528","post","type-post","status-publish","format-standard","has-post-thumbnail","hentry","category-health-and-training","tag-cycling-and-mental-health","tag-mental-health-awareness-month","global-categories-cycling"],"yoast_head":"<!-- This site is optimized with the Yoast SEO Premium plugin v25.3 (Yoast SEO v25.9) - https:\/\/yoast.com\/wordpress\/plugins\/seo\/ -->\n<title>Pedal. Breathe. Repeat. A Cyclist\u2019s Take on Mental Health - \u0160koda We Love Cycling<\/title>\n<meta name=\"description\" content=\"May is Mental Health Awareness Month, which makes it a good time to talk about something many of us experience but don\u2019t always name: the way cycling\" \/>\n<meta name=\"robots\" content=\"index, follow, max-snippet:-1, max-image-preview:large, max-video-preview:-1\" \/>\n<link rel=\"canonical\" href=\"https:\/\/www.welovecycling.com\/wide\/2025\/05\/09\/pedal-breathe-repeat-a-cyclists-take-on-mental-health\/\" \/>\n<meta property=\"og:locale\" content=\"en_US\" \/>\n<meta property=\"og:type\" content=\"article\" \/>\n<meta property=\"og:title\" content=\"Pedal. Breathe. Repeat. A Cyclist\u2019s Take on Mental Health\" \/>\n<meta property=\"og:description\" content=\"May is Mental Health Awareness Month, which makes it a good time to talk about something many of us experience but don\u2019t always name: the way cycling\" \/>\n<meta property=\"og:url\" content=\"https:\/\/www.welovecycling.com\/wide\/2025\/05\/09\/pedal-breathe-repeat-a-cyclists-take-on-mental-health\/\" \/>\n<meta property=\"og:site_name\" content=\"\u0160koda We Love Cycling\" \/>\n<meta property=\"article:published_time\" content=\"2025-05-09T07:33:21+00:00\" \/>\n<meta property=\"og:image\" content=\"https:\/\/d2p6e6u75xmxt8.cloudfront.net\/2\/2025\/05\/Cyclist-Beach-Sky-profimedia-0978551546-CVR.webp\" \/>\n\t<meta property=\"og:image:width\" content=\"990\" \/>\n\t<meta property=\"og:image:height\" content=\"660\" \/>\n\t<meta property=\"og:image:type\" content=\"image\/webp\" \/>\n<meta name=\"author\" content=\"tereza\" \/>\n<meta name=\"twitter:card\" content=\"summary_large_image\" \/>\n<meta name=\"twitter:label1\" content=\"Written by\" \/>\n\t<meta name=\"twitter:data1\" content=\"Megan Flottorp\" \/>\n\t<meta name=\"twitter:label2\" content=\"Est. reading time\" \/>\n\t<meta name=\"twitter:data2\" content=\"4\" \/>\n<script type=\"application\/ld+json\" class=\"yoast-schema-graph\">{\"@context\":\"https:\/\/schema.org\",\"@graph\":[{\"@type\":\"WebPage\",\"@id\":\"https:\/\/www.welovecycling.com\/wide\/2025\/05\/09\/pedal-breathe-repeat-a-cyclists-take-on-mental-health\/\",\"url\":\"https:\/\/www.welovecycling.com\/wide\/2025\/05\/09\/pedal-breathe-repeat-a-cyclists-take-on-mental-health\/\",\"name\":\"Pedal. Breathe. Repeat. A Cyclist\u2019s Take on Mental Health - \u0160koda We Love Cycling\",\"isPartOf\":{\"@id\":\"https:\/\/www.welovecycling.com\/wide\/#website\"},\"primaryImageOfPage\":{\"@id\":\"https:\/\/www.welovecycling.com\/wide\/2025\/05\/09\/pedal-breathe-repeat-a-cyclists-take-on-mental-health\/#primaryimage\"},\"image\":{\"@id\":\"https:\/\/www.welovecycling.com\/wide\/2025\/05\/09\/pedal-breathe-repeat-a-cyclists-take-on-mental-health\/#primaryimage\"},\"thumbnailUrl\":\"https:\/\/d2p6e6u75xmxt8.cloudfront.net\/2\/2025\/05\/Cyclist-Beach-Sky-profimedia-0978551546-CVR.webp\",\"datePublished\":\"2025-05-09T07:33:21+00:00\",\"author\":{\"@id\":\"https:\/\/www.welovecycling.com\/wide\/#\/schema\/person\/50f01ecd18718d2333cf72e823c4f926\"},\"description\":\"May is Mental Health Awareness Month, which makes it a good time to talk about something many of us experience but don\u2019t always name: the way cycling\",\"breadcrumb\":{\"@id\":\"https:\/\/www.welovecycling.com\/wide\/2025\/05\/09\/pedal-breathe-repeat-a-cyclists-take-on-mental-health\/#breadcrumb\"},\"inLanguage\":\"en-US\",\"potentialAction\":[{\"@type\":\"ReadAction\",\"target\":[\"https:\/\/www.welovecycling.com\/wide\/2025\/05\/09\/pedal-breathe-repeat-a-cyclists-take-on-mental-health\/\"]}]},{\"@type\":\"ImageObject\",\"inLanguage\":\"en-US\",\"@id\":\"https:\/\/www.welovecycling.com\/wide\/2025\/05\/09\/pedal-breathe-repeat-a-cyclists-take-on-mental-health\/#primaryimage\",\"url\":\"https:\/\/d2p6e6u75xmxt8.cloudfront.net\/2\/2025\/05\/Cyclist-Beach-Sky-profimedia-0978551546-CVR.webp\",\"contentUrl\":\"https:\/\/d2p6e6u75xmxt8.cloudfront.net\/2\/2025\/05\/Cyclist-Beach-Sky-profimedia-0978551546-CVR.webp\",\"width\":990,\"height\":660,\"caption\":\"Cycling on a beach\"},{\"@type\":\"BreadcrumbList\",\"@id\":\"https:\/\/www.welovecycling.com\/wide\/2025\/05\/09\/pedal-breathe-repeat-a-cyclists-take-on-mental-health\/#breadcrumb\",\"itemListElement\":[{\"@type\":\"ListItem\",\"position\":1,\"name\":\"Home\",\"item\":\"https:\/\/www.welovecycling.com\/wide\/\"},{\"@type\":\"ListItem\",\"position\":2,\"name\":\"Pedal. Breathe. Repeat. A Cyclist\u2019s Take on Mental Health\"}]},{\"@type\":\"WebSite\",\"@id\":\"https:\/\/www.welovecycling.com\/wide\/#website\",\"url\":\"https:\/\/www.welovecycling.com\/wide\/\",\"name\":\"\u0160koda We Love Cycling\",\"description\":\"\u0160koda We Love Cycling magazine\",\"alternateName\":\"\u0160koda WLC\",\"potentialAction\":[{\"@type\":\"SearchAction\",\"target\":{\"@type\":\"EntryPoint\",\"urlTemplate\":\"https:\/\/www.welovecycling.com\/wide\/?s={search_term_string}\"},\"query-input\":{\"@type\":\"PropertyValueSpecification\",\"valueRequired\":true,\"valueName\":\"search_term_string\"}}],\"inLanguage\":\"en-US\"},{\"@type\":\"Person\",\"@id\":\"https:\/\/www.welovecycling.com\/wide\/#\/schema\/person\/50f01ecd18718d2333cf72e823c4f926\",\"name\":\"tereza\",\"image\":{\"@type\":\"ImageObject\",\"inLanguage\":\"en-US\",\"@id\":\"https:\/\/www.welovecycling.com\/wide\/#\/schema\/person\/image\/\",\"url\":\"https:\/\/secure.gravatar.com\/avatar\/1f9eb71be33845f0afabce3791bc1c58ecdb0a25c62964987e5dbcf7a20d2ec7?s=96&d=mm&r=g\",\"contentUrl\":\"https:\/\/secure.gravatar.com\/avatar\/1f9eb71be33845f0afabce3791bc1c58ecdb0a25c62964987e5dbcf7a20d2ec7?s=96&d=mm&r=g\",\"caption\":\"tereza\"},\"url\":\"https:\/\/www.welovecycling.com\/wide\/author\/tereza\/\"}]}<\/script>\n<!-- \/ Yoast SEO Premium plugin. -->","yoast_head_json":{"title":"Pedal. Breathe. Repeat. A Cyclist\u2019s Take on Mental Health - \u0160koda We Love Cycling","description":"May is Mental Health Awareness Month, which makes it a good time to talk about something many of us experience but don\u2019t always name: the way cycling","robots":{"index":"index","follow":"follow","max-snippet":"max-snippet:-1","max-image-preview":"max-image-preview:large","max-video-preview":"max-video-preview:-1"},"canonical":"https:\/\/www.welovecycling.com\/wide\/2025\/05\/09\/pedal-breathe-repeat-a-cyclists-take-on-mental-health\/","og_locale":"en_US","og_type":"article","og_title":"Pedal. Breathe. Repeat. A Cyclist\u2019s Take on Mental Health","og_description":"May is Mental Health Awareness Month, which makes it a good time to talk about something many of us experience but don\u2019t always name: the way cycling","og_url":"https:\/\/www.welovecycling.com\/wide\/2025\/05\/09\/pedal-breathe-repeat-a-cyclists-take-on-mental-health\/","og_site_name":"\u0160koda We Love Cycling","article_published_time":"2025-05-09T07:33:21+00:00","og_image":[{"width":990,"height":660,"url":"https:\/\/d2p6e6u75xmxt8.cloudfront.net\/2\/2025\/05\/Cyclist-Beach-Sky-profimedia-0978551546-CVR.webp","type":"image\/webp"}],"author":"tereza","twitter_card":"summary_large_image","twitter_misc":{"Written by":"Megan Flottorp","Est. reading time":"4"},"schema":{"@context":"https:\/\/schema.org","@graph":[{"@type":"WebPage","@id":"https:\/\/www.welovecycling.com\/wide\/2025\/05\/09\/pedal-breathe-repeat-a-cyclists-take-on-mental-health\/","url":"https:\/\/www.welovecycling.com\/wide\/2025\/05\/09\/pedal-breathe-repeat-a-cyclists-take-on-mental-health\/","name":"Pedal. Breathe. Repeat. A Cyclist\u2019s Take on Mental Health - \u0160koda We Love Cycling","isPartOf":{"@id":"https:\/\/www.welovecycling.com\/wide\/#website"},"primaryImageOfPage":{"@id":"https:\/\/www.welovecycling.com\/wide\/2025\/05\/09\/pedal-breathe-repeat-a-cyclists-take-on-mental-health\/#primaryimage"},"image":{"@id":"https:\/\/www.welovecycling.com\/wide\/2025\/05\/09\/pedal-breathe-repeat-a-cyclists-take-on-mental-health\/#primaryimage"},"thumbnailUrl":"https:\/\/d2p6e6u75xmxt8.cloudfront.net\/2\/2025\/05\/Cyclist-Beach-Sky-profimedia-0978551546-CVR.webp","datePublished":"2025-05-09T07:33:21+00:00","author":{"@id":"https:\/\/www.welovecycling.com\/wide\/#\/schema\/person\/50f01ecd18718d2333cf72e823c4f926"},"description":"May is Mental Health Awareness Month, which makes it a good time to talk about something many of us experience but don\u2019t always name: the way cycling","breadcrumb":{"@id":"https:\/\/www.welovecycling.com\/wide\/2025\/05\/09\/pedal-breathe-repeat-a-cyclists-take-on-mental-health\/#breadcrumb"},"inLanguage":"en-US","potentialAction":[{"@type":"ReadAction","target":["https:\/\/www.welovecycling.com\/wide\/2025\/05\/09\/pedal-breathe-repeat-a-cyclists-take-on-mental-health\/"]}]},{"@type":"ImageObject","inLanguage":"en-US","@id":"https:\/\/www.welovecycling.com\/wide\/2025\/05\/09\/pedal-breathe-repeat-a-cyclists-take-on-mental-health\/#primaryimage","url":"https:\/\/d2p6e6u75xmxt8.cloudfront.net\/2\/2025\/05\/Cyclist-Beach-Sky-profimedia-0978551546-CVR.webp","contentUrl":"https:\/\/d2p6e6u75xmxt8.cloudfront.net\/2\/2025\/05\/Cyclist-Beach-Sky-profimedia-0978551546-CVR.webp","width":990,"height":660,"caption":"Cycling on a beach"},{"@type":"BreadcrumbList","@id":"https:\/\/www.welovecycling.com\/wide\/2025\/05\/09\/pedal-breathe-repeat-a-cyclists-take-on-mental-health\/#breadcrumb","itemListElement":[{"@type":"ListItem","position":1,"name":"Home","item":"https:\/\/www.welovecycling.com\/wide\/"},{"@type":"ListItem","position":2,"name":"Pedal. Breathe. Repeat. A Cyclist\u2019s Take on Mental Health"}]},{"@type":"WebSite","@id":"https:\/\/www.welovecycling.com\/wide\/#website","url":"https:\/\/www.welovecycling.com\/wide\/","name":"\u0160koda We Love Cycling","description":"\u0160koda We Love Cycling magazine","alternateName":"\u0160koda WLC","potentialAction":[{"@type":"SearchAction","target":{"@type":"EntryPoint","urlTemplate":"https:\/\/www.welovecycling.com\/wide\/?s={search_term_string}"},"query-input":{"@type":"PropertyValueSpecification","valueRequired":true,"valueName":"search_term_string"}}],"inLanguage":"en-US"},{"@type":"Person","@id":"https:\/\/www.welovecycling.com\/wide\/#\/schema\/person\/50f01ecd18718d2333cf72e823c4f926","name":"tereza","image":{"@type":"ImageObject","inLanguage":"en-US","@id":"https:\/\/www.welovecycling.com\/wide\/#\/schema\/person\/image\/","url":"https:\/\/secure.gravatar.com\/avatar\/1f9eb71be33845f0afabce3791bc1c58ecdb0a25c62964987e5dbcf7a20d2ec7?s=96&d=mm&r=g","contentUrl":"https:\/\/secure.gravatar.com\/avatar\/1f9eb71be33845f0afabce3791bc1c58ecdb0a25c62964987e5dbcf7a20d2ec7?s=96&d=mm&r=g","caption":"tereza"},"url":"https:\/\/www.welovecycling.com\/wide\/author\/tereza\/"}]}},"_links":{"self":[{"href":"https:\/\/www.welovecycling.com\/wide\/wp-json\/wp\/v2\/posts\/198528","targetHints":{"allow":["GET"]}}],"collection":[{"href":"https:\/\/www.welovecycling.com\/wide\/wp-json\/wp\/v2\/posts"}],"about":[{"href":"https:\/\/www.welovecycling.com\/wide\/wp-json\/wp\/v2\/types\/post"}],"author":[{"embeddable":true,"href":"https:\/\/www.welovecycling.com\/wide\/wp-json\/wp\/v2\/users\/99"}],"replies":[{"embeddable":true,"href":"https:\/\/www.welovecycling.com\/wide\/wp-json\/wp\/v2\/comments?post=198528"}],"version-history":[{"count":1,"href":"https:\/\/www.welovecycling.com\/wide\/wp-json\/wp\/v2\/posts\/198528\/revisions"}],"predecessor-version":[{"id":198530,"href":"https:\/\/www.welovecycling.com\/wide\/wp-json\/wp\/v2\/posts\/198528\/revisions\/198530"}],"wp:featuredmedia":[{"embeddable":true,"href":"https:\/\/www.welovecycling.com\/wide\/wp-json\/wp\/v2\/media\/198529"}],"wp:attachment":[{"href":"https:\/\/www.welovecycling.com\/wide\/wp-json\/wp\/v2\/media?parent=198528"}],"wp:term":[{"taxonomy":"category","embeddable":true,"href":"https:\/\/www.welovecycling.com\/wide\/wp-json\/wp\/v2\/categories?post=198528"},{"taxonomy":"post_tag","embeddable":true,"href":"https:\/\/www.welovecycling.com\/wide\/wp-json\/wp\/v2\/tags?post=198528"},{"taxonomy":"global-categories","embeddable":true,"href":"https:\/\/www.welovecycling.com\/wide\/wp-json\/wp\/v2\/global-categories?post=198528"}],"curies":[{"name":"wp","href":"https:\/\/api.w.org\/{rel}","templated":true}]}}