{"id":198520,"date":"2025-05-07T14:07:43","date_gmt":"2025-05-07T14:07:43","guid":{"rendered":"https:\/\/www.welovecycling.com\/wide\/?p=198520"},"modified":"2025-05-07T14:07:43","modified_gmt":"2025-05-07T14:07:43","slug":"a-podcast-with-alpecin-deceunincks-mechanic-mateusz-banas","status":"publish","type":"post","link":"https:\/\/www.welovecycling.com\/wide\/2025\/05\/07\/a-podcast-with-alpecin-deceunincks-mechanic-mateusz-banas\/","title":{"rendered":"Alpecin\u2013Deceuninck\u2019s Mechanic Mateusz Bana\u015b: \u201dIt&#8217;s something magical for sure because this is the highest level.\u201d"},"content":{"rendered":"<p><strong>It\u2019s usually the riders who bask in the spotlight, so our host Matt Stephens strives to invite individuals from the industry and various other pro-cycling team crew members as often as possible to the \u0160koda We Love Cycling podcast.\u00a0<\/strong><\/p>\n<p><!--more--><\/p>\n<p>Today, we have one such occasion as <a href=\"https:\/\/www.instagram.com\/mateuszbanas\/\">Mateusz Bana\u015b<\/a>, one of the mechanics of UCI WorldTeam Alpecin-Deceuninck, accepted Matt\u2019s invitation to another episode.<\/p>\n<p>Becoming fascinated with bicycles from an early age, Mateusz originally became a cyclist, riding cross-country and road until 2014. Just a year later, a friend and an active MTB rider at that time invited him to try his hand at being his team\u2019s mechanic \u2013 and that\u2019s when things truly kicked off.<\/p>\n<div class=\"embed-controller-wrapper\"><iframe title=\"Spotify Embed: Alpecin\u2019s mechanic Mateusz Bana\u015b: \u201dIt&amp;apos;s something magical because this is the highest level.\u201d\" style=\"border-radius: 12px\" width=\"100%\" height=\"152\" frameborder=\"0\" allowfullscreen allow=\"autoplay; clipboard-write; encrypted-media; fullscreen; picture-in-picture\" loading=\"lazy\" data-src=\"https:\/\/open.spotify.com\/embed\/episode\/4GmmaonWUZyGyGeMQujZ12?si=accjwVc1SMScNgC6Qd2c5w&#038;utm_source=oembed\"><\/iframe><\/div>\n<p>One position led to another, more invites followed, and in 2024, Mateusz dressed up in the crew colours of Alpecin-Deceuninck.<\/p>\n<p>This episode will let you in on hot insider info: how does the 2025 season look for a pro team\u2019s mechanic so far, what\u2019s in store, how many days a year does Mateusz spend on the road, what led him down this career path and how long it took to join the pro ranks, how to effectively organise in the backseat of a team car during a busy race day, and much more.<\/p>\n","protected":false},"excerpt":{"rendered":"<p>It\u2019s usually the riders who bask in the spotlight, so our host Matt Stephens strives to invite individuals from the [&hellip;]<\/p>\n","protected":false},"author":99,"featured_media":198521,"comment_status":"closed","ping_status":"open","sticky":false,"template":"","format":"standard","meta":{"footnotes":""},"categories":[329,334],"tags":[8517,6399,8516],"global-categories":[3366],"class_list":["post-198520","post","type-post","status-publish","format-standard","has-post-thumbnail","hentry","category-road-cycling","category-socialising-and-culture","tag-mateusz-banas","tag-matt-stephens","tag-skoda-we-love-cycling-podcast","global-categories-cycling"],"yoast_head":"<!-- This site is optimized with the Yoast SEO Premium plugin v25.3 (Yoast SEO v25.9) - https:\/\/yoast.com\/wordpress\/plugins\/seo\/ -->\n<title>A Podcast With Alpecin\u2013Deceuninck\u2019s Mechanic Mateusz Bana\u015b<\/title>\n<meta name=\"description\" content=\"It\u2019s usually the riders who bask in the spotlight, so our host Matt Stephens strives to invite individuals from the industry and various other pro-cycling\" \/>\n<meta name=\"robots\" content=\"index, follow, max-snippet:-1, max-image-preview:large, max-video-preview:-1\" \/>\n<link rel=\"canonical\" href=\"https:\/\/www.welovecycling.com\/wide\/2025\/05\/07\/a-podcast-with-alpecin-deceunincks-mechanic-mateusz-banas\/\" \/>\n<meta property=\"og:locale\" content=\"en_US\" \/>\n<meta property=\"og:type\" content=\"article\" \/>\n<meta property=\"og:title\" content=\"Alpecin\u2013Deceuninck\u2019s Mechanic Mateusz Bana\u015b: \u201dIt&#039;s something magical for sure because this is the highest level.\u201d\" \/>\n<meta property=\"og:description\" content=\"It\u2019s usually the riders who bask in the spotlight, so our host Matt Stephens strives to invite individuals from the industry and various other pro-cycling\" \/>\n<meta property=\"og:url\" content=\"https:\/\/www.welovecycling.com\/wide\/2025\/05\/07\/a-podcast-with-alpecin-deceunincks-mechanic-mateusz-banas\/\" \/>\n<meta property=\"og:site_name\" content=\"\u0160koda We Love Cycling\" \/>\n<meta property=\"article:published_time\" content=\"2025-05-07T14:07:43+00:00\" \/>\n<meta property=\"og:image\" content=\"https:\/\/d2p6e6u75xmxt8.cloudfront.net\/2\/2025\/05\/SA-WLC_Podcast_EP04-ArticleCover.webp\" \/>\n\t<meta property=\"og:image:width\" content=\"990\" \/>\n\t<meta property=\"og:image:height\" content=\"660\" \/>\n\t<meta property=\"og:image:type\" content=\"image\/webp\" \/>\n<meta name=\"author\" content=\"tereza\" \/>\n<meta name=\"twitter:card\" content=\"summary_large_image\" \/>\n<meta name=\"twitter:label1\" content=\"Written by\" \/>\n\t<meta name=\"twitter:data1\" content=\"Frantiska Blazkova\" \/>\n\t<meta name=\"twitter:label2\" content=\"Est. reading time\" \/>\n\t<meta name=\"twitter:data2\" content=\"1 minute\" \/>\n<script type=\"application\/ld+json\" class=\"yoast-schema-graph\">{\"@context\":\"https:\/\/schema.org\",\"@graph\":[{\"@type\":\"WebPage\",\"@id\":\"https:\/\/www.welovecycling.com\/wide\/2025\/05\/07\/a-podcast-with-alpecin-deceunincks-mechanic-mateusz-banas\/\",\"url\":\"https:\/\/www.welovecycling.com\/wide\/2025\/05\/07\/a-podcast-with-alpecin-deceunincks-mechanic-mateusz-banas\/\",\"name\":\"A Podcast With Alpecin\u2013Deceuninck\u2019s Mechanic Mateusz Bana\u015b\",\"isPartOf\":{\"@id\":\"https:\/\/www.welovecycling.com\/wide\/#website\"},\"primaryImageOfPage\":{\"@id\":\"https:\/\/www.welovecycling.com\/wide\/2025\/05\/07\/a-podcast-with-alpecin-deceunincks-mechanic-mateusz-banas\/#primaryimage\"},\"image\":{\"@id\":\"https:\/\/www.welovecycling.com\/wide\/2025\/05\/07\/a-podcast-with-alpecin-deceunincks-mechanic-mateusz-banas\/#primaryimage\"},\"thumbnailUrl\":\"https:\/\/d2p6e6u75xmxt8.cloudfront.net\/2\/2025\/05\/SA-WLC_Podcast_EP04-ArticleCover.webp\",\"datePublished\":\"2025-05-07T14:07:43+00:00\",\"author\":{\"@id\":\"https:\/\/www.welovecycling.com\/wide\/#\/schema\/person\/50f01ecd18718d2333cf72e823c4f926\"},\"description\":\"It\u2019s usually the riders who bask in the spotlight, so our host Matt Stephens strives to invite individuals from the industry and various other pro-cycling\",\"breadcrumb\":{\"@id\":\"https:\/\/www.welovecycling.com\/wide\/2025\/05\/07\/a-podcast-with-alpecin-deceunincks-mechanic-mateusz-banas\/#breadcrumb\"},\"inLanguage\":\"en-US\",\"potentialAction\":[{\"@type\":\"ReadAction\",\"target\":[\"https:\/\/www.welovecycling.com\/wide\/2025\/05\/07\/a-podcast-with-alpecin-deceunincks-mechanic-mateusz-banas\/\"]}]},{\"@type\":\"ImageObject\",\"inLanguage\":\"en-US\",\"@id\":\"https:\/\/www.welovecycling.com\/wide\/2025\/05\/07\/a-podcast-with-alpecin-deceunincks-mechanic-mateusz-banas\/#primaryimage\",\"url\":\"https:\/\/d2p6e6u75xmxt8.cloudfront.net\/2\/2025\/05\/SA-WLC_Podcast_EP04-ArticleCover.webp\",\"contentUrl\":\"https:\/\/d2p6e6u75xmxt8.cloudfront.net\/2\/2025\/05\/SA-WLC_Podcast_EP04-ArticleCover.webp\",\"width\":990,\"height\":660,\"caption\":\"Mateusz Banas\"},{\"@type\":\"BreadcrumbList\",\"@id\":\"https:\/\/www.welovecycling.com\/wide\/2025\/05\/07\/a-podcast-with-alpecin-deceunincks-mechanic-mateusz-banas\/#breadcrumb\",\"itemListElement\":[{\"@type\":\"ListItem\",\"position\":1,\"name\":\"Home\",\"item\":\"https:\/\/www.welovecycling.com\/wide\/\"},{\"@type\":\"ListItem\",\"position\":2,\"name\":\"Alpecin\u2013Deceuninck\u2019s Mechanic Mateusz Bana\u015b: \u201dIt&#8217;s something magical for sure because this is the highest level.\u201d\"}]},{\"@type\":\"WebSite\",\"@id\":\"https:\/\/www.welovecycling.com\/wide\/#website\",\"url\":\"https:\/\/www.welovecycling.com\/wide\/\",\"name\":\"\u0160koda We Love Cycling\",\"description\":\"\u0160koda We Love Cycling magazine\",\"alternateName\":\"\u0160koda WLC\",\"potentialAction\":[{\"@type\":\"SearchAction\",\"target\":{\"@type\":\"EntryPoint\",\"urlTemplate\":\"https:\/\/www.welovecycling.com\/wide\/?s={search_term_string}\"},\"query-input\":{\"@type\":\"PropertyValueSpecification\",\"valueRequired\":true,\"valueName\":\"search_term_string\"}}],\"inLanguage\":\"en-US\"},{\"@type\":\"Person\",\"@id\":\"https:\/\/www.welovecycling.com\/wide\/#\/schema\/person\/50f01ecd18718d2333cf72e823c4f926\",\"name\":\"tereza\",\"image\":{\"@type\":\"ImageObject\",\"inLanguage\":\"en-US\",\"@id\":\"https:\/\/www.welovecycling.com\/wide\/#\/schema\/person\/image\/\",\"url\":\"https:\/\/secure.gravatar.com\/avatar\/1f9eb71be33845f0afabce3791bc1c58ecdb0a25c62964987e5dbcf7a20d2ec7?s=96&d=mm&r=g\",\"contentUrl\":\"https:\/\/secure.gravatar.com\/avatar\/1f9eb71be33845f0afabce3791bc1c58ecdb0a25c62964987e5dbcf7a20d2ec7?s=96&d=mm&r=g\",\"caption\":\"tereza\"},\"url\":\"https:\/\/www.welovecycling.com\/wide\/author\/tereza\/\"}]}<\/script>\n<!-- \/ Yoast SEO Premium plugin. -->","yoast_head_json":{"title":"A Podcast With Alpecin\u2013Deceuninck\u2019s Mechanic Mateusz Bana\u015b","description":"It\u2019s usually the riders who bask in the spotlight, so our host Matt Stephens strives to invite individuals from the industry and various other pro-cycling","robots":{"index":"index","follow":"follow","max-snippet":"max-snippet:-1","max-image-preview":"max-image-preview:large","max-video-preview":"max-video-preview:-1"},"canonical":"https:\/\/www.welovecycling.com\/wide\/2025\/05\/07\/a-podcast-with-alpecin-deceunincks-mechanic-mateusz-banas\/","og_locale":"en_US","og_type":"article","og_title":"Alpecin\u2013Deceuninck\u2019s Mechanic Mateusz Bana\u015b: \u201dIt's something magical for sure because this is the highest level.\u201d","og_description":"It\u2019s usually the riders who bask in the spotlight, so our host Matt Stephens strives to invite individuals from the industry and various other pro-cycling","og_url":"https:\/\/www.welovecycling.com\/wide\/2025\/05\/07\/a-podcast-with-alpecin-deceunincks-mechanic-mateusz-banas\/","og_site_name":"\u0160koda We Love Cycling","article_published_time":"2025-05-07T14:07:43+00:00","og_image":[{"width":990,"height":660,"url":"https:\/\/d2p6e6u75xmxt8.cloudfront.net\/2\/2025\/05\/SA-WLC_Podcast_EP04-ArticleCover.webp","type":"image\/webp"}],"author":"tereza","twitter_card":"summary_large_image","twitter_misc":{"Written by":"Frantiska Blazkova","Est. reading time":"1 minute"},"schema":{"@context":"https:\/\/schema.org","@graph":[{"@type":"WebPage","@id":"https:\/\/www.welovecycling.com\/wide\/2025\/05\/07\/a-podcast-with-alpecin-deceunincks-mechanic-mateusz-banas\/","url":"https:\/\/www.welovecycling.com\/wide\/2025\/05\/07\/a-podcast-with-alpecin-deceunincks-mechanic-mateusz-banas\/","name":"A Podcast With Alpecin\u2013Deceuninck\u2019s Mechanic Mateusz Bana\u015b","isPartOf":{"@id":"https:\/\/www.welovecycling.com\/wide\/#website"},"primaryImageOfPage":{"@id":"https:\/\/www.welovecycling.com\/wide\/2025\/05\/07\/a-podcast-with-alpecin-deceunincks-mechanic-mateusz-banas\/#primaryimage"},"image":{"@id":"https:\/\/www.welovecycling.com\/wide\/2025\/05\/07\/a-podcast-with-alpecin-deceunincks-mechanic-mateusz-banas\/#primaryimage"},"thumbnailUrl":"https:\/\/d2p6e6u75xmxt8.cloudfront.net\/2\/2025\/05\/SA-WLC_Podcast_EP04-ArticleCover.webp","datePublished":"2025-05-07T14:07:43+00:00","author":{"@id":"https:\/\/www.welovecycling.com\/wide\/#\/schema\/person\/50f01ecd18718d2333cf72e823c4f926"},"description":"It\u2019s usually the riders who bask in the spotlight, so our host Matt Stephens strives to invite individuals from the industry and various other pro-cycling","breadcrumb":{"@id":"https:\/\/www.welovecycling.com\/wide\/2025\/05\/07\/a-podcast-with-alpecin-deceunincks-mechanic-mateusz-banas\/#breadcrumb"},"inLanguage":"en-US","potentialAction":[{"@type":"ReadAction","target":["https:\/\/www.welovecycling.com\/wide\/2025\/05\/07\/a-podcast-with-alpecin-deceunincks-mechanic-mateusz-banas\/"]}]},{"@type":"ImageObject","inLanguage":"en-US","@id":"https:\/\/www.welovecycling.com\/wide\/2025\/05\/07\/a-podcast-with-alpecin-deceunincks-mechanic-mateusz-banas\/#primaryimage","url":"https:\/\/d2p6e6u75xmxt8.cloudfront.net\/2\/2025\/05\/SA-WLC_Podcast_EP04-ArticleCover.webp","contentUrl":"https:\/\/d2p6e6u75xmxt8.cloudfront.net\/2\/2025\/05\/SA-WLC_Podcast_EP04-ArticleCover.webp","width":990,"height":660,"caption":"Mateusz Banas"},{"@type":"BreadcrumbList","@id":"https:\/\/www.welovecycling.com\/wide\/2025\/05\/07\/a-podcast-with-alpecin-deceunincks-mechanic-mateusz-banas\/#breadcrumb","itemListElement":[{"@type":"ListItem","position":1,"name":"Home","item":"https:\/\/www.welovecycling.com\/wide\/"},{"@type":"ListItem","position":2,"name":"Alpecin\u2013Deceuninck\u2019s Mechanic Mateusz Bana\u015b: \u201dIt&#8217;s something magical for sure because this is the highest level.\u201d"}]},{"@type":"WebSite","@id":"https:\/\/www.welovecycling.com\/wide\/#website","url":"https:\/\/www.welovecycling.com\/wide\/","name":"\u0160koda We Love Cycling","description":"\u0160koda We Love Cycling magazine","alternateName":"\u0160koda WLC","potentialAction":[{"@type":"SearchAction","target":{"@type":"EntryPoint","urlTemplate":"https:\/\/www.welovecycling.com\/wide\/?s={search_term_string}"},"query-input":{"@type":"PropertyValueSpecification","valueRequired":true,"valueName":"search_term_string"}}],"inLanguage":"en-US"},{"@type":"Person","@id":"https:\/\/www.welovecycling.com\/wide\/#\/schema\/person\/50f01ecd18718d2333cf72e823c4f926","name":"tereza","image":{"@type":"ImageObject","inLanguage":"en-US","@id":"https:\/\/www.welovecycling.com\/wide\/#\/schema\/person\/image\/","url":"https:\/\/secure.gravatar.com\/avatar\/1f9eb71be33845f0afabce3791bc1c58ecdb0a25c62964987e5dbcf7a20d2ec7?s=96&d=mm&r=g","contentUrl":"https:\/\/secure.gravatar.com\/avatar\/1f9eb71be33845f0afabce3791bc1c58ecdb0a25c62964987e5dbcf7a20d2ec7?s=96&d=mm&r=g","caption":"tereza"},"url":"https:\/\/www.welovecycling.com\/wide\/author\/tereza\/"}]}},"_links":{"self":[{"href":"https:\/\/www.welovecycling.com\/wide\/wp-json\/wp\/v2\/posts\/198520","targetHints":{"allow":["GET"]}}],"collection":[{"href":"https:\/\/www.welovecycling.com\/wide\/wp-json\/wp\/v2\/posts"}],"about":[{"href":"https:\/\/www.welovecycling.com\/wide\/wp-json\/wp\/v2\/types\/post"}],"author":[{"embeddable":true,"href":"https:\/\/www.welovecycling.com\/wide\/wp-json\/wp\/v2\/users\/99"}],"replies":[{"embeddable":true,"href":"https:\/\/www.welovecycling.com\/wide\/wp-json\/wp\/v2\/comments?post=198520"}],"version-history":[{"count":1,"href":"https:\/\/www.welovecycling.com\/wide\/wp-json\/wp\/v2\/posts\/198520\/revisions"}],"predecessor-version":[{"id":198522,"href":"https:\/\/www.welovecycling.com\/wide\/wp-json\/wp\/v2\/posts\/198520\/revisions\/198522"}],"wp:featuredmedia":[{"embeddable":true,"href":"https:\/\/www.welovecycling.com\/wide\/wp-json\/wp\/v2\/media\/198521"}],"wp:attachment":[{"href":"https:\/\/www.welovecycling.com\/wide\/wp-json\/wp\/v2\/media?parent=198520"}],"wp:term":[{"taxonomy":"category","embeddable":true,"href":"https:\/\/www.welovecycling.com\/wide\/wp-json\/wp\/v2\/categories?post=198520"},{"taxonomy":"post_tag","embeddable":true,"href":"https:\/\/www.welovecycling.com\/wide\/wp-json\/wp\/v2\/tags?post=198520"},{"taxonomy":"global-categories","embeddable":true,"href":"https:\/\/www.welovecycling.com\/wide\/wp-json\/wp\/v2\/global-categories?post=198520"}],"curies":[{"name":"wp","href":"https:\/\/api.w.org\/{rel}","templated":true}]}}