{"id":198445,"date":"2025-04-24T16:15:21","date_gmt":"2025-04-24T16:15:21","guid":{"rendered":"https:\/\/www.welovecycling.com\/wide\/?p=198445"},"modified":"2025-04-24T16:15:21","modified_gmt":"2025-04-24T16:15:21","slug":"pogacar-triumphs-in-la-fleche-wallonne-with-devastating-400-metre-solo","status":"publish","type":"post","link":"https:\/\/www.welovecycling.com\/wide\/2025\/04\/24\/pogacar-triumphs-in-la-fleche-wallonne-with-devastating-400-metre-solo\/","title":{"rendered":"Poga\u010dar Triumphs in La Fl\u00e8che Wallonne With Devastating 400-Metre Solo"},"content":{"rendered":"<p><strong>After suffering a surprise defeat in Sunday\u2019s Amstel Gold Race, Tadej Poga\u010dar (UAE Team Emirates\u2013XRG) got some of his mojo back by winning Wednesday\u2019s La Fl\u00e8che Wallonne with a dominant solo ride on the daunting climb to the finish line on the Mur de Huy (1.3 km @ 9.6%, with ramps of up to 19%).<\/strong><\/p>\n<p><!--more--><\/p>\n<h2><strong>A race made to order<\/strong><\/h2>\n<p>In a way, this race was tailor-made for the world champion because no one in the world could have followed him when he made his move with about 400 metres left to climb \u2013 and no one did. The only rider thought capable of staying on his wheel on the last of three climbs of the Mur was <a href=\"https:\/\/www.welovecycling.com\/wide\/2025\/04\/16\/remco-evenepoel-finally-returns-to-racing-this-week-after-lengthy-convalescence\/\" target=\"_blank\" rel=\"noopener\">Remco Evenepoel.<\/a> But, though his Soudal Quick-Step team worked hard to soften the legs of his rivals through much of the 205.1 km race from Ciney to Huy, the Belgian double Olympic champion faltered on the climb, ultimately finishing ninth, 16 seconds adrift.<\/p>\n<p>The impressive 23-year-old French rider K\u00e9vin Vauquelin (Ark\u00e9a\u2013B&amp;B Hotels) was the best of the rest, crossing the line 10 seconds behind, his second runner-up finish in a row in the race. That 10-second margin may not sound like much, but it was the biggest winning gap in the race since 2003. Q36.5\u2019s Tom Pidcock made another impressive showing and came in third, at 12 seconds. Mattias Skjelmose (Lidl-Trek), who outsprinted both Poga\u010dar and Evenepoel in the Amstel Gold Race, crashed on a curve on a road surface made slick by almost constant rain and abandoned. Fortunately, the rain stopped for the final 35 km of the race.<\/p>\n<p>It was Ben Healey (EF Education\u2013EasyPost) who kicked off the decisive action by taking off from the lead group with about 500 metres left to ride. Poga\u010dar rode with him for a while and then hit the pedals hard and was gone, with no one able to come within shouting distance. Though the victory appeared easy, it was a tired-looking Poga\u010dar who crossed the finish line without his usual triumphant smile. No wonder, for that was his sixth Classics race since March 8 and his fourth in 17 days.<\/p>\n<blockquote class=\"instagram-media\" style=\"background: #FFF; border: 0; border-radius: 3px; box-shadow: 0 0 1px 0 rgba(0,0,0,0.5),0 1px 10px 0 rgba(0,0,0,0.15); margin: 1px; max-width: 540px; min-width: 326px; padding: 0; width: calc(100% - 2px);\" data-instgrm-permalink=\"https:\/\/www.instagram.com\/p\/DIzE5fcsb8e\/?utm_source=ig_embed&amp;utm_campaign=loading\" data-instgrm-version=\"14\">\n<div style=\"padding: 16px;\">\n<p>&nbsp;<\/p>\n<div style=\"display: flex; flex-direction: row; align-items: center;\">\n<div style=\"background-color: #f4f4f4; border-radius: 50%; flex-grow: 0; height: 40px; margin-right: 14px; width: 40px;\"><\/div>\n<div style=\"display: flex; flex-direction: column; flex-grow: 1; justify-content: center;\">\n<div style=\"background-color: #f4f4f4; border-radius: 4px; flex-grow: 0; height: 14px; margin-bottom: 6px; width: 100px;\"><\/div>\n<div style=\"background-color: #f4f4f4; border-radius: 4px; flex-grow: 0; height: 14px; width: 60px;\"><\/div>\n<\/div>\n<\/div>\n<div style=\"padding: 19% 0;\"><\/div>\n<div style=\"display: block; height: 50px; margin: 0 auto 12px; width: 50px;\"><\/div>\n<div style=\"padding-top: 8px;\">\n<div style=\"color: #3897f0; font-family: Arial,sans-serif; font-size: 14px; font-style: normal; font-weight: 550; line-height: 18px;\">View this post on Instagram<\/div>\n<\/div>\n<div style=\"padding: 12.5% 0;\"><\/div>\n<div style=\"display: flex; flex-direction: row; margin-bottom: 14px; align-items: center;\">\n<div>\n<div style=\"background-color: #f4f4f4; border-radius: 50%; height: 12.5px; width: 12.5px; transform: translateX(0px) translateY(7px);\"><\/div>\n<div style=\"background-color: #f4f4f4; height: 12.5px; transform: rotate(-45deg) translateX(3px) translateY(1px); width: 12.5px; flex-grow: 0; margin-right: 14px; margin-left: 2px;\"><\/div>\n<div style=\"background-color: #f4f4f4; border-radius: 50%; height: 12.5px; width: 12.5px; transform: translateX(9px) translateY(-18px);\"><\/div>\n<\/div>\n<div style=\"margin-left: 8px;\">\n<div style=\"background-color: #f4f4f4; border-radius: 50%; flex-grow: 0; height: 20px; width: 20px;\"><\/div>\n<div style=\"width: 0; height: 0; border-top: 2px solid transparent; border-left: 6px solid #f4f4f4; border-bottom: 2px solid transparent; transform: translateX(16px) translateY(-4px) rotate(30deg);\"><\/div>\n<\/div>\n<div style=\"margin-left: auto;\">\n<div style=\"width: 0px; border-top: 8px solid #F4F4F4; border-right: 8px solid transparent; transform: translateY(16px);\"><\/div>\n<div style=\"background-color: #f4f4f4; flex-grow: 0; height: 12px; width: 16px; transform: translateY(-4px);\"><\/div>\n<div style=\"width: 0; height: 0; border-top: 8px solid #F4F4F4; border-left: 8px solid transparent; transform: translateY(-4px) translateX(8px);\"><\/div>\n<\/div>\n<\/div>\n<div style=\"display: flex; flex-direction: column; flex-grow: 1; justify-content: center; margin-bottom: 24px;\">\n<div style=\"background-color: #f4f4f4; border-radius: 4px; flex-grow: 0; height: 14px; margin-bottom: 6px; width: 224px;\"><\/div>\n<div style=\"background-color: #f4f4f4; border-radius: 4px; flex-grow: 0; height: 14px; width: 144px;\"><\/div>\n<\/div>\n<p>&nbsp;<\/p>\n<p style=\"color: #c9c8cd; font-family: Arial,sans-serif; font-size: 14px; line-height: 17px; margin-bottom: 0; margin-top: 8px; overflow: hidden; padding: 8px 0 7px; text-align: center; text-overflow: ellipsis; white-space: nowrap;\"><a style=\"color: #c9c8cd; font-family: Arial,sans-serif; font-size: 14px; font-style: normal; font-weight: normal; line-height: 17px; text-decoration: none;\" href=\"https:\/\/www.instagram.com\/p\/DIzE5fcsb8e\/?utm_source=ig_embed&amp;utm_campaign=loading\" target=\"_blank\" rel=\"noopener\">A post shared by Fle\u0300che et LBL (@classiquesardennes)<\/a><\/p>\n<\/div>\n<\/blockquote>\n<p><script async src=\"\/\/www.instagram.com\/embed.js\"><\/script><\/p>\n<h2><strong>\u201cA great feeling\u201d<\/strong><\/h2>\n<p>Still, he was quite happy with the win, his second in the race. \u201cYeah, it&#8217;s a really great feeling to win again here on this tough final,\u201d he said after the race. \u201cBeautiful climb, but as a cyclist, you don&#8217;t like it so much. And today, it was also that the weather was not the best. It was a really tough race, so to pull it off with a win means a lot.\u201d<\/p>\n<p>When Healy made his move, \u201cI said &#8216;Okay, he looks fast&#8217;,\u201d he said. \u201cSo I accelerated, and when I looked over my shoulder, no one was there. But really, that&#8217;s the hardest kilometre in cycling.\u201d<\/p>\n<p>He went on, as usual, to praise his team, saying: \u201cWe raced really well together as a team today. We stuck to the plan, we rode perfectly. It was a hard race, but everyone was strong out there.\u201d And he said that he was looking forward to Sunday\u2019s Li\u00e8ge-Bastogne-Li\u00e8ge. \u201cWe can do something great again on Sunday,\u201d\u00a0he said.<\/p>\n<h2><strong>Under the weather<\/strong><\/h2>\n<p>Another Lidl-Trek rider who had been fancied in the race, 22-year-old Thibau Nys, was near the front when the endgame began, but he never looked like winning. He told <a href=\"https:\/\/www.hln.be\/wielrennen\/thibau-nys-achtste-bij-debuut-in-waalse-pijl-eindschot-kwam-er-niet-uit-door-de-koude~a2b206e1\/?referrer=https%3A%2F%2Fwww.cyclingnews.com%2Fnews%2Fi-suffered-because-of-the-cold-miserable-weather-affects-thibau-nys-debut-performance-at-fleche-wallonne%2F\">Het Laatste Nieuws<\/a> after the race that the cold and rainy weather had slowed him down. \u201cI suffered because of the cold,\u201d Nys said. \u201cI was struggling all day with my clothes and the rain. Sometimes I was too hot, sometimes too cold. And that really took its toll on my legs. Uphill, I always managed, but on the descents, I was shivering like crazy.\u201d<\/p>\n<p>Evenepoel also talked to <a href=\"https:\/\/www.hln.be\/wielrennen\/ik-voelde-me-supergoed-ik-heb-alleen-een-fout-gemaakt-evenepoel-eerlijk-na-negende-plaats~afd48707\/\">Het Laatste Nieuws<\/a> after the race and indirectly also blamed the weather. \u201cI took off my raincoat too early,\u201d he said. \u201cThat made me cold in the final, and I lost energy. I can only blame myself for that. When Tadej went, my legs locked up. I can only blame that on the cold because before that, I felt super good.\u201d<\/p>\n<p>However, he said he was feeling strong throughout the race. \u201cThe feeling was good and the team was good,\u201d he said. \u201cThat is only motivating for Sunday.\u201d That is the day of the Li\u00e8ge-Bastogne-Li\u00e8ge, a race that Evenepoel has won twice. So we can look forward to another exciting showdown between the two superstars and hope that the spring Classics season will go out with fireworks.<\/p>\n","protected":false},"excerpt":{"rendered":"<p>After suffering a surprise defeat in Sunday\u2019s Amstel Gold Race, Tadej Poga\u010dar (UAE Team Emirates\u2013XRG) got some of his mojo [&hellip;]<\/p>\n","protected":false},"author":99,"featured_media":198446,"comment_status":"closed","ping_status":"open","sticky":false,"template":"","format":"standard","meta":{"footnotes":""},"categories":[329],"tags":[8480,8482,8481,2950,3544,3415,3871],"global-categories":[3366],"class_list":["post-198445","post","type-post","status-publish","format-standard","has-post-thumbnail","hentry","category-road-cycling","tag-2025-la-fleche-wallonne","tag-ben-healey","tag-kevin-vauquelin","tag-la-fleche-wallonne","tag-remco-evenepoel","tag-tadej-pogacar","tag-tom-pidcock","global-categories-cycling"],"yoast_head":"<!-- This site is optimized with the Yoast SEO Premium plugin v25.3 (Yoast SEO v25.9) - https:\/\/yoast.com\/wordpress\/plugins\/seo\/ -->\n<title>Poga\u010dar Triumphs in the 2025 La Fl\u00e8che Wallonne<\/title>\n<meta name=\"description\" content=\"After suffering a surprise defeat in Sunday\u2019s Amstel Gold Race, Tadej Poga\u010dar (UAE Team Emirates\u2013XRG) got some of his mojo back by winning Wednesday\u2019s La\" \/>\n<meta name=\"robots\" content=\"index, follow, max-snippet:-1, max-image-preview:large, max-video-preview:-1\" \/>\n<link rel=\"canonical\" href=\"https:\/\/www.welovecycling.com\/wide\/2025\/04\/24\/pogacar-triumphs-in-la-fleche-wallonne-with-devastating-400-metre-solo\/\" \/>\n<meta property=\"og:locale\" content=\"en_US\" \/>\n<meta property=\"og:type\" content=\"article\" \/>\n<meta property=\"og:title\" content=\"Poga\u010dar Triumphs in La Fl\u00e8che Wallonne With Devastating 400-Metre Solo\" \/>\n<meta property=\"og:description\" content=\"After suffering a surprise defeat in Sunday\u2019s Amstel Gold Race, Tadej Poga\u010dar (UAE Team Emirates\u2013XRG) got some of his mojo back by winning Wednesday\u2019s La\" \/>\n<meta property=\"og:url\" content=\"https:\/\/www.welovecycling.com\/wide\/2025\/04\/24\/pogacar-triumphs-in-la-fleche-wallonne-with-devastating-400-metre-solo\/\" \/>\n<meta property=\"og:site_name\" content=\"\u0160koda We Love Cycling\" \/>\n<meta property=\"article:published_time\" content=\"2025-04-24T16:15:21+00:00\" \/>\n<meta property=\"og:image\" content=\"https:\/\/d2p6e6u75xmxt8.cloudfront.net\/2\/2025\/04\/Tadej-Pogacar-Fleche-Wallonne-profimedia-0991534977-CVR.webp\" \/>\n\t<meta property=\"og:image:width\" content=\"990\" \/>\n\t<meta property=\"og:image:height\" content=\"660\" \/>\n\t<meta property=\"og:image:type\" content=\"image\/webp\" \/>\n<meta name=\"author\" content=\"tereza\" \/>\n<meta name=\"twitter:card\" content=\"summary_large_image\" \/>\n<meta name=\"twitter:label1\" content=\"Written by\" \/>\n\t<meta name=\"twitter:data1\" content=\"Siegfried Mortkowitz\" \/>\n\t<meta name=\"twitter:label2\" content=\"Est. reading time\" \/>\n\t<meta name=\"twitter:data2\" content=\"3\" \/>\n<script type=\"application\/ld+json\" class=\"yoast-schema-graph\">{\"@context\":\"https:\/\/schema.org\",\"@graph\":[{\"@type\":\"WebPage\",\"@id\":\"https:\/\/www.welovecycling.com\/wide\/2025\/04\/24\/pogacar-triumphs-in-la-fleche-wallonne-with-devastating-400-metre-solo\/\",\"url\":\"https:\/\/www.welovecycling.com\/wide\/2025\/04\/24\/pogacar-triumphs-in-la-fleche-wallonne-with-devastating-400-metre-solo\/\",\"name\":\"Poga\u010dar Triumphs in the 2025 La Fl\u00e8che Wallonne\",\"isPartOf\":{\"@id\":\"https:\/\/www.welovecycling.com\/wide\/#website\"},\"primaryImageOfPage\":{\"@id\":\"https:\/\/www.welovecycling.com\/wide\/2025\/04\/24\/pogacar-triumphs-in-la-fleche-wallonne-with-devastating-400-metre-solo\/#primaryimage\"},\"image\":{\"@id\":\"https:\/\/www.welovecycling.com\/wide\/2025\/04\/24\/pogacar-triumphs-in-la-fleche-wallonne-with-devastating-400-metre-solo\/#primaryimage\"},\"thumbnailUrl\":\"https:\/\/d2p6e6u75xmxt8.cloudfront.net\/2\/2025\/04\/Tadej-Pogacar-Fleche-Wallonne-profimedia-0991534977-CVR.webp\",\"datePublished\":\"2025-04-24T16:15:21+00:00\",\"author\":{\"@id\":\"https:\/\/www.welovecycling.com\/wide\/#\/schema\/person\/50f01ecd18718d2333cf72e823c4f926\"},\"description\":\"After suffering a surprise defeat in Sunday\u2019s Amstel Gold Race, Tadej Poga\u010dar (UAE Team Emirates\u2013XRG) got some of his mojo back by winning Wednesday\u2019s La\",\"breadcrumb\":{\"@id\":\"https:\/\/www.welovecycling.com\/wide\/2025\/04\/24\/pogacar-triumphs-in-la-fleche-wallonne-with-devastating-400-metre-solo\/#breadcrumb\"},\"inLanguage\":\"en-US\",\"potentialAction\":[{\"@type\":\"ReadAction\",\"target\":[\"https:\/\/www.welovecycling.com\/wide\/2025\/04\/24\/pogacar-triumphs-in-la-fleche-wallonne-with-devastating-400-metre-solo\/\"]}]},{\"@type\":\"ImageObject\",\"inLanguage\":\"en-US\",\"@id\":\"https:\/\/www.welovecycling.com\/wide\/2025\/04\/24\/pogacar-triumphs-in-la-fleche-wallonne-with-devastating-400-metre-solo\/#primaryimage\",\"url\":\"https:\/\/d2p6e6u75xmxt8.cloudfront.net\/2\/2025\/04\/Tadej-Pogacar-Fleche-Wallonne-profimedia-0991534977-CVR.webp\",\"contentUrl\":\"https:\/\/d2p6e6u75xmxt8.cloudfront.net\/2\/2025\/04\/Tadej-Pogacar-Fleche-Wallonne-profimedia-0991534977-CVR.webp\",\"width\":990,\"height\":660,\"caption\":\"Tadej Poga\u010dar\"},{\"@type\":\"BreadcrumbList\",\"@id\":\"https:\/\/www.welovecycling.com\/wide\/2025\/04\/24\/pogacar-triumphs-in-la-fleche-wallonne-with-devastating-400-metre-solo\/#breadcrumb\",\"itemListElement\":[{\"@type\":\"ListItem\",\"position\":1,\"name\":\"Home\",\"item\":\"https:\/\/www.welovecycling.com\/wide\/\"},{\"@type\":\"ListItem\",\"position\":2,\"name\":\"Poga\u010dar Triumphs in La Fl\u00e8che Wallonne With Devastating 400-Metre Solo\"}]},{\"@type\":\"WebSite\",\"@id\":\"https:\/\/www.welovecycling.com\/wide\/#website\",\"url\":\"https:\/\/www.welovecycling.com\/wide\/\",\"name\":\"\u0160koda We Love Cycling\",\"description\":\"\u0160koda We Love Cycling magazine\",\"alternateName\":\"\u0160koda WLC\",\"potentialAction\":[{\"@type\":\"SearchAction\",\"target\":{\"@type\":\"EntryPoint\",\"urlTemplate\":\"https:\/\/www.welovecycling.com\/wide\/?s={search_term_string}\"},\"query-input\":{\"@type\":\"PropertyValueSpecification\",\"valueRequired\":true,\"valueName\":\"search_term_string\"}}],\"inLanguage\":\"en-US\"},{\"@type\":\"Person\",\"@id\":\"https:\/\/www.welovecycling.com\/wide\/#\/schema\/person\/50f01ecd18718d2333cf72e823c4f926\",\"name\":\"tereza\",\"image\":{\"@type\":\"ImageObject\",\"inLanguage\":\"en-US\",\"@id\":\"https:\/\/www.welovecycling.com\/wide\/#\/schema\/person\/image\/\",\"url\":\"https:\/\/secure.gravatar.com\/avatar\/1f9eb71be33845f0afabce3791bc1c58ecdb0a25c62964987e5dbcf7a20d2ec7?s=96&d=mm&r=g\",\"contentUrl\":\"https:\/\/secure.gravatar.com\/avatar\/1f9eb71be33845f0afabce3791bc1c58ecdb0a25c62964987e5dbcf7a20d2ec7?s=96&d=mm&r=g\",\"caption\":\"tereza\"},\"url\":\"https:\/\/www.welovecycling.com\/wide\/author\/tereza\/\"}]}<\/script>\n<!-- \/ Yoast SEO Premium plugin. -->","yoast_head_json":{"title":"Poga\u010dar Triumphs in the 2025 La Fl\u00e8che Wallonne","description":"After suffering a surprise defeat in Sunday\u2019s Amstel Gold Race, Tadej Poga\u010dar (UAE Team Emirates\u2013XRG) got some of his mojo back by winning Wednesday\u2019s La","robots":{"index":"index","follow":"follow","max-snippet":"max-snippet:-1","max-image-preview":"max-image-preview:large","max-video-preview":"max-video-preview:-1"},"canonical":"https:\/\/www.welovecycling.com\/wide\/2025\/04\/24\/pogacar-triumphs-in-la-fleche-wallonne-with-devastating-400-metre-solo\/","og_locale":"en_US","og_type":"article","og_title":"Poga\u010dar Triumphs in La Fl\u00e8che Wallonne With Devastating 400-Metre Solo","og_description":"After suffering a surprise defeat in Sunday\u2019s Amstel Gold Race, Tadej Poga\u010dar (UAE Team Emirates\u2013XRG) got some of his mojo back by winning Wednesday\u2019s La","og_url":"https:\/\/www.welovecycling.com\/wide\/2025\/04\/24\/pogacar-triumphs-in-la-fleche-wallonne-with-devastating-400-metre-solo\/","og_site_name":"\u0160koda We Love Cycling","article_published_time":"2025-04-24T16:15:21+00:00","og_image":[{"width":990,"height":660,"url":"https:\/\/d2p6e6u75xmxt8.cloudfront.net\/2\/2025\/04\/Tadej-Pogacar-Fleche-Wallonne-profimedia-0991534977-CVR.webp","type":"image\/webp"}],"author":"tereza","twitter_card":"summary_large_image","twitter_misc":{"Written by":"Siegfried Mortkowitz","Est. reading time":"3"},"schema":{"@context":"https:\/\/schema.org","@graph":[{"@type":"WebPage","@id":"https:\/\/www.welovecycling.com\/wide\/2025\/04\/24\/pogacar-triumphs-in-la-fleche-wallonne-with-devastating-400-metre-solo\/","url":"https:\/\/www.welovecycling.com\/wide\/2025\/04\/24\/pogacar-triumphs-in-la-fleche-wallonne-with-devastating-400-metre-solo\/","name":"Poga\u010dar Triumphs in the 2025 La Fl\u00e8che Wallonne","isPartOf":{"@id":"https:\/\/www.welovecycling.com\/wide\/#website"},"primaryImageOfPage":{"@id":"https:\/\/www.welovecycling.com\/wide\/2025\/04\/24\/pogacar-triumphs-in-la-fleche-wallonne-with-devastating-400-metre-solo\/#primaryimage"},"image":{"@id":"https:\/\/www.welovecycling.com\/wide\/2025\/04\/24\/pogacar-triumphs-in-la-fleche-wallonne-with-devastating-400-metre-solo\/#primaryimage"},"thumbnailUrl":"https:\/\/d2p6e6u75xmxt8.cloudfront.net\/2\/2025\/04\/Tadej-Pogacar-Fleche-Wallonne-profimedia-0991534977-CVR.webp","datePublished":"2025-04-24T16:15:21+00:00","author":{"@id":"https:\/\/www.welovecycling.com\/wide\/#\/schema\/person\/50f01ecd18718d2333cf72e823c4f926"},"description":"After suffering a surprise defeat in Sunday\u2019s Amstel Gold Race, Tadej Poga\u010dar (UAE Team Emirates\u2013XRG) got some of his mojo back by winning Wednesday\u2019s La","breadcrumb":{"@id":"https:\/\/www.welovecycling.com\/wide\/2025\/04\/24\/pogacar-triumphs-in-la-fleche-wallonne-with-devastating-400-metre-solo\/#breadcrumb"},"inLanguage":"en-US","potentialAction":[{"@type":"ReadAction","target":["https:\/\/www.welovecycling.com\/wide\/2025\/04\/24\/pogacar-triumphs-in-la-fleche-wallonne-with-devastating-400-metre-solo\/"]}]},{"@type":"ImageObject","inLanguage":"en-US","@id":"https:\/\/www.welovecycling.com\/wide\/2025\/04\/24\/pogacar-triumphs-in-la-fleche-wallonne-with-devastating-400-metre-solo\/#primaryimage","url":"https:\/\/d2p6e6u75xmxt8.cloudfront.net\/2\/2025\/04\/Tadej-Pogacar-Fleche-Wallonne-profimedia-0991534977-CVR.webp","contentUrl":"https:\/\/d2p6e6u75xmxt8.cloudfront.net\/2\/2025\/04\/Tadej-Pogacar-Fleche-Wallonne-profimedia-0991534977-CVR.webp","width":990,"height":660,"caption":"Tadej Poga\u010dar"},{"@type":"BreadcrumbList","@id":"https:\/\/www.welovecycling.com\/wide\/2025\/04\/24\/pogacar-triumphs-in-la-fleche-wallonne-with-devastating-400-metre-solo\/#breadcrumb","itemListElement":[{"@type":"ListItem","position":1,"name":"Home","item":"https:\/\/www.welovecycling.com\/wide\/"},{"@type":"ListItem","position":2,"name":"Poga\u010dar Triumphs in La Fl\u00e8che Wallonne With Devastating 400-Metre Solo"}]},{"@type":"WebSite","@id":"https:\/\/www.welovecycling.com\/wide\/#website","url":"https:\/\/www.welovecycling.com\/wide\/","name":"\u0160koda We Love Cycling","description":"\u0160koda We Love Cycling magazine","alternateName":"\u0160koda WLC","potentialAction":[{"@type":"SearchAction","target":{"@type":"EntryPoint","urlTemplate":"https:\/\/www.welovecycling.com\/wide\/?s={search_term_string}"},"query-input":{"@type":"PropertyValueSpecification","valueRequired":true,"valueName":"search_term_string"}}],"inLanguage":"en-US"},{"@type":"Person","@id":"https:\/\/www.welovecycling.com\/wide\/#\/schema\/person\/50f01ecd18718d2333cf72e823c4f926","name":"tereza","image":{"@type":"ImageObject","inLanguage":"en-US","@id":"https:\/\/www.welovecycling.com\/wide\/#\/schema\/person\/image\/","url":"https:\/\/secure.gravatar.com\/avatar\/1f9eb71be33845f0afabce3791bc1c58ecdb0a25c62964987e5dbcf7a20d2ec7?s=96&d=mm&r=g","contentUrl":"https:\/\/secure.gravatar.com\/avatar\/1f9eb71be33845f0afabce3791bc1c58ecdb0a25c62964987e5dbcf7a20d2ec7?s=96&d=mm&r=g","caption":"tereza"},"url":"https:\/\/www.welovecycling.com\/wide\/author\/tereza\/"}]}},"_links":{"self":[{"href":"https:\/\/www.welovecycling.com\/wide\/wp-json\/wp\/v2\/posts\/198445","targetHints":{"allow":["GET"]}}],"collection":[{"href":"https:\/\/www.welovecycling.com\/wide\/wp-json\/wp\/v2\/posts"}],"about":[{"href":"https:\/\/www.welovecycling.com\/wide\/wp-json\/wp\/v2\/types\/post"}],"author":[{"embeddable":true,"href":"https:\/\/www.welovecycling.com\/wide\/wp-json\/wp\/v2\/users\/99"}],"replies":[{"embeddable":true,"href":"https:\/\/www.welovecycling.com\/wide\/wp-json\/wp\/v2\/comments?post=198445"}],"version-history":[{"count":1,"href":"https:\/\/www.welovecycling.com\/wide\/wp-json\/wp\/v2\/posts\/198445\/revisions"}],"predecessor-version":[{"id":198447,"href":"https:\/\/www.welovecycling.com\/wide\/wp-json\/wp\/v2\/posts\/198445\/revisions\/198447"}],"wp:featuredmedia":[{"embeddable":true,"href":"https:\/\/www.welovecycling.com\/wide\/wp-json\/wp\/v2\/media\/198446"}],"wp:attachment":[{"href":"https:\/\/www.welovecycling.com\/wide\/wp-json\/wp\/v2\/media?parent=198445"}],"wp:term":[{"taxonomy":"category","embeddable":true,"href":"https:\/\/www.welovecycling.com\/wide\/wp-json\/wp\/v2\/categories?post=198445"},{"taxonomy":"post_tag","embeddable":true,"href":"https:\/\/www.welovecycling.com\/wide\/wp-json\/wp\/v2\/tags?post=198445"},{"taxonomy":"global-categories","embeddable":true,"href":"https:\/\/www.welovecycling.com\/wide\/wp-json\/wp\/v2\/global-categories?post=198445"}],"curies":[{"name":"wp","href":"https:\/\/api.w.org\/{rel}","templated":true}]}}