{"id":198430,"date":"2025-05-10T09:27:42","date_gmt":"2025-05-10T09:27:42","guid":{"rendered":"https:\/\/www.welovecycling.com\/wide\/?p=198430"},"modified":"2025-05-10T09:32:58","modified_gmt":"2025-05-10T09:32:58","slug":"the-evolution-of-the-cyclist-tan-from-sock-lines-to-helmet-straps","status":"publish","type":"post","link":"https:\/\/www.welovecycling.com\/wide\/2025\/05\/10\/the-evolution-of-the-cyclist-tan-from-sock-lines-to-helmet-straps\/","title":{"rendered":"The Evolution of the Cyclist Tan: From Sock Lines to Helmet Straps"},"content":{"rendered":"<p><strong>Let\u2019s face it: no matter how much SPF 50 you slather on, if you ride bikes long enough, you will <em>eventually<\/em> resemble a Neapolitan ice cream bar\u2014except without the deliciousness. Tan lines are the unspoken badge of honour in the cycling world, marking the passage of time, miles ridden, and poor life choices involving 7-hour Sunday rides \u201cjust for fun.\u201d<\/strong><\/p>\n<p><!--more--><\/p>\n<p>But these are no ordinary tan lines. Oh no. Cyclists wear their UV souvenirs with pride. And like any good species, our tan lines have evolved. So sit back (preferably not on a saddle), grab a bidon, and let\u2019s take a tour through the glorious evolution of the cyclist tan.<\/p>\n<h3><strong>1. The sock line: where it all begins<\/strong><\/h3>\n<p>Ah, the humble sock tan. Every cyclist\u2019s first rite of passage. It starts off subtle\u2014just a faint ankle bracelet of melanin. But give it a few weeks and suddenly your lower legs look like they\u2019re dipped in milk. Pro tip: The sharper the line, the stronger the flex.<\/p>\n<p><em>Warning:<\/em> Removing socks at the beach may result in blinding nearby civilians. Sunglasses recommended.<\/p>\n<h3><strong>2. The glove ghost<\/strong><\/h3>\n<p>It\u2019s not just your legs. Those full-finger gloves you wear in the name of \u201cgrip\u201d and \u201ccomfort\u201d? Yeah, they\u2019re turning your hands into two-tone horrors. Bonus points if you\u2019ve got little holes on the back of your gloves that give your skin a nice polka-dot pattern. Your hands now resemble a Dalmation in mid-moult.<\/p>\n<h3><strong>3. The short-sleeve stamp<\/strong><\/h3>\n<p>This one hits around late May, when you switch to short sleeves and the upper-arm tan line emerges. It\u2019s bold. It\u2019s unapologetic. It\u2019s <em>impossible<\/em> to match with any formal wear. The short-sleeve stamp says, \u201cYes, I could have worn sunscreen. But then how would people know I climb hills for fun?\u201d<\/p>\n<p><a href=\"https:\/\/d2p6e6u75xmxt8.cloudfront.net\/2\/2025\/05\/Cyclist-Tan-1.webp\"><img loading=\"lazy\" decoding=\"async\" class=\"alignnone size-full wp-image-198536\" src=\"https:\/\/d2p6e6u75xmxt8.cloudfront.net\/2\/2025\/05\/Cyclist-Tan-1.webp\" alt=\"Cyclist tan\" width=\"990\" height=\"660\" srcset=\"https:\/\/d2p6e6u75xmxt8.cloudfront.net\/2\/2025\/05\/Cyclist-Tan-1.webp 990w, https:\/\/d2p6e6u75xmxt8.cloudfront.net\/2\/2025\/05\/Cyclist-Tan-1-300x200.webp 300w, https:\/\/d2p6e6u75xmxt8.cloudfront.net\/2\/2025\/05\/Cyclist-Tan-1-768x512.webp 768w, https:\/\/d2p6e6u75xmxt8.cloudfront.net\/2\/2025\/05\/Cyclist-Tan-1-400x267.webp 400w, https:\/\/d2p6e6u75xmxt8.cloudfront.net\/2\/2025\/05\/Cyclist-Tan-1-272x182.webp 272w\" sizes=\"auto, (max-width: 990px) 100vw, 990px\" \/><\/a><\/p>\n<h3><strong>4. The helmet strap etchings<\/strong><\/h3>\n<p>Perhaps the most artistic of the cyclist tans, this one requires consistency, discipline, and the commitment to never, <em>ever<\/em> adjust your helmet straps. Over time, you develop symmetrical white lines slicing down your cheeks like battle scars of the Lycra warrior.<\/p>\n<p>This is the kind of tan line that doesn\u2019t just say \u201cI ride bikes\u201d\u2014it says \u201cI <em>live<\/em> on a saddle and have a deep emotional bond with my chamois cream.\u201d<\/p>\n<h3><strong>5. The sunglass mask<\/strong><\/h3>\n<p>Cyclists don\u2019t squint. We have expensive eyewear for that. Which is why, after a few sunny rides, we all resemble off-brand raccoons. You\u2019ve got the goggles burned into your face, and if you\u2019re lucky, a perfect reverse-Panda effect around your eyes.<\/p>\n<p>It\u2019s not ideal for wedding photos, but it <em>is<\/em> ideal for intimidating other cyclists at the caf\u00e9.<\/p>\n<h3><strong>6. The unfortunate mid-season shuffle<\/strong><\/h3>\n<p>Every cyclist has tried switching kit brands or sock lengths mid-season. This results in what can only be described as \u201ccycling tan lasagna.\u201d Multiple lines, uneven shades, and the deep regret of ever thinking you could get away with ankle socks just once.<\/p>\n<h3><strong>7. The full pro<\/strong><\/h3>\n<p>Only achieved by elite-level commitment and questionable fashion choices, the Full Pro involves seamless tan lines from cap to shoe. It\u2019s like your skin <em>is<\/em> the kit. There\u2019s a certain elegance to it, almost like a zebra\u2019s stripes\u2014if zebras were obsessed with FTP and refused to go to brunch.<\/p>\n<p>Tan lines are like a cyclist\u2019s r\u00e9sum\u00e9. Don\u2019t bother with <a href=\"https:\/\/www.strava.com\/onboarding\">Strava<\/a>\u2014show us your ankles. So, the next time someone scoffs at your weirdly shaded arms, just smile, nod, and drop them on the next climb. After all, some people wear medals. We wear UV radiation.<\/p>\n","protected":false},"excerpt":{"rendered":"<p>Let\u2019s face it: no matter how much SPF 50 you slather on, if you ride bikes long enough, you will [&hellip;]<\/p>\n","protected":false},"author":99,"featured_media":198532,"comment_status":"closed","ping_status":"open","sticky":false,"template":"","format":"standard","meta":{"footnotes":""},"categories":[334],"tags":[2668,8519],"global-categories":[3366],"class_list":["post-198430","post","type-post","status-publish","format-standard","has-post-thumbnail","hentry","category-socialising-and-culture","tag-cycling-fun","tag-cyclist-tan","global-categories-cycling"],"yoast_head":"<!-- This site is optimized with the Yoast SEO Premium plugin v25.3 (Yoast SEO v25.9) - https:\/\/yoast.com\/wordpress\/plugins\/seo\/ -->\n<title>The Evolution of the Cyclist Tan: From Sock Lines to Helmet Straps - \u0160koda We Love Cycling<\/title>\n<meta name=\"description\" content=\"Let\u2019s face it: no matter how much SPF 50 you slather on, if you ride bikes long enough, you will eventually resemble a Neapolitan ice cream bar\u2014except\" \/>\n<meta name=\"robots\" content=\"index, follow, max-snippet:-1, max-image-preview:large, max-video-preview:-1\" \/>\n<link rel=\"canonical\" href=\"https:\/\/www.welovecycling.com\/wide\/2025\/05\/10\/the-evolution-of-the-cyclist-tan-from-sock-lines-to-helmet-straps\/\" \/>\n<meta property=\"og:locale\" content=\"en_US\" \/>\n<meta property=\"og:type\" content=\"article\" \/>\n<meta property=\"og:title\" content=\"The Evolution of the Cyclist Tan: From Sock Lines to Helmet Straps\" \/>\n<meta property=\"og:description\" content=\"Let\u2019s face it: no matter how much SPF 50 you slather on, if you ride bikes long enough, you will eventually resemble a Neapolitan ice cream bar\u2014except\" \/>\n<meta property=\"og:url\" content=\"https:\/\/www.welovecycling.com\/wide\/2025\/05\/10\/the-evolution-of-the-cyclist-tan-from-sock-lines-to-helmet-straps\/\" \/>\n<meta property=\"og:site_name\" content=\"\u0160koda We Love Cycling\" \/>\n<meta property=\"article:published_time\" content=\"2025-05-10T09:27:42+00:00\" \/>\n<meta property=\"article:modified_time\" content=\"2025-05-10T09:32:58+00:00\" \/>\n<meta property=\"og:image\" content=\"https:\/\/d2p6e6u75xmxt8.cloudfront.net\/2\/2025\/04\/Cyclist-MTB-Mountains-profimedia-0994453321-CVR.webp\" \/>\n\t<meta property=\"og:image:width\" content=\"990\" \/>\n\t<meta property=\"og:image:height\" content=\"660\" \/>\n\t<meta property=\"og:image:type\" content=\"image\/webp\" \/>\n<meta name=\"author\" content=\"tereza\" \/>\n<meta name=\"twitter:card\" content=\"summary_large_image\" \/>\n<meta name=\"twitter:label1\" content=\"Written by\" \/>\n\t<meta name=\"twitter:data1\" content=\"Monica Buck\" \/>\n\t<meta name=\"twitter:label2\" content=\"Est. reading time\" \/>\n\t<meta name=\"twitter:data2\" content=\"2\" \/>\n<script type=\"application\/ld+json\" class=\"yoast-schema-graph\">{\"@context\":\"https:\/\/schema.org\",\"@graph\":[{\"@type\":\"WebPage\",\"@id\":\"https:\/\/www.welovecycling.com\/wide\/2025\/05\/10\/the-evolution-of-the-cyclist-tan-from-sock-lines-to-helmet-straps\/\",\"url\":\"https:\/\/www.welovecycling.com\/wide\/2025\/05\/10\/the-evolution-of-the-cyclist-tan-from-sock-lines-to-helmet-straps\/\",\"name\":\"The Evolution of the Cyclist Tan: From Sock Lines to Helmet Straps - \u0160koda We Love Cycling\",\"isPartOf\":{\"@id\":\"https:\/\/www.welovecycling.com\/wide\/#website\"},\"primaryImageOfPage\":{\"@id\":\"https:\/\/www.welovecycling.com\/wide\/2025\/05\/10\/the-evolution-of-the-cyclist-tan-from-sock-lines-to-helmet-straps\/#primaryimage\"},\"image\":{\"@id\":\"https:\/\/www.welovecycling.com\/wide\/2025\/05\/10\/the-evolution-of-the-cyclist-tan-from-sock-lines-to-helmet-straps\/#primaryimage\"},\"thumbnailUrl\":\"https:\/\/d2p6e6u75xmxt8.cloudfront.net\/2\/2025\/04\/Cyclist-MTB-Mountains-profimedia-0994453321-CVR.webp\",\"datePublished\":\"2025-05-10T09:27:42+00:00\",\"dateModified\":\"2025-05-10T09:32:58+00:00\",\"author\":{\"@id\":\"https:\/\/www.welovecycling.com\/wide\/#\/schema\/person\/50f01ecd18718d2333cf72e823c4f926\"},\"description\":\"Let\u2019s face it: no matter how much SPF 50 you slather on, if you ride bikes long enough, you will eventually resemble a Neapolitan ice cream bar\u2014except\",\"breadcrumb\":{\"@id\":\"https:\/\/www.welovecycling.com\/wide\/2025\/05\/10\/the-evolution-of-the-cyclist-tan-from-sock-lines-to-helmet-straps\/#breadcrumb\"},\"inLanguage\":\"en-US\",\"potentialAction\":[{\"@type\":\"ReadAction\",\"target\":[\"https:\/\/www.welovecycling.com\/wide\/2025\/05\/10\/the-evolution-of-the-cyclist-tan-from-sock-lines-to-helmet-straps\/\"]}]},{\"@type\":\"ImageObject\",\"inLanguage\":\"en-US\",\"@id\":\"https:\/\/www.welovecycling.com\/wide\/2025\/05\/10\/the-evolution-of-the-cyclist-tan-from-sock-lines-to-helmet-straps\/#primaryimage\",\"url\":\"https:\/\/d2p6e6u75xmxt8.cloudfront.net\/2\/2025\/04\/Cyclist-MTB-Mountains-profimedia-0994453321-CVR.webp\",\"contentUrl\":\"https:\/\/d2p6e6u75xmxt8.cloudfront.net\/2\/2025\/04\/Cyclist-MTB-Mountains-profimedia-0994453321-CVR.webp\",\"width\":990,\"height\":660,\"caption\":\"MTB\"},{\"@type\":\"BreadcrumbList\",\"@id\":\"https:\/\/www.welovecycling.com\/wide\/2025\/05\/10\/the-evolution-of-the-cyclist-tan-from-sock-lines-to-helmet-straps\/#breadcrumb\",\"itemListElement\":[{\"@type\":\"ListItem\",\"position\":1,\"name\":\"Home\",\"item\":\"https:\/\/www.welovecycling.com\/wide\/\"},{\"@type\":\"ListItem\",\"position\":2,\"name\":\"The Evolution of the Cyclist Tan: From Sock Lines to Helmet Straps\"}]},{\"@type\":\"WebSite\",\"@id\":\"https:\/\/www.welovecycling.com\/wide\/#website\",\"url\":\"https:\/\/www.welovecycling.com\/wide\/\",\"name\":\"\u0160koda We Love Cycling\",\"description\":\"\u0160koda We Love Cycling magazine\",\"alternateName\":\"\u0160koda WLC\",\"potentialAction\":[{\"@type\":\"SearchAction\",\"target\":{\"@type\":\"EntryPoint\",\"urlTemplate\":\"https:\/\/www.welovecycling.com\/wide\/?s={search_term_string}\"},\"query-input\":{\"@type\":\"PropertyValueSpecification\",\"valueRequired\":true,\"valueName\":\"search_term_string\"}}],\"inLanguage\":\"en-US\"},{\"@type\":\"Person\",\"@id\":\"https:\/\/www.welovecycling.com\/wide\/#\/schema\/person\/50f01ecd18718d2333cf72e823c4f926\",\"name\":\"tereza\",\"image\":{\"@type\":\"ImageObject\",\"inLanguage\":\"en-US\",\"@id\":\"https:\/\/www.welovecycling.com\/wide\/#\/schema\/person\/image\/\",\"url\":\"https:\/\/secure.gravatar.com\/avatar\/1f9eb71be33845f0afabce3791bc1c58ecdb0a25c62964987e5dbcf7a20d2ec7?s=96&d=mm&r=g\",\"contentUrl\":\"https:\/\/secure.gravatar.com\/avatar\/1f9eb71be33845f0afabce3791bc1c58ecdb0a25c62964987e5dbcf7a20d2ec7?s=96&d=mm&r=g\",\"caption\":\"tereza\"},\"url\":\"https:\/\/www.welovecycling.com\/wide\/author\/tereza\/\"}]}<\/script>\n<!-- \/ Yoast SEO Premium plugin. -->","yoast_head_json":{"title":"The Evolution of the Cyclist Tan: From Sock Lines to Helmet Straps - \u0160koda We Love Cycling","description":"Let\u2019s face it: no matter how much SPF 50 you slather on, if you ride bikes long enough, you will eventually resemble a Neapolitan ice cream bar\u2014except","robots":{"index":"index","follow":"follow","max-snippet":"max-snippet:-1","max-image-preview":"max-image-preview:large","max-video-preview":"max-video-preview:-1"},"canonical":"https:\/\/www.welovecycling.com\/wide\/2025\/05\/10\/the-evolution-of-the-cyclist-tan-from-sock-lines-to-helmet-straps\/","og_locale":"en_US","og_type":"article","og_title":"The Evolution of the Cyclist Tan: From Sock Lines to Helmet Straps","og_description":"Let\u2019s face it: no matter how much SPF 50 you slather on, if you ride bikes long enough, you will eventually resemble a Neapolitan ice cream bar\u2014except","og_url":"https:\/\/www.welovecycling.com\/wide\/2025\/05\/10\/the-evolution-of-the-cyclist-tan-from-sock-lines-to-helmet-straps\/","og_site_name":"\u0160koda We Love Cycling","article_published_time":"2025-05-10T09:27:42+00:00","article_modified_time":"2025-05-10T09:32:58+00:00","og_image":[{"width":990,"height":660,"url":"https:\/\/d2p6e6u75xmxt8.cloudfront.net\/2\/2025\/04\/Cyclist-MTB-Mountains-profimedia-0994453321-CVR.webp","type":"image\/webp"}],"author":"tereza","twitter_card":"summary_large_image","twitter_misc":{"Written by":"Monica Buck","Est. reading time":"2"},"schema":{"@context":"https:\/\/schema.org","@graph":[{"@type":"WebPage","@id":"https:\/\/www.welovecycling.com\/wide\/2025\/05\/10\/the-evolution-of-the-cyclist-tan-from-sock-lines-to-helmet-straps\/","url":"https:\/\/www.welovecycling.com\/wide\/2025\/05\/10\/the-evolution-of-the-cyclist-tan-from-sock-lines-to-helmet-straps\/","name":"The Evolution of the Cyclist Tan: From Sock Lines to Helmet Straps - \u0160koda We Love Cycling","isPartOf":{"@id":"https:\/\/www.welovecycling.com\/wide\/#website"},"primaryImageOfPage":{"@id":"https:\/\/www.welovecycling.com\/wide\/2025\/05\/10\/the-evolution-of-the-cyclist-tan-from-sock-lines-to-helmet-straps\/#primaryimage"},"image":{"@id":"https:\/\/www.welovecycling.com\/wide\/2025\/05\/10\/the-evolution-of-the-cyclist-tan-from-sock-lines-to-helmet-straps\/#primaryimage"},"thumbnailUrl":"https:\/\/d2p6e6u75xmxt8.cloudfront.net\/2\/2025\/04\/Cyclist-MTB-Mountains-profimedia-0994453321-CVR.webp","datePublished":"2025-05-10T09:27:42+00:00","dateModified":"2025-05-10T09:32:58+00:00","author":{"@id":"https:\/\/www.welovecycling.com\/wide\/#\/schema\/person\/50f01ecd18718d2333cf72e823c4f926"},"description":"Let\u2019s face it: no matter how much SPF 50 you slather on, if you ride bikes long enough, you will eventually resemble a Neapolitan ice cream bar\u2014except","breadcrumb":{"@id":"https:\/\/www.welovecycling.com\/wide\/2025\/05\/10\/the-evolution-of-the-cyclist-tan-from-sock-lines-to-helmet-straps\/#breadcrumb"},"inLanguage":"en-US","potentialAction":[{"@type":"ReadAction","target":["https:\/\/www.welovecycling.com\/wide\/2025\/05\/10\/the-evolution-of-the-cyclist-tan-from-sock-lines-to-helmet-straps\/"]}]},{"@type":"ImageObject","inLanguage":"en-US","@id":"https:\/\/www.welovecycling.com\/wide\/2025\/05\/10\/the-evolution-of-the-cyclist-tan-from-sock-lines-to-helmet-straps\/#primaryimage","url":"https:\/\/d2p6e6u75xmxt8.cloudfront.net\/2\/2025\/04\/Cyclist-MTB-Mountains-profimedia-0994453321-CVR.webp","contentUrl":"https:\/\/d2p6e6u75xmxt8.cloudfront.net\/2\/2025\/04\/Cyclist-MTB-Mountains-profimedia-0994453321-CVR.webp","width":990,"height":660,"caption":"MTB"},{"@type":"BreadcrumbList","@id":"https:\/\/www.welovecycling.com\/wide\/2025\/05\/10\/the-evolution-of-the-cyclist-tan-from-sock-lines-to-helmet-straps\/#breadcrumb","itemListElement":[{"@type":"ListItem","position":1,"name":"Home","item":"https:\/\/www.welovecycling.com\/wide\/"},{"@type":"ListItem","position":2,"name":"The Evolution of the Cyclist Tan: From Sock Lines to Helmet Straps"}]},{"@type":"WebSite","@id":"https:\/\/www.welovecycling.com\/wide\/#website","url":"https:\/\/www.welovecycling.com\/wide\/","name":"\u0160koda We Love Cycling","description":"\u0160koda We Love Cycling magazine","alternateName":"\u0160koda WLC","potentialAction":[{"@type":"SearchAction","target":{"@type":"EntryPoint","urlTemplate":"https:\/\/www.welovecycling.com\/wide\/?s={search_term_string}"},"query-input":{"@type":"PropertyValueSpecification","valueRequired":true,"valueName":"search_term_string"}}],"inLanguage":"en-US"},{"@type":"Person","@id":"https:\/\/www.welovecycling.com\/wide\/#\/schema\/person\/50f01ecd18718d2333cf72e823c4f926","name":"tereza","image":{"@type":"ImageObject","inLanguage":"en-US","@id":"https:\/\/www.welovecycling.com\/wide\/#\/schema\/person\/image\/","url":"https:\/\/secure.gravatar.com\/avatar\/1f9eb71be33845f0afabce3791bc1c58ecdb0a25c62964987e5dbcf7a20d2ec7?s=96&d=mm&r=g","contentUrl":"https:\/\/secure.gravatar.com\/avatar\/1f9eb71be33845f0afabce3791bc1c58ecdb0a25c62964987e5dbcf7a20d2ec7?s=96&d=mm&r=g","caption":"tereza"},"url":"https:\/\/www.welovecycling.com\/wide\/author\/tereza\/"}]}},"_links":{"self":[{"href":"https:\/\/www.welovecycling.com\/wide\/wp-json\/wp\/v2\/posts\/198430","targetHints":{"allow":["GET"]}}],"collection":[{"href":"https:\/\/www.welovecycling.com\/wide\/wp-json\/wp\/v2\/posts"}],"about":[{"href":"https:\/\/www.welovecycling.com\/wide\/wp-json\/wp\/v2\/types\/post"}],"author":[{"embeddable":true,"href":"https:\/\/www.welovecycling.com\/wide\/wp-json\/wp\/v2\/users\/99"}],"replies":[{"embeddable":true,"href":"https:\/\/www.welovecycling.com\/wide\/wp-json\/wp\/v2\/comments?post=198430"}],"version-history":[{"count":3,"href":"https:\/\/www.welovecycling.com\/wide\/wp-json\/wp\/v2\/posts\/198430\/revisions"}],"predecessor-version":[{"id":198537,"href":"https:\/\/www.welovecycling.com\/wide\/wp-json\/wp\/v2\/posts\/198430\/revisions\/198537"}],"wp:featuredmedia":[{"embeddable":true,"href":"https:\/\/www.welovecycling.com\/wide\/wp-json\/wp\/v2\/media\/198532"}],"wp:attachment":[{"href":"https:\/\/www.welovecycling.com\/wide\/wp-json\/wp\/v2\/media?parent=198430"}],"wp:term":[{"taxonomy":"category","embeddable":true,"href":"https:\/\/www.welovecycling.com\/wide\/wp-json\/wp\/v2\/categories?post=198430"},{"taxonomy":"post_tag","embeddable":true,"href":"https:\/\/www.welovecycling.com\/wide\/wp-json\/wp\/v2\/tags?post=198430"},{"taxonomy":"global-categories","embeddable":true,"href":"https:\/\/www.welovecycling.com\/wide\/wp-json\/wp\/v2\/global-categories?post=198430"}],"curies":[{"name":"wp","href":"https:\/\/api.w.org\/{rel}","templated":true}]}}