{"id":198402,"date":"2025-04-17T07:34:44","date_gmt":"2025-04-17T07:34:44","guid":{"rendered":"https:\/\/www.welovecycling.com\/wide\/?p=198402"},"modified":"2025-04-17T07:50:16","modified_gmt":"2025-04-17T07:50:16","slug":"an-e-bike-mission-to-the-volcanic-top-of-cape-verde","status":"publish","type":"post","link":"https:\/\/www.welovecycling.com\/wide\/2025\/04\/17\/an-e-bike-mission-to-the-volcanic-top-of-cape-verde\/","title":{"rendered":"Challenging Fire Mountain: An E-Bike Mission to the Volcanic Top of Cape Verde"},"content":{"rendered":"<p class=\"\" data-start=\"211\" data-end=\"560\"><strong>Prague-based biker Richard &#8220;Gaspi&#8221; Gasperotti has ridden his bike up active volcanoes before\u2014six of them, to be exact. But climbing Pico do Fogo (2,829 m), the highest point of Cape Verde, was something else entirely. Not only because it\u2019s an active stratovolcano in the middle of the Atlantic Ocean, but because this time, he brought an e-bike.<\/strong><\/p>\n<p data-start=\"211\" data-end=\"560\"><!--more--><\/p>\n<p class=\"\" data-start=\"562\" data-end=\"968\">Transporting an electric mountain bike to a remote island nation outside the EU is a story of perseverance all by itself. &#8220;You can\u2019t fly with the battery, and you can\u2019t send it by ferry either,&#8221; Gaspi explains. &#8220;The only option was to arrange special logistics.&#8221; Eventually, it was the company <a href=\"https:\/\/www.rangel.com\/en\/\">Rangel Logistics<\/a> who agreed to take on the challenge\u2014and Gaspi\u2019s bike finally made it to the island of Fogo.<\/p>\n<figure id=\"attachment_198405\" aria-describedby=\"caption-attachment-198405\" style=\"width: 990px\" class=\"wp-caption alignnone\"><a href=\"https:\/\/d2p6e6u75xmxt8.cloudfront.net\/2\/2025\/04\/Gaspi-Cape-Verde-3.webp\"><img loading=\"lazy\" decoding=\"async\" class=\"wp-image-198405 size-full\" src=\"https:\/\/d2p6e6u75xmxt8.cloudfront.net\/2\/2025\/04\/Gaspi-Cape-Verde-3.webp\" alt=\"Cape Verde\" width=\"990\" height=\"660\" srcset=\"https:\/\/d2p6e6u75xmxt8.cloudfront.net\/2\/2025\/04\/Gaspi-Cape-Verde-3.webp 990w, https:\/\/d2p6e6u75xmxt8.cloudfront.net\/2\/2025\/04\/Gaspi-Cape-Verde-3-300x200.webp 300w, https:\/\/d2p6e6u75xmxt8.cloudfront.net\/2\/2025\/04\/Gaspi-Cape-Verde-3-768x512.webp 768w, https:\/\/d2p6e6u75xmxt8.cloudfront.net\/2\/2025\/04\/Gaspi-Cape-Verde-3-400x267.webp 400w, https:\/\/d2p6e6u75xmxt8.cloudfront.net\/2\/2025\/04\/Gaspi-Cape-Verde-3-272x182.webp 272w\" sizes=\"auto, (max-width: 990px) 100vw, 990px\" \/><\/a><figcaption id=\"caption-attachment-198405\" class=\"wp-caption-text\">\u00a9 Milo\u0161 \u0160tafek<\/figcaption><\/figure>\n<p class=\"\" data-start=\"970\" data-end=\"1506\">The final piece of the puzzle was a man named Mustafa Kerim Eren, a professional climber originally from the Karakoram region of Pakistan, who settled on the island 18 years ago. Gaspi connected with him over social media, and Musti quickly became his lifeline. \u201cMusti was kind enough to pick up the bike in the harbor,\u201d says Gaspi. \u201cBecause the bike was shipped in his name, it had to go through customs. Even though everyone knows everyone here, the process took four sessions of four hours, and he still had to pay the duty.\u201d<\/p>\n<p class=\"\" data-start=\"1508\" data-end=\"1904\">And the duty is no joke: 85% on imported goods, which makes bringing in an e-bike almost financially insane. \u201cIt turns out ours was probably the first e-bike on the island, and maybe\u2014just maybe\u2014our pioneer effort will help change the rules. Just like electric cars and e-motorcycles, which now have 0% customs duty for ecological reasons, e-bikes could soon be on the same list,\u201d hopes Gaspi.<\/p>\n<p class=\"\" data-start=\"1906\" data-end=\"2242\">It wasn\u2019t just the logistics of the bike\u2014even the crew faced their own set of horrors: cancelled ferries without any compensation, overbooked flights, and endless waiting became part of the adventure. What was supposed to be a straightforward journey turned into a test of patience and adaptability long before the climb even began.<\/p>\n<figure id=\"attachment_198404\" aria-describedby=\"caption-attachment-198404\" style=\"width: 990px\" class=\"wp-caption alignnone\"><a href=\"https:\/\/d2p6e6u75xmxt8.cloudfront.net\/2\/2025\/04\/Gaspi-Cape-Verde-2.webp\"><img loading=\"lazy\" decoding=\"async\" class=\"wp-image-198404 size-full\" src=\"https:\/\/d2p6e6u75xmxt8.cloudfront.net\/2\/2025\/04\/Gaspi-Cape-Verde-2.webp\" alt=\"Cape Verde\" width=\"990\" height=\"660\" srcset=\"https:\/\/d2p6e6u75xmxt8.cloudfront.net\/2\/2025\/04\/Gaspi-Cape-Verde-2.webp 990w, https:\/\/d2p6e6u75xmxt8.cloudfront.net\/2\/2025\/04\/Gaspi-Cape-Verde-2-300x200.webp 300w, https:\/\/d2p6e6u75xmxt8.cloudfront.net\/2\/2025\/04\/Gaspi-Cape-Verde-2-768x512.webp 768w, https:\/\/d2p6e6u75xmxt8.cloudfront.net\/2\/2025\/04\/Gaspi-Cape-Verde-2-400x267.webp 400w, https:\/\/d2p6e6u75xmxt8.cloudfront.net\/2\/2025\/04\/Gaspi-Cape-Verde-2-272x182.webp 272w\" sizes=\"auto, (max-width: 990px) 100vw, 990px\" \/><\/a><figcaption id=\"caption-attachment-198404\" class=\"wp-caption-text\">\u00a9 Milo\u0161 \u0160tafek<\/figcaption><\/figure>\n<hr class=\"\" data-start=\"2244\" data-end=\"2247\" \/>\n<h2 data-start=\"2249\" data-end=\"2274\"><strong>A climb like no other<\/strong><\/h2>\n<p class=\"\" data-start=\"2276\" data-end=\"2555\">Each Cape Verde island has its own personality, but greenery isn\u2019t their strong suit. Fogo is different\u2014it\u2019s wild, steep, and crowned by a perfect volcanic cone. Gaspi\u2019s goal was simple: ride from sea level to the very top. But simple goals sometimes come with extreme execution.<\/p>\n<p class=\"\" data-start=\"2557\" data-end=\"2985\">His journey began by the ocean, where the morning cold and wind from the Atlantic made the first part of the climb deceptively tough. \u201cYou start freezing. Then the sun comes out. Then you start worrying if your battery will last. You ride through dry grass hiding sharp lava stones and five-centimeter thorns. Locals stare at you in disbelief\u2014nobody\u2019s seen an e-bike here before. Kids run after you for a while, then disappear.\u201d<\/p>\n<p class=\"\" data-start=\"2987\" data-end=\"3398\">From base camp Casa Marisa at 1,620 meters\u2014rebuilt after the devastating 2014 eruption\u2014Gaspi pushed another 400 meters on the bike. Then came the \u201cwalk assist\u201d phase, and eventually, carrying the bike on his back. \u201cFrom 1,800 meters, nothing grows but local wine grapes called Ch\u00e3. The lava becomes more brittle, the slope steeper. At one point, the back wheel just sank into the lava crust,\u201d Gaspi recalls.<\/p>\n<p class=\"\" data-start=\"3400\" data-end=\"3703\">He was surviving on three liters of water. \u201cIt\u2019s 26 degrees year-round, but the equatorial sun is brutal. My lips were burned raw, and the heat nearly fried the battery. I couldn\u2019t even touch the bike\u2014it was too hot.\u201d Sweat washed away his sunscreen. Dust coated his throat. And still, he kept climbing.<\/p>\n<figure id=\"attachment_198406\" aria-describedby=\"caption-attachment-198406\" style=\"width: 990px\" class=\"wp-caption alignnone\"><a href=\"https:\/\/d2p6e6u75xmxt8.cloudfront.net\/2\/2025\/04\/Gaspi-Cape-Verde-4.webp\"><img loading=\"lazy\" decoding=\"async\" class=\"wp-image-198406 size-full\" src=\"https:\/\/d2p6e6u75xmxt8.cloudfront.net\/2\/2025\/04\/Gaspi-Cape-Verde-4.webp\" alt=\"Cape Verde\" width=\"990\" height=\"660\" srcset=\"https:\/\/d2p6e6u75xmxt8.cloudfront.net\/2\/2025\/04\/Gaspi-Cape-Verde-4.webp 990w, https:\/\/d2p6e6u75xmxt8.cloudfront.net\/2\/2025\/04\/Gaspi-Cape-Verde-4-300x200.webp 300w, https:\/\/d2p6e6u75xmxt8.cloudfront.net\/2\/2025\/04\/Gaspi-Cape-Verde-4-768x512.webp 768w, https:\/\/d2p6e6u75xmxt8.cloudfront.net\/2\/2025\/04\/Gaspi-Cape-Verde-4-400x267.webp 400w, https:\/\/d2p6e6u75xmxt8.cloudfront.net\/2\/2025\/04\/Gaspi-Cape-Verde-4-272x182.webp 272w\" sizes=\"auto, (max-width: 990px) 100vw, 990px\" \/><\/a><figcaption id=\"caption-attachment-198406\" class=\"wp-caption-text\">\u00a9 Milo\u0161 \u0160tafek<\/figcaption><\/figure>\n<hr class=\"\" data-start=\"3705\" data-end=\"3708\" \/>\n<h2 data-start=\"3710\" data-end=\"3729\"><strong>Into the crater<\/strong><\/h2>\n<p class=\"\" data-start=\"3731\" data-end=\"3858\">Reaching the summit wasn\u2019t enough. Gaspi had his eye on the crater itself. After pushing the bike over the edge, he dropped in.<\/p>\n<p class=\"\" data-start=\"3860\" data-end=\"4272\">Then came the highlight of the whole journey\u2014a surreal freeride down the volcanic cone, reaching speeds of up to 80 km\/h, the wheels surfing on a mix of volcanic ash and gravel. \u201cI\u2019ve never experienced a freeride line that was so continuous and smooth. It was absolutely massive,\u201d Gaspi says. \u201cMy brake rotors and pads were completely destroyed. Both front and rear were burned out and unusable after that ride.\u201d<\/p>\n<hr class=\"\" data-start=\"4274\" data-end=\"4277\" \/>\n<h2 data-start=\"4279\" data-end=\"4299\"><strong>More than a ride<\/strong><\/h2>\n<p class=\"\" data-start=\"4301\" data-end=\"4766\">This wasn\u2019t just about conquering a peak. It was a test of body and mind, of logistics and diplomacy. It was also a statement: that e-bikes deserve the same treatment as other clean technologies. \u201cA lot of people thought I was crazy. But because of this trip, local laws are already being re-evaluated. <a href=\"https:\/\/www.welovecycling.com\/wide\/2020\/11\/25\/the-4-biggest-fallacies-about-e-bikes\/\" target=\"_blank\" rel=\"noopener\">E-bikes<\/a> might soon join solar panels, electric cars, and batteries as duty-free imports,\u201d says Gaspi. \u201cAnd that would be a beautiful side effect of this mission.\u201d<\/p>\n","protected":false},"excerpt":{"rendered":"<p>Prague-based biker Richard &#8220;Gaspi&#8221; Gasperotti has ridden his bike up active volcanoes before\u2014six of them, to be exact. But climbing [&hellip;]<\/p>\n","protected":false},"author":99,"featured_media":198403,"comment_status":"closed","ping_status":"open","sticky":false,"template":"","format":"standard","meta":{"footnotes":""},"categories":[8162],"tags":[8466,8467,6948,464],"global-categories":[3366],"class_list":["post-198402","post","type-post","status-publish","format-standard","has-post-thumbnail","hentry","category-explore-and-travel","tag-cape-verde","tag-cape-verde-volcano","tag-e-biking","tag-gaspi","global-categories-cycling"],"yoast_head":"<!-- This site is optimized with the Yoast SEO Premium plugin v25.3 (Yoast SEO v25.9) - https:\/\/yoast.com\/wordpress\/plugins\/seo\/ -->\n<title>An E-Bike Mission to the Volcanic Top of Cape Verde<\/title>\n<meta name=\"description\" content=\"Prague-based biker Richard &quot;Gaspi&quot; Gasperotti has ridden his bike up active volcanoes before\u2014six of them, to be exact. But climbing Pico do Fogo (2,829\" \/>\n<meta name=\"robots\" content=\"index, follow, max-snippet:-1, max-image-preview:large, max-video-preview:-1\" \/>\n<link rel=\"canonical\" href=\"https:\/\/www.welovecycling.com\/wide\/2025\/04\/17\/an-e-bike-mission-to-the-volcanic-top-of-cape-verde\/\" \/>\n<meta property=\"og:locale\" content=\"en_US\" \/>\n<meta property=\"og:type\" content=\"article\" \/>\n<meta property=\"og:title\" content=\"Challenging Fire Mountain: An E-Bike Mission to the Volcanic Top of Cape Verde\" \/>\n<meta property=\"og:description\" content=\"Prague-based biker Richard &quot;Gaspi&quot; Gasperotti has ridden his bike up active volcanoes before\u2014six of them, to be exact. But climbing Pico do Fogo (2,829\" \/>\n<meta property=\"og:url\" content=\"https:\/\/www.welovecycling.com\/wide\/2025\/04\/17\/an-e-bike-mission-to-the-volcanic-top-of-cape-verde\/\" \/>\n<meta property=\"og:site_name\" content=\"\u0160koda We Love Cycling\" \/>\n<meta property=\"article:published_time\" content=\"2025-04-17T07:34:44+00:00\" \/>\n<meta property=\"article:modified_time\" content=\"2025-04-17T07:50:16+00:00\" \/>\n<meta property=\"og:image\" content=\"https:\/\/d2p6e6u75xmxt8.cloudfront.net\/2\/2025\/04\/Gaspi-Cape-Verde-1.webp\" \/>\n\t<meta property=\"og:image:width\" content=\"990\" \/>\n\t<meta property=\"og:image:height\" content=\"660\" \/>\n\t<meta property=\"og:image:type\" content=\"image\/webp\" \/>\n<meta name=\"author\" content=\"tereza\" \/>\n<meta name=\"twitter:card\" content=\"summary_large_image\" \/>\n<meta name=\"twitter:label1\" content=\"Written by\" \/>\n\t<meta name=\"twitter:data1\" content=\"Adam Marsal\" \/>\n\t<meta name=\"twitter:label2\" content=\"Est. reading time\" \/>\n\t<meta name=\"twitter:data2\" content=\"3\" \/>\n<script type=\"application\/ld+json\" class=\"yoast-schema-graph\">{\"@context\":\"https:\/\/schema.org\",\"@graph\":[{\"@type\":\"WebPage\",\"@id\":\"https:\/\/www.welovecycling.com\/wide\/2025\/04\/17\/an-e-bike-mission-to-the-volcanic-top-of-cape-verde\/\",\"url\":\"https:\/\/www.welovecycling.com\/wide\/2025\/04\/17\/an-e-bike-mission-to-the-volcanic-top-of-cape-verde\/\",\"name\":\"An E-Bike Mission to the Volcanic Top of Cape Verde\",\"isPartOf\":{\"@id\":\"https:\/\/www.welovecycling.com\/wide\/#website\"},\"primaryImageOfPage\":{\"@id\":\"https:\/\/www.welovecycling.com\/wide\/2025\/04\/17\/an-e-bike-mission-to-the-volcanic-top-of-cape-verde\/#primaryimage\"},\"image\":{\"@id\":\"https:\/\/www.welovecycling.com\/wide\/2025\/04\/17\/an-e-bike-mission-to-the-volcanic-top-of-cape-verde\/#primaryimage\"},\"thumbnailUrl\":\"https:\/\/d2p6e6u75xmxt8.cloudfront.net\/2\/2025\/04\/Gaspi-Cape-Verde-1.webp\",\"datePublished\":\"2025-04-17T07:34:44+00:00\",\"dateModified\":\"2025-04-17T07:50:16+00:00\",\"author\":{\"@id\":\"https:\/\/www.welovecycling.com\/wide\/#\/schema\/person\/50f01ecd18718d2333cf72e823c4f926\"},\"description\":\"Prague-based biker Richard \\\"Gaspi\\\" Gasperotti has ridden his bike up active volcanoes before\u2014six of them, to be exact. But climbing Pico do Fogo (2,829\",\"breadcrumb\":{\"@id\":\"https:\/\/www.welovecycling.com\/wide\/2025\/04\/17\/an-e-bike-mission-to-the-volcanic-top-of-cape-verde\/#breadcrumb\"},\"inLanguage\":\"en-US\",\"potentialAction\":[{\"@type\":\"ReadAction\",\"target\":[\"https:\/\/www.welovecycling.com\/wide\/2025\/04\/17\/an-e-bike-mission-to-the-volcanic-top-of-cape-verde\/\"]}]},{\"@type\":\"ImageObject\",\"inLanguage\":\"en-US\",\"@id\":\"https:\/\/www.welovecycling.com\/wide\/2025\/04\/17\/an-e-bike-mission-to-the-volcanic-top-of-cape-verde\/#primaryimage\",\"url\":\"https:\/\/d2p6e6u75xmxt8.cloudfront.net\/2\/2025\/04\/Gaspi-Cape-Verde-1.webp\",\"contentUrl\":\"https:\/\/d2p6e6u75xmxt8.cloudfront.net\/2\/2025\/04\/Gaspi-Cape-Verde-1.webp\",\"width\":990,\"height\":660,\"caption\":\"Cape Verde\"},{\"@type\":\"BreadcrumbList\",\"@id\":\"https:\/\/www.welovecycling.com\/wide\/2025\/04\/17\/an-e-bike-mission-to-the-volcanic-top-of-cape-verde\/#breadcrumb\",\"itemListElement\":[{\"@type\":\"ListItem\",\"position\":1,\"name\":\"Home\",\"item\":\"https:\/\/www.welovecycling.com\/wide\/\"},{\"@type\":\"ListItem\",\"position\":2,\"name\":\"Challenging Fire Mountain: An E-Bike Mission to the Volcanic Top of Cape Verde\"}]},{\"@type\":\"WebSite\",\"@id\":\"https:\/\/www.welovecycling.com\/wide\/#website\",\"url\":\"https:\/\/www.welovecycling.com\/wide\/\",\"name\":\"\u0160koda We Love Cycling\",\"description\":\"\u0160koda We Love Cycling magazine\",\"alternateName\":\"\u0160koda WLC\",\"potentialAction\":[{\"@type\":\"SearchAction\",\"target\":{\"@type\":\"EntryPoint\",\"urlTemplate\":\"https:\/\/www.welovecycling.com\/wide\/?s={search_term_string}\"},\"query-input\":{\"@type\":\"PropertyValueSpecification\",\"valueRequired\":true,\"valueName\":\"search_term_string\"}}],\"inLanguage\":\"en-US\"},{\"@type\":\"Person\",\"@id\":\"https:\/\/www.welovecycling.com\/wide\/#\/schema\/person\/50f01ecd18718d2333cf72e823c4f926\",\"name\":\"tereza\",\"image\":{\"@type\":\"ImageObject\",\"inLanguage\":\"en-US\",\"@id\":\"https:\/\/www.welovecycling.com\/wide\/#\/schema\/person\/image\/\",\"url\":\"https:\/\/secure.gravatar.com\/avatar\/1f9eb71be33845f0afabce3791bc1c58ecdb0a25c62964987e5dbcf7a20d2ec7?s=96&d=mm&r=g\",\"contentUrl\":\"https:\/\/secure.gravatar.com\/avatar\/1f9eb71be33845f0afabce3791bc1c58ecdb0a25c62964987e5dbcf7a20d2ec7?s=96&d=mm&r=g\",\"caption\":\"tereza\"},\"url\":\"https:\/\/www.welovecycling.com\/wide\/author\/tereza\/\"}]}<\/script>\n<!-- \/ Yoast SEO Premium plugin. -->","yoast_head_json":{"title":"An E-Bike Mission to the Volcanic Top of Cape Verde","description":"Prague-based biker Richard \"Gaspi\" Gasperotti has ridden his bike up active volcanoes before\u2014six of them, to be exact. But climbing Pico do Fogo (2,829","robots":{"index":"index","follow":"follow","max-snippet":"max-snippet:-1","max-image-preview":"max-image-preview:large","max-video-preview":"max-video-preview:-1"},"canonical":"https:\/\/www.welovecycling.com\/wide\/2025\/04\/17\/an-e-bike-mission-to-the-volcanic-top-of-cape-verde\/","og_locale":"en_US","og_type":"article","og_title":"Challenging Fire Mountain: An E-Bike Mission to the Volcanic Top of Cape Verde","og_description":"Prague-based biker Richard \"Gaspi\" Gasperotti has ridden his bike up active volcanoes before\u2014six of them, to be exact. But climbing Pico do Fogo (2,829","og_url":"https:\/\/www.welovecycling.com\/wide\/2025\/04\/17\/an-e-bike-mission-to-the-volcanic-top-of-cape-verde\/","og_site_name":"\u0160koda We Love Cycling","article_published_time":"2025-04-17T07:34:44+00:00","article_modified_time":"2025-04-17T07:50:16+00:00","og_image":[{"width":990,"height":660,"url":"https:\/\/d2p6e6u75xmxt8.cloudfront.net\/2\/2025\/04\/Gaspi-Cape-Verde-1.webp","type":"image\/webp"}],"author":"tereza","twitter_card":"summary_large_image","twitter_misc":{"Written by":"Adam Marsal","Est. reading time":"3"},"schema":{"@context":"https:\/\/schema.org","@graph":[{"@type":"WebPage","@id":"https:\/\/www.welovecycling.com\/wide\/2025\/04\/17\/an-e-bike-mission-to-the-volcanic-top-of-cape-verde\/","url":"https:\/\/www.welovecycling.com\/wide\/2025\/04\/17\/an-e-bike-mission-to-the-volcanic-top-of-cape-verde\/","name":"An E-Bike Mission to the Volcanic Top of Cape Verde","isPartOf":{"@id":"https:\/\/www.welovecycling.com\/wide\/#website"},"primaryImageOfPage":{"@id":"https:\/\/www.welovecycling.com\/wide\/2025\/04\/17\/an-e-bike-mission-to-the-volcanic-top-of-cape-verde\/#primaryimage"},"image":{"@id":"https:\/\/www.welovecycling.com\/wide\/2025\/04\/17\/an-e-bike-mission-to-the-volcanic-top-of-cape-verde\/#primaryimage"},"thumbnailUrl":"https:\/\/d2p6e6u75xmxt8.cloudfront.net\/2\/2025\/04\/Gaspi-Cape-Verde-1.webp","datePublished":"2025-04-17T07:34:44+00:00","dateModified":"2025-04-17T07:50:16+00:00","author":{"@id":"https:\/\/www.welovecycling.com\/wide\/#\/schema\/person\/50f01ecd18718d2333cf72e823c4f926"},"description":"Prague-based biker Richard \"Gaspi\" Gasperotti has ridden his bike up active volcanoes before\u2014six of them, to be exact. But climbing Pico do Fogo (2,829","breadcrumb":{"@id":"https:\/\/www.welovecycling.com\/wide\/2025\/04\/17\/an-e-bike-mission-to-the-volcanic-top-of-cape-verde\/#breadcrumb"},"inLanguage":"en-US","potentialAction":[{"@type":"ReadAction","target":["https:\/\/www.welovecycling.com\/wide\/2025\/04\/17\/an-e-bike-mission-to-the-volcanic-top-of-cape-verde\/"]}]},{"@type":"ImageObject","inLanguage":"en-US","@id":"https:\/\/www.welovecycling.com\/wide\/2025\/04\/17\/an-e-bike-mission-to-the-volcanic-top-of-cape-verde\/#primaryimage","url":"https:\/\/d2p6e6u75xmxt8.cloudfront.net\/2\/2025\/04\/Gaspi-Cape-Verde-1.webp","contentUrl":"https:\/\/d2p6e6u75xmxt8.cloudfront.net\/2\/2025\/04\/Gaspi-Cape-Verde-1.webp","width":990,"height":660,"caption":"Cape Verde"},{"@type":"BreadcrumbList","@id":"https:\/\/www.welovecycling.com\/wide\/2025\/04\/17\/an-e-bike-mission-to-the-volcanic-top-of-cape-verde\/#breadcrumb","itemListElement":[{"@type":"ListItem","position":1,"name":"Home","item":"https:\/\/www.welovecycling.com\/wide\/"},{"@type":"ListItem","position":2,"name":"Challenging Fire Mountain: An E-Bike Mission to the Volcanic Top of Cape Verde"}]},{"@type":"WebSite","@id":"https:\/\/www.welovecycling.com\/wide\/#website","url":"https:\/\/www.welovecycling.com\/wide\/","name":"\u0160koda We Love Cycling","description":"\u0160koda We Love Cycling magazine","alternateName":"\u0160koda WLC","potentialAction":[{"@type":"SearchAction","target":{"@type":"EntryPoint","urlTemplate":"https:\/\/www.welovecycling.com\/wide\/?s={search_term_string}"},"query-input":{"@type":"PropertyValueSpecification","valueRequired":true,"valueName":"search_term_string"}}],"inLanguage":"en-US"},{"@type":"Person","@id":"https:\/\/www.welovecycling.com\/wide\/#\/schema\/person\/50f01ecd18718d2333cf72e823c4f926","name":"tereza","image":{"@type":"ImageObject","inLanguage":"en-US","@id":"https:\/\/www.welovecycling.com\/wide\/#\/schema\/person\/image\/","url":"https:\/\/secure.gravatar.com\/avatar\/1f9eb71be33845f0afabce3791bc1c58ecdb0a25c62964987e5dbcf7a20d2ec7?s=96&d=mm&r=g","contentUrl":"https:\/\/secure.gravatar.com\/avatar\/1f9eb71be33845f0afabce3791bc1c58ecdb0a25c62964987e5dbcf7a20d2ec7?s=96&d=mm&r=g","caption":"tereza"},"url":"https:\/\/www.welovecycling.com\/wide\/author\/tereza\/"}]}},"_links":{"self":[{"href":"https:\/\/www.welovecycling.com\/wide\/wp-json\/wp\/v2\/posts\/198402","targetHints":{"allow":["GET"]}}],"collection":[{"href":"https:\/\/www.welovecycling.com\/wide\/wp-json\/wp\/v2\/posts"}],"about":[{"href":"https:\/\/www.welovecycling.com\/wide\/wp-json\/wp\/v2\/types\/post"}],"author":[{"embeddable":true,"href":"https:\/\/www.welovecycling.com\/wide\/wp-json\/wp\/v2\/users\/99"}],"replies":[{"embeddable":true,"href":"https:\/\/www.welovecycling.com\/wide\/wp-json\/wp\/v2\/comments?post=198402"}],"version-history":[{"count":3,"href":"https:\/\/www.welovecycling.com\/wide\/wp-json\/wp\/v2\/posts\/198402\/revisions"}],"predecessor-version":[{"id":198409,"href":"https:\/\/www.welovecycling.com\/wide\/wp-json\/wp\/v2\/posts\/198402\/revisions\/198409"}],"wp:featuredmedia":[{"embeddable":true,"href":"https:\/\/www.welovecycling.com\/wide\/wp-json\/wp\/v2\/media\/198403"}],"wp:attachment":[{"href":"https:\/\/www.welovecycling.com\/wide\/wp-json\/wp\/v2\/media?parent=198402"}],"wp:term":[{"taxonomy":"category","embeddable":true,"href":"https:\/\/www.welovecycling.com\/wide\/wp-json\/wp\/v2\/categories?post=198402"},{"taxonomy":"post_tag","embeddable":true,"href":"https:\/\/www.welovecycling.com\/wide\/wp-json\/wp\/v2\/tags?post=198402"},{"taxonomy":"global-categories","embeddable":true,"href":"https:\/\/www.welovecycling.com\/wide\/wp-json\/wp\/v2\/global-categories?post=198402"}],"curies":[{"name":"wp","href":"https:\/\/api.w.org\/{rel}","templated":true}]}}