{"id":198221,"date":"2025-03-24T09:59:25","date_gmt":"2025-03-24T09:59:25","guid":{"rendered":"https:\/\/www.welovecycling.com\/wide\/?p=198221"},"modified":"2025-03-24T09:59:25","modified_gmt":"2025-03-24T09:59:25","slug":"lorena-wiebes-sprints-to-victory-in-thrilling-2025-san-remo-women-finale","status":"publish","type":"post","link":"https:\/\/www.welovecycling.com\/wide\/2025\/03\/24\/lorena-wiebes-sprints-to-victory-in-thrilling-2025-san-remo-women-finale\/","title":{"rendered":"Lorena Wiebes Sprints to Victory in Thrilling 2025 San Remo Women Finale"},"content":{"rendered":"<p><strong>Lorena Wiebes (Team SD Worx Protime) claimed a dramatic victory at the 2025 edition of San Remo Women, outpacing the legendary Marianne Vos (Visma | Lease a Bike) in a breathless sprint on the Via Roma. The race\u2019s return to the calendar brought the fireworks it promised, with Wiebes delivering a clinical finish after a perfectly executed team effort.<\/strong><\/p>\n<p><!--more--><\/p>\n<p>The 156km race unfolded on a classic San Remo script\u2014tension mounting through the coastal climbs, culminating in the dramatic Poggio descent and a nail-biting dash to the line. With 250 metres to go, all eyes were on <a href=\"https:\/\/www.welovecycling.com\/wide\/2024\/09\/26\/get-to-know-the-womens-peloton-elisa-longo-borghini\/\" target=\"_blank\" rel=\"noopener\">Elisa Longo Borghini<\/a> (UAE Team ADQ), who had launched a daring solo attack off the Poggio, carving out what looked like a race-winning lead. But Wiebes&#8217; teammate, world champion Lotte Kopecky, had other plans.<\/p>\n<p>After being distanced on the final climb, Kopecky stormed back, rejoining the lead group and driving the chase in a selfless show of strength and strategy. Her work proved decisive, catching Longo Borghini just before the finish.<\/p>\n<p>Vos was first to launch her sprint, hugging the left-hand barrier, but Wiebes, poised and patient, accelerated on the opposite side, powering past her compatriot to take one of the most prestigious wins of her career. \u201cI\u2019m super grateful for what Lotte did in the final,\u201d said Wiebes post-race. \u201cI knew how strong she is, and she put me in the perfect position.\u201d<\/p>\n<blockquote class=\"instagram-media\" style=\"background: #FFF; border: 0; border-radius: 3px; box-shadow: 0 0 1px 0 rgba(0,0,0,0.5),0 1px 10px 0 rgba(0,0,0,0.15); margin: 1px; max-width: 540px; min-width: 326px; padding: 0; width: calc(100% - 2px);\" data-instgrm-captioned=\"\" data-instgrm-permalink=\"https:\/\/www.instagram.com\/reel\/DHg9SacMsM8\/?utm_source=ig_embed&amp;utm_campaign=loading\" data-instgrm-version=\"14\">\n<div style=\"padding: 16px;\">\n<p>&nbsp;<\/p>\n<div style=\"display: flex; flex-direction: row; align-items: center;\">\n<div style=\"background-color: #f4f4f4; border-radius: 50%; flex-grow: 0; height: 40px; margin-right: 14px; width: 40px;\"><\/div>\n<div style=\"display: flex; flex-direction: column; flex-grow: 1; justify-content: center;\">\n<div style=\"background-color: #f4f4f4; border-radius: 4px; flex-grow: 0; height: 14px; margin-bottom: 6px; width: 100px;\"><\/div>\n<div style=\"background-color: #f4f4f4; border-radius: 4px; flex-grow: 0; height: 14px; width: 60px;\"><\/div>\n<\/div>\n<\/div>\n<div style=\"padding: 19% 0;\"><\/div>\n<div style=\"display: block; height: 50px; margin: 0 auto 12px; width: 50px;\"><\/div>\n<div style=\"padding-top: 8px;\">\n<div style=\"color: #3897f0; font-family: Arial,sans-serif; font-size: 14px; font-style: normal; font-weight: 550; line-height: 18px;\">View this post on Instagram<\/div>\n<\/div>\n<div style=\"padding: 12.5% 0;\"><\/div>\n<div style=\"display: flex; flex-direction: row; margin-bottom: 14px; align-items: center;\">\n<div>\n<div style=\"background-color: #f4f4f4; border-radius: 50%; height: 12.5px; width: 12.5px; transform: translateX(0px) translateY(7px);\"><\/div>\n<div style=\"background-color: #f4f4f4; height: 12.5px; transform: rotate(-45deg) translateX(3px) translateY(1px); width: 12.5px; flex-grow: 0; margin-right: 14px; margin-left: 2px;\"><\/div>\n<div style=\"background-color: #f4f4f4; border-radius: 50%; height: 12.5px; width: 12.5px; transform: translateX(9px) translateY(-18px);\"><\/div>\n<\/div>\n<div style=\"margin-left: 8px;\">\n<div style=\"background-color: #f4f4f4; border-radius: 50%; flex-grow: 0; height: 20px; width: 20px;\"><\/div>\n<div style=\"width: 0; height: 0; border-top: 2px solid transparent; border-left: 6px solid #f4f4f4; border-bottom: 2px solid transparent; transform: translateX(16px) translateY(-4px) rotate(30deg);\"><\/div>\n<\/div>\n<div style=\"margin-left: auto;\">\n<div style=\"width: 0px; border-top: 8px solid #F4F4F4; border-right: 8px solid transparent; transform: translateY(16px);\"><\/div>\n<div style=\"background-color: #f4f4f4; flex-grow: 0; height: 12px; width: 16px; transform: translateY(-4px);\"><\/div>\n<div style=\"width: 0; height: 0; border-top: 8px solid #F4F4F4; border-left: 8px solid transparent; transform: translateY(-4px) translateX(8px);\"><\/div>\n<\/div>\n<\/div>\n<div style=\"display: flex; flex-direction: column; flex-grow: 1; justify-content: center; margin-bottom: 24px;\">\n<div style=\"background-color: #f4f4f4; border-radius: 4px; flex-grow: 0; height: 14px; margin-bottom: 6px; width: 224px;\"><\/div>\n<div style=\"background-color: #f4f4f4; border-radius: 4px; flex-grow: 0; height: 14px; width: 144px;\"><\/div>\n<\/div>\n<p>&nbsp;<\/p>\n<p style=\"color: #c9c8cd; font-family: Arial,sans-serif; font-size: 14px; line-height: 17px; margin-bottom: 0; margin-top: 8px; overflow: hidden; padding: 8px 0 7px; text-align: center; text-overflow: ellipsis; white-space: nowrap;\"><a style=\"color: #c9c8cd; font-family: Arial,sans-serif; font-size: 14px; font-style: normal; font-weight: normal; line-height: 17px; text-decoration: none;\" href=\"https:\/\/www.instagram.com\/reel\/DHg9SacMsM8\/?utm_source=ig_embed&amp;utm_campaign=loading\" target=\"_blank\" rel=\"noopener\">A post shared by Milano Sanremo (@milanosanremo_)<\/a><\/p>\n<\/div>\n<\/blockquote>\n<p><script async src=\"\/\/www.instagram.com\/embed.js\"><\/script><\/p>\n<p>Behind the Dutch duo, Noemi R\u00fcegg (EF Education-Oatly) surged to an impressive third, ahead of a packed elite group that included <a href=\"https:\/\/www.welovecycling.com\/wide\/2025\/01\/17\/inside-the-womens-peloton-pauline-ferrand-prevots-road-to-glory-continues\/\" target=\"_blank\" rel=\"noopener\">Pauline Ferrand-Pr\u00e9vot,<\/a> Demi Vollering, and Chloe Dygert.<\/p>\n<p>The race had been animated from the start by a determined solo break from Anne Knijnenburg (VolkerWessels Women\u2019s Pro Cycling Team), who spent over 70km off the front. Chasers Laura Tomasi and Virginia Bortoli attempted to join her, but the peloton\u2014nervous and aggressive\u2014kept a tight leash.<\/p>\n<p>The pace intensified as the race approached the trio of coastal capi. A crash on the approach to the Cipressa eliminated several contenders, but the main favourites remained in control. SD Worx was particularly prominent, with Erica Magnaldi setting tempo for Longo Borghini and Blanka Vas later guiding the team into position for the Poggio.<\/p>\n<p>Attacks flew in the final kilometres, with Vollering, Juliette Labous, Kasia Niewiadoma, and Kim Le Court all testing their legs, but none could break the resolve of the sprint-focused group. The race came down to timing, teamwork, and nerves\u2014three areas where Wiebes and SD Worx excelled.<\/p>\n<h4><strong>Top 10 Finish \u2013 Milan-San Remo Women 2025<\/strong><\/h4>\n<ol>\n<li>Lorena Wiebes (NED) \u2013 Team SD Worx-Protime \u2013 3:43:32<\/li>\n<li>Marianne Vos (NED) \u2013 Visma | Lease a Bike<\/li>\n<li>Noemi R\u00fcegg (SUI) \u2013 EF Education-Oatly<\/li>\n<li>Pauline Ferrand-Prevot (FRA) \u2013 Visma | Lease a Bike<\/li>\n<li>Demi Vollering (NED) \u2013 FDJ-Suez<\/li>\n<li>Kim Le Court (RSA) \u2013 AG Indurance-Soudal Team<\/li>\n<li>Chloe Dygert (USA) \u2013 Canyon\/\/SRAM zondacrypto<\/li>\n<li>Elisa Balsamo (ITA) \u2013 Lidl-Trek<\/li>\n<li>Juliette Labous (FRA) \u2013 FDJ-Suez<\/li>\n<li>Lotte Kopecky (BEL) \u2013 Team SD Worx-Protime<\/li>\n<\/ol>\n","protected":false},"excerpt":{"rendered":"<p>Lorena Wiebes (Team SD Worx Protime) claimed a dramatic victory at the 2025 edition of San Remo Women, outpacing the [&hellip;]<\/p>\n","protected":false},"author":99,"featured_media":198222,"comment_status":"closed","ping_status":"open","sticky":false,"template":"","format":"standard","meta":{"footnotes":""},"categories":[329],"tags":[8422,2711,3773,3136,2264],"global-categories":[3366],"class_list":["post-198221","post","type-post","status-publish","format-standard","has-post-thumbnail","hentry","category-road-cycling","tag-2025-milan-san-remo","tag-elisa-longo-borghini","tag-lorena-wiebes","tag-marianne-vos","tag-womens-cycling","global-categories-cycling"],"yoast_head":"<!-- This site is optimized with the Yoast SEO Premium plugin v25.3 (Yoast SEO v25.9) - https:\/\/yoast.com\/wordpress\/plugins\/seo\/ -->\n<title>Lorena Wiebes Sprints to Victory in Thrilling 2025 San Remo<\/title>\n<meta name=\"description\" content=\"Lorena Wiebes (Team SD Worx Protime) claimed a dramatic victory at the 2025 edition of San Remo Women, outpacing the legendary Marianne Vos (Visma | Lease\" \/>\n<meta name=\"robots\" content=\"index, follow, max-snippet:-1, max-image-preview:large, max-video-preview:-1\" \/>\n<link rel=\"canonical\" href=\"https:\/\/www.welovecycling.com\/wide\/2025\/03\/24\/lorena-wiebes-sprints-to-victory-in-thrilling-2025-san-remo-women-finale\/\" \/>\n<meta property=\"og:locale\" content=\"en_US\" \/>\n<meta property=\"og:type\" content=\"article\" \/>\n<meta property=\"og:title\" content=\"Lorena Wiebes Sprints to Victory in Thrilling 2025 San Remo Women Finale\" \/>\n<meta property=\"og:description\" content=\"Lorena Wiebes (Team SD Worx Protime) claimed a dramatic victory at the 2025 edition of San Remo Women, outpacing the legendary Marianne Vos (Visma | Lease\" \/>\n<meta property=\"og:url\" content=\"https:\/\/www.welovecycling.com\/wide\/2025\/03\/24\/lorena-wiebes-sprints-to-victory-in-thrilling-2025-san-remo-women-finale\/\" \/>\n<meta property=\"og:site_name\" content=\"\u0160koda We Love Cycling\" \/>\n<meta property=\"article:published_time\" content=\"2025-03-24T09:59:25+00:00\" \/>\n<meta property=\"og:image\" content=\"https:\/\/d2p6e6u75xmxt8.cloudfront.net\/2\/2025\/03\/Lorena-Wiebes-Milan-Sanremo-25-profimedia-0978164162-CVR.webp\" \/>\n\t<meta property=\"og:image:width\" content=\"990\" \/>\n\t<meta property=\"og:image:height\" content=\"660\" \/>\n\t<meta property=\"og:image:type\" content=\"image\/webp\" \/>\n<meta name=\"author\" content=\"tereza\" \/>\n<meta name=\"twitter:card\" content=\"summary_large_image\" \/>\n<meta name=\"twitter:label1\" content=\"Written by\" \/>\n\t<meta name=\"twitter:data1\" content=\"Monica Buck\" \/>\n\t<meta name=\"twitter:label2\" content=\"Est. reading time\" \/>\n\t<meta name=\"twitter:data2\" content=\"2\" \/>\n<script type=\"application\/ld+json\" class=\"yoast-schema-graph\">{\"@context\":\"https:\/\/schema.org\",\"@graph\":[{\"@type\":\"WebPage\",\"@id\":\"https:\/\/www.welovecycling.com\/wide\/2025\/03\/24\/lorena-wiebes-sprints-to-victory-in-thrilling-2025-san-remo-women-finale\/\",\"url\":\"https:\/\/www.welovecycling.com\/wide\/2025\/03\/24\/lorena-wiebes-sprints-to-victory-in-thrilling-2025-san-remo-women-finale\/\",\"name\":\"Lorena Wiebes Sprints to Victory in Thrilling 2025 San Remo\",\"isPartOf\":{\"@id\":\"https:\/\/www.welovecycling.com\/wide\/#website\"},\"primaryImageOfPage\":{\"@id\":\"https:\/\/www.welovecycling.com\/wide\/2025\/03\/24\/lorena-wiebes-sprints-to-victory-in-thrilling-2025-san-remo-women-finale\/#primaryimage\"},\"image\":{\"@id\":\"https:\/\/www.welovecycling.com\/wide\/2025\/03\/24\/lorena-wiebes-sprints-to-victory-in-thrilling-2025-san-remo-women-finale\/#primaryimage\"},\"thumbnailUrl\":\"https:\/\/d2p6e6u75xmxt8.cloudfront.net\/2\/2025\/03\/Lorena-Wiebes-Milan-Sanremo-25-profimedia-0978164162-CVR.webp\",\"datePublished\":\"2025-03-24T09:59:25+00:00\",\"author\":{\"@id\":\"https:\/\/www.welovecycling.com\/wide\/#\/schema\/person\/50f01ecd18718d2333cf72e823c4f926\"},\"description\":\"Lorena Wiebes (Team SD Worx Protime) claimed a dramatic victory at the 2025 edition of San Remo Women, outpacing the legendary Marianne Vos (Visma | Lease\",\"breadcrumb\":{\"@id\":\"https:\/\/www.welovecycling.com\/wide\/2025\/03\/24\/lorena-wiebes-sprints-to-victory-in-thrilling-2025-san-remo-women-finale\/#breadcrumb\"},\"inLanguage\":\"en-US\",\"potentialAction\":[{\"@type\":\"ReadAction\",\"target\":[\"https:\/\/www.welovecycling.com\/wide\/2025\/03\/24\/lorena-wiebes-sprints-to-victory-in-thrilling-2025-san-remo-women-finale\/\"]}]},{\"@type\":\"ImageObject\",\"inLanguage\":\"en-US\",\"@id\":\"https:\/\/www.welovecycling.com\/wide\/2025\/03\/24\/lorena-wiebes-sprints-to-victory-in-thrilling-2025-san-remo-women-finale\/#primaryimage\",\"url\":\"https:\/\/d2p6e6u75xmxt8.cloudfront.net\/2\/2025\/03\/Lorena-Wiebes-Milan-Sanremo-25-profimedia-0978164162-CVR.webp\",\"contentUrl\":\"https:\/\/d2p6e6u75xmxt8.cloudfront.net\/2\/2025\/03\/Lorena-Wiebes-Milan-Sanremo-25-profimedia-0978164162-CVR.webp\",\"width\":990,\"height\":660,\"caption\":\"Lorena Wiebes\"},{\"@type\":\"BreadcrumbList\",\"@id\":\"https:\/\/www.welovecycling.com\/wide\/2025\/03\/24\/lorena-wiebes-sprints-to-victory-in-thrilling-2025-san-remo-women-finale\/#breadcrumb\",\"itemListElement\":[{\"@type\":\"ListItem\",\"position\":1,\"name\":\"Home\",\"item\":\"https:\/\/www.welovecycling.com\/wide\/\"},{\"@type\":\"ListItem\",\"position\":2,\"name\":\"Lorena Wiebes Sprints to Victory in Thrilling 2025 San Remo Women Finale\"}]},{\"@type\":\"WebSite\",\"@id\":\"https:\/\/www.welovecycling.com\/wide\/#website\",\"url\":\"https:\/\/www.welovecycling.com\/wide\/\",\"name\":\"\u0160koda We Love Cycling\",\"description\":\"\u0160koda We Love Cycling magazine\",\"alternateName\":\"\u0160koda WLC\",\"potentialAction\":[{\"@type\":\"SearchAction\",\"target\":{\"@type\":\"EntryPoint\",\"urlTemplate\":\"https:\/\/www.welovecycling.com\/wide\/?s={search_term_string}\"},\"query-input\":{\"@type\":\"PropertyValueSpecification\",\"valueRequired\":true,\"valueName\":\"search_term_string\"}}],\"inLanguage\":\"en-US\"},{\"@type\":\"Person\",\"@id\":\"https:\/\/www.welovecycling.com\/wide\/#\/schema\/person\/50f01ecd18718d2333cf72e823c4f926\",\"name\":\"tereza\",\"image\":{\"@type\":\"ImageObject\",\"inLanguage\":\"en-US\",\"@id\":\"https:\/\/www.welovecycling.com\/wide\/#\/schema\/person\/image\/\",\"url\":\"https:\/\/secure.gravatar.com\/avatar\/1f9eb71be33845f0afabce3791bc1c58ecdb0a25c62964987e5dbcf7a20d2ec7?s=96&d=mm&r=g\",\"contentUrl\":\"https:\/\/secure.gravatar.com\/avatar\/1f9eb71be33845f0afabce3791bc1c58ecdb0a25c62964987e5dbcf7a20d2ec7?s=96&d=mm&r=g\",\"caption\":\"tereza\"},\"url\":\"https:\/\/www.welovecycling.com\/wide\/author\/tereza\/\"}]}<\/script>\n<!-- \/ Yoast SEO Premium plugin. -->","yoast_head_json":{"title":"Lorena Wiebes Sprints to Victory in Thrilling 2025 San Remo","description":"Lorena Wiebes (Team SD Worx Protime) claimed a dramatic victory at the 2025 edition of San Remo Women, outpacing the legendary Marianne Vos (Visma | Lease","robots":{"index":"index","follow":"follow","max-snippet":"max-snippet:-1","max-image-preview":"max-image-preview:large","max-video-preview":"max-video-preview:-1"},"canonical":"https:\/\/www.welovecycling.com\/wide\/2025\/03\/24\/lorena-wiebes-sprints-to-victory-in-thrilling-2025-san-remo-women-finale\/","og_locale":"en_US","og_type":"article","og_title":"Lorena Wiebes Sprints to Victory in Thrilling 2025 San Remo Women Finale","og_description":"Lorena Wiebes (Team SD Worx Protime) claimed a dramatic victory at the 2025 edition of San Remo Women, outpacing the legendary Marianne Vos (Visma | Lease","og_url":"https:\/\/www.welovecycling.com\/wide\/2025\/03\/24\/lorena-wiebes-sprints-to-victory-in-thrilling-2025-san-remo-women-finale\/","og_site_name":"\u0160koda We Love Cycling","article_published_time":"2025-03-24T09:59:25+00:00","og_image":[{"width":990,"height":660,"url":"https:\/\/d2p6e6u75xmxt8.cloudfront.net\/2\/2025\/03\/Lorena-Wiebes-Milan-Sanremo-25-profimedia-0978164162-CVR.webp","type":"image\/webp"}],"author":"tereza","twitter_card":"summary_large_image","twitter_misc":{"Written by":"Monica Buck","Est. reading time":"2"},"schema":{"@context":"https:\/\/schema.org","@graph":[{"@type":"WebPage","@id":"https:\/\/www.welovecycling.com\/wide\/2025\/03\/24\/lorena-wiebes-sprints-to-victory-in-thrilling-2025-san-remo-women-finale\/","url":"https:\/\/www.welovecycling.com\/wide\/2025\/03\/24\/lorena-wiebes-sprints-to-victory-in-thrilling-2025-san-remo-women-finale\/","name":"Lorena Wiebes Sprints to Victory in Thrilling 2025 San Remo","isPartOf":{"@id":"https:\/\/www.welovecycling.com\/wide\/#website"},"primaryImageOfPage":{"@id":"https:\/\/www.welovecycling.com\/wide\/2025\/03\/24\/lorena-wiebes-sprints-to-victory-in-thrilling-2025-san-remo-women-finale\/#primaryimage"},"image":{"@id":"https:\/\/www.welovecycling.com\/wide\/2025\/03\/24\/lorena-wiebes-sprints-to-victory-in-thrilling-2025-san-remo-women-finale\/#primaryimage"},"thumbnailUrl":"https:\/\/d2p6e6u75xmxt8.cloudfront.net\/2\/2025\/03\/Lorena-Wiebes-Milan-Sanremo-25-profimedia-0978164162-CVR.webp","datePublished":"2025-03-24T09:59:25+00:00","author":{"@id":"https:\/\/www.welovecycling.com\/wide\/#\/schema\/person\/50f01ecd18718d2333cf72e823c4f926"},"description":"Lorena Wiebes (Team SD Worx Protime) claimed a dramatic victory at the 2025 edition of San Remo Women, outpacing the legendary Marianne Vos (Visma | Lease","breadcrumb":{"@id":"https:\/\/www.welovecycling.com\/wide\/2025\/03\/24\/lorena-wiebes-sprints-to-victory-in-thrilling-2025-san-remo-women-finale\/#breadcrumb"},"inLanguage":"en-US","potentialAction":[{"@type":"ReadAction","target":["https:\/\/www.welovecycling.com\/wide\/2025\/03\/24\/lorena-wiebes-sprints-to-victory-in-thrilling-2025-san-remo-women-finale\/"]}]},{"@type":"ImageObject","inLanguage":"en-US","@id":"https:\/\/www.welovecycling.com\/wide\/2025\/03\/24\/lorena-wiebes-sprints-to-victory-in-thrilling-2025-san-remo-women-finale\/#primaryimage","url":"https:\/\/d2p6e6u75xmxt8.cloudfront.net\/2\/2025\/03\/Lorena-Wiebes-Milan-Sanremo-25-profimedia-0978164162-CVR.webp","contentUrl":"https:\/\/d2p6e6u75xmxt8.cloudfront.net\/2\/2025\/03\/Lorena-Wiebes-Milan-Sanremo-25-profimedia-0978164162-CVR.webp","width":990,"height":660,"caption":"Lorena Wiebes"},{"@type":"BreadcrumbList","@id":"https:\/\/www.welovecycling.com\/wide\/2025\/03\/24\/lorena-wiebes-sprints-to-victory-in-thrilling-2025-san-remo-women-finale\/#breadcrumb","itemListElement":[{"@type":"ListItem","position":1,"name":"Home","item":"https:\/\/www.welovecycling.com\/wide\/"},{"@type":"ListItem","position":2,"name":"Lorena Wiebes Sprints to Victory in Thrilling 2025 San Remo Women Finale"}]},{"@type":"WebSite","@id":"https:\/\/www.welovecycling.com\/wide\/#website","url":"https:\/\/www.welovecycling.com\/wide\/","name":"\u0160koda We Love Cycling","description":"\u0160koda We Love Cycling magazine","alternateName":"\u0160koda WLC","potentialAction":[{"@type":"SearchAction","target":{"@type":"EntryPoint","urlTemplate":"https:\/\/www.welovecycling.com\/wide\/?s={search_term_string}"},"query-input":{"@type":"PropertyValueSpecification","valueRequired":true,"valueName":"search_term_string"}}],"inLanguage":"en-US"},{"@type":"Person","@id":"https:\/\/www.welovecycling.com\/wide\/#\/schema\/person\/50f01ecd18718d2333cf72e823c4f926","name":"tereza","image":{"@type":"ImageObject","inLanguage":"en-US","@id":"https:\/\/www.welovecycling.com\/wide\/#\/schema\/person\/image\/","url":"https:\/\/secure.gravatar.com\/avatar\/1f9eb71be33845f0afabce3791bc1c58ecdb0a25c62964987e5dbcf7a20d2ec7?s=96&d=mm&r=g","contentUrl":"https:\/\/secure.gravatar.com\/avatar\/1f9eb71be33845f0afabce3791bc1c58ecdb0a25c62964987e5dbcf7a20d2ec7?s=96&d=mm&r=g","caption":"tereza"},"url":"https:\/\/www.welovecycling.com\/wide\/author\/tereza\/"}]}},"_links":{"self":[{"href":"https:\/\/www.welovecycling.com\/wide\/wp-json\/wp\/v2\/posts\/198221","targetHints":{"allow":["GET"]}}],"collection":[{"href":"https:\/\/www.welovecycling.com\/wide\/wp-json\/wp\/v2\/posts"}],"about":[{"href":"https:\/\/www.welovecycling.com\/wide\/wp-json\/wp\/v2\/types\/post"}],"author":[{"embeddable":true,"href":"https:\/\/www.welovecycling.com\/wide\/wp-json\/wp\/v2\/users\/99"}],"replies":[{"embeddable":true,"href":"https:\/\/www.welovecycling.com\/wide\/wp-json\/wp\/v2\/comments?post=198221"}],"version-history":[{"count":1,"href":"https:\/\/www.welovecycling.com\/wide\/wp-json\/wp\/v2\/posts\/198221\/revisions"}],"predecessor-version":[{"id":198223,"href":"https:\/\/www.welovecycling.com\/wide\/wp-json\/wp\/v2\/posts\/198221\/revisions\/198223"}],"wp:featuredmedia":[{"embeddable":true,"href":"https:\/\/www.welovecycling.com\/wide\/wp-json\/wp\/v2\/media\/198222"}],"wp:attachment":[{"href":"https:\/\/www.welovecycling.com\/wide\/wp-json\/wp\/v2\/media?parent=198221"}],"wp:term":[{"taxonomy":"category","embeddable":true,"href":"https:\/\/www.welovecycling.com\/wide\/wp-json\/wp\/v2\/categories?post=198221"},{"taxonomy":"post_tag","embeddable":true,"href":"https:\/\/www.welovecycling.com\/wide\/wp-json\/wp\/v2\/tags?post=198221"},{"taxonomy":"global-categories","embeddable":true,"href":"https:\/\/www.welovecycling.com\/wide\/wp-json\/wp\/v2\/global-categories?post=198221"}],"curies":[{"name":"wp","href":"https:\/\/api.w.org\/{rel}","templated":true}]}}