{"id":198218,"date":"2025-04-02T14:42:47","date_gmt":"2025-04-02T14:42:47","guid":{"rendered":"https:\/\/www.welovecycling.com\/wide\/?p=198218"},"modified":"2025-04-02T14:43:27","modified_gmt":"2025-04-02T14:43:27","slug":"capturing-the-beauty-of-sport-through-art","status":"publish","type":"post","link":"https:\/\/www.welovecycling.com\/wide\/2025\/04\/02\/capturing-the-beauty-of-sport-through-art\/","title":{"rendered":"Capturing the Beauty of Sport Through Art"},"content":{"rendered":"<p><strong>Jan Dvo\u0159\u00e1k, the co-founder of Sport in Art, has managed to turn a bold idea into a thriving international project, seamlessly blending the worlds of sports and art. <\/strong><strong><em>\u00a0<\/em><\/strong><!--more--><\/p>\n<p>Over the past four years, his initiative has been supporting artists inspired by various sports, including cycling. The project has already hosted exhibitions in prestigious galleries and even made its mark in Paris during last year\u2019s Olympic Games. But beyond being a visionary marketeer, Jan is also a passionate cyclist, spending nearly every day in the saddle.<\/p>\n<h2><strong>Turning passion into a global concept<\/strong><\/h2>\n<p>Some people dream big\u2014Jan Dvo\u0159\u00e1k makes it happen. His journey from an ambitious idea to a fully-fledged platform promoting sports-themed art took less than four years. Together with co-founders Marek Tesa\u0159 and Petr Le\u0161ek\u2014who also co-own the sports marketing agency Raul\u2014he set out to fill a global gap. \u201cBefore launching the project, we conducted research and realised that nothing like this existed anywhere in the world,\u201d Jan explains. Today, his team includes an editor-in-chief, a graphic designer, a gallerist, a curator, and a business manager.<\/p>\n<blockquote class=\"instagram-media\" style=\"background: #FFF; border: 0; border-radius: 3px; box-shadow: 0 0 1px 0 rgba(0,0,0,0.5),0 1px 10px 0 rgba(0,0,0,0.15); margin: 1px; max-width: 540px; min-width: 326px; padding: 0; width: calc(100% - 2px);\" data-instgrm-permalink=\"https:\/\/www.instagram.com\/p\/DH8l7ihvL_O\/?utm_source=ig_embed&amp;utm_campaign=loading\" data-instgrm-version=\"14\">\n<div style=\"padding: 16px;\">\n<p>&nbsp;<\/p>\n<div style=\"display: flex; flex-direction: row; align-items: center;\">\n<div style=\"background-color: #f4f4f4; border-radius: 50%; flex-grow: 0; height: 40px; margin-right: 14px; width: 40px;\"><\/div>\n<div style=\"display: flex; flex-direction: column; flex-grow: 1; justify-content: center;\">\n<div style=\"background-color: #f4f4f4; border-radius: 4px; flex-grow: 0; height: 14px; margin-bottom: 6px; width: 100px;\"><\/div>\n<div style=\"background-color: #f4f4f4; border-radius: 4px; flex-grow: 0; height: 14px; width: 60px;\"><\/div>\n<\/div>\n<\/div>\n<div style=\"padding: 19% 0;\"><\/div>\n<div style=\"display: block; height: 50px; margin: 0 auto 12px; width: 50px;\"><\/div>\n<div style=\"padding-top: 8px;\">\n<div style=\"color: #3897f0; font-family: Arial,sans-serif; font-size: 14px; font-style: normal; font-weight: 550; line-height: 18px;\">Zobrazit p\u0159\u00edsp\u011bvek na Instagramu<\/div>\n<\/div>\n<div style=\"padding: 12.5% 0;\"><\/div>\n<div style=\"display: flex; flex-direction: row; margin-bottom: 14px; align-items: center;\">\n<div>\n<div style=\"background-color: #f4f4f4; border-radius: 50%; height: 12.5px; width: 12.5px; transform: translateX(0px) translateY(7px);\"><\/div>\n<div style=\"background-color: #f4f4f4; height: 12.5px; transform: rotate(-45deg) translateX(3px) translateY(1px); width: 12.5px; flex-grow: 0; margin-right: 14px; margin-left: 2px;\"><\/div>\n<div style=\"background-color: #f4f4f4; border-radius: 50%; height: 12.5px; width: 12.5px; transform: translateX(9px) translateY(-18px);\"><\/div>\n<\/div>\n<div style=\"margin-left: 8px;\">\n<div style=\"background-color: #f4f4f4; border-radius: 50%; flex-grow: 0; height: 20px; width: 20px;\"><\/div>\n<div style=\"width: 0; height: 0; border-top: 2px solid transparent; border-left: 6px solid #f4f4f4; border-bottom: 2px solid transparent; transform: translateX(16px) translateY(-4px) rotate(30deg);\"><\/div>\n<\/div>\n<div style=\"margin-left: auto;\">\n<div style=\"width: 0px; border-top: 8px solid #F4F4F4; border-right: 8px solid transparent; transform: translateY(16px);\"><\/div>\n<div style=\"background-color: #f4f4f4; flex-grow: 0; height: 12px; width: 16px; transform: translateY(-4px);\"><\/div>\n<div style=\"width: 0; height: 0; border-top: 8px solid #F4F4F4; border-left: 8px solid transparent; transform: translateY(-4px) translateX(8px);\"><\/div>\n<\/div>\n<\/div>\n<div style=\"display: flex; flex-direction: column; flex-grow: 1; justify-content: center; margin-bottom: 24px;\">\n<div style=\"background-color: #f4f4f4; border-radius: 4px; flex-grow: 0; height: 14px; margin-bottom: 6px; width: 224px;\"><\/div>\n<div style=\"background-color: #f4f4f4; border-radius: 4px; flex-grow: 0; height: 14px; width: 144px;\"><\/div>\n<\/div>\n<p>&nbsp;<\/p>\n<p style=\"color: #c9c8cd; font-family: Arial,sans-serif; font-size: 14px; line-height: 17px; margin-bottom: 0; margin-top: 8px; overflow: hidden; padding: 8px 0 7px; text-align: center; text-overflow: ellipsis; white-space: nowrap;\"><a style=\"color: #c9c8cd; font-family: Arial,sans-serif; font-size: 14px; font-style: normal; font-weight: normal; line-height: 17px; text-decoration: none;\" href=\"https:\/\/www.instagram.com\/p\/DH8l7ihvL_O\/?utm_source=ig_embed&amp;utm_campaign=loading\" target=\"_blank\" rel=\"noopener\">P\u0159\u00edsp\u011bvek sd\u00edlen\u00fd Sport in Art (@sportinart)<\/a><\/p>\n<\/div>\n<\/blockquote>\n<p><script async src=\"\/\/www.instagram.com\/embed.js\"><\/script><\/p>\n<h2><strong>Bringing sports-themed art to the world<\/strong><\/h2>\n<p>At its core, <a href=\"https:\/\/www.sportin.art\/en\/homepage\">Sport in Art<\/a> discovers and showcases sports-inspired artworks, exhibiting them both at major sporting events and in elite galleries. Beyond exhibitions, the initiative also runs a curated online art gallery, where sports-themed pieces are available for purchase. Another crucial aspect of their work is the Grand Slam Nominations, recognising outstanding contributions to the fusion of art and sports, as well as the Open Call project, which supports emerging artists by giving them a chance to showcase their work alongside renowned names.<\/p>\n<p>Two major milestones have shaped the project\u2019s journey so far: an art exhibition during the World Rowing Championships and a showcase at the Paris Olympics. Additionally, last year saw two widely successful exhibitions in the Czech Republic: &#8220;Get on Ice&#8221;\u2014dedicated to ice skating and hockey\u2014hosted at the National Gallery Prague, and &#8220;J\u00edzda&#8221; (The Ride)\u2014celebrating cycling\u2014staged at EPO1 contemporary art gallery. Combined, these exhibitions attracted over 10,000 visitors, including notable figures such as former New Jersey Devils forward Patrik Eli\u00e1\u0161 and former pro cyclist Roman Kreuziger.<\/p>\n<p>Sport in Art also runs an editorial platform with a dedicated team based in London. In its home country, the project publishes an award-winning print magazine four times a year\u2014a 140-page high-quality journal that recently won the prestigious Red Dot Award in Berlin.<\/p>\n<blockquote class=\"instagram-media\" style=\"background: #FFF; border: 0; border-radius: 3px; box-shadow: 0 0 1px 0 rgba(0,0,0,0.5),0 1px 10px 0 rgba(0,0,0,0.15); margin: 1px; max-width: 540px; min-width: 326px; padding: 0; width: calc(100% - 2px);\" data-instgrm-captioned=\"\" data-instgrm-permalink=\"https:\/\/www.instagram.com\/p\/DDUzHIqIo_S\/?utm_source=ig_embed&amp;utm_campaign=loading\" data-instgrm-version=\"14\">\n<div style=\"padding: 16px;\">\n<p>&nbsp;<\/p>\n<div style=\"display: flex; flex-direction: row; align-items: center;\">\n<div style=\"background-color: #f4f4f4; border-radius: 50%; flex-grow: 0; height: 40px; margin-right: 14px; width: 40px;\"><\/div>\n<div style=\"display: flex; flex-direction: column; flex-grow: 1; justify-content: center;\">\n<div style=\"background-color: #f4f4f4; border-radius: 4px; flex-grow: 0; height: 14px; margin-bottom: 6px; width: 100px;\"><\/div>\n<div style=\"background-color: #f4f4f4; border-radius: 4px; flex-grow: 0; height: 14px; width: 60px;\"><\/div>\n<\/div>\n<\/div>\n<div style=\"padding: 19% 0;\"><\/div>\n<div style=\"display: block; height: 50px; margin: 0 auto 12px; width: 50px;\"><\/div>\n<div style=\"padding-top: 8px;\">\n<div style=\"color: #3897f0; font-family: Arial,sans-serif; font-size: 14px; font-style: normal; font-weight: 550; line-height: 18px;\">Zobrazit p\u0159\u00edsp\u011bvek na Instagramu<\/div>\n<\/div>\n<div style=\"padding: 12.5% 0;\"><\/div>\n<div style=\"display: flex; flex-direction: row; margin-bottom: 14px; align-items: center;\">\n<div>\n<div style=\"background-color: #f4f4f4; border-radius: 50%; height: 12.5px; width: 12.5px; transform: translateX(0px) translateY(7px);\"><\/div>\n<div style=\"background-color: #f4f4f4; height: 12.5px; transform: rotate(-45deg) translateX(3px) translateY(1px); width: 12.5px; flex-grow: 0; margin-right: 14px; margin-left: 2px;\"><\/div>\n<div style=\"background-color: #f4f4f4; border-radius: 50%; height: 12.5px; width: 12.5px; transform: translateX(9px) translateY(-18px);\"><\/div>\n<\/div>\n<div style=\"margin-left: 8px;\">\n<div style=\"background-color: #f4f4f4; border-radius: 50%; flex-grow: 0; height: 20px; width: 20px;\"><\/div>\n<div style=\"width: 0; height: 0; border-top: 2px solid transparent; border-left: 6px solid #f4f4f4; border-bottom: 2px solid transparent; transform: translateX(16px) translateY(-4px) rotate(30deg);\"><\/div>\n<\/div>\n<div style=\"margin-left: auto;\">\n<div style=\"width: 0px; border-top: 8px solid #F4F4F4; border-right: 8px solid transparent; transform: translateY(16px);\"><\/div>\n<div style=\"background-color: #f4f4f4; flex-grow: 0; height: 12px; width: 16px; transform: translateY(-4px);\"><\/div>\n<div style=\"width: 0; height: 0; border-top: 8px solid #F4F4F4; border-left: 8px solid transparent; transform: translateY(-4px) translateX(8px);\"><\/div>\n<\/div>\n<\/div>\n<div style=\"display: flex; flex-direction: column; flex-grow: 1; justify-content: center; margin-bottom: 24px;\">\n<div style=\"background-color: #f4f4f4; border-radius: 4px; flex-grow: 0; height: 14px; margin-bottom: 6px; width: 224px;\"><\/div>\n<div style=\"background-color: #f4f4f4; border-radius: 4px; flex-grow: 0; height: 14px; width: 144px;\"><\/div>\n<\/div>\n<p>&nbsp;<\/p>\n<p style=\"color: #c9c8cd; font-family: Arial,sans-serif; font-size: 14px; line-height: 17px; margin-bottom: 0; margin-top: 8px; overflow: hidden; padding: 8px 0 7px; text-align: center; text-overflow: ellipsis; white-space: nowrap;\"><a style=\"color: #c9c8cd; font-family: Arial,sans-serif; font-size: 14px; font-style: normal; font-weight: normal; line-height: 17px; text-decoration: none;\" href=\"https:\/\/www.instagram.com\/p\/DDUzHIqIo_S\/?utm_source=ig_embed&amp;utm_campaign=loading\" target=\"_blank\" rel=\"noopener\">P\u0159\u00edsp\u011bvek sd\u00edlen\u00fd Sport in Art (@sportinart)<\/a><\/p>\n<\/div>\n<\/blockquote>\n<p><script async src=\"\/\/www.instagram.com\/embed.js\"><\/script><\/p>\n<h2><strong>From sports marketing to art curation<\/strong><\/h2>\n<p>Recently, Jan and his team opened a photography gallery in one of Prague\u2019s most exclusive locations, featuring winning images from the World Sports Photography Awards. With a background in sports marketing, Jan has held management roles in major international agencies, and has organised sporting events like the RunTour running series and Masiv, a multi-stage cycling race where riders travelled between stages via sleeper train.<\/p>\n<p>But above all, cycling is his true passion. He spends over 300 days a year on his bike, claiming, \u201cI probably ride more than I walk.\u201d While he trains systematically for races, he often rides just for the joy of it. In winter, he keeps fit using the Zwift platform with a high-quality Tacx trainer.<\/p>\n<p>Jan\u2019s bike collection is equally impressive. He rides a Santa Cruz Hightower for bike parks and trails, an Orbea Oiz for long cross-country rides, and a Specialized Tarmac S-Works for racing. For commuting and casual rides, he prefers his Cannondale Topstone.<\/p>\n<h2><strong>A journey from triathlon to cycling<\/strong><\/h2>\n<p>Although Jan has been cycling since childhood, his path to competitive cycling started through triathlon. \u201cI first got into triathlon as a marketeer. I spent years working in advertising and branding. I was fascinated by the Ironman brand and one day, I realised I shouldn\u2019t wear an Ironman t-shirt if I hadn\u2019t actually done one! That\u2019s just not right!\u201d he laughs. One thing led to another, and soon enough, he was fully immersed in the sport. When it comes to cycling destinations, his top picks include Mallorca for road cycling and <a href=\"https:\/\/www.welovecycling.com\/wide\/2021\/12\/02\/a-bikers-paradise-shredding-the-solden-trails-with-the-skoda-kodiaq\/\" target=\"_blank\" rel=\"noopener\">Bike Republic S\u00f6lden<\/a> for mountain biking.<\/p>\n<h2><strong>Cycling as freedom<\/strong><\/h2>\n<p>Asked what cycling gives him, Jan doesn\u2019t hesitate: \u201cFreedom and speed. Then come friendships and fun.\u201d The only downside? Sometimes, people who don\u2019t know him well are surprised when he shows up to a business meeting on a bike. \u201cIt\u2019s hard to hide a suit under a jersey,\u201d he jokes.<\/p>\n<h2><strong>Why sport in art?<\/strong><\/h2>\n<p>For Jan, the answer is simple: \u201cI love it.\u201d He had been collecting art long before founding Sport in Art, though not always sports-themed pieces. But since sports have always been a fundamental part of his life, it was a natural evolution to merge his two greatest passions into one project. And so far, he\u2019s proving that sports and art are a perfect match.<\/p>\n","protected":false},"excerpt":{"rendered":"<p>Jan Dvo\u0159\u00e1k, the co-founder of Sport in Art, has managed to turn a bold idea into a thriving international project, [&hellip;]<\/p>\n","protected":false},"author":99,"featured_media":198322,"comment_status":"closed","ping_status":"open","sticky":false,"template":"","format":"standard","meta":{"footnotes":""},"categories":[334],"tags":[725,8424,8445,8425],"global-categories":[3366],"class_list":["post-198218","post","type-post","status-publish","format-standard","has-post-thumbnail","hentry","category-socialising-and-culture","tag-bicycle-art","tag-bike-republic-solden","tag-sport-in-art","tag-sports-and-art","global-categories-cycling"],"yoast_head":"<!-- This site is optimized with the Yoast SEO Premium plugin v25.3 (Yoast SEO v25.9) - https:\/\/yoast.com\/wordpress\/plugins\/seo\/ -->\n<title>Capturing the Beauty of Sport Through Art - \u0160koda We Love Cycling<\/title>\n<meta name=\"description\" content=\"Jan Dvo\u0159\u00e1k, the co-founder of Sport in Art, has managed to turn a bold idea into a thriving international project, seamlessly blending the worlds of\" \/>\n<meta name=\"robots\" content=\"index, follow, max-snippet:-1, max-image-preview:large, max-video-preview:-1\" \/>\n<link rel=\"canonical\" href=\"https:\/\/www.welovecycling.com\/wide\/2025\/04\/02\/capturing-the-beauty-of-sport-through-art\/\" \/>\n<meta property=\"og:locale\" content=\"en_US\" \/>\n<meta property=\"og:type\" content=\"article\" \/>\n<meta property=\"og:title\" content=\"Capturing the Beauty of Sport Through Art\" \/>\n<meta property=\"og:description\" content=\"Jan Dvo\u0159\u00e1k, the co-founder of Sport in Art, has managed to turn a bold idea into a thriving international project, seamlessly blending the worlds of\" \/>\n<meta property=\"og:url\" content=\"https:\/\/www.welovecycling.com\/wide\/2025\/04\/02\/capturing-the-beauty-of-sport-through-art\/\" \/>\n<meta property=\"og:site_name\" content=\"\u0160koda We Love Cycling\" \/>\n<meta property=\"article:published_time\" content=\"2025-04-02T14:42:47+00:00\" \/>\n<meta property=\"article:modified_time\" content=\"2025-04-02T14:43:27+00:00\" \/>\n<meta property=\"og:image\" content=\"https:\/\/d2p6e6u75xmxt8.cloudfront.net\/2\/2025\/04\/Jan-Dvorak-Sports-in-Art-CVR.webp\" \/>\n\t<meta property=\"og:image:width\" content=\"990\" \/>\n\t<meta property=\"og:image:height\" content=\"660\" \/>\n\t<meta property=\"og:image:type\" content=\"image\/webp\" \/>\n<meta name=\"author\" content=\"tereza\" \/>\n<meta name=\"twitter:card\" content=\"summary_large_image\" \/>\n<meta name=\"twitter:label1\" content=\"Written by\" \/>\n\t<meta name=\"twitter:data1\" content=\"Adam Marsal\" \/>\n\t<meta name=\"twitter:label2\" content=\"Est. reading time\" \/>\n\t<meta name=\"twitter:data2\" content=\"3\" \/>\n<script type=\"application\/ld+json\" class=\"yoast-schema-graph\">{\"@context\":\"https:\/\/schema.org\",\"@graph\":[{\"@type\":\"WebPage\",\"@id\":\"https:\/\/www.welovecycling.com\/wide\/2025\/04\/02\/capturing-the-beauty-of-sport-through-art\/\",\"url\":\"https:\/\/www.welovecycling.com\/wide\/2025\/04\/02\/capturing-the-beauty-of-sport-through-art\/\",\"name\":\"Capturing the Beauty of Sport Through Art - \u0160koda We Love Cycling\",\"isPartOf\":{\"@id\":\"https:\/\/www.welovecycling.com\/wide\/#website\"},\"primaryImageOfPage\":{\"@id\":\"https:\/\/www.welovecycling.com\/wide\/2025\/04\/02\/capturing-the-beauty-of-sport-through-art\/#primaryimage\"},\"image\":{\"@id\":\"https:\/\/www.welovecycling.com\/wide\/2025\/04\/02\/capturing-the-beauty-of-sport-through-art\/#primaryimage\"},\"thumbnailUrl\":\"https:\/\/d2p6e6u75xmxt8.cloudfront.net\/2\/2025\/04\/Jan-Dvorak-Sports-in-Art-CVR.webp\",\"datePublished\":\"2025-04-02T14:42:47+00:00\",\"dateModified\":\"2025-04-02T14:43:27+00:00\",\"author\":{\"@id\":\"https:\/\/www.welovecycling.com\/wide\/#\/schema\/person\/50f01ecd18718d2333cf72e823c4f926\"},\"description\":\"Jan Dvo\u0159\u00e1k, the co-founder of Sport in Art, has managed to turn a bold idea into a thriving international project, seamlessly blending the worlds of\",\"breadcrumb\":{\"@id\":\"https:\/\/www.welovecycling.com\/wide\/2025\/04\/02\/capturing-the-beauty-of-sport-through-art\/#breadcrumb\"},\"inLanguage\":\"en-US\",\"potentialAction\":[{\"@type\":\"ReadAction\",\"target\":[\"https:\/\/www.welovecycling.com\/wide\/2025\/04\/02\/capturing-the-beauty-of-sport-through-art\/\"]}]},{\"@type\":\"ImageObject\",\"inLanguage\":\"en-US\",\"@id\":\"https:\/\/www.welovecycling.com\/wide\/2025\/04\/02\/capturing-the-beauty-of-sport-through-art\/#primaryimage\",\"url\":\"https:\/\/d2p6e6u75xmxt8.cloudfront.net\/2\/2025\/04\/Jan-Dvorak-Sports-in-Art-CVR.webp\",\"contentUrl\":\"https:\/\/d2p6e6u75xmxt8.cloudfront.net\/2\/2025\/04\/Jan-Dvorak-Sports-in-Art-CVR.webp\",\"width\":990,\"height\":660,\"caption\":\"Jan Dvo\u0159\u00e1k\"},{\"@type\":\"BreadcrumbList\",\"@id\":\"https:\/\/www.welovecycling.com\/wide\/2025\/04\/02\/capturing-the-beauty-of-sport-through-art\/#breadcrumb\",\"itemListElement\":[{\"@type\":\"ListItem\",\"position\":1,\"name\":\"Home\",\"item\":\"https:\/\/www.welovecycling.com\/wide\/\"},{\"@type\":\"ListItem\",\"position\":2,\"name\":\"Capturing the Beauty of Sport Through Art\"}]},{\"@type\":\"WebSite\",\"@id\":\"https:\/\/www.welovecycling.com\/wide\/#website\",\"url\":\"https:\/\/www.welovecycling.com\/wide\/\",\"name\":\"\u0160koda We Love Cycling\",\"description\":\"\u0160koda We Love Cycling magazine\",\"alternateName\":\"\u0160koda WLC\",\"potentialAction\":[{\"@type\":\"SearchAction\",\"target\":{\"@type\":\"EntryPoint\",\"urlTemplate\":\"https:\/\/www.welovecycling.com\/wide\/?s={search_term_string}\"},\"query-input\":{\"@type\":\"PropertyValueSpecification\",\"valueRequired\":true,\"valueName\":\"search_term_string\"}}],\"inLanguage\":\"en-US\"},{\"@type\":\"Person\",\"@id\":\"https:\/\/www.welovecycling.com\/wide\/#\/schema\/person\/50f01ecd18718d2333cf72e823c4f926\",\"name\":\"tereza\",\"image\":{\"@type\":\"ImageObject\",\"inLanguage\":\"en-US\",\"@id\":\"https:\/\/www.welovecycling.com\/wide\/#\/schema\/person\/image\/\",\"url\":\"https:\/\/secure.gravatar.com\/avatar\/1f9eb71be33845f0afabce3791bc1c58ecdb0a25c62964987e5dbcf7a20d2ec7?s=96&d=mm&r=g\",\"contentUrl\":\"https:\/\/secure.gravatar.com\/avatar\/1f9eb71be33845f0afabce3791bc1c58ecdb0a25c62964987e5dbcf7a20d2ec7?s=96&d=mm&r=g\",\"caption\":\"tereza\"},\"url\":\"https:\/\/www.welovecycling.com\/wide\/author\/tereza\/\"}]}<\/script>\n<!-- \/ Yoast SEO Premium plugin. -->","yoast_head_json":{"title":"Capturing the Beauty of Sport Through Art - \u0160koda We Love Cycling","description":"Jan Dvo\u0159\u00e1k, the co-founder of Sport in Art, has managed to turn a bold idea into a thriving international project, seamlessly blending the worlds of","robots":{"index":"index","follow":"follow","max-snippet":"max-snippet:-1","max-image-preview":"max-image-preview:large","max-video-preview":"max-video-preview:-1"},"canonical":"https:\/\/www.welovecycling.com\/wide\/2025\/04\/02\/capturing-the-beauty-of-sport-through-art\/","og_locale":"en_US","og_type":"article","og_title":"Capturing the Beauty of Sport Through Art","og_description":"Jan Dvo\u0159\u00e1k, the co-founder of Sport in Art, has managed to turn a bold idea into a thriving international project, seamlessly blending the worlds of","og_url":"https:\/\/www.welovecycling.com\/wide\/2025\/04\/02\/capturing-the-beauty-of-sport-through-art\/","og_site_name":"\u0160koda We Love Cycling","article_published_time":"2025-04-02T14:42:47+00:00","article_modified_time":"2025-04-02T14:43:27+00:00","og_image":[{"width":990,"height":660,"url":"https:\/\/d2p6e6u75xmxt8.cloudfront.net\/2\/2025\/04\/Jan-Dvorak-Sports-in-Art-CVR.webp","type":"image\/webp"}],"author":"tereza","twitter_card":"summary_large_image","twitter_misc":{"Written by":"Adam Marsal","Est. reading time":"3"},"schema":{"@context":"https:\/\/schema.org","@graph":[{"@type":"WebPage","@id":"https:\/\/www.welovecycling.com\/wide\/2025\/04\/02\/capturing-the-beauty-of-sport-through-art\/","url":"https:\/\/www.welovecycling.com\/wide\/2025\/04\/02\/capturing-the-beauty-of-sport-through-art\/","name":"Capturing the Beauty of Sport Through Art - \u0160koda We Love Cycling","isPartOf":{"@id":"https:\/\/www.welovecycling.com\/wide\/#website"},"primaryImageOfPage":{"@id":"https:\/\/www.welovecycling.com\/wide\/2025\/04\/02\/capturing-the-beauty-of-sport-through-art\/#primaryimage"},"image":{"@id":"https:\/\/www.welovecycling.com\/wide\/2025\/04\/02\/capturing-the-beauty-of-sport-through-art\/#primaryimage"},"thumbnailUrl":"https:\/\/d2p6e6u75xmxt8.cloudfront.net\/2\/2025\/04\/Jan-Dvorak-Sports-in-Art-CVR.webp","datePublished":"2025-04-02T14:42:47+00:00","dateModified":"2025-04-02T14:43:27+00:00","author":{"@id":"https:\/\/www.welovecycling.com\/wide\/#\/schema\/person\/50f01ecd18718d2333cf72e823c4f926"},"description":"Jan Dvo\u0159\u00e1k, the co-founder of Sport in Art, has managed to turn a bold idea into a thriving international project, seamlessly blending the worlds of","breadcrumb":{"@id":"https:\/\/www.welovecycling.com\/wide\/2025\/04\/02\/capturing-the-beauty-of-sport-through-art\/#breadcrumb"},"inLanguage":"en-US","potentialAction":[{"@type":"ReadAction","target":["https:\/\/www.welovecycling.com\/wide\/2025\/04\/02\/capturing-the-beauty-of-sport-through-art\/"]}]},{"@type":"ImageObject","inLanguage":"en-US","@id":"https:\/\/www.welovecycling.com\/wide\/2025\/04\/02\/capturing-the-beauty-of-sport-through-art\/#primaryimage","url":"https:\/\/d2p6e6u75xmxt8.cloudfront.net\/2\/2025\/04\/Jan-Dvorak-Sports-in-Art-CVR.webp","contentUrl":"https:\/\/d2p6e6u75xmxt8.cloudfront.net\/2\/2025\/04\/Jan-Dvorak-Sports-in-Art-CVR.webp","width":990,"height":660,"caption":"Jan Dvo\u0159\u00e1k"},{"@type":"BreadcrumbList","@id":"https:\/\/www.welovecycling.com\/wide\/2025\/04\/02\/capturing-the-beauty-of-sport-through-art\/#breadcrumb","itemListElement":[{"@type":"ListItem","position":1,"name":"Home","item":"https:\/\/www.welovecycling.com\/wide\/"},{"@type":"ListItem","position":2,"name":"Capturing the Beauty of Sport Through Art"}]},{"@type":"WebSite","@id":"https:\/\/www.welovecycling.com\/wide\/#website","url":"https:\/\/www.welovecycling.com\/wide\/","name":"\u0160koda We Love Cycling","description":"\u0160koda We Love Cycling magazine","alternateName":"\u0160koda WLC","potentialAction":[{"@type":"SearchAction","target":{"@type":"EntryPoint","urlTemplate":"https:\/\/www.welovecycling.com\/wide\/?s={search_term_string}"},"query-input":{"@type":"PropertyValueSpecification","valueRequired":true,"valueName":"search_term_string"}}],"inLanguage":"en-US"},{"@type":"Person","@id":"https:\/\/www.welovecycling.com\/wide\/#\/schema\/person\/50f01ecd18718d2333cf72e823c4f926","name":"tereza","image":{"@type":"ImageObject","inLanguage":"en-US","@id":"https:\/\/www.welovecycling.com\/wide\/#\/schema\/person\/image\/","url":"https:\/\/secure.gravatar.com\/avatar\/1f9eb71be33845f0afabce3791bc1c58ecdb0a25c62964987e5dbcf7a20d2ec7?s=96&d=mm&r=g","contentUrl":"https:\/\/secure.gravatar.com\/avatar\/1f9eb71be33845f0afabce3791bc1c58ecdb0a25c62964987e5dbcf7a20d2ec7?s=96&d=mm&r=g","caption":"tereza"},"url":"https:\/\/www.welovecycling.com\/wide\/author\/tereza\/"}]}},"_links":{"self":[{"href":"https:\/\/www.welovecycling.com\/wide\/wp-json\/wp\/v2\/posts\/198218","targetHints":{"allow":["GET"]}}],"collection":[{"href":"https:\/\/www.welovecycling.com\/wide\/wp-json\/wp\/v2\/posts"}],"about":[{"href":"https:\/\/www.welovecycling.com\/wide\/wp-json\/wp\/v2\/types\/post"}],"author":[{"embeddable":true,"href":"https:\/\/www.welovecycling.com\/wide\/wp-json\/wp\/v2\/users\/99"}],"replies":[{"embeddable":true,"href":"https:\/\/www.welovecycling.com\/wide\/wp-json\/wp\/v2\/comments?post=198218"}],"version-history":[{"count":5,"href":"https:\/\/www.welovecycling.com\/wide\/wp-json\/wp\/v2\/posts\/198218\/revisions"}],"predecessor-version":[{"id":198325,"href":"https:\/\/www.welovecycling.com\/wide\/wp-json\/wp\/v2\/posts\/198218\/revisions\/198325"}],"wp:featuredmedia":[{"embeddable":true,"href":"https:\/\/www.welovecycling.com\/wide\/wp-json\/wp\/v2\/media\/198322"}],"wp:attachment":[{"href":"https:\/\/www.welovecycling.com\/wide\/wp-json\/wp\/v2\/media?parent=198218"}],"wp:term":[{"taxonomy":"category","embeddable":true,"href":"https:\/\/www.welovecycling.com\/wide\/wp-json\/wp\/v2\/categories?post=198218"},{"taxonomy":"post_tag","embeddable":true,"href":"https:\/\/www.welovecycling.com\/wide\/wp-json\/wp\/v2\/tags?post=198218"},{"taxonomy":"global-categories","embeddable":true,"href":"https:\/\/www.welovecycling.com\/wide\/wp-json\/wp\/v2\/global-categories?post=198218"}],"curies":[{"name":"wp","href":"https:\/\/api.w.org\/{rel}","templated":true}]}}