{"id":198214,"date":"2025-03-20T14:04:35","date_gmt":"2025-03-20T14:04:35","guid":{"rendered":"https:\/\/www.welovecycling.com\/wide\/?p=198214"},"modified":"2025-03-20T14:04:35","modified_gmt":"2025-03-20T14:04:35","slug":"pogacar-faces-tough-test-in-fifth-run-at-milano-sanremo-win","status":"publish","type":"post","link":"https:\/\/www.welovecycling.com\/wide\/2025\/03\/20\/pogacar-faces-tough-test-in-fifth-run-at-milano-sanremo-win\/","title":{"rendered":"Poga\u010dar Faces Tough Test in Fifth Run at Milano-Sanremo Win"},"content":{"rendered":"<p><strong>Boy, oh boy, I have been so looking forward to this Saturday\u2019s Milano-Sanremo ever since I found out who would be at the start. It\u2019s a veritable Who\u2019s Who of cycling\u2019s current and future champions: Tadej Poga\u010dar (UAE Team Emirates\u2013XRG), Mathieu van der Poel and Jasper Philipsen (both Alpecin-Deceuninck), Mads Pedersen and Jonathan Milan (both Lidl-Trek), Filippo Ganna (INEOS Grenadiers), Tom Pidcock (Q.36), Biniam Girmay (Intermarch\u00e9\u2013Wanty), Olav Kooij (Visma\u2013Lease a Bike), to name just a few.<\/strong><\/p>\n<p><!--more--><\/p>\n<p>The start list includes five previous winners of the race: Philipsen (2024), van der Poel (2023), Matej Mohori\u010d (Bahrain-Victorious, 2022), Jasper Stuyven (Lidl-Trek, 2021) and Julian Alaphilippe (Tudor Pro, 2019). But one name is conspicuous by its absence from that list of previous winners: Poga\u010dar.<\/p>\n<p>The rider who has won just about everything else there is to win in the sport has failed in four tries to win this longest of all Monuments (289 km). He finished twelfth in 2020, fifth in 2022, fourth in 2023 and third last year. In 2024, he was outsprinted by both Philipsen and Michael Mathews (Jayco AlUla), who will also be at the starting line come Saturday. Both are bona fide sprinters with more of a turn of foot than the Slovenian.<\/p>\n<p>The reason that the race has been such a bear for the world champion and the best one-day rider in the world is that it is too easy. Yes, Milano-Sanremo is one of the most difficult Classics to win, precisely because it isn\u2019t difficult enough to keep a large group of good riders from having a shot at victory. The climbs are simply not hard enough for a rider to drop all of his opponents, so it is usually a question of fatigue, luck or tactics.<\/p>\n<blockquote class=\"instagram-media\" style=\"background: #FFF; border: 0; border-radius: 3px; box-shadow: 0 0 1px 0 rgba(0,0,0,0.5),0 1px 10px 0 rgba(0,0,0,0.15); margin: 1px; max-width: 540px; min-width: 326px; padding: 0; width: calc(100% - 2px);\" data-instgrm-captioned=\"\" data-instgrm-permalink=\"https:\/\/www.instagram.com\/p\/DG0MWHTMh6Y\/?utm_source=ig_embed&amp;utm_campaign=loading\" data-instgrm-version=\"14\">\n<div style=\"padding: 16px;\">\n<p>&nbsp;<\/p>\n<div style=\"display: flex; flex-direction: row; align-items: center;\">\n<div style=\"background-color: #f4f4f4; border-radius: 50%; flex-grow: 0; height: 40px; margin-right: 14px; width: 40px;\"><\/div>\n<div style=\"display: flex; flex-direction: column; flex-grow: 1; justify-content: center;\">\n<div style=\"background-color: #f4f4f4; border-radius: 4px; flex-grow: 0; height: 14px; margin-bottom: 6px; width: 100px;\"><\/div>\n<div style=\"background-color: #f4f4f4; border-radius: 4px; flex-grow: 0; height: 14px; width: 60px;\"><\/div>\n<\/div>\n<\/div>\n<div style=\"padding: 19% 0;\"><\/div>\n<div style=\"display: block; height: 50px; margin: 0 auto 12px; width: 50px;\"><\/div>\n<div style=\"padding-top: 8px;\">\n<div style=\"color: #3897f0; font-family: Arial,sans-serif; font-size: 14px; font-style: normal; font-weight: 550; line-height: 18px;\">Zobrazit p\u0159\u00edsp\u011bvek na Instagramu<\/div>\n<\/div>\n<div style=\"padding: 12.5% 0;\"><\/div>\n<div style=\"display: flex; flex-direction: row; margin-bottom: 14px; align-items: center;\">\n<div>\n<div style=\"background-color: #f4f4f4; border-radius: 50%; height: 12.5px; width: 12.5px; transform: translateX(0px) translateY(7px);\"><\/div>\n<div style=\"background-color: #f4f4f4; height: 12.5px; transform: rotate(-45deg) translateX(3px) translateY(1px); width: 12.5px; flex-grow: 0; margin-right: 14px; margin-left: 2px;\"><\/div>\n<div style=\"background-color: #f4f4f4; border-radius: 50%; height: 12.5px; width: 12.5px; transform: translateX(9px) translateY(-18px);\"><\/div>\n<\/div>\n<div style=\"margin-left: 8px;\">\n<div style=\"background-color: #f4f4f4; border-radius: 50%; flex-grow: 0; height: 20px; width: 20px;\"><\/div>\n<div style=\"width: 0; height: 0; border-top: 2px solid transparent; border-left: 6px solid #f4f4f4; border-bottom: 2px solid transparent; transform: translateX(16px) translateY(-4px) rotate(30deg);\"><\/div>\n<\/div>\n<div style=\"margin-left: auto;\">\n<div style=\"width: 0px; border-top: 8px solid #F4F4F4; border-right: 8px solid transparent; transform: translateY(16px);\"><\/div>\n<div style=\"background-color: #f4f4f4; flex-grow: 0; height: 12px; width: 16px; transform: translateY(-4px);\"><\/div>\n<div style=\"width: 0; height: 0; border-top: 8px solid #F4F4F4; border-left: 8px solid transparent; transform: translateY(-4px) translateX(8px);\"><\/div>\n<\/div>\n<\/div>\n<div style=\"display: flex; flex-direction: column; flex-grow: 1; justify-content: center; margin-bottom: 24px;\">\n<div style=\"background-color: #f4f4f4; border-radius: 4px; flex-grow: 0; height: 14px; margin-bottom: 6px; width: 224px;\"><\/div>\n<div style=\"background-color: #f4f4f4; border-radius: 4px; flex-grow: 0; height: 14px; width: 144px;\"><\/div>\n<\/div>\n<p>&nbsp;<\/p>\n<p style=\"color: #c9c8cd; font-family: Arial,sans-serif; font-size: 14px; line-height: 17px; margin-bottom: 0; margin-top: 8px; overflow: hidden; padding: 8px 0 7px; text-align: center; text-overflow: ellipsis; white-space: nowrap;\"><a style=\"color: #c9c8cd; font-family: Arial,sans-serif; font-size: 14px; font-style: normal; font-weight: normal; line-height: 17px; text-decoration: none;\" href=\"https:\/\/www.instagram.com\/p\/DG0MWHTMh6Y\/?utm_source=ig_embed&amp;utm_campaign=loading\" target=\"_blank\" rel=\"noopener\">P\u0159\u00edsp\u011bvek sd\u00edlen\u00fd Milano Sanremo (@milanosanremo_)<\/a><\/p>\n<\/div>\n<\/blockquote>\n<p><script async src=\"\/\/www.instagram.com\/embed.js\"><\/script><\/p>\n<p>In 2024, no fewer than 12 riders contested the final sprint. In 2022, eight riders were there at the finish. In 2023, van der Poel burst out of a small group of riders, including Poga\u010dar and Ganna, with 5.4 km to go in the race and soloed to his win, taking advantage of the fatigue of his main rivals and his relative freshness. For Poga\u010dar to finally win, he has to find a way to make the race difficult for the one-day specialists and the sprinters via, say, a plague of locusts, a small earthquake or rain.<\/p>\n<p>Though there have been serious locust infestations of the island of Sardinia over the past few years, there aren\u2019t enough locusts around Milan to cause an annoyance, let alone a plague. An earthquake? No chance. But there is a better than 50% chance of a little rain on Saturday morning, and wind gusts up to 19kph are <a href=\"https:\/\/www.accuweather.com\/en\/it\/milan\/214046\/daily-weather-forecast\/214046?day=3\">forecast<\/a>, which might play into the Slovenian\u2019s hands.<\/p>\n<p>However, the roads and descents of the course are narrow and a bit tricky, and Poga\u010dar did crash on a descent in the <a href=\"https:\/\/www.welovecycling.com\/wide\/2025\/03\/10\/pogacar-overcomes-crash-and-brave-pidcock-to-win-third-strade-bianche\/\" target=\"_blank\" rel=\"noopener\">Strade Bianche nearly two weeks ago,<\/a> so he may prefer to ride cautiously if the pavement is wet. And what about the after-effects of that crash? In a recent interview, UAE\u2019s team manager Joxean Fern\u00e1ndez Matxin tried to reassure the Slovenian\u2019s fans, but his words were not really reassuring.<\/p>\n<p>\u201cIt&#8217;s true that the first two days after the crash he was sore and had discomfort,&#8221; Matxin told <a href=\"https:\/\/www.relevo.com\/ciclismo\/matxin-deja-pequena-duda-sobre-20250318220945-nt.html\"><em>Relevo<\/em><\/a>. \u201cBut every day, he&#8217;s gotten a little better. Honestly, I don&#8217;t know if he has any degree of pain or discomfort right now. I spoke with him [\u2026], but we haven&#8217;t fully analysed it because, obviously, the medical team and the trainers are responsible for that.\u201d<\/p>\n<p>Asked if his superstar would be at 100% on Saturday, Matxin replied, \u201cI don&#8217;t know if he&#8217;ll be 100%, but he&#8217;ll be fine.\u201d<\/p>\n<p>There are better bike-handlers than Poga\u010dar in the race, e.g., van der Poel and Pidcock. So maybe he should go for a very long solo ride, hoping that no one will dare to follow him when he takes off, say, 150 km from the finish. \u00a0But that\u2019s a lot even for him to ride on his own. His best hope then might be to have his team ride a very fast pace and try to weaken as many of his rivals as possible.<\/p>\n<p>The squad is loaded with strong riders who can keep up a high cadence over long distances, such as the young Mexican Isaac del Toro, who just won his first one-day race at the Milano-Torino, Jhonathan Narv\u00e1ez, Nils Pollitt, and Tim Wellens. They will have to take the sting out of the legs of the sprinters and hope that their leader can outwit and\/or outride the rest.<\/p>\n<p>But that\u2019s easier said than done, especially as Milan, Kooij and especially Pedersen are very good climbers, and in top form at the moment. Pedersen\u2019s performance in the recent Paris-Nice, in which he won the green jersey and climbed the hills like a goat, stamped him as a legitimate contender for the win. As did Ganna\u2019s second-place finish in the Tirreno-Adriatico.<\/p>\n<p>Van der Poel also raced in the Tirreno and narrowly missed a stage win. He rode that race to prepare for this race and he looked very strong. My philosophy when in doubt is to go with van der Poel because he is always a threat, is a great bike-handler and a supreme tactician.<\/p>\n<p>In his interview with <em>Relevo<\/em>, Joxean Fern\u00e1ndez Matxin talked about how the race might pan out and why it will be hard for Poga\u010dar to win it: \u201cA race of more than six hours, which is almost 290 kilometres with an average speed of 46 km\/h, to actually decide it in five minutes is a very peculiar race because in five minutes, there are riders of the same quality, in many cases even superior to Tadej \u2013 call them van Aert, van der Poel, we have Jhonathan Narv\u00e1ez, Mads Pedersen\u2026 None of us would be surprised if they were fighting in those decisive five minutes on the Poggio.\u201d<\/p>\n<p>The Poggio di Sanremo climb is short and not steep, 3.6 km @ 3.7%, but it comes with about 6 km left to ride in the race after the riders at the front have ridden 285 km at a very fast clip. Their legs will be hurting, their lungs will be aching, which is a great time for someone to go for broke, as van der Poel did in 2023. Unless the winning move comes on an earlier climb, or unless there are 15 riders in the lead group, or unless\u2026<\/p>\n<p>It&#8217;s an impossible race to predict, so I\u2019ll just go with my gut and my heart and pick Pedersen to win it.<\/p>\n","protected":false},"excerpt":{"rendered":"<p>Boy, oh boy, I have been so looking forward to this Saturday\u2019s Milano-Sanremo ever since I found out who would [&hellip;]<\/p>\n","protected":false},"author":99,"featured_media":195232,"comment_status":"closed","ping_status":"open","sticky":false,"template":"","format":"standard","meta":{"footnotes":""},"categories":[329],"tags":[8422,6356,5436,2933,2262,3415,3871],"global-categories":[3366],"class_list":["post-198214","post","type-post","status-publish","format-standard","has-post-thumbnail","hentry","category-road-cycling","tag-2025-milan-san-remo","tag-biniam-girmay","tag-jasper-philipsen","tag-mathieu-van-der-poel","tag-milan-san-remo","tag-tadej-pogacar","tag-tom-pidcock","global-categories-cycling"],"yoast_head":"<!-- This site is optimized with the Yoast SEO Premium plugin v25.3 (Yoast SEO v25.9) - https:\/\/yoast.com\/wordpress\/plugins\/seo\/ -->\n<title>Poga\u010dar Faces Tough Test in Fifth Run at Milano-Sanremo Win - \u0160koda We Love Cycling<\/title>\n<meta name=\"description\" content=\"Boy, oh boy, I have been so looking forward to this Saturday\u2019s Milano-Sanremo ever since I found out who would be at the start. It\u2019s a veritable Who\u2019s Who\" \/>\n<meta name=\"robots\" content=\"index, follow, max-snippet:-1, max-image-preview:large, max-video-preview:-1\" \/>\n<link rel=\"canonical\" href=\"https:\/\/www.welovecycling.com\/wide\/2025\/03\/20\/pogacar-faces-tough-test-in-fifth-run-at-milano-sanremo-win\/\" \/>\n<meta property=\"og:locale\" content=\"en_US\" \/>\n<meta property=\"og:type\" content=\"article\" \/>\n<meta property=\"og:title\" content=\"Poga\u010dar Faces Tough Test in Fifth Run at Milano-Sanremo Win\" \/>\n<meta property=\"og:description\" content=\"Boy, oh boy, I have been so looking forward to this Saturday\u2019s Milano-Sanremo ever since I found out who would be at the start. It\u2019s a veritable Who\u2019s Who\" \/>\n<meta property=\"og:url\" content=\"https:\/\/www.welovecycling.com\/wide\/2025\/03\/20\/pogacar-faces-tough-test-in-fifth-run-at-milano-sanremo-win\/\" \/>\n<meta property=\"og:site_name\" content=\"\u0160koda We Love Cycling\" \/>\n<meta property=\"article:published_time\" content=\"2025-03-20T14:04:35+00:00\" \/>\n<meta property=\"og:image\" content=\"https:\/\/d2p6e6u75xmxt8.cloudfront.net\/2\/2024\/03\/Philipsen-Pogacar-Matthews-Milan-San-Remo-profimedia-0857372147-CVR.webp\" \/>\n\t<meta property=\"og:image:width\" content=\"990\" \/>\n\t<meta property=\"og:image:height\" content=\"660\" \/>\n\t<meta property=\"og:image:type\" content=\"image\/webp\" \/>\n<meta name=\"author\" content=\"tereza\" \/>\n<meta name=\"twitter:card\" content=\"summary_large_image\" \/>\n<meta name=\"twitter:label1\" content=\"Written by\" \/>\n\t<meta name=\"twitter:data1\" content=\"Siegfried Mortkowitz\" \/>\n\t<meta name=\"twitter:label2\" content=\"Est. reading time\" \/>\n\t<meta name=\"twitter:data2\" content=\"3\" \/>\n<script type=\"application\/ld+json\" class=\"yoast-schema-graph\">{\"@context\":\"https:\/\/schema.org\",\"@graph\":[{\"@type\":\"WebPage\",\"@id\":\"https:\/\/www.welovecycling.com\/wide\/2025\/03\/20\/pogacar-faces-tough-test-in-fifth-run-at-milano-sanremo-win\/\",\"url\":\"https:\/\/www.welovecycling.com\/wide\/2025\/03\/20\/pogacar-faces-tough-test-in-fifth-run-at-milano-sanremo-win\/\",\"name\":\"Poga\u010dar Faces Tough Test in Fifth Run at Milano-Sanremo Win - \u0160koda We Love Cycling\",\"isPartOf\":{\"@id\":\"https:\/\/www.welovecycling.com\/wide\/#website\"},\"primaryImageOfPage\":{\"@id\":\"https:\/\/www.welovecycling.com\/wide\/2025\/03\/20\/pogacar-faces-tough-test-in-fifth-run-at-milano-sanremo-win\/#primaryimage\"},\"image\":{\"@id\":\"https:\/\/www.welovecycling.com\/wide\/2025\/03\/20\/pogacar-faces-tough-test-in-fifth-run-at-milano-sanremo-win\/#primaryimage\"},\"thumbnailUrl\":\"https:\/\/d2p6e6u75xmxt8.cloudfront.net\/2\/2024\/03\/Philipsen-Pogacar-Matthews-Milan-San-Remo-profimedia-0857372147-CVR.webp\",\"datePublished\":\"2025-03-20T14:04:35+00:00\",\"author\":{\"@id\":\"https:\/\/www.welovecycling.com\/wide\/#\/schema\/person\/50f01ecd18718d2333cf72e823c4f926\"},\"description\":\"Boy, oh boy, I have been so looking forward to this Saturday\u2019s Milano-Sanremo ever since I found out who would be at the start. It\u2019s a veritable Who\u2019s Who\",\"breadcrumb\":{\"@id\":\"https:\/\/www.welovecycling.com\/wide\/2025\/03\/20\/pogacar-faces-tough-test-in-fifth-run-at-milano-sanremo-win\/#breadcrumb\"},\"inLanguage\":\"en-US\",\"potentialAction\":[{\"@type\":\"ReadAction\",\"target\":[\"https:\/\/www.welovecycling.com\/wide\/2025\/03\/20\/pogacar-faces-tough-test-in-fifth-run-at-milano-sanremo-win\/\"]}]},{\"@type\":\"ImageObject\",\"inLanguage\":\"en-US\",\"@id\":\"https:\/\/www.welovecycling.com\/wide\/2025\/03\/20\/pogacar-faces-tough-test-in-fifth-run-at-milano-sanremo-win\/#primaryimage\",\"url\":\"https:\/\/d2p6e6u75xmxt8.cloudfront.net\/2\/2024\/03\/Philipsen-Pogacar-Matthews-Milan-San-Remo-profimedia-0857372147-CVR.webp\",\"contentUrl\":\"https:\/\/d2p6e6u75xmxt8.cloudfront.net\/2\/2024\/03\/Philipsen-Pogacar-Matthews-Milan-San-Remo-profimedia-0857372147-CVR.webp\",\"width\":990,\"height\":660,\"caption\":\"Milan San-Remo\"},{\"@type\":\"BreadcrumbList\",\"@id\":\"https:\/\/www.welovecycling.com\/wide\/2025\/03\/20\/pogacar-faces-tough-test-in-fifth-run-at-milano-sanremo-win\/#breadcrumb\",\"itemListElement\":[{\"@type\":\"ListItem\",\"position\":1,\"name\":\"Home\",\"item\":\"https:\/\/www.welovecycling.com\/wide\/\"},{\"@type\":\"ListItem\",\"position\":2,\"name\":\"Poga\u010dar Faces Tough Test in Fifth Run at Milano-Sanremo Win\"}]},{\"@type\":\"WebSite\",\"@id\":\"https:\/\/www.welovecycling.com\/wide\/#website\",\"url\":\"https:\/\/www.welovecycling.com\/wide\/\",\"name\":\"\u0160koda We Love Cycling\",\"description\":\"\u0160koda We Love Cycling magazine\",\"alternateName\":\"\u0160koda WLC\",\"potentialAction\":[{\"@type\":\"SearchAction\",\"target\":{\"@type\":\"EntryPoint\",\"urlTemplate\":\"https:\/\/www.welovecycling.com\/wide\/?s={search_term_string}\"},\"query-input\":{\"@type\":\"PropertyValueSpecification\",\"valueRequired\":true,\"valueName\":\"search_term_string\"}}],\"inLanguage\":\"en-US\"},{\"@type\":\"Person\",\"@id\":\"https:\/\/www.welovecycling.com\/wide\/#\/schema\/person\/50f01ecd18718d2333cf72e823c4f926\",\"name\":\"tereza\",\"image\":{\"@type\":\"ImageObject\",\"inLanguage\":\"en-US\",\"@id\":\"https:\/\/www.welovecycling.com\/wide\/#\/schema\/person\/image\/\",\"url\":\"https:\/\/secure.gravatar.com\/avatar\/1f9eb71be33845f0afabce3791bc1c58ecdb0a25c62964987e5dbcf7a20d2ec7?s=96&d=mm&r=g\",\"contentUrl\":\"https:\/\/secure.gravatar.com\/avatar\/1f9eb71be33845f0afabce3791bc1c58ecdb0a25c62964987e5dbcf7a20d2ec7?s=96&d=mm&r=g\",\"caption\":\"tereza\"},\"url\":\"https:\/\/www.welovecycling.com\/wide\/author\/tereza\/\"}]}<\/script>\n<!-- \/ Yoast SEO Premium plugin. -->","yoast_head_json":{"title":"Poga\u010dar Faces Tough Test in Fifth Run at Milano-Sanremo Win - \u0160koda We Love Cycling","description":"Boy, oh boy, I have been so looking forward to this Saturday\u2019s Milano-Sanremo ever since I found out who would be at the start. It\u2019s a veritable Who\u2019s Who","robots":{"index":"index","follow":"follow","max-snippet":"max-snippet:-1","max-image-preview":"max-image-preview:large","max-video-preview":"max-video-preview:-1"},"canonical":"https:\/\/www.welovecycling.com\/wide\/2025\/03\/20\/pogacar-faces-tough-test-in-fifth-run-at-milano-sanremo-win\/","og_locale":"en_US","og_type":"article","og_title":"Poga\u010dar Faces Tough Test in Fifth Run at Milano-Sanremo Win","og_description":"Boy, oh boy, I have been so looking forward to this Saturday\u2019s Milano-Sanremo ever since I found out who would be at the start. It\u2019s a veritable Who\u2019s Who","og_url":"https:\/\/www.welovecycling.com\/wide\/2025\/03\/20\/pogacar-faces-tough-test-in-fifth-run-at-milano-sanremo-win\/","og_site_name":"\u0160koda We Love Cycling","article_published_time":"2025-03-20T14:04:35+00:00","og_image":[{"width":990,"height":660,"url":"https:\/\/d2p6e6u75xmxt8.cloudfront.net\/2\/2024\/03\/Philipsen-Pogacar-Matthews-Milan-San-Remo-profimedia-0857372147-CVR.webp","type":"image\/webp"}],"author":"tereza","twitter_card":"summary_large_image","twitter_misc":{"Written by":"Siegfried Mortkowitz","Est. reading time":"3"},"schema":{"@context":"https:\/\/schema.org","@graph":[{"@type":"WebPage","@id":"https:\/\/www.welovecycling.com\/wide\/2025\/03\/20\/pogacar-faces-tough-test-in-fifth-run-at-milano-sanremo-win\/","url":"https:\/\/www.welovecycling.com\/wide\/2025\/03\/20\/pogacar-faces-tough-test-in-fifth-run-at-milano-sanremo-win\/","name":"Poga\u010dar Faces Tough Test in Fifth Run at Milano-Sanremo Win - \u0160koda We Love Cycling","isPartOf":{"@id":"https:\/\/www.welovecycling.com\/wide\/#website"},"primaryImageOfPage":{"@id":"https:\/\/www.welovecycling.com\/wide\/2025\/03\/20\/pogacar-faces-tough-test-in-fifth-run-at-milano-sanremo-win\/#primaryimage"},"image":{"@id":"https:\/\/www.welovecycling.com\/wide\/2025\/03\/20\/pogacar-faces-tough-test-in-fifth-run-at-milano-sanremo-win\/#primaryimage"},"thumbnailUrl":"https:\/\/d2p6e6u75xmxt8.cloudfront.net\/2\/2024\/03\/Philipsen-Pogacar-Matthews-Milan-San-Remo-profimedia-0857372147-CVR.webp","datePublished":"2025-03-20T14:04:35+00:00","author":{"@id":"https:\/\/www.welovecycling.com\/wide\/#\/schema\/person\/50f01ecd18718d2333cf72e823c4f926"},"description":"Boy, oh boy, I have been so looking forward to this Saturday\u2019s Milano-Sanremo ever since I found out who would be at the start. It\u2019s a veritable Who\u2019s Who","breadcrumb":{"@id":"https:\/\/www.welovecycling.com\/wide\/2025\/03\/20\/pogacar-faces-tough-test-in-fifth-run-at-milano-sanremo-win\/#breadcrumb"},"inLanguage":"en-US","potentialAction":[{"@type":"ReadAction","target":["https:\/\/www.welovecycling.com\/wide\/2025\/03\/20\/pogacar-faces-tough-test-in-fifth-run-at-milano-sanremo-win\/"]}]},{"@type":"ImageObject","inLanguage":"en-US","@id":"https:\/\/www.welovecycling.com\/wide\/2025\/03\/20\/pogacar-faces-tough-test-in-fifth-run-at-milano-sanremo-win\/#primaryimage","url":"https:\/\/d2p6e6u75xmxt8.cloudfront.net\/2\/2024\/03\/Philipsen-Pogacar-Matthews-Milan-San-Remo-profimedia-0857372147-CVR.webp","contentUrl":"https:\/\/d2p6e6u75xmxt8.cloudfront.net\/2\/2024\/03\/Philipsen-Pogacar-Matthews-Milan-San-Remo-profimedia-0857372147-CVR.webp","width":990,"height":660,"caption":"Milan San-Remo"},{"@type":"BreadcrumbList","@id":"https:\/\/www.welovecycling.com\/wide\/2025\/03\/20\/pogacar-faces-tough-test-in-fifth-run-at-milano-sanremo-win\/#breadcrumb","itemListElement":[{"@type":"ListItem","position":1,"name":"Home","item":"https:\/\/www.welovecycling.com\/wide\/"},{"@type":"ListItem","position":2,"name":"Poga\u010dar Faces Tough Test in Fifth Run at Milano-Sanremo Win"}]},{"@type":"WebSite","@id":"https:\/\/www.welovecycling.com\/wide\/#website","url":"https:\/\/www.welovecycling.com\/wide\/","name":"\u0160koda We Love Cycling","description":"\u0160koda We Love Cycling magazine","alternateName":"\u0160koda WLC","potentialAction":[{"@type":"SearchAction","target":{"@type":"EntryPoint","urlTemplate":"https:\/\/www.welovecycling.com\/wide\/?s={search_term_string}"},"query-input":{"@type":"PropertyValueSpecification","valueRequired":true,"valueName":"search_term_string"}}],"inLanguage":"en-US"},{"@type":"Person","@id":"https:\/\/www.welovecycling.com\/wide\/#\/schema\/person\/50f01ecd18718d2333cf72e823c4f926","name":"tereza","image":{"@type":"ImageObject","inLanguage":"en-US","@id":"https:\/\/www.welovecycling.com\/wide\/#\/schema\/person\/image\/","url":"https:\/\/secure.gravatar.com\/avatar\/1f9eb71be33845f0afabce3791bc1c58ecdb0a25c62964987e5dbcf7a20d2ec7?s=96&d=mm&r=g","contentUrl":"https:\/\/secure.gravatar.com\/avatar\/1f9eb71be33845f0afabce3791bc1c58ecdb0a25c62964987e5dbcf7a20d2ec7?s=96&d=mm&r=g","caption":"tereza"},"url":"https:\/\/www.welovecycling.com\/wide\/author\/tereza\/"}]}},"_links":{"self":[{"href":"https:\/\/www.welovecycling.com\/wide\/wp-json\/wp\/v2\/posts\/198214","targetHints":{"allow":["GET"]}}],"collection":[{"href":"https:\/\/www.welovecycling.com\/wide\/wp-json\/wp\/v2\/posts"}],"about":[{"href":"https:\/\/www.welovecycling.com\/wide\/wp-json\/wp\/v2\/types\/post"}],"author":[{"embeddable":true,"href":"https:\/\/www.welovecycling.com\/wide\/wp-json\/wp\/v2\/users\/99"}],"replies":[{"embeddable":true,"href":"https:\/\/www.welovecycling.com\/wide\/wp-json\/wp\/v2\/comments?post=198214"}],"version-history":[{"count":1,"href":"https:\/\/www.welovecycling.com\/wide\/wp-json\/wp\/v2\/posts\/198214\/revisions"}],"predecessor-version":[{"id":198215,"href":"https:\/\/www.welovecycling.com\/wide\/wp-json\/wp\/v2\/posts\/198214\/revisions\/198215"}],"wp:featuredmedia":[{"embeddable":true,"href":"https:\/\/www.welovecycling.com\/wide\/wp-json\/wp\/v2\/media\/195232"}],"wp:attachment":[{"href":"https:\/\/www.welovecycling.com\/wide\/wp-json\/wp\/v2\/media?parent=198214"}],"wp:term":[{"taxonomy":"category","embeddable":true,"href":"https:\/\/www.welovecycling.com\/wide\/wp-json\/wp\/v2\/categories?post=198214"},{"taxonomy":"post_tag","embeddable":true,"href":"https:\/\/www.welovecycling.com\/wide\/wp-json\/wp\/v2\/tags?post=198214"},{"taxonomy":"global-categories","embeddable":true,"href":"https:\/\/www.welovecycling.com\/wide\/wp-json\/wp\/v2\/global-categories?post=198214"}],"curies":[{"name":"wp","href":"https:\/\/api.w.org\/{rel}","templated":true}]}}