{"id":198205,"date":"2025-03-20T07:23:32","date_gmt":"2025-03-20T07:23:32","guid":{"rendered":"https:\/\/www.welovecycling.com\/wide\/?p=198205"},"modified":"2025-03-20T07:28:14","modified_gmt":"2025-03-20T07:28:14","slug":"tour-de-france-2027-a-historic-grand-depart-in-edinburgh","status":"publish","type":"post","link":"https:\/\/www.welovecycling.com\/wide\/2025\/03\/20\/tour-de-france-2027-a-historic-grand-depart-in-edinburgh\/","title":{"rendered":"Tour de France 2027: A Historic Grand D\u00e9part Will Take Place in Edinburgh"},"content":{"rendered":"<p><strong>In 2027, cycling fans will witness a historic moment as the 114th edition of the Tour de France and the 6th edition of the Tour de France Femmes avec Zwift embark on a British adventure. For the first time, the Grand D\u00e9part will span three nations within the United Kingdom, with Scotland, Wales, and England each playing host to the opening stages of the iconic race.<\/strong><\/p>\n<p><!--more--><\/p>\n<h2><strong>A first for Scotland, Wales, and England<\/strong><\/h2>\n<p><a href=\"http:\/\/letour.fr\/en\/l\">The Tour de France<\/a> has crossed the English Channel on several occasions since its first visit in 1974, but the 2027 edition promises to be the most expansive British journey yet. Edinburgh will set the stage for the initial pedal strokes of the race, marking the Tour\u2019s first-ever visit to Scotland. The route will then weave through Wales before culminating in England, making this Grand D\u00e9part a true celebration of British cycling heritage.<\/p>\n<p>This will be the second time the Tour de France Femmes avec Zwift starts outside France, following its Grand D\u00e9part in the Netherlands in 2024. However, 2027 marks the first occasion where both the men\u2019s and women\u2019s races begin in the same foreign country, further underlining the growing global prestige of women\u2019s cycling.<\/p>\n<blockquote class=\"instagram-media\" style=\"background: #FFF; border: 0; border-radius: 3px; box-shadow: 0 0 1px 0 rgba(0,0,0,0.5),0 1px 10px 0 rgba(0,0,0,0.15); margin: 1px; max-width: 540px; min-width: 326px; padding: 0; width: calc(100% - 2px);\" data-instgrm-captioned=\"\" data-instgrm-permalink=\"https:\/\/www.instagram.com\/reel\/DHZDkt9ODw7\/?utm_source=ig_embed&amp;utm_campaign=loading\" data-instgrm-version=\"14\">\n<div style=\"padding: 16px;\">\n<p>&nbsp;<\/p>\n<div style=\"display: flex; flex-direction: row; align-items: center;\">\n<div style=\"background-color: #f4f4f4; border-radius: 50%; flex-grow: 0; height: 40px; margin-right: 14px; width: 40px;\"><\/div>\n<div style=\"display: flex; flex-direction: column; flex-grow: 1; justify-content: center;\">\n<div style=\"background-color: #f4f4f4; border-radius: 4px; flex-grow: 0; height: 14px; margin-bottom: 6px; width: 100px;\"><\/div>\n<div style=\"background-color: #f4f4f4; border-radius: 4px; flex-grow: 0; height: 14px; width: 60px;\"><\/div>\n<\/div>\n<\/div>\n<div style=\"padding: 19% 0;\"><\/div>\n<div style=\"display: block; height: 50px; margin: 0 auto 12px; width: 50px;\"><\/div>\n<div style=\"padding-top: 8px;\">\n<div style=\"color: #3897f0; font-family: Arial,sans-serif; font-size: 14px; font-style: normal; font-weight: 550; line-height: 18px;\">Zobrazit p\u0159\u00edsp\u011bvek na Instagramu<\/div>\n<\/div>\n<div style=\"padding: 12.5% 0;\"><\/div>\n<div style=\"display: flex; flex-direction: row; margin-bottom: 14px; align-items: center;\">\n<div>\n<div style=\"background-color: #f4f4f4; border-radius: 50%; height: 12.5px; width: 12.5px; transform: translateX(0px) translateY(7px);\"><\/div>\n<div style=\"background-color: #f4f4f4; height: 12.5px; transform: rotate(-45deg) translateX(3px) translateY(1px); width: 12.5px; flex-grow: 0; margin-right: 14px; margin-left: 2px;\"><\/div>\n<div style=\"background-color: #f4f4f4; border-radius: 50%; height: 12.5px; width: 12.5px; transform: translateX(9px) translateY(-18px);\"><\/div>\n<\/div>\n<div style=\"margin-left: 8px;\">\n<div style=\"background-color: #f4f4f4; border-radius: 50%; flex-grow: 0; height: 20px; width: 20px;\"><\/div>\n<div style=\"width: 0; height: 0; border-top: 2px solid transparent; border-left: 6px solid #f4f4f4; border-bottom: 2px solid transparent; transform: translateX(16px) translateY(-4px) rotate(30deg);\"><\/div>\n<\/div>\n<div style=\"margin-left: auto;\">\n<div style=\"width: 0px; border-top: 8px solid #F4F4F4; border-right: 8px solid transparent; transform: translateY(16px);\"><\/div>\n<div style=\"background-color: #f4f4f4; flex-grow: 0; height: 12px; width: 16px; transform: translateY(-4px);\"><\/div>\n<div style=\"width: 0; height: 0; border-top: 8px solid #F4F4F4; border-left: 8px solid transparent; transform: translateY(-4px) translateX(8px);\"><\/div>\n<\/div>\n<\/div>\n<div style=\"display: flex; flex-direction: column; flex-grow: 1; justify-content: center; margin-bottom: 24px;\">\n<div style=\"background-color: #f4f4f4; border-radius: 4px; flex-grow: 0; height: 14px; margin-bottom: 6px; width: 224px;\"><\/div>\n<div style=\"background-color: #f4f4f4; border-radius: 4px; flex-grow: 0; height: 14px; width: 144px;\"><\/div>\n<\/div>\n<p>&nbsp;<\/p>\n<p style=\"color: #c9c8cd; font-family: Arial,sans-serif; font-size: 14px; line-height: 17px; margin-bottom: 0; margin-top: 8px; overflow: hidden; padding: 8px 0 7px; text-align: center; text-overflow: ellipsis; white-space: nowrap;\"><a style=\"color: #c9c8cd; font-family: Arial,sans-serif; font-size: 14px; font-style: normal; font-weight: normal; line-height: 17px; text-decoration: none;\" href=\"https:\/\/www.instagram.com\/reel\/DHZDkt9ODw7\/?utm_source=ig_embed&amp;utm_campaign=loading\" target=\"_blank\" rel=\"noopener\">P\u0159\u00edsp\u011bvek sd\u00edlen\u00fd Tour de France\u2122 (@letourdefrance)<\/a><\/p>\n<\/div>\n<\/blockquote>\n<p><script async src=\"\/\/www.instagram.com\/embed.js\"><\/script><\/p>\n<h2><strong>Britain\u2019s ongoing love affair with Le Tour<\/strong><\/h2>\n<p>The Tour de France first made landfall in England in 1974 with a single-stage circuit in Plymouth. Two decades later, the 1994 edition celebrated the newly opened Channel Tunnel with two stages in Brighton and Portsmouth. More recently, Britain has played host to unforgettable Grands D\u00e9parts: in London (2007) and in Yorkshire (2014), both of which drew immense crowds and enthusiastic support.<\/p>\n<p>Now, in 2027, the race is set to elevate its relationship with Britain by incorporating three of the four Home Nations into its opening chapters. The Scottish capital, Edinburgh, will witness the peloton&#8217;s inaugural push before it ventures southward into Wales and England, offering fans across the UK a rare opportunity to see the world\u2019s greatest cyclists in action.<\/p>\n<h2><strong>A milestone for the Tour de France Femmes avec Zwift<\/strong><\/h2>\n<p>The 2027 edition of the <a href=\"https:\/\/www.letourfemmes.fr\/en\">Tour de France Femmes avec Zwift<\/a> will make history as it embarks on its first journey outside mainland Europe. While the women\u2019s race will start on a different date from the men\u2019s event, the shared Grand D\u00e9part in Britain symbolizes a significant step forward for the sport. It showcases a growing commitment to elevating women\u2019s cycling and ensuring that the world\u2019s premier races gain equal recognition and celebration.<\/p>\n<p>As anticipation builds for this groundbreaking British trilogy, fans can look forward to a Tour de France that not only honors its rich history but also embraces the future of cycling on an international scale. The 2027 Grand D\u00e9part is set to be a spectacle like no other, uniting Scotland, Wales, and England in a celebration of the sport\u2019s greatest race.<\/p>\n","protected":false},"excerpt":{"rendered":"<p>In 2027, cycling fans will witness a historic moment as the 114th edition of the Tour de France and the [&hellip;]<\/p>\n","protected":false},"author":99,"featured_media":198206,"comment_status":"closed","ping_status":"open","sticky":false,"template":"","format":"standard","meta":{"footnotes":""},"categories":[329],"tags":[8420,8418,433,8419],"global-categories":[3366],"class_list":["post-198205","post","type-post","status-publish","format-standard","has-post-thumbnail","hentry","category-road-cycling","tag-2027-grand-depart","tag-2027-tour-de-france","tag-tour-de-france","tag-tour-de-france-femmes-acec-zwift","global-categories-cycling"],"yoast_head":"<!-- This site is optimized with the Yoast SEO Premium plugin v25.3 (Yoast SEO v25.9) - https:\/\/yoast.com\/wordpress\/plugins\/seo\/ -->\n<title>Tour de France 2027: A Historic Grand D\u00e9part in Edinburgh<\/title>\n<meta name=\"description\" content=\"In 2027, cycling fans will witness a historic moment as the 114th edition of the Tour de France and the 6th edition of the Tour de France Femmes avec\" \/>\n<meta name=\"robots\" content=\"index, follow, max-snippet:-1, max-image-preview:large, max-video-preview:-1\" \/>\n<link rel=\"canonical\" href=\"https:\/\/www.welovecycling.com\/wide\/2025\/03\/20\/tour-de-france-2027-a-historic-grand-depart-in-edinburgh\/\" \/>\n<meta property=\"og:locale\" content=\"en_US\" \/>\n<meta property=\"og:type\" content=\"article\" \/>\n<meta property=\"og:title\" content=\"Tour de France 2027: A Historic Grand D\u00e9part Will Take Place in Edinburgh\" \/>\n<meta property=\"og:description\" content=\"In 2027, cycling fans will witness a historic moment as the 114th edition of the Tour de France and the 6th edition of the Tour de France Femmes avec\" \/>\n<meta property=\"og:url\" content=\"https:\/\/www.welovecycling.com\/wide\/2025\/03\/20\/tour-de-france-2027-a-historic-grand-depart-in-edinburgh\/\" \/>\n<meta property=\"og:site_name\" content=\"\u0160koda We Love Cycling\" \/>\n<meta property=\"article:published_time\" content=\"2025-03-20T07:23:32+00:00\" \/>\n<meta property=\"article:modified_time\" content=\"2025-03-20T07:28:14+00:00\" \/>\n<meta property=\"og:image\" content=\"https:\/\/d2p6e6u75xmxt8.cloudfront.net\/2\/2025\/03\/Tour-de-France-Edinburgh-profimedia-0977203731-CVR.webp\" \/>\n\t<meta property=\"og:image:width\" content=\"990\" \/>\n\t<meta property=\"og:image:height\" content=\"660\" \/>\n\t<meta property=\"og:image:type\" content=\"image\/webp\" \/>\n<meta name=\"author\" content=\"tereza\" \/>\n<meta name=\"twitter:card\" content=\"summary_large_image\" \/>\n<meta name=\"twitter:label1\" content=\"Written by\" \/>\n\t<meta name=\"twitter:data1\" content=\"We Love Cycling\" \/>\n\t<meta name=\"twitter:label2\" content=\"Est. reading time\" \/>\n\t<meta name=\"twitter:data2\" content=\"2\" \/>\n<script type=\"application\/ld+json\" class=\"yoast-schema-graph\">{\"@context\":\"https:\/\/schema.org\",\"@graph\":[{\"@type\":\"WebPage\",\"@id\":\"https:\/\/www.welovecycling.com\/wide\/2025\/03\/20\/tour-de-france-2027-a-historic-grand-depart-in-edinburgh\/\",\"url\":\"https:\/\/www.welovecycling.com\/wide\/2025\/03\/20\/tour-de-france-2027-a-historic-grand-depart-in-edinburgh\/\",\"name\":\"Tour de France 2027: A Historic Grand D\u00e9part in Edinburgh\",\"isPartOf\":{\"@id\":\"https:\/\/www.welovecycling.com\/wide\/#website\"},\"primaryImageOfPage\":{\"@id\":\"https:\/\/www.welovecycling.com\/wide\/2025\/03\/20\/tour-de-france-2027-a-historic-grand-depart-in-edinburgh\/#primaryimage\"},\"image\":{\"@id\":\"https:\/\/www.welovecycling.com\/wide\/2025\/03\/20\/tour-de-france-2027-a-historic-grand-depart-in-edinburgh\/#primaryimage\"},\"thumbnailUrl\":\"https:\/\/d2p6e6u75xmxt8.cloudfront.net\/2\/2025\/03\/Tour-de-France-Edinburgh-profimedia-0977203731-CVR.webp\",\"datePublished\":\"2025-03-20T07:23:32+00:00\",\"dateModified\":\"2025-03-20T07:28:14+00:00\",\"author\":{\"@id\":\"https:\/\/www.welovecycling.com\/wide\/#\/schema\/person\/50f01ecd18718d2333cf72e823c4f926\"},\"description\":\"In 2027, cycling fans will witness a historic moment as the 114th edition of the Tour de France and the 6th edition of the Tour de France Femmes avec\",\"breadcrumb\":{\"@id\":\"https:\/\/www.welovecycling.com\/wide\/2025\/03\/20\/tour-de-france-2027-a-historic-grand-depart-in-edinburgh\/#breadcrumb\"},\"inLanguage\":\"en-US\",\"potentialAction\":[{\"@type\":\"ReadAction\",\"target\":[\"https:\/\/www.welovecycling.com\/wide\/2025\/03\/20\/tour-de-france-2027-a-historic-grand-depart-in-edinburgh\/\"]}]},{\"@type\":\"ImageObject\",\"inLanguage\":\"en-US\",\"@id\":\"https:\/\/www.welovecycling.com\/wide\/2025\/03\/20\/tour-de-france-2027-a-historic-grand-depart-in-edinburgh\/#primaryimage\",\"url\":\"https:\/\/d2p6e6u75xmxt8.cloudfront.net\/2\/2025\/03\/Tour-de-France-Edinburgh-profimedia-0977203731-CVR.webp\",\"contentUrl\":\"https:\/\/d2p6e6u75xmxt8.cloudfront.net\/2\/2025\/03\/Tour-de-France-Edinburgh-profimedia-0977203731-CVR.webp\",\"width\":990,\"height\":660,\"caption\":\"Edinburgh\"},{\"@type\":\"BreadcrumbList\",\"@id\":\"https:\/\/www.welovecycling.com\/wide\/2025\/03\/20\/tour-de-france-2027-a-historic-grand-depart-in-edinburgh\/#breadcrumb\",\"itemListElement\":[{\"@type\":\"ListItem\",\"position\":1,\"name\":\"Home\",\"item\":\"https:\/\/www.welovecycling.com\/wide\/\"},{\"@type\":\"ListItem\",\"position\":2,\"name\":\"Tour de France 2027: A Historic Grand D\u00e9part Will Take Place in Edinburgh\"}]},{\"@type\":\"WebSite\",\"@id\":\"https:\/\/www.welovecycling.com\/wide\/#website\",\"url\":\"https:\/\/www.welovecycling.com\/wide\/\",\"name\":\"\u0160koda We Love Cycling\",\"description\":\"\u0160koda We Love Cycling magazine\",\"alternateName\":\"\u0160koda WLC\",\"potentialAction\":[{\"@type\":\"SearchAction\",\"target\":{\"@type\":\"EntryPoint\",\"urlTemplate\":\"https:\/\/www.welovecycling.com\/wide\/?s={search_term_string}\"},\"query-input\":{\"@type\":\"PropertyValueSpecification\",\"valueRequired\":true,\"valueName\":\"search_term_string\"}}],\"inLanguage\":\"en-US\"},{\"@type\":\"Person\",\"@id\":\"https:\/\/www.welovecycling.com\/wide\/#\/schema\/person\/50f01ecd18718d2333cf72e823c4f926\",\"name\":\"tereza\",\"image\":{\"@type\":\"ImageObject\",\"inLanguage\":\"en-US\",\"@id\":\"https:\/\/www.welovecycling.com\/wide\/#\/schema\/person\/image\/\",\"url\":\"https:\/\/secure.gravatar.com\/avatar\/1f9eb71be33845f0afabce3791bc1c58ecdb0a25c62964987e5dbcf7a20d2ec7?s=96&d=mm&r=g\",\"contentUrl\":\"https:\/\/secure.gravatar.com\/avatar\/1f9eb71be33845f0afabce3791bc1c58ecdb0a25c62964987e5dbcf7a20d2ec7?s=96&d=mm&r=g\",\"caption\":\"tereza\"},\"url\":\"https:\/\/www.welovecycling.com\/wide\/author\/tereza\/\"}]}<\/script>\n<!-- \/ Yoast SEO Premium plugin. -->","yoast_head_json":{"title":"Tour de France 2027: A Historic Grand D\u00e9part in Edinburgh","description":"In 2027, cycling fans will witness a historic moment as the 114th edition of the Tour de France and the 6th edition of the Tour de France Femmes avec","robots":{"index":"index","follow":"follow","max-snippet":"max-snippet:-1","max-image-preview":"max-image-preview:large","max-video-preview":"max-video-preview:-1"},"canonical":"https:\/\/www.welovecycling.com\/wide\/2025\/03\/20\/tour-de-france-2027-a-historic-grand-depart-in-edinburgh\/","og_locale":"en_US","og_type":"article","og_title":"Tour de France 2027: A Historic Grand D\u00e9part Will Take Place in Edinburgh","og_description":"In 2027, cycling fans will witness a historic moment as the 114th edition of the Tour de France and the 6th edition of the Tour de France Femmes avec","og_url":"https:\/\/www.welovecycling.com\/wide\/2025\/03\/20\/tour-de-france-2027-a-historic-grand-depart-in-edinburgh\/","og_site_name":"\u0160koda We Love Cycling","article_published_time":"2025-03-20T07:23:32+00:00","article_modified_time":"2025-03-20T07:28:14+00:00","og_image":[{"width":990,"height":660,"url":"https:\/\/d2p6e6u75xmxt8.cloudfront.net\/2\/2025\/03\/Tour-de-France-Edinburgh-profimedia-0977203731-CVR.webp","type":"image\/webp"}],"author":"tereza","twitter_card":"summary_large_image","twitter_misc":{"Written by":"We Love Cycling","Est. reading time":"2"},"schema":{"@context":"https:\/\/schema.org","@graph":[{"@type":"WebPage","@id":"https:\/\/www.welovecycling.com\/wide\/2025\/03\/20\/tour-de-france-2027-a-historic-grand-depart-in-edinburgh\/","url":"https:\/\/www.welovecycling.com\/wide\/2025\/03\/20\/tour-de-france-2027-a-historic-grand-depart-in-edinburgh\/","name":"Tour de France 2027: A Historic Grand D\u00e9part in Edinburgh","isPartOf":{"@id":"https:\/\/www.welovecycling.com\/wide\/#website"},"primaryImageOfPage":{"@id":"https:\/\/www.welovecycling.com\/wide\/2025\/03\/20\/tour-de-france-2027-a-historic-grand-depart-in-edinburgh\/#primaryimage"},"image":{"@id":"https:\/\/www.welovecycling.com\/wide\/2025\/03\/20\/tour-de-france-2027-a-historic-grand-depart-in-edinburgh\/#primaryimage"},"thumbnailUrl":"https:\/\/d2p6e6u75xmxt8.cloudfront.net\/2\/2025\/03\/Tour-de-France-Edinburgh-profimedia-0977203731-CVR.webp","datePublished":"2025-03-20T07:23:32+00:00","dateModified":"2025-03-20T07:28:14+00:00","author":{"@id":"https:\/\/www.welovecycling.com\/wide\/#\/schema\/person\/50f01ecd18718d2333cf72e823c4f926"},"description":"In 2027, cycling fans will witness a historic moment as the 114th edition of the Tour de France and the 6th edition of the Tour de France Femmes avec","breadcrumb":{"@id":"https:\/\/www.welovecycling.com\/wide\/2025\/03\/20\/tour-de-france-2027-a-historic-grand-depart-in-edinburgh\/#breadcrumb"},"inLanguage":"en-US","potentialAction":[{"@type":"ReadAction","target":["https:\/\/www.welovecycling.com\/wide\/2025\/03\/20\/tour-de-france-2027-a-historic-grand-depart-in-edinburgh\/"]}]},{"@type":"ImageObject","inLanguage":"en-US","@id":"https:\/\/www.welovecycling.com\/wide\/2025\/03\/20\/tour-de-france-2027-a-historic-grand-depart-in-edinburgh\/#primaryimage","url":"https:\/\/d2p6e6u75xmxt8.cloudfront.net\/2\/2025\/03\/Tour-de-France-Edinburgh-profimedia-0977203731-CVR.webp","contentUrl":"https:\/\/d2p6e6u75xmxt8.cloudfront.net\/2\/2025\/03\/Tour-de-France-Edinburgh-profimedia-0977203731-CVR.webp","width":990,"height":660,"caption":"Edinburgh"},{"@type":"BreadcrumbList","@id":"https:\/\/www.welovecycling.com\/wide\/2025\/03\/20\/tour-de-france-2027-a-historic-grand-depart-in-edinburgh\/#breadcrumb","itemListElement":[{"@type":"ListItem","position":1,"name":"Home","item":"https:\/\/www.welovecycling.com\/wide\/"},{"@type":"ListItem","position":2,"name":"Tour de France 2027: A Historic Grand D\u00e9part Will Take Place in Edinburgh"}]},{"@type":"WebSite","@id":"https:\/\/www.welovecycling.com\/wide\/#website","url":"https:\/\/www.welovecycling.com\/wide\/","name":"\u0160koda We Love Cycling","description":"\u0160koda We Love Cycling magazine","alternateName":"\u0160koda WLC","potentialAction":[{"@type":"SearchAction","target":{"@type":"EntryPoint","urlTemplate":"https:\/\/www.welovecycling.com\/wide\/?s={search_term_string}"},"query-input":{"@type":"PropertyValueSpecification","valueRequired":true,"valueName":"search_term_string"}}],"inLanguage":"en-US"},{"@type":"Person","@id":"https:\/\/www.welovecycling.com\/wide\/#\/schema\/person\/50f01ecd18718d2333cf72e823c4f926","name":"tereza","image":{"@type":"ImageObject","inLanguage":"en-US","@id":"https:\/\/www.welovecycling.com\/wide\/#\/schema\/person\/image\/","url":"https:\/\/secure.gravatar.com\/avatar\/1f9eb71be33845f0afabce3791bc1c58ecdb0a25c62964987e5dbcf7a20d2ec7?s=96&d=mm&r=g","contentUrl":"https:\/\/secure.gravatar.com\/avatar\/1f9eb71be33845f0afabce3791bc1c58ecdb0a25c62964987e5dbcf7a20d2ec7?s=96&d=mm&r=g","caption":"tereza"},"url":"https:\/\/www.welovecycling.com\/wide\/author\/tereza\/"}]}},"_links":{"self":[{"href":"https:\/\/www.welovecycling.com\/wide\/wp-json\/wp\/v2\/posts\/198205","targetHints":{"allow":["GET"]}}],"collection":[{"href":"https:\/\/www.welovecycling.com\/wide\/wp-json\/wp\/v2\/posts"}],"about":[{"href":"https:\/\/www.welovecycling.com\/wide\/wp-json\/wp\/v2\/types\/post"}],"author":[{"embeddable":true,"href":"https:\/\/www.welovecycling.com\/wide\/wp-json\/wp\/v2\/users\/99"}],"replies":[{"embeddable":true,"href":"https:\/\/www.welovecycling.com\/wide\/wp-json\/wp\/v2\/comments?post=198205"}],"version-history":[{"count":2,"href":"https:\/\/www.welovecycling.com\/wide\/wp-json\/wp\/v2\/posts\/198205\/revisions"}],"predecessor-version":[{"id":198208,"href":"https:\/\/www.welovecycling.com\/wide\/wp-json\/wp\/v2\/posts\/198205\/revisions\/198208"}],"wp:featuredmedia":[{"embeddable":true,"href":"https:\/\/www.welovecycling.com\/wide\/wp-json\/wp\/v2\/media\/198206"}],"wp:attachment":[{"href":"https:\/\/www.welovecycling.com\/wide\/wp-json\/wp\/v2\/media?parent=198205"}],"wp:term":[{"taxonomy":"category","embeddable":true,"href":"https:\/\/www.welovecycling.com\/wide\/wp-json\/wp\/v2\/categories?post=198205"},{"taxonomy":"post_tag","embeddable":true,"href":"https:\/\/www.welovecycling.com\/wide\/wp-json\/wp\/v2\/tags?post=198205"},{"taxonomy":"global-categories","embeddable":true,"href":"https:\/\/www.welovecycling.com\/wide\/wp-json\/wp\/v2\/global-categories?post=198205"}],"curies":[{"name":"wp","href":"https:\/\/api.w.org\/{rel}","templated":true}]}}