{"id":198131,"date":"2025-03-13T04:29:43","date_gmt":"2025-03-13T04:29:43","guid":{"rendered":"https:\/\/www.welovecycling.com\/wide\/?p=198131"},"modified":"2025-03-13T04:29:43","modified_gmt":"2025-03-13T04:29:43","slug":"start-e-bike-commuting-this-spring","status":"publish","type":"post","link":"https:\/\/www.welovecycling.com\/wide\/2025\/03\/13\/start-e-bike-commuting-this-spring\/","title":{"rendered":"Start E-Bike Commuting This Spring: Ditch the Traffic, Keep Your Dignity"},"content":{"rendered":"<p><strong>Ah, spring! The birds are chirping, the sun is shining, and the traffic\u2026 is still soul-crushing. But what if I told you there was a way to complement your car, reduce congestion, and actually enjoy your morning commute? No, I\u2019m not talking about learning parkour to hop over cars (tempting, I know). I\u2019m talking about e-bike commuting.<\/strong><\/p>\n<p><!--more--><\/p>\n<p>If you\u2019ve ever thought, \u201cI\u2019d love to bike to work, but I don\u2019t want to show up looking like I just escaped from a sauna,\u201d then an e-bike is your new best friend. With just the right amount of pedal assist, you can roll into work fresh-faced and sweat-free, like some kind of cycling wizard.<\/p>\n<h2><strong>1. Say goodbye to traffic jams (and road rage)<\/strong><\/h2>\n<p>Picture this: While your coworker is still stuck at that intersection watching the same light turn red for the third time, you\u2019re already halfway to the office, enjoying a leisurely ride. E-bikes let you weave through gridlock, take scenic bike paths, and generally feel like a commuting genius. And for longer trips, your car is still there when you need it.<\/p>\n<h2><strong>2. Exercise without the suffering<\/strong><\/h2>\n<p>Look, we all want to be fit, but not everyone enjoys arriving at work looking like they just ran a marathon in a wool suit. With an e-bike, you control how much effort you put in. Want a workout? Pedal harder. Want to coast like royalty? Let the motor do the work. Either way, you still get some fresh air and movement, which is more than we can say for sitting in bumper-to-bumper traffic.<\/p>\n<h2><strong>3. Save money on short trips<\/strong><\/h2>\n<p>Gas prices are rising, parking fees are absurd, and let\u2019s not even talk about car maintenance. While your car is invaluable for long trips and family outings, an e-bike can save you money on those short, daily commutes. Charging it is cheaper than a single overpriced latte (which, let\u2019s be honest, you\u2019re going to buy anyway). Plus, you get the satisfaction of telling people you\u2019re \u201creducing your carbon footprint\u201d while secretly just enjoying the ride.<\/p>\n<h2><strong>4. No more searching for parking<\/strong><\/h2>\n<p>Circling the block five times looking for a parking space is a special kind of torment. E-bikes? Park them practically anywhere. Roll up, lock up, and stroll into work like you own the place. And when you do need to drive, you\u2019ll have a more flexible parking situation.<\/p>\n<figure id=\"attachment_197344\" aria-describedby=\"caption-attachment-197344\" style=\"width: 990px\" class=\"wp-caption alignnone\"><a href=\"https:\/\/d2p6e6u75xmxt8.cloudfront.net\/2\/2024\/11\/Woman-E-Bike-Hamburg-profimedia-0556088346-CVR.webp\"><img loading=\"lazy\" decoding=\"async\" class=\"wp-image-197344 size-full\" src=\"https:\/\/d2p6e6u75xmxt8.cloudfront.net\/2\/2024\/11\/Woman-E-Bike-Hamburg-profimedia-0556088346-CVR.webp\" alt=\"E-Biking\" width=\"990\" height=\"660\" srcset=\"https:\/\/d2p6e6u75xmxt8.cloudfront.net\/2\/2024\/11\/Woman-E-Bike-Hamburg-profimedia-0556088346-CVR.webp 990w, https:\/\/d2p6e6u75xmxt8.cloudfront.net\/2\/2024\/11\/Woman-E-Bike-Hamburg-profimedia-0556088346-CVR-300x200.webp 300w, https:\/\/d2p6e6u75xmxt8.cloudfront.net\/2\/2024\/11\/Woman-E-Bike-Hamburg-profimedia-0556088346-CVR-768x512.webp 768w, https:\/\/d2p6e6u75xmxt8.cloudfront.net\/2\/2024\/11\/Woman-E-Bike-Hamburg-profimedia-0556088346-CVR-400x267.webp 400w, https:\/\/d2p6e6u75xmxt8.cloudfront.net\/2\/2024\/11\/Woman-E-Bike-Hamburg-profimedia-0556088346-CVR-272x182.webp 272w\" sizes=\"auto, (max-width: 990px) 100vw, 990px\" \/><\/a><figcaption id=\"caption-attachment-197344\" class=\"wp-caption-text\">E-bikes let you weave through gridlock, take scenic bike paths, and generally feel like a commuting genius. \u00a9 Profimedia<\/figcaption><\/figure>\n<h2><strong>5. It\u2019s just plain fun<\/strong><\/h2>\n<p>Remember how fun riding a bike was as a kid? It still is! Except now, with an e-bike, you get the thrill of cycling without the uphill struggles or the fear of arriving at your destination in a state of exhaustion.<\/p>\n<h2><strong>Getting started with e-bike commuting<\/strong><\/h2>\n<p>Thinking about making the switch? Here\u2019s what you need to do:<\/p>\n<h4><strong>Pick the right E-Bike<\/strong><\/h4>\n<p>Do some research to find a model that fits your commute distance and terrain. Test ride a few\u2014you wouldn\u2019t buy a car without a test drive, right? Here are some tailored recommendations:<\/p>\n<h4>For the urban professional (managers, office workers)<\/h4>\n<p><strong>Gazelle Medeo<\/strong><strong> T9 City HMB Low-Step<\/strong> (\u20ac2,099)\u200b<\/p>\n<p><a href=\"https:\/\/rideemoto.com\/products\/medeo-t9-city-hmb-low-step?srsltid=AfmBOooxNgtfgxt4UJV37z4wBKTsYrYwdX4MJ0SaGlJAmL6XfZe3nZ8V\">This commuter e-bike<\/a> is equipped with the smooth-running Bosch Active Line mid-drive motor and dependable Shimano drivetrain and hydraulic disc brakes. \u200b<\/p>\n<h4>For the college student<\/h4>\n<p><strong>Brompton Electric<\/strong><strong> P Line<\/strong> (\u20ac3,900)\u200b<\/p>\n<p><a href=\"https:\/\/us.brompton.com\/c\/electric-bikes\/p-line\">This foldable e-bike<\/a> is compact and lightweight, making it easy to store in dorm rooms or classrooms. Its 20-inch wheels and stable ride are perfect for urban environments.\u200b<\/p>\n<h4>For the adventure seeker<\/h4>\n<p><strong>Aventon Aventure.2<\/strong> (\u20ac1,550)\u200b<\/p>\n<p><a href=\"https:\/\/electricbikeca.com\/products\/aventure-2-ebike\">This versatile bike<\/a> can handle all kinds of terrain with its massive 4-inch wide tires and comfortable front suspension, offering stability and smooth rides for those looking to explore dirt roads or leisurely trails.<\/p>\n<h2><strong>Ready to go?<\/strong><\/h2>\n<p>This spring, instead of resigning yourself to another season of honking horns and parking headaches, give e-bike commuting a try. It\u2019s not about replacing your car\u2014it\u2019s about using the right tool for the right job. Save time, money, and maybe even a little bit of your sanity by choosing an e-bike for those shorter, everyday trips while keeping your car ready for longer journeys.<\/p>\n<p>So, hop on, start pedaling (or let the motor do it for you), and enjoy a commute that doesn\u2019t make you want to scream into the void. Your future self will thank you.<\/p>\n","protected":false},"excerpt":{"rendered":"<p>Ah, spring! The birds are chirping, the sun is shining, and the traffic\u2026 is still soul-crushing. But what if I [&hellip;]<\/p>\n","protected":false},"author":99,"featured_media":198167,"comment_status":"closed","ping_status":"open","sticky":false,"template":"","format":"standard","meta":{"footnotes":""},"categories":[330],"tags":[6948,8412,2865],"global-categories":[3366],"class_list":["post-198131","post","type-post","status-publish","format-standard","has-post-thumbnail","hentry","category-urban-cycling","tag-e-biking","tag-e-commuting","tag-urban-cycling","global-categories-cycling"],"yoast_head":"<!-- This site is optimized with the Yoast SEO Premium plugin v25.3 (Yoast SEO v25.9) - https:\/\/yoast.com\/wordpress\/plugins\/seo\/ -->\n<title>Start E-Bike Commuting This Spring<\/title>\n<meta name=\"description\" content=\"Ah, spring! The birds are chirping, the sun is shining, and the traffic\u2026 is still soul-crushing. But what if I told you there was a way to complement your\" \/>\n<meta name=\"robots\" content=\"index, follow, max-snippet:-1, max-image-preview:large, max-video-preview:-1\" \/>\n<link rel=\"canonical\" href=\"https:\/\/www.welovecycling.com\/wide\/2025\/03\/13\/start-e-bike-commuting-this-spring\/\" \/>\n<meta property=\"og:locale\" content=\"en_US\" \/>\n<meta property=\"og:type\" content=\"article\" \/>\n<meta property=\"og:title\" content=\"Start E-Bike Commuting This Spring: Ditch the Traffic, Keep Your Dignity\" \/>\n<meta property=\"og:description\" content=\"Ah, spring! The birds are chirping, the sun is shining, and the traffic\u2026 is still soul-crushing. But what if I told you there was a way to complement your\" \/>\n<meta property=\"og:url\" content=\"https:\/\/www.welovecycling.com\/wide\/2025\/03\/13\/start-e-bike-commuting-this-spring\/\" \/>\n<meta property=\"og:site_name\" content=\"\u0160koda We Love Cycling\" \/>\n<meta property=\"article:published_time\" content=\"2025-03-13T04:29:43+00:00\" \/>\n<meta property=\"og:image\" content=\"https:\/\/d2p6e6u75xmxt8.cloudfront.net\/2\/2025\/03\/E-Bike-Commute-profimedia-0893829363-CVR.webp\" \/>\n\t<meta property=\"og:image:width\" content=\"990\" \/>\n\t<meta property=\"og:image:height\" content=\"660\" \/>\n\t<meta property=\"og:image:type\" content=\"image\/webp\" \/>\n<meta name=\"author\" content=\"tereza\" \/>\n<meta name=\"twitter:card\" content=\"summary_large_image\" \/>\n<meta name=\"twitter:label1\" content=\"Written by\" \/>\n\t<meta name=\"twitter:data1\" content=\"Monica Buck\" \/>\n\t<meta name=\"twitter:label2\" content=\"Est. reading time\" \/>\n\t<meta name=\"twitter:data2\" content=\"3\" \/>\n<script type=\"application\/ld+json\" class=\"yoast-schema-graph\">{\"@context\":\"https:\/\/schema.org\",\"@graph\":[{\"@type\":\"WebPage\",\"@id\":\"https:\/\/www.welovecycling.com\/wide\/2025\/03\/13\/start-e-bike-commuting-this-spring\/\",\"url\":\"https:\/\/www.welovecycling.com\/wide\/2025\/03\/13\/start-e-bike-commuting-this-spring\/\",\"name\":\"Start E-Bike Commuting This Spring\",\"isPartOf\":{\"@id\":\"https:\/\/www.welovecycling.com\/wide\/#website\"},\"primaryImageOfPage\":{\"@id\":\"https:\/\/www.welovecycling.com\/wide\/2025\/03\/13\/start-e-bike-commuting-this-spring\/#primaryimage\"},\"image\":{\"@id\":\"https:\/\/www.welovecycling.com\/wide\/2025\/03\/13\/start-e-bike-commuting-this-spring\/#primaryimage\"},\"thumbnailUrl\":\"https:\/\/d2p6e6u75xmxt8.cloudfront.net\/2\/2025\/03\/E-Bike-Commute-profimedia-0893829363-CVR.webp\",\"datePublished\":\"2025-03-13T04:29:43+00:00\",\"author\":{\"@id\":\"https:\/\/www.welovecycling.com\/wide\/#\/schema\/person\/50f01ecd18718d2333cf72e823c4f926\"},\"description\":\"Ah, spring! The birds are chirping, the sun is shining, and the traffic\u2026 is still soul-crushing. But what if I told you there was a way to complement your\",\"breadcrumb\":{\"@id\":\"https:\/\/www.welovecycling.com\/wide\/2025\/03\/13\/start-e-bike-commuting-this-spring\/#breadcrumb\"},\"inLanguage\":\"en-US\",\"potentialAction\":[{\"@type\":\"ReadAction\",\"target\":[\"https:\/\/www.welovecycling.com\/wide\/2025\/03\/13\/start-e-bike-commuting-this-spring\/\"]}]},{\"@type\":\"ImageObject\",\"inLanguage\":\"en-US\",\"@id\":\"https:\/\/www.welovecycling.com\/wide\/2025\/03\/13\/start-e-bike-commuting-this-spring\/#primaryimage\",\"url\":\"https:\/\/d2p6e6u75xmxt8.cloudfront.net\/2\/2025\/03\/E-Bike-Commute-profimedia-0893829363-CVR.webp\",\"contentUrl\":\"https:\/\/d2p6e6u75xmxt8.cloudfront.net\/2\/2025\/03\/E-Bike-Commute-profimedia-0893829363-CVR.webp\",\"width\":990,\"height\":660,\"caption\":\"E-Biking\"},{\"@type\":\"BreadcrumbList\",\"@id\":\"https:\/\/www.welovecycling.com\/wide\/2025\/03\/13\/start-e-bike-commuting-this-spring\/#breadcrumb\",\"itemListElement\":[{\"@type\":\"ListItem\",\"position\":1,\"name\":\"Home\",\"item\":\"https:\/\/www.welovecycling.com\/wide\/\"},{\"@type\":\"ListItem\",\"position\":2,\"name\":\"Start E-Bike Commuting This Spring: Ditch the Traffic, Keep Your Dignity\"}]},{\"@type\":\"WebSite\",\"@id\":\"https:\/\/www.welovecycling.com\/wide\/#website\",\"url\":\"https:\/\/www.welovecycling.com\/wide\/\",\"name\":\"\u0160koda We Love Cycling\",\"description\":\"\u0160koda We Love Cycling magazine\",\"alternateName\":\"\u0160koda WLC\",\"potentialAction\":[{\"@type\":\"SearchAction\",\"target\":{\"@type\":\"EntryPoint\",\"urlTemplate\":\"https:\/\/www.welovecycling.com\/wide\/?s={search_term_string}\"},\"query-input\":{\"@type\":\"PropertyValueSpecification\",\"valueRequired\":true,\"valueName\":\"search_term_string\"}}],\"inLanguage\":\"en-US\"},{\"@type\":\"Person\",\"@id\":\"https:\/\/www.welovecycling.com\/wide\/#\/schema\/person\/50f01ecd18718d2333cf72e823c4f926\",\"name\":\"tereza\",\"image\":{\"@type\":\"ImageObject\",\"inLanguage\":\"en-US\",\"@id\":\"https:\/\/www.welovecycling.com\/wide\/#\/schema\/person\/image\/\",\"url\":\"https:\/\/secure.gravatar.com\/avatar\/1f9eb71be33845f0afabce3791bc1c58ecdb0a25c62964987e5dbcf7a20d2ec7?s=96&d=mm&r=g\",\"contentUrl\":\"https:\/\/secure.gravatar.com\/avatar\/1f9eb71be33845f0afabce3791bc1c58ecdb0a25c62964987e5dbcf7a20d2ec7?s=96&d=mm&r=g\",\"caption\":\"tereza\"},\"url\":\"https:\/\/www.welovecycling.com\/wide\/author\/tereza\/\"}]}<\/script>\n<!-- \/ Yoast SEO Premium plugin. -->","yoast_head_json":{"title":"Start E-Bike Commuting This Spring","description":"Ah, spring! The birds are chirping, the sun is shining, and the traffic\u2026 is still soul-crushing. But what if I told you there was a way to complement your","robots":{"index":"index","follow":"follow","max-snippet":"max-snippet:-1","max-image-preview":"max-image-preview:large","max-video-preview":"max-video-preview:-1"},"canonical":"https:\/\/www.welovecycling.com\/wide\/2025\/03\/13\/start-e-bike-commuting-this-spring\/","og_locale":"en_US","og_type":"article","og_title":"Start E-Bike Commuting This Spring: Ditch the Traffic, Keep Your Dignity","og_description":"Ah, spring! The birds are chirping, the sun is shining, and the traffic\u2026 is still soul-crushing. But what if I told you there was a way to complement your","og_url":"https:\/\/www.welovecycling.com\/wide\/2025\/03\/13\/start-e-bike-commuting-this-spring\/","og_site_name":"\u0160koda We Love Cycling","article_published_time":"2025-03-13T04:29:43+00:00","og_image":[{"width":990,"height":660,"url":"https:\/\/d2p6e6u75xmxt8.cloudfront.net\/2\/2025\/03\/E-Bike-Commute-profimedia-0893829363-CVR.webp","type":"image\/webp"}],"author":"tereza","twitter_card":"summary_large_image","twitter_misc":{"Written by":"Monica Buck","Est. reading time":"3"},"schema":{"@context":"https:\/\/schema.org","@graph":[{"@type":"WebPage","@id":"https:\/\/www.welovecycling.com\/wide\/2025\/03\/13\/start-e-bike-commuting-this-spring\/","url":"https:\/\/www.welovecycling.com\/wide\/2025\/03\/13\/start-e-bike-commuting-this-spring\/","name":"Start E-Bike Commuting This Spring","isPartOf":{"@id":"https:\/\/www.welovecycling.com\/wide\/#website"},"primaryImageOfPage":{"@id":"https:\/\/www.welovecycling.com\/wide\/2025\/03\/13\/start-e-bike-commuting-this-spring\/#primaryimage"},"image":{"@id":"https:\/\/www.welovecycling.com\/wide\/2025\/03\/13\/start-e-bike-commuting-this-spring\/#primaryimage"},"thumbnailUrl":"https:\/\/d2p6e6u75xmxt8.cloudfront.net\/2\/2025\/03\/E-Bike-Commute-profimedia-0893829363-CVR.webp","datePublished":"2025-03-13T04:29:43+00:00","author":{"@id":"https:\/\/www.welovecycling.com\/wide\/#\/schema\/person\/50f01ecd18718d2333cf72e823c4f926"},"description":"Ah, spring! The birds are chirping, the sun is shining, and the traffic\u2026 is still soul-crushing. But what if I told you there was a way to complement your","breadcrumb":{"@id":"https:\/\/www.welovecycling.com\/wide\/2025\/03\/13\/start-e-bike-commuting-this-spring\/#breadcrumb"},"inLanguage":"en-US","potentialAction":[{"@type":"ReadAction","target":["https:\/\/www.welovecycling.com\/wide\/2025\/03\/13\/start-e-bike-commuting-this-spring\/"]}]},{"@type":"ImageObject","inLanguage":"en-US","@id":"https:\/\/www.welovecycling.com\/wide\/2025\/03\/13\/start-e-bike-commuting-this-spring\/#primaryimage","url":"https:\/\/d2p6e6u75xmxt8.cloudfront.net\/2\/2025\/03\/E-Bike-Commute-profimedia-0893829363-CVR.webp","contentUrl":"https:\/\/d2p6e6u75xmxt8.cloudfront.net\/2\/2025\/03\/E-Bike-Commute-profimedia-0893829363-CVR.webp","width":990,"height":660,"caption":"E-Biking"},{"@type":"BreadcrumbList","@id":"https:\/\/www.welovecycling.com\/wide\/2025\/03\/13\/start-e-bike-commuting-this-spring\/#breadcrumb","itemListElement":[{"@type":"ListItem","position":1,"name":"Home","item":"https:\/\/www.welovecycling.com\/wide\/"},{"@type":"ListItem","position":2,"name":"Start E-Bike Commuting This Spring: Ditch the Traffic, Keep Your Dignity"}]},{"@type":"WebSite","@id":"https:\/\/www.welovecycling.com\/wide\/#website","url":"https:\/\/www.welovecycling.com\/wide\/","name":"\u0160koda We Love Cycling","description":"\u0160koda We Love Cycling magazine","alternateName":"\u0160koda WLC","potentialAction":[{"@type":"SearchAction","target":{"@type":"EntryPoint","urlTemplate":"https:\/\/www.welovecycling.com\/wide\/?s={search_term_string}"},"query-input":{"@type":"PropertyValueSpecification","valueRequired":true,"valueName":"search_term_string"}}],"inLanguage":"en-US"},{"@type":"Person","@id":"https:\/\/www.welovecycling.com\/wide\/#\/schema\/person\/50f01ecd18718d2333cf72e823c4f926","name":"tereza","image":{"@type":"ImageObject","inLanguage":"en-US","@id":"https:\/\/www.welovecycling.com\/wide\/#\/schema\/person\/image\/","url":"https:\/\/secure.gravatar.com\/avatar\/1f9eb71be33845f0afabce3791bc1c58ecdb0a25c62964987e5dbcf7a20d2ec7?s=96&d=mm&r=g","contentUrl":"https:\/\/secure.gravatar.com\/avatar\/1f9eb71be33845f0afabce3791bc1c58ecdb0a25c62964987e5dbcf7a20d2ec7?s=96&d=mm&r=g","caption":"tereza"},"url":"https:\/\/www.welovecycling.com\/wide\/author\/tereza\/"}]}},"_links":{"self":[{"href":"https:\/\/www.welovecycling.com\/wide\/wp-json\/wp\/v2\/posts\/198131","targetHints":{"allow":["GET"]}}],"collection":[{"href":"https:\/\/www.welovecycling.com\/wide\/wp-json\/wp\/v2\/posts"}],"about":[{"href":"https:\/\/www.welovecycling.com\/wide\/wp-json\/wp\/v2\/types\/post"}],"author":[{"embeddable":true,"href":"https:\/\/www.welovecycling.com\/wide\/wp-json\/wp\/v2\/users\/99"}],"replies":[{"embeddable":true,"href":"https:\/\/www.welovecycling.com\/wide\/wp-json\/wp\/v2\/comments?post=198131"}],"version-history":[{"count":2,"href":"https:\/\/www.welovecycling.com\/wide\/wp-json\/wp\/v2\/posts\/198131\/revisions"}],"predecessor-version":[{"id":198168,"href":"https:\/\/www.welovecycling.com\/wide\/wp-json\/wp\/v2\/posts\/198131\/revisions\/198168"}],"wp:featuredmedia":[{"embeddable":true,"href":"https:\/\/www.welovecycling.com\/wide\/wp-json\/wp\/v2\/media\/198167"}],"wp:attachment":[{"href":"https:\/\/www.welovecycling.com\/wide\/wp-json\/wp\/v2\/media?parent=198131"}],"wp:term":[{"taxonomy":"category","embeddable":true,"href":"https:\/\/www.welovecycling.com\/wide\/wp-json\/wp\/v2\/categories?post=198131"},{"taxonomy":"post_tag","embeddable":true,"href":"https:\/\/www.welovecycling.com\/wide\/wp-json\/wp\/v2\/tags?post=198131"},{"taxonomy":"global-categories","embeddable":true,"href":"https:\/\/www.welovecycling.com\/wide\/wp-json\/wp\/v2\/global-categories?post=198131"}],"curies":[{"name":"wp","href":"https:\/\/api.w.org\/{rel}","templated":true}]}}