{"id":197852,"date":"2025-02-06T12:19:35","date_gmt":"2025-02-06T12:19:35","guid":{"rendered":"https:\/\/www.welovecycling.com\/wide\/?p=197852"},"modified":"2025-02-06T12:19:35","modified_gmt":"2025-02-06T12:19:35","slug":"sweeck-takes-sweet-win-in-exact-cross-maldegem","status":"publish","type":"post","link":"https:\/\/www.welovecycling.com\/wide\/2025\/02\/06\/sweeck-takes-sweet-win-in-exact-cross-maldegem\/","title":{"rendered":"Sweeck Takes Sweet Win in Exact Cross Maldegem"},"content":{"rendered":"<p style=\"font-weight: 400;\"><strong>Laurens Sweeck rode a clever tactical race and proved strongest on the 11th, and final, lap of the Exact Cross in Maldegem to take the race for the third time, tying cyclocross legend Sven Nys for most wins in the race, which was formerly known as the Ethias Cross.<\/strong><\/p>\n<p><!--more--><\/p>\n<p style=\"font-weight: 400;\">The Crelan-Corendon rider had just enough gas left to hold off defending race champion Eli Iserbyt (Pauwels Sauzen\u2013Cibel Clementines) to win his second Exact Cross race of the year. Iserbyt, who has had a disappointing year while battling a chronic back condition, finished 3 seconds adrift. Niels Vandeputte (Alpecin-Deceuninck) was third at 9 seconds.<\/p>\n<p style=\"font-weight: 400;\">In the first race after the Cyclo-cross World Championships, in which Sweeck finished tenth, and without the \u201cBig Vans\u201d (Mathieu van der Poel and Wout van Aert), spectators were treated to a tense battle over a dry, very fast course that made it difficult to open gaps. So fast and dry was the Maldegem course that riders didn\u2019t slow down for the sand pit but attacked it at full throttle.<\/p>\n<p style=\"font-weight: 400;\">No fewer than nine riders were still in contention at the end of lap 9, though it was clear that Sweeck and Iserbyt were the riders to beat as they took turns leading the group and occasionally accelerating to try and reduce the number of riders with them. It wasn\u2019t until lap 10, however, that the two managed to open a small gap on the rest under Iserbyt\u2019s impetus. The duo had 4 seconds on their pursuers at the end of the penultimate circuit and only Vandeputte managed to temporarily close them down before he was dropped again.<\/p>\n<p style=\"font-weight: 400;\">When Sweeck mounted his final attack, Iserbyt had no answer and could never get closer to the winner than the final margin. \u201cIt was a fun race. My idea today was to ride flat out, but every time I looked back I saw ten men on my wheel,\u201d the winner said after the race. \u201cAfter that, I decided to always sit in second or third position so that I could always be attentive. I succeeded in that. This makes me very happy, especially because Sunday [in the World Championships] was such a disappointment.\u201d<\/p>\n<blockquote class=\"instagram-media\" data-instgrm-captioned data-instgrm-permalink=\"https:\/\/www.instagram.com\/p\/DFslU__oaRR\/?utm_source=ig_embed&amp;utm_campaign=loading\" data-instgrm-version=\"14\" style=\" background:#FFF; border:0; border-radius:3px; box-shadow:0 0 1px 0 rgba(0,0,0,0.5),0 1px 10px 0 rgba(0,0,0,0.15); margin: 1px; max-width:540px; min-width:326px; padding:0; width:99.375%; width:-webkit-calc(100% - 2px); width:calc(100% - 2px);\">\n<div style=\"padding:16px;\"> <a href=\"https:\/\/www.instagram.com\/p\/DFslU__oaRR\/?utm_source=ig_embed&amp;utm_campaign=loading\" style=\" background:#FFFFFF; line-height:0; padding:0 0; text-align:center; text-decoration:none; width:100%;\" target=\"_blank\" rel=\"noopener\"> <\/p>\n<div style=\" display: flex; flex-direction: row; align-items: center;\">\n<div style=\"background-color: #F4F4F4; border-radius: 50%; flex-grow: 0; height: 40px; margin-right: 14px; width: 40px;\"><\/div>\n<div style=\"display: flex; flex-direction: column; flex-grow: 1; justify-content: center;\">\n<div style=\" background-color: #F4F4F4; border-radius: 4px; flex-grow: 0; height: 14px; margin-bottom: 6px; width: 100px;\"><\/div>\n<div style=\" background-color: #F4F4F4; border-radius: 4px; flex-grow: 0; height: 14px; width: 60px;\"><\/div>\n<\/div>\n<\/div>\n<div style=\"padding: 19% 0;\"><\/div>\n<div style=\"display:block; height:50px; margin:0 auto 12px; width:50px;\"><svg width=\"50px\" height=\"50px\" viewBox=\"0 0 60 60\" version=\"1.1\" xmlns=\"https:\/\/www.w3.org\/2000\/svg\" xmlns:xlink=\"https:\/\/www.w3.org\/1999\/xlink\"><g stroke=\"none\" stroke-width=\"1\" fill=\"none\" fill-rule=\"evenodd\"><g transform=\"translate(-511.000000, -20.000000)\" fill=\"#000000\"><g><path d=\"M556.869,30.41 C554.814,30.41 553.148,32.076 553.148,34.131 C553.148,36.186 554.814,37.852 556.869,37.852 C558.924,37.852 560.59,36.186 560.59,34.131 C560.59,32.076 558.924,30.41 556.869,30.41 M541,60.657 C535.114,60.657 530.342,55.887 530.342,50 C530.342,44.114 535.114,39.342 541,39.342 C546.887,39.342 551.658,44.114 551.658,50 C551.658,55.887 546.887,60.657 541,60.657 M541,33.886 C532.1,33.886 524.886,41.1 524.886,50 C524.886,58.899 532.1,66.113 541,66.113 C549.9,66.113 557.115,58.899 557.115,50 C557.115,41.1 549.9,33.886 541,33.886 M565.378,62.101 C565.244,65.022 564.756,66.606 564.346,67.663 C563.803,69.06 563.154,70.057 562.106,71.106 C561.058,72.155 560.06,72.803 558.662,73.347 C557.607,73.757 556.021,74.244 553.102,74.378 C549.944,74.521 548.997,74.552 541,74.552 C533.003,74.552 532.056,74.521 528.898,74.378 C525.979,74.244 524.393,73.757 523.338,73.347 C521.94,72.803 520.942,72.155 519.894,71.106 C518.846,70.057 518.197,69.06 517.654,67.663 C517.244,66.606 516.755,65.022 516.623,62.101 C516.479,58.943 516.448,57.996 516.448,50 C516.448,42.003 516.479,41.056 516.623,37.899 C516.755,34.978 517.244,33.391 517.654,32.338 C518.197,30.938 518.846,29.942 519.894,28.894 C520.942,27.846 521.94,27.196 523.338,26.654 C524.393,26.244 525.979,25.756 528.898,25.623 C532.057,25.479 533.004,25.448 541,25.448 C548.997,25.448 549.943,25.479 553.102,25.623 C556.021,25.756 557.607,26.244 558.662,26.654 C560.06,27.196 561.058,27.846 562.106,28.894 C563.154,29.942 563.803,30.938 564.346,32.338 C564.756,33.391 565.244,34.978 565.378,37.899 C565.522,41.056 565.552,42.003 565.552,50 C565.552,57.996 565.522,58.943 565.378,62.101 M570.82,37.631 C570.674,34.438 570.167,32.258 569.425,30.349 C568.659,28.377 567.633,26.702 565.965,25.035 C564.297,23.368 562.623,22.342 560.652,21.575 C558.743,20.834 556.562,20.326 553.369,20.18 C550.169,20.033 549.148,20 541,20 C532.853,20 531.831,20.033 528.631,20.18 C525.438,20.326 523.257,20.834 521.349,21.575 C519.376,22.342 517.703,23.368 516.035,25.035 C514.368,26.702 513.342,28.377 512.574,30.349 C511.834,32.258 511.326,34.438 511.181,37.631 C511.035,40.831 511,41.851 511,50 C511,58.147 511.035,59.17 511.181,62.369 C511.326,65.562 511.834,67.743 512.574,69.651 C513.342,71.625 514.368,73.296 516.035,74.965 C517.703,76.634 519.376,77.658 521.349,78.425 C523.257,79.167 525.438,79.673 528.631,79.82 C531.831,79.965 532.853,80.001 541,80.001 C549.148,80.001 550.169,79.965 553.369,79.82 C556.562,79.673 558.743,79.167 560.652,78.425 C562.623,77.658 564.297,76.634 565.965,74.965 C567.633,73.296 568.659,71.625 569.425,69.651 C570.167,67.743 570.674,65.562 570.82,62.369 C570.966,59.17 571,58.147 571,50 C571,41.851 570.966,40.831 570.82,37.631\"><\/path><\/g><\/g><\/g><\/svg><\/div>\n<div style=\"padding-top: 8px;\">\n<div style=\" color:#3897f0; font-family:Arial,sans-serif; font-size:14px; font-style:normal; font-weight:550; line-height:18px;\">View this post on Instagram<\/div>\n<\/div>\n<div style=\"padding: 12.5% 0;\"><\/div>\n<div style=\"display: flex; flex-direction: row; margin-bottom: 14px; align-items: center;\">\n<div>\n<div style=\"background-color: #F4F4F4; border-radius: 50%; height: 12.5px; width: 12.5px; transform: translateX(0px) translateY(7px);\"><\/div>\n<div style=\"background-color: #F4F4F4; height: 12.5px; transform: rotate(-45deg) translateX(3px) translateY(1px); width: 12.5px; flex-grow: 0; margin-right: 14px; margin-left: 2px;\"><\/div>\n<div style=\"background-color: #F4F4F4; border-radius: 50%; height: 12.5px; width: 12.5px; transform: translateX(9px) translateY(-18px);\"><\/div>\n<\/div>\n<div style=\"margin-left: 8px;\">\n<div style=\" background-color: #F4F4F4; border-radius: 50%; flex-grow: 0; height: 20px; width: 20px;\"><\/div>\n<div style=\" width: 0; height: 0; border-top: 2px solid transparent; border-left: 6px solid #f4f4f4; border-bottom: 2px solid transparent; transform: translateX(16px) translateY(-4px) rotate(30deg)\"><\/div>\n<\/div>\n<div style=\"margin-left: auto;\">\n<div style=\" width: 0px; border-top: 8px solid #F4F4F4; border-right: 8px solid transparent; transform: translateY(16px);\"><\/div>\n<div style=\" background-color: #F4F4F4; flex-grow: 0; height: 12px; width: 16px; transform: translateY(-4px);\"><\/div>\n<div style=\" width: 0; height: 0; border-top: 8px solid #F4F4F4; border-left: 8px solid transparent; transform: translateY(-4px) translateX(8px);\"><\/div>\n<\/div>\n<\/div>\n<div style=\"display: flex; flex-direction: column; flex-grow: 1; justify-content: center; margin-bottom: 24px;\">\n<div style=\" background-color: #F4F4F4; border-radius: 4px; flex-grow: 0; height: 14px; margin-bottom: 6px; width: 224px;\"><\/div>\n<div style=\" background-color: #F4F4F4; border-radius: 4px; flex-grow: 0; height: 14px; width: 144px;\"><\/div>\n<\/div>\n<p><\/a><\/p>\n<p style=\" color:#c9c8cd; font-family:Arial,sans-serif; font-size:14px; line-height:17px; margin-bottom:0; margin-top:8px; overflow:hidden; padding:8px 0 7px; text-align:center; text-overflow:ellipsis; white-space:nowrap;\"><a href=\"https:\/\/www.instagram.com\/p\/DFslU__oaRR\/?utm_source=ig_embed&amp;utm_campaign=loading\" style=\" color:#c9c8cd; font-family:Arial,sans-serif; font-size:14px; font-style:normal; font-weight:normal; line-height:17px; text-decoration:none;\" target=\"_blank\" rel=\"noopener\">A post shared by Exact Cross (@exact_cross)<\/a><\/p>\n<\/div>\n<\/blockquote>\n<p><script async src=\"\/\/www.instagram.com\/embed.js\"><\/script>&nbsp;<\/p>\n<p style=\"font-weight: 400;\">With only a few races left in the season, Sweeck was delighted to rack up one more win before hanging up his cyclocross shoes for the year. \u201cI actually didn&#8217;t expect it anymore, that I could win another race,\u201d he said. \u201cThat&#8217;s why I&#8217;m happy.\u201d<\/p>\n<p style=\"font-weight: 400;\">This was the sixth of the season\u2019s seven-race Exact Cross series. Sweeck and Iserbyt have both won two, with the other victories going to van der Poel (Alpecin-Deceuninck) and Lars van der Haar (Baloise Glowi Lions). The Waaslandcross at Sint-Niklaas in Belgium, to be held on February 15, will be the final Exact Cross of the season.<\/p>\n<p style=\"font-weight: 400;\">There will be two more races in the X20 Trofee series, in which Iserbyt seems to have an insurmountable lead over Toon Aerts (Deschacht-Hens-FSP). Winning that series would go a long way to ease the disappointment of the season for him. In addition, one more race remains to be run in the prestigious Superprestige series, the Noordzeecross at Middelkerke, also in Belgium. Vandepuute has a lead of 85 points to 75 over van der Haar in that series, with 2024-25 World Cup champion Michael Vanthourenhout (Pauwels Sauzen\u2013Cibel Clementines) at 70 points.<\/p>\n<h4 style=\"font-weight: 400;\"><strong>Standings of Exact Cross Maldegem\u2013Parkcross 2025<\/strong><\/h4>\n<ol>\n<li style=\"font-weight: 400;\">Laurens Sweeck, Crelan-Corendon \u00a059:57<\/li>\n<li style=\"font-weight: 400;\">Eli Iserbyt, Pauwels Sauzen\u2013Cibel Clementines + 0:03<\/li>\n<li style=\"font-weight: 400;\">Niels Vandeputte, Alpecin-Deceuninck 0:09<\/li>\n<li style=\"font-weight: 400;\">Emiel Verstrynge, Crelan-Corendon 0:12<\/li>\n<li style=\"font-weight: 400;\">Toon Aerts, Deschacht-Hens-FSP 0:13<\/li>\n<li style=\"font-weight: 400;\">Mees Hendrikx, Heizomat Radteam p\/b Herrmann 0:14<\/li>\n<li style=\"font-weight: 400;\">Anton Ferdinande (no team) 0:15<\/li>\n<li style=\"font-weight: 400;\">Jente Michels, Alpecin-Deceuninck 0:22<\/li>\n<li style=\"font-weight: 400;\">Joran Wyseure, Crelan-Corendon 0:37<\/li>\n<li style=\"font-weight: 400;\">Jens Adams (no team) 0:41<\/li>\n<\/ol>\n","protected":false},"excerpt":{"rendered":"<p>Laurens Sweeck rode a clever tactical race and proved strongest on the 11th, and final, lap of the Exact Cross [&hellip;]<\/p>\n","protected":false},"author":99,"featured_media":197853,"comment_status":"closed","ping_status":"open","sticky":false,"template":"","format":"standard","meta":{"footnotes":""},"categories":[329],"tags":[631,632,6823,5928],"global-categories":[3366],"class_list":["post-197852","post","type-post","status-publish","format-standard","has-post-thumbnail","hentry","category-road-cycling","tag-cyclo-cross","tag-cyclocross","tag-laurens-sweeck","tag-michael-vanthourenhout","global-categories-cycling"],"yoast_head":"<!-- This site is optimized with the Yoast SEO Premium plugin v25.3 (Yoast SEO v25.9) - https:\/\/yoast.com\/wordpress\/plugins\/seo\/ -->\n<title>Sweeck Takes Sweet Win in Exact Cross Maldegem - \u0160koda We Love Cycling<\/title>\n<meta name=\"description\" content=\"Laurens Sweeck rode a clever tactical race and proved strongest on the 11th, and final, lap of the Exact Cross in Maldegem to take the race for the third\" \/>\n<meta name=\"robots\" content=\"index, follow, max-snippet:-1, max-image-preview:large, max-video-preview:-1\" \/>\n<link rel=\"canonical\" href=\"https:\/\/www.welovecycling.com\/wide\/2025\/02\/06\/sweeck-takes-sweet-win-in-exact-cross-maldegem\/\" \/>\n<meta property=\"og:locale\" content=\"en_US\" \/>\n<meta property=\"og:type\" content=\"article\" \/>\n<meta property=\"og:title\" content=\"Sweeck Takes Sweet Win in Exact Cross Maldegem\" \/>\n<meta property=\"og:description\" content=\"Laurens Sweeck rode a clever tactical race and proved strongest on the 11th, and final, lap of the Exact Cross in Maldegem to take the race for the third\" \/>\n<meta property=\"og:url\" content=\"https:\/\/www.welovecycling.com\/wide\/2025\/02\/06\/sweeck-takes-sweet-win-in-exact-cross-maldegem\/\" \/>\n<meta property=\"og:site_name\" content=\"\u0160koda We Love Cycling\" \/>\n<meta property=\"article:published_time\" content=\"2025-02-06T12:19:35+00:00\" \/>\n<meta property=\"og:image\" content=\"https:\/\/d2p6e6u75xmxt8.cloudfront.net\/2\/2025\/02\/Laurens-Sweeck-profimedia-0960469078-CVR.webp\" \/>\n\t<meta property=\"og:image:width\" content=\"990\" \/>\n\t<meta property=\"og:image:height\" content=\"660\" \/>\n\t<meta property=\"og:image:type\" content=\"image\/webp\" \/>\n<meta name=\"author\" content=\"tereza\" \/>\n<meta name=\"twitter:card\" content=\"summary_large_image\" \/>\n<meta name=\"twitter:label1\" content=\"Written by\" \/>\n\t<meta name=\"twitter:data1\" content=\"Siegfried Mortkowitz\" \/>\n\t<meta name=\"twitter:label2\" content=\"Est. reading time\" \/>\n\t<meta name=\"twitter:data2\" content=\"3\" \/>\n<script type=\"application\/ld+json\" class=\"yoast-schema-graph\">{\"@context\":\"https:\/\/schema.org\",\"@graph\":[{\"@type\":\"WebPage\",\"@id\":\"https:\/\/www.welovecycling.com\/wide\/2025\/02\/06\/sweeck-takes-sweet-win-in-exact-cross-maldegem\/\",\"url\":\"https:\/\/www.welovecycling.com\/wide\/2025\/02\/06\/sweeck-takes-sweet-win-in-exact-cross-maldegem\/\",\"name\":\"Sweeck Takes Sweet Win in Exact Cross Maldegem - \u0160koda We Love Cycling\",\"isPartOf\":{\"@id\":\"https:\/\/www.welovecycling.com\/wide\/#website\"},\"primaryImageOfPage\":{\"@id\":\"https:\/\/www.welovecycling.com\/wide\/2025\/02\/06\/sweeck-takes-sweet-win-in-exact-cross-maldegem\/#primaryimage\"},\"image\":{\"@id\":\"https:\/\/www.welovecycling.com\/wide\/2025\/02\/06\/sweeck-takes-sweet-win-in-exact-cross-maldegem\/#primaryimage\"},\"thumbnailUrl\":\"https:\/\/d2p6e6u75xmxt8.cloudfront.net\/2\/2025\/02\/Laurens-Sweeck-profimedia-0960469078-CVR.webp\",\"datePublished\":\"2025-02-06T12:19:35+00:00\",\"author\":{\"@id\":\"https:\/\/www.welovecycling.com\/wide\/#\/schema\/person\/50f01ecd18718d2333cf72e823c4f926\"},\"description\":\"Laurens Sweeck rode a clever tactical race and proved strongest on the 11th, and final, lap of the Exact Cross in Maldegem to take the race for the third\",\"breadcrumb\":{\"@id\":\"https:\/\/www.welovecycling.com\/wide\/2025\/02\/06\/sweeck-takes-sweet-win-in-exact-cross-maldegem\/#breadcrumb\"},\"inLanguage\":\"en-US\",\"potentialAction\":[{\"@type\":\"ReadAction\",\"target\":[\"https:\/\/www.welovecycling.com\/wide\/2025\/02\/06\/sweeck-takes-sweet-win-in-exact-cross-maldegem\/\"]}]},{\"@type\":\"ImageObject\",\"inLanguage\":\"en-US\",\"@id\":\"https:\/\/www.welovecycling.com\/wide\/2025\/02\/06\/sweeck-takes-sweet-win-in-exact-cross-maldegem\/#primaryimage\",\"url\":\"https:\/\/d2p6e6u75xmxt8.cloudfront.net\/2\/2025\/02\/Laurens-Sweeck-profimedia-0960469078-CVR.webp\",\"contentUrl\":\"https:\/\/d2p6e6u75xmxt8.cloudfront.net\/2\/2025\/02\/Laurens-Sweeck-profimedia-0960469078-CVR.webp\",\"width\":990,\"height\":660,\"caption\":\"Laurens Sweeck\"},{\"@type\":\"BreadcrumbList\",\"@id\":\"https:\/\/www.welovecycling.com\/wide\/2025\/02\/06\/sweeck-takes-sweet-win-in-exact-cross-maldegem\/#breadcrumb\",\"itemListElement\":[{\"@type\":\"ListItem\",\"position\":1,\"name\":\"Home\",\"item\":\"https:\/\/www.welovecycling.com\/wide\/\"},{\"@type\":\"ListItem\",\"position\":2,\"name\":\"Sweeck Takes Sweet Win in Exact Cross Maldegem\"}]},{\"@type\":\"WebSite\",\"@id\":\"https:\/\/www.welovecycling.com\/wide\/#website\",\"url\":\"https:\/\/www.welovecycling.com\/wide\/\",\"name\":\"\u0160koda We Love Cycling\",\"description\":\"\u0160koda We Love Cycling magazine\",\"alternateName\":\"\u0160koda WLC\",\"potentialAction\":[{\"@type\":\"SearchAction\",\"target\":{\"@type\":\"EntryPoint\",\"urlTemplate\":\"https:\/\/www.welovecycling.com\/wide\/?s={search_term_string}\"},\"query-input\":{\"@type\":\"PropertyValueSpecification\",\"valueRequired\":true,\"valueName\":\"search_term_string\"}}],\"inLanguage\":\"en-US\"},{\"@type\":\"Person\",\"@id\":\"https:\/\/www.welovecycling.com\/wide\/#\/schema\/person\/50f01ecd18718d2333cf72e823c4f926\",\"name\":\"tereza\",\"image\":{\"@type\":\"ImageObject\",\"inLanguage\":\"en-US\",\"@id\":\"https:\/\/www.welovecycling.com\/wide\/#\/schema\/person\/image\/\",\"url\":\"https:\/\/secure.gravatar.com\/avatar\/1f9eb71be33845f0afabce3791bc1c58ecdb0a25c62964987e5dbcf7a20d2ec7?s=96&d=mm&r=g\",\"contentUrl\":\"https:\/\/secure.gravatar.com\/avatar\/1f9eb71be33845f0afabce3791bc1c58ecdb0a25c62964987e5dbcf7a20d2ec7?s=96&d=mm&r=g\",\"caption\":\"tereza\"},\"url\":\"https:\/\/www.welovecycling.com\/wide\/author\/tereza\/\"}]}<\/script>\n<!-- \/ Yoast SEO Premium plugin. -->","yoast_head_json":{"title":"Sweeck Takes Sweet Win in Exact Cross Maldegem - \u0160koda We Love Cycling","description":"Laurens Sweeck rode a clever tactical race and proved strongest on the 11th, and final, lap of the Exact Cross in Maldegem to take the race for the third","robots":{"index":"index","follow":"follow","max-snippet":"max-snippet:-1","max-image-preview":"max-image-preview:large","max-video-preview":"max-video-preview:-1"},"canonical":"https:\/\/www.welovecycling.com\/wide\/2025\/02\/06\/sweeck-takes-sweet-win-in-exact-cross-maldegem\/","og_locale":"en_US","og_type":"article","og_title":"Sweeck Takes Sweet Win in Exact Cross Maldegem","og_description":"Laurens Sweeck rode a clever tactical race and proved strongest on the 11th, and final, lap of the Exact Cross in Maldegem to take the race for the third","og_url":"https:\/\/www.welovecycling.com\/wide\/2025\/02\/06\/sweeck-takes-sweet-win-in-exact-cross-maldegem\/","og_site_name":"\u0160koda We Love Cycling","article_published_time":"2025-02-06T12:19:35+00:00","og_image":[{"width":990,"height":660,"url":"https:\/\/d2p6e6u75xmxt8.cloudfront.net\/2\/2025\/02\/Laurens-Sweeck-profimedia-0960469078-CVR.webp","type":"image\/webp"}],"author":"tereza","twitter_card":"summary_large_image","twitter_misc":{"Written by":"Siegfried Mortkowitz","Est. reading time":"3"},"schema":{"@context":"https:\/\/schema.org","@graph":[{"@type":"WebPage","@id":"https:\/\/www.welovecycling.com\/wide\/2025\/02\/06\/sweeck-takes-sweet-win-in-exact-cross-maldegem\/","url":"https:\/\/www.welovecycling.com\/wide\/2025\/02\/06\/sweeck-takes-sweet-win-in-exact-cross-maldegem\/","name":"Sweeck Takes Sweet Win in Exact Cross Maldegem - \u0160koda We Love Cycling","isPartOf":{"@id":"https:\/\/www.welovecycling.com\/wide\/#website"},"primaryImageOfPage":{"@id":"https:\/\/www.welovecycling.com\/wide\/2025\/02\/06\/sweeck-takes-sweet-win-in-exact-cross-maldegem\/#primaryimage"},"image":{"@id":"https:\/\/www.welovecycling.com\/wide\/2025\/02\/06\/sweeck-takes-sweet-win-in-exact-cross-maldegem\/#primaryimage"},"thumbnailUrl":"https:\/\/d2p6e6u75xmxt8.cloudfront.net\/2\/2025\/02\/Laurens-Sweeck-profimedia-0960469078-CVR.webp","datePublished":"2025-02-06T12:19:35+00:00","author":{"@id":"https:\/\/www.welovecycling.com\/wide\/#\/schema\/person\/50f01ecd18718d2333cf72e823c4f926"},"description":"Laurens Sweeck rode a clever tactical race and proved strongest on the 11th, and final, lap of the Exact Cross in Maldegem to take the race for the third","breadcrumb":{"@id":"https:\/\/www.welovecycling.com\/wide\/2025\/02\/06\/sweeck-takes-sweet-win-in-exact-cross-maldegem\/#breadcrumb"},"inLanguage":"en-US","potentialAction":[{"@type":"ReadAction","target":["https:\/\/www.welovecycling.com\/wide\/2025\/02\/06\/sweeck-takes-sweet-win-in-exact-cross-maldegem\/"]}]},{"@type":"ImageObject","inLanguage":"en-US","@id":"https:\/\/www.welovecycling.com\/wide\/2025\/02\/06\/sweeck-takes-sweet-win-in-exact-cross-maldegem\/#primaryimage","url":"https:\/\/d2p6e6u75xmxt8.cloudfront.net\/2\/2025\/02\/Laurens-Sweeck-profimedia-0960469078-CVR.webp","contentUrl":"https:\/\/d2p6e6u75xmxt8.cloudfront.net\/2\/2025\/02\/Laurens-Sweeck-profimedia-0960469078-CVR.webp","width":990,"height":660,"caption":"Laurens Sweeck"},{"@type":"BreadcrumbList","@id":"https:\/\/www.welovecycling.com\/wide\/2025\/02\/06\/sweeck-takes-sweet-win-in-exact-cross-maldegem\/#breadcrumb","itemListElement":[{"@type":"ListItem","position":1,"name":"Home","item":"https:\/\/www.welovecycling.com\/wide\/"},{"@type":"ListItem","position":2,"name":"Sweeck Takes Sweet Win in Exact Cross Maldegem"}]},{"@type":"WebSite","@id":"https:\/\/www.welovecycling.com\/wide\/#website","url":"https:\/\/www.welovecycling.com\/wide\/","name":"\u0160koda We Love Cycling","description":"\u0160koda We Love Cycling magazine","alternateName":"\u0160koda WLC","potentialAction":[{"@type":"SearchAction","target":{"@type":"EntryPoint","urlTemplate":"https:\/\/www.welovecycling.com\/wide\/?s={search_term_string}"},"query-input":{"@type":"PropertyValueSpecification","valueRequired":true,"valueName":"search_term_string"}}],"inLanguage":"en-US"},{"@type":"Person","@id":"https:\/\/www.welovecycling.com\/wide\/#\/schema\/person\/50f01ecd18718d2333cf72e823c4f926","name":"tereza","image":{"@type":"ImageObject","inLanguage":"en-US","@id":"https:\/\/www.welovecycling.com\/wide\/#\/schema\/person\/image\/","url":"https:\/\/secure.gravatar.com\/avatar\/1f9eb71be33845f0afabce3791bc1c58ecdb0a25c62964987e5dbcf7a20d2ec7?s=96&d=mm&r=g","contentUrl":"https:\/\/secure.gravatar.com\/avatar\/1f9eb71be33845f0afabce3791bc1c58ecdb0a25c62964987e5dbcf7a20d2ec7?s=96&d=mm&r=g","caption":"tereza"},"url":"https:\/\/www.welovecycling.com\/wide\/author\/tereza\/"}]}},"_links":{"self":[{"href":"https:\/\/www.welovecycling.com\/wide\/wp-json\/wp\/v2\/posts\/197852","targetHints":{"allow":["GET"]}}],"collection":[{"href":"https:\/\/www.welovecycling.com\/wide\/wp-json\/wp\/v2\/posts"}],"about":[{"href":"https:\/\/www.welovecycling.com\/wide\/wp-json\/wp\/v2\/types\/post"}],"author":[{"embeddable":true,"href":"https:\/\/www.welovecycling.com\/wide\/wp-json\/wp\/v2\/users\/99"}],"replies":[{"embeddable":true,"href":"https:\/\/www.welovecycling.com\/wide\/wp-json\/wp\/v2\/comments?post=197852"}],"version-history":[{"count":1,"href":"https:\/\/www.welovecycling.com\/wide\/wp-json\/wp\/v2\/posts\/197852\/revisions"}],"predecessor-version":[{"id":197854,"href":"https:\/\/www.welovecycling.com\/wide\/wp-json\/wp\/v2\/posts\/197852\/revisions\/197854"}],"wp:featuredmedia":[{"embeddable":true,"href":"https:\/\/www.welovecycling.com\/wide\/wp-json\/wp\/v2\/media\/197853"}],"wp:attachment":[{"href":"https:\/\/www.welovecycling.com\/wide\/wp-json\/wp\/v2\/media?parent=197852"}],"wp:term":[{"taxonomy":"category","embeddable":true,"href":"https:\/\/www.welovecycling.com\/wide\/wp-json\/wp\/v2\/categories?post=197852"},{"taxonomy":"post_tag","embeddable":true,"href":"https:\/\/www.welovecycling.com\/wide\/wp-json\/wp\/v2\/tags?post=197852"},{"taxonomy":"global-categories","embeddable":true,"href":"https:\/\/www.welovecycling.com\/wide\/wp-json\/wp\/v2\/global-categories?post=197852"}],"curies":[{"name":"wp","href":"https:\/\/api.w.org\/{rel}","templated":true}]}}