{"id":197527,"date":"2024-12-19T13:42:14","date_gmt":"2024-12-19T13:42:14","guid":{"rendered":"https:\/\/www.welovecycling.com\/wide\/?p=197527"},"modified":"2024-12-19T13:42:14","modified_gmt":"2024-12-19T13:42:14","slug":"cycling-2024-the-year-of-the-crash","status":"publish","type":"post","link":"https:\/\/www.welovecycling.com\/wide\/2024\/12\/19\/cycling-2024-the-year-of-the-crash\/","title":{"rendered":"Cycling 2024: The Year of the Crash"},"content":{"rendered":"<p style=\"font-weight: 400;\"><strong>The year that is now slinking toward the exit was an exciting period for road racing, with astonishing performances by V\u00e9lo d&#8217;Or\u00a0winner Tadej Poga\u010dar\u00a0and V\u00e9lo d&#8217;Or\u00a0runner-up Remco Evenepoel, both of whom achieved historic successes. But for me, the sport was marked by a series of serious crashes that distorted the season by sidelining two of the sport\u2019s superstars and set in motion an occasionally acrimonious conversation about the future of road racing.<\/strong><\/p>\n<p><!--more--><\/p>\n<p style=\"font-weight: 400;\">So it\u2019s fitting, really, that as the year winds down, one of the sport\u2019s greats, five-time Tour de France winner Eddy Merckx, crashed on a recreational ride near Mechelen, Belgium, and broke his hip. The 79-year-old holder of most road race victory records told <a href=\"https:\/\/www.hln.be\/wielrennen\/eddy-merckx-is-vastberaden-om-verder-te-fietsen-maar-niet-meer-alleen-die-les-heb-ik-geleerd~a3a1f528\/?referrer=https%3A%2F%2Fwww.cyclingnews.com%2Fnews%2Fat-first-no-one-came-to-help-eddy-merckx-talks-about-his-recent-crash-and-road-to-recovery%2F\">HLN<\/a> that his bike slipped on wet tracks at a railway crossing. \u201cDuring my bike ride, it suddenly started to drizzle,\u201d he said. \u201cI slid away with my rear wheel. I fell right on my right thigh and knew immediately that it was a fracture.\u201d<\/p>\n<p style=\"font-weight: 400;\">He was taken to hospital, underwent an operation and intends to get back on a bike as soon as possible. His accident came less than two weeks after Evenepoel crashed during a training ride, when the driver of a postal van opened the door in front of him, and suffered multiple fractures. He was taken to Erasmus Hospital in Anderlecht where scans revealed &#8220;fractures to his rib, right shoulder blade, and his right hand\u201d as well as \u201ccontusions on both lungs and a luxation of the clavicle,\u201d his Soudal\u2013Quick Step team said in a <a href=\"https:\/\/www.soudal-quickstepteam.com\/en\/news\/6799\/remco-evenepoel-update\">statement<\/a>.<\/p>\n<p style=\"font-weight: 400;\">He will not return to training until February and plans to start racing in mid-April, he told <a href=\"https:\/\/www.cyclingnews.com\/news\/remco-evenepoel-targets-return-on-bike-in-february-following-training-crash\/\">Studio Brussel<\/a> last week. That means he will miss several important one-day Classics, such as Strade Bianche and probably the Tour of Flanders, which is held in the first week of April. This crash was Evenepoel\u2019s second of the year after he came down in the Tour of the Basque Country in the mass crash that seriously injured two-time Tour winner Jonas Vingegaard and several others.<\/p>\n<p style=\"font-weight: 400;\">These crashes have become a serious and, as I\u2019ve said, contentious topic of discussion, especially in the wake of the deaths of the popular Swiss rider <a href=\"https:\/\/www.welovecycling.com\/wide\/2023\/06\/16\/gino-mader-dies-after-high-speed-tour-de-suisse-crash\/\" target=\"_blank\" rel=\"noopener\">Gino M\u00e4der<\/a> on a high-speed descent in the 2023 Tour de Suisse, that of Norwegian pro cyclist Andr\u00e9 Drege after crashing on a descent at this year\u2019s Tour of Austria, and that of 18-year-old Muriel Furrer who crashed on a wet descent during the Women\u2019s Junior Road Race World Championships on September 26.<\/p>\n<p style=\"font-weight: 400;\">Clearly, riders crash for many reasons \u2013 a bad or wet road surface, carelessness or over-aggressive riding, high speeds in curves, a van door that opens, a stranger\u2019s car driven carelessly \u2013 and often are not at fault. But the constantly increasing speeds in the peloton have taken the brunt of the blame. Perhaps because this is the element that, as the Tour de France director Christian Prudhomme apparently believes, is easiest to fix.<\/p>\n<p style=\"font-weight: 400;\">\u201cBeyond the behaviour of the athletes and the work of the organisers, it is absolutely necessary to reduce speed by appropriate measures: the riders are going too fast,\u201d <a href=\"https:\/\/road.cc\/content\/news\/cycling-live-blog-26-november-2024-311421\">Prudhomme said<\/a> at the annual general assembly of the Association of Race Organisers (AIOCC). \u201cThe faster they go, the greater the risk and the more they endanger themselves and others.\u201d<\/p>\n<p style=\"font-weight: 400;\">EF Education\u2013EasyPost General Manager Jonathan Vaughters disagrees and took to social media to express his disagreement. \u201cIt is absolutely infuriating to me how these fat cats, who have never raced so much as a child\u2019s tricycle, turning tens of millions in profit off the backs of others, squarely throw the blame of safety issues in cycling on the riders,\u201d he <a href=\"https:\/\/x.com\/Vaughters\/status\/1861052790476263556\">wrote<\/a> on X, then added: \u201c[Riders] are highly competitive people. They are hard-wired to the bone to take life-threatening risks. Similar to F1 drivers. And like in F1, the answer is to create a safer environment around them. Because they will always push the envelope as far as it goes.\u201d<\/p>\n<p style=\"font-weight: 400;\">The truth is that in this year\u2019s biggest crash, at the Tour of the Basque Country, the riders who fell had slowed down for a curve and were undone by a road surface distorted by tree roots under the asphalt. In addition, Vingegaard had flagged that particular spot in the course as unsafe six months before the race, and, apparently, nothing was done.<\/p>\n<div class=\"shortcode-ys-post-pinup\"><article class=\"loop-simple post-197415 post type-post status-publish format-standard has-post-thumbnail hentry category-road-cycling tag-2024-paris-olympics tag-2024-tour-de-france-femmes-avec-zwift tag-kasia-niewiadoma tag-lotte-kopecky tag-womens-cycling global-categories-cycling\" data-postid=\"197415\" role=\"article\" data-post-id=\"197415\" data-word-count=\"882\" data-headline-length=\"49\" data-category=\"Road cycling\" data-global-category=\"Cycling\" data-author=\"Megan Flottorp\" data-published=\"2024-12-09T15:51:17+00:00\" data-published-day=\"Monday\">\n    <div class=\"entry-thumbnail article-thumbnail\" content=\"https:\/\/d2p6e6u75xmxt8.cloudfront.net\/2\/2024\/12\/Tour-de-France-Femmes-Peloton-profimedia-0898623464-CVR-150x150.webp\"><a href=\"https:\/\/www.welovecycling.com\/wide\/2024\/12\/09\/2024-in-review-womens-road-cycling-highlights\/\" class=\"image-holder\" target=\"_self\"><img decoding=\"async\" loading=\"lazy\" class=\"\" src=\"https:\/\/d2p6e6u75xmxt8.cloudfront.net\/2\/2024\/12\/Tour-de-France-Femmes-Peloton-profimedia-0898623464-CVR.webp\" srcset=\"https:\/\/d2p6e6u75xmxt8.cloudfront.net\/2\/2024\/12\/Tour-de-France-Femmes-Peloton-profimedia-0898623464-CVR.webp 990w, https:\/\/d2p6e6u75xmxt8.cloudfront.net\/2\/2024\/12\/Tour-de-France-Femmes-Peloton-profimedia-0898623464-CVR-300x200.webp 300w, https:\/\/d2p6e6u75xmxt8.cloudfront.net\/2\/2024\/12\/Tour-de-France-Femmes-Peloton-profimedia-0898623464-CVR-768x512.webp 768w, https:\/\/d2p6e6u75xmxt8.cloudfront.net\/2\/2024\/12\/Tour-de-France-Femmes-Peloton-profimedia-0898623464-CVR-400x267.webp 400w, https:\/\/d2p6e6u75xmxt8.cloudfront.net\/2\/2024\/12\/Tour-de-France-Femmes-Peloton-profimedia-0898623464-CVR-272x182.webp 272w\" width=\"990\" height=\"660\" sizes=\"auto, (min-width: 1200px) 300px, (min-width: 768px) 25vw, 100vw\" alt=\"2024-in-review-womens-road-cycling-highlights\"\/><\/a><\/div>    <div class=\"entry-meta\">\n        <a class=\"label label-secondary post-category\" href=\"https:\/\/www.welovecycling.com\/wide\/category\/road-cycling\/\" title=\"Road cycling\">Road cycling<\/a>\n    <\/div>\n    <div class=\"entry-details\">\n        <a href=\"https:\/\/www.welovecycling.com\/wide\/2024\/12\/09\/2024-in-review-womens-road-cycling-highlights\/\" class='entry-title-wrapper'>\n            <h3 class=\"entry-title\"><span>2024 in Review: Women\u2019s Road Cycling Highlights<\/span><\/h3>\n        <\/a>\n    <\/div>\n    <\/article>\n<\/div>\n<p style=\"font-weight: 400;\">Regardless, the publication <a href=\"https:\/\/escapecollective.com\/exclusive-the-uci-is-considering-three-rules-to-slow-down-the-peloton\/\">Escape<\/a> reported in June that, according to \u201cindustry sources,\u201d the UCI was looking into three ways to slow down the peloton, \u201ca maximum rim depth, a gearing limit, and updates to handlebar width and lever angle rules.\u201d<\/p>\n<p style=\"font-weight: 400;\">Recently, during a press conference at the UAE training camp in Spain, Poga\u010dar also took part in this ongoing discussion, telling <a href=\"https:\/\/escapecollective.com\/pogacar-everybody-wants-to-go-faster-all-the-time\/\">Escape<\/a>, \u201cEverybody wants to go faster all the time. The whole cycling world is developing like any other sport, breaking records every year and going faster and faster. Technology moves ahead, and in one way I totally understand that we cannot be stuck on a steel bike that goes 10 km per hour slower. Marketing doesn\u2019t go so well selling the bikes, the jersey, the helmets.\u201d<\/p>\n<p style=\"font-weight: 400;\">He then made the sensible suggestion that course improvements are essential to increasing safety on the road. \u201cOrganisers are trying with new barriers on the roads. In some ways, they\u2019re really good,\u201d he said. \u201cChoosing the right roads, for me, is crucial. Not to go over speed bumps when it\u2019s 70 km per hour. Sensible finishes.\u201d<\/p>\n<p style=\"font-weight: 400;\">The Slovenian three-time Tour de France winner also pointed to the weather protocol, which can be used to shorten or abandon races when the conditions become hazardous. \u201cIt\u2019s getting used more and more, especially when there\u2019s snow or rain, or super cold, they\u2019re starting to apply it sometimes in the bigger races,\u201d he said. \u201cIn smaller races, they are still using it too [little]. Thinking of the opposite side, it\u2019s 45 degrees [Celsius] in some races, and people don\u2019t care because the car is air-conditioned. I think it\u2019s super dangerous.\u201d<\/p>\n<p style=\"font-weight: 400;\">These are all sensible suggestions but, unfortunately, they appear to be low on the bucket list of race organisers. It takes a great deal of effort and expense to make a course safe. It can involve many kilometres of road resurfacing or placing protective netting on steep descents, as in Alpine skiing, or even rerouting a race or stage because of a broken surface.<\/p>\n<p style=\"font-weight: 400;\">Who foots the bill for all that? The race organiser? The community hosting the race or stage? The UCI? Much better, and cheaper, to ask the bike manufacturers to limit the gearing and restyle the handlebars. And, of course, the manufacturers will be just too delighted to put a slower bike on the road when all their technology is geared (no pun intended) towards producing a more aerodynamic and faster product every year.<\/p>\n<p style=\"font-weight: 400;\">You can\u2019t ask riders to slow down either. They are racing for money, to support their families, and they know that they won\u2019t make more money by riding slower. There is much more money in the sport now, and speed is one of the reasons for that. It\u2019s no coincidence that cycling\u2019s global popularity has grown as the riders\u2019 speeds \u2013 and, let\u2019s face it, their risks \u2013 have increased. However, cycling is a dangerous sport, it always has been, but the danger has reached an unprecedented level, as has the sport\u2019s popularity. Again: not a coincidence.<\/p>\n<div class=\"shortcode-ys-post-pinup\"><article class=\"loop-simple post-197490 post type-post status-publish format-standard has-post-thumbnail hentry category-socialising-and-culture tag-remco-evenepoel tag-salaries-in-cycling tag-salary-cap-in-cycling tag-salary-in-cycling tag-tadej-pogacar global-categories-cycling\" data-postid=\"197490\" role=\"article\" data-post-id=\"197490\" data-word-count=\"1104\" data-headline-length=\"40\" data-category=\"Socialising and Culture\" data-global-category=\"Cycling\" data-author=\"SIegfried Mortkowitz\" data-published=\"2024-12-16T05:53:16+00:00\" data-published-day=\"Monday\">\n    <div class=\"entry-thumbnail article-thumbnail\" content=\"https:\/\/d2p6e6u75xmxt8.cloudfront.net\/2\/2024\/12\/Il-Lombardia-Peloton-profimedia-0919976590-CVR-150x150.webp\"><a href=\"https:\/\/www.welovecycling.com\/wide\/2024\/12\/16\/should-there-be-a-salary-cap-in-cycling\/\" class=\"image-holder\" target=\"_self\"><img decoding=\"async\" loading=\"lazy\" class=\"\" src=\"https:\/\/d2p6e6u75xmxt8.cloudfront.net\/2\/2024\/12\/Il-Lombardia-Peloton-profimedia-0919976590-CVR.webp\" srcset=\"https:\/\/d2p6e6u75xmxt8.cloudfront.net\/2\/2024\/12\/Il-Lombardia-Peloton-profimedia-0919976590-CVR.webp 990w, https:\/\/d2p6e6u75xmxt8.cloudfront.net\/2\/2024\/12\/Il-Lombardia-Peloton-profimedia-0919976590-CVR-300x200.webp 300w, https:\/\/d2p6e6u75xmxt8.cloudfront.net\/2\/2024\/12\/Il-Lombardia-Peloton-profimedia-0919976590-CVR-768x512.webp 768w, https:\/\/d2p6e6u75xmxt8.cloudfront.net\/2\/2024\/12\/Il-Lombardia-Peloton-profimedia-0919976590-CVR-400x267.webp 400w, https:\/\/d2p6e6u75xmxt8.cloudfront.net\/2\/2024\/12\/Il-Lombardia-Peloton-profimedia-0919976590-CVR-272x182.webp 272w\" width=\"990\" height=\"660\" sizes=\"auto, (min-width: 1200px) 300px, (min-width: 768px) 25vw, 100vw\" alt=\"should-there-be-a-salary-cap-in-cycling\"\/><\/a><\/div>    <div class=\"entry-meta\">\n        <a class=\"label label-secondary post-category\" href=\"https:\/\/www.welovecycling.com\/wide\/category\/socialising-and-culture\/\" title=\"Socialising and Culture\">Socialising and Culture<\/a>\n    <\/div>\n    <div class=\"entry-details\">\n        <a href=\"https:\/\/www.welovecycling.com\/wide\/2024\/12\/16\/should-there-be-a-salary-cap-in-cycling\/\" class='entry-title-wrapper'>\n            <h3 class=\"entry-title\"><span>Should There Be a Salary Cap in Cycling?<\/span><\/h3>\n        <\/a>\n    <\/div>\n    <\/article>\n<\/div>\n<p style=\"font-weight: 400;\">Technology will continue to do what it always does, make bikes even faster, which means that training methods have to improve to make cyclists capable of better handling these speeds. But riders are not created equal, and some will simply not have the reflexes to deal with the high speeds.<\/p>\n<p style=\"font-weight: 400;\">Having said that, roads will have to improve to accommodate these speeds, \u2013 this is essential. And they must be carefully inspected every year. Safety netting will have to be set up on hazardous curves and potential hazards, such as a surface that is slippery when wet or a particularly technical curve on a descent, are clearly marked in every race or stage.<\/p>\n<p style=\"font-weight: 400;\">Still, I can imagine a day in the not-too-distant future when riders will be clad from head to toe in a light, shock-absorbent, super-flexible nanoplastic that will protect them from serious injury without restricting their movements on the bike. And\/or their bikes and helmets will be connected to the road on which they are racing via lidar, a sensor system that will enable self-driving cars to communicate with each other and with the road infrastructure.<\/p>\n<p style=\"font-weight: 400;\">But I\u2019m fairly certain that whatever the future holds, they won\u2019t be riding slower than they are today.<\/p>\n","protected":false},"excerpt":{"rendered":"<p>The year that is now slinking toward the exit was an exciting period for road racing, with astonishing performances by [&hellip;]<\/p>\n","protected":false},"author":99,"featured_media":197545,"comment_status":"closed","ping_status":"open","sticky":false,"template":"","format":"standard","meta":{"footnotes":""},"categories":[329],"tags":[8236,8068,954,5450,3544,3415,5855],"global-categories":[3366],"class_list":["post-197527","post","type-post","status-publish","format-standard","has-post-thumbnail","hentry","category-road-cycling","tag-2024-in-review","tag-2024-velo-dor","tag-eddy-merckx","tag-jonas-vingegaard","tag-remco-evenepoel","tag-tadej-pogacar","tag-velo-dor","global-categories-cycling"],"yoast_head":"<!-- This site is optimized with the Yoast SEO Premium plugin v25.3 (Yoast SEO v25.9) - https:\/\/yoast.com\/wordpress\/plugins\/seo\/ -->\n<title>Cycling 2024: The Year of the Crash - \u0160koda We Love Cycling<\/title>\n<meta name=\"description\" content=\"The year that is now slinking toward the exit was an exciting period for road racing, with astonishing performances by V\u00e9lo d&#039;Or\u00a0winner Tadej Poga\u010dar\u00a0and\" \/>\n<meta name=\"robots\" content=\"index, follow, max-snippet:-1, max-image-preview:large, max-video-preview:-1\" \/>\n<link rel=\"canonical\" href=\"https:\/\/www.welovecycling.com\/wide\/2024\/12\/19\/cycling-2024-the-year-of-the-crash\/\" \/>\n<meta property=\"og:locale\" content=\"en_US\" \/>\n<meta property=\"og:type\" content=\"article\" \/>\n<meta property=\"og:title\" content=\"Cycling 2024: The Year of the Crash\" \/>\n<meta property=\"og:description\" content=\"The year that is now slinking toward the exit was an exciting period for road racing, with astonishing performances by V\u00e9lo d&#039;Or\u00a0winner Tadej Poga\u010dar\u00a0and\" \/>\n<meta property=\"og:url\" content=\"https:\/\/www.welovecycling.com\/wide\/2024\/12\/19\/cycling-2024-the-year-of-the-crash\/\" \/>\n<meta property=\"og:site_name\" content=\"\u0160koda We Love Cycling\" \/>\n<meta property=\"article:published_time\" content=\"2024-12-19T13:42:14+00:00\" \/>\n<meta property=\"og:image\" content=\"https:\/\/d2p6e6u75xmxt8.cloudfront.net\/2\/2024\/12\/Cycling-Peloton-profimedia-0904478933-CVR.webp\" \/>\n\t<meta property=\"og:image:width\" content=\"990\" \/>\n\t<meta property=\"og:image:height\" content=\"660\" \/>\n\t<meta property=\"og:image:type\" content=\"image\/webp\" \/>\n<meta name=\"author\" content=\"tereza\" \/>\n<meta name=\"twitter:card\" content=\"summary_large_image\" \/>\n<meta name=\"twitter:label1\" content=\"Written by\" \/>\n\t<meta name=\"twitter:data1\" content=\"SIegfried Mortkowitz\" \/>\n\t<meta name=\"twitter:label2\" content=\"Est. reading time\" \/>\n\t<meta name=\"twitter:data2\" content=\"3\" \/>\n<script type=\"application\/ld+json\" class=\"yoast-schema-graph\">{\"@context\":\"https:\/\/schema.org\",\"@graph\":[{\"@type\":\"WebPage\",\"@id\":\"https:\/\/www.welovecycling.com\/wide\/2024\/12\/19\/cycling-2024-the-year-of-the-crash\/\",\"url\":\"https:\/\/www.welovecycling.com\/wide\/2024\/12\/19\/cycling-2024-the-year-of-the-crash\/\",\"name\":\"Cycling 2024: The Year of the Crash - \u0160koda We Love Cycling\",\"isPartOf\":{\"@id\":\"https:\/\/www.welovecycling.com\/wide\/#website\"},\"primaryImageOfPage\":{\"@id\":\"https:\/\/www.welovecycling.com\/wide\/2024\/12\/19\/cycling-2024-the-year-of-the-crash\/#primaryimage\"},\"image\":{\"@id\":\"https:\/\/www.welovecycling.com\/wide\/2024\/12\/19\/cycling-2024-the-year-of-the-crash\/#primaryimage\"},\"thumbnailUrl\":\"https:\/\/d2p6e6u75xmxt8.cloudfront.net\/2\/2024\/12\/Cycling-Peloton-profimedia-0904478933-CVR.webp\",\"datePublished\":\"2024-12-19T13:42:14+00:00\",\"author\":{\"@id\":\"https:\/\/www.welovecycling.com\/wide\/#\/schema\/person\/50f01ecd18718d2333cf72e823c4f926\"},\"description\":\"The year that is now slinking toward the exit was an exciting period for road racing, with astonishing performances by V\u00e9lo d'Or\u00a0winner Tadej Poga\u010dar\u00a0and\",\"breadcrumb\":{\"@id\":\"https:\/\/www.welovecycling.com\/wide\/2024\/12\/19\/cycling-2024-the-year-of-the-crash\/#breadcrumb\"},\"inLanguage\":\"en-US\",\"potentialAction\":[{\"@type\":\"ReadAction\",\"target\":[\"https:\/\/www.welovecycling.com\/wide\/2024\/12\/19\/cycling-2024-the-year-of-the-crash\/\"]}]},{\"@type\":\"ImageObject\",\"inLanguage\":\"en-US\",\"@id\":\"https:\/\/www.welovecycling.com\/wide\/2024\/12\/19\/cycling-2024-the-year-of-the-crash\/#primaryimage\",\"url\":\"https:\/\/d2p6e6u75xmxt8.cloudfront.net\/2\/2024\/12\/Cycling-Peloton-profimedia-0904478933-CVR.webp\",\"contentUrl\":\"https:\/\/d2p6e6u75xmxt8.cloudfront.net\/2\/2024\/12\/Cycling-Peloton-profimedia-0904478933-CVR.webp\",\"width\":990,\"height\":660,\"caption\":\"Peloton\"},{\"@type\":\"BreadcrumbList\",\"@id\":\"https:\/\/www.welovecycling.com\/wide\/2024\/12\/19\/cycling-2024-the-year-of-the-crash\/#breadcrumb\",\"itemListElement\":[{\"@type\":\"ListItem\",\"position\":1,\"name\":\"Home\",\"item\":\"https:\/\/www.welovecycling.com\/wide\/\"},{\"@type\":\"ListItem\",\"position\":2,\"name\":\"Cycling 2024: The Year of the Crash\"}]},{\"@type\":\"WebSite\",\"@id\":\"https:\/\/www.welovecycling.com\/wide\/#website\",\"url\":\"https:\/\/www.welovecycling.com\/wide\/\",\"name\":\"\u0160koda We Love Cycling\",\"description\":\"\u0160koda We Love Cycling magazine\",\"alternateName\":\"\u0160koda WLC\",\"potentialAction\":[{\"@type\":\"SearchAction\",\"target\":{\"@type\":\"EntryPoint\",\"urlTemplate\":\"https:\/\/www.welovecycling.com\/wide\/?s={search_term_string}\"},\"query-input\":{\"@type\":\"PropertyValueSpecification\",\"valueRequired\":true,\"valueName\":\"search_term_string\"}}],\"inLanguage\":\"en-US\"},{\"@type\":\"Person\",\"@id\":\"https:\/\/www.welovecycling.com\/wide\/#\/schema\/person\/50f01ecd18718d2333cf72e823c4f926\",\"name\":\"tereza\",\"image\":{\"@type\":\"ImageObject\",\"inLanguage\":\"en-US\",\"@id\":\"https:\/\/www.welovecycling.com\/wide\/#\/schema\/person\/image\/\",\"url\":\"https:\/\/secure.gravatar.com\/avatar\/1f9eb71be33845f0afabce3791bc1c58ecdb0a25c62964987e5dbcf7a20d2ec7?s=96&d=mm&r=g\",\"contentUrl\":\"https:\/\/secure.gravatar.com\/avatar\/1f9eb71be33845f0afabce3791bc1c58ecdb0a25c62964987e5dbcf7a20d2ec7?s=96&d=mm&r=g\",\"caption\":\"tereza\"},\"url\":\"https:\/\/www.welovecycling.com\/wide\/author\/tereza\/\"}]}<\/script>\n<!-- \/ Yoast SEO Premium plugin. -->","yoast_head_json":{"title":"Cycling 2024: The Year of the Crash - \u0160koda We Love Cycling","description":"The year that is now slinking toward the exit was an exciting period for road racing, with astonishing performances by V\u00e9lo d'Or\u00a0winner Tadej Poga\u010dar\u00a0and","robots":{"index":"index","follow":"follow","max-snippet":"max-snippet:-1","max-image-preview":"max-image-preview:large","max-video-preview":"max-video-preview:-1"},"canonical":"https:\/\/www.welovecycling.com\/wide\/2024\/12\/19\/cycling-2024-the-year-of-the-crash\/","og_locale":"en_US","og_type":"article","og_title":"Cycling 2024: The Year of the Crash","og_description":"The year that is now slinking toward the exit was an exciting period for road racing, with astonishing performances by V\u00e9lo d'Or\u00a0winner Tadej Poga\u010dar\u00a0and","og_url":"https:\/\/www.welovecycling.com\/wide\/2024\/12\/19\/cycling-2024-the-year-of-the-crash\/","og_site_name":"\u0160koda We Love Cycling","article_published_time":"2024-12-19T13:42:14+00:00","og_image":[{"width":990,"height":660,"url":"https:\/\/d2p6e6u75xmxt8.cloudfront.net\/2\/2024\/12\/Cycling-Peloton-profimedia-0904478933-CVR.webp","type":"image\/webp"}],"author":"tereza","twitter_card":"summary_large_image","twitter_misc":{"Written by":"SIegfried Mortkowitz","Est. reading time":"3"},"schema":{"@context":"https:\/\/schema.org","@graph":[{"@type":"WebPage","@id":"https:\/\/www.welovecycling.com\/wide\/2024\/12\/19\/cycling-2024-the-year-of-the-crash\/","url":"https:\/\/www.welovecycling.com\/wide\/2024\/12\/19\/cycling-2024-the-year-of-the-crash\/","name":"Cycling 2024: The Year of the Crash - \u0160koda We Love Cycling","isPartOf":{"@id":"https:\/\/www.welovecycling.com\/wide\/#website"},"primaryImageOfPage":{"@id":"https:\/\/www.welovecycling.com\/wide\/2024\/12\/19\/cycling-2024-the-year-of-the-crash\/#primaryimage"},"image":{"@id":"https:\/\/www.welovecycling.com\/wide\/2024\/12\/19\/cycling-2024-the-year-of-the-crash\/#primaryimage"},"thumbnailUrl":"https:\/\/d2p6e6u75xmxt8.cloudfront.net\/2\/2024\/12\/Cycling-Peloton-profimedia-0904478933-CVR.webp","datePublished":"2024-12-19T13:42:14+00:00","author":{"@id":"https:\/\/www.welovecycling.com\/wide\/#\/schema\/person\/50f01ecd18718d2333cf72e823c4f926"},"description":"The year that is now slinking toward the exit was an exciting period for road racing, with astonishing performances by V\u00e9lo d'Or\u00a0winner Tadej Poga\u010dar\u00a0and","breadcrumb":{"@id":"https:\/\/www.welovecycling.com\/wide\/2024\/12\/19\/cycling-2024-the-year-of-the-crash\/#breadcrumb"},"inLanguage":"en-US","potentialAction":[{"@type":"ReadAction","target":["https:\/\/www.welovecycling.com\/wide\/2024\/12\/19\/cycling-2024-the-year-of-the-crash\/"]}]},{"@type":"ImageObject","inLanguage":"en-US","@id":"https:\/\/www.welovecycling.com\/wide\/2024\/12\/19\/cycling-2024-the-year-of-the-crash\/#primaryimage","url":"https:\/\/d2p6e6u75xmxt8.cloudfront.net\/2\/2024\/12\/Cycling-Peloton-profimedia-0904478933-CVR.webp","contentUrl":"https:\/\/d2p6e6u75xmxt8.cloudfront.net\/2\/2024\/12\/Cycling-Peloton-profimedia-0904478933-CVR.webp","width":990,"height":660,"caption":"Peloton"},{"@type":"BreadcrumbList","@id":"https:\/\/www.welovecycling.com\/wide\/2024\/12\/19\/cycling-2024-the-year-of-the-crash\/#breadcrumb","itemListElement":[{"@type":"ListItem","position":1,"name":"Home","item":"https:\/\/www.welovecycling.com\/wide\/"},{"@type":"ListItem","position":2,"name":"Cycling 2024: The Year of the Crash"}]},{"@type":"WebSite","@id":"https:\/\/www.welovecycling.com\/wide\/#website","url":"https:\/\/www.welovecycling.com\/wide\/","name":"\u0160koda We Love Cycling","description":"\u0160koda We Love Cycling magazine","alternateName":"\u0160koda WLC","potentialAction":[{"@type":"SearchAction","target":{"@type":"EntryPoint","urlTemplate":"https:\/\/www.welovecycling.com\/wide\/?s={search_term_string}"},"query-input":{"@type":"PropertyValueSpecification","valueRequired":true,"valueName":"search_term_string"}}],"inLanguage":"en-US"},{"@type":"Person","@id":"https:\/\/www.welovecycling.com\/wide\/#\/schema\/person\/50f01ecd18718d2333cf72e823c4f926","name":"tereza","image":{"@type":"ImageObject","inLanguage":"en-US","@id":"https:\/\/www.welovecycling.com\/wide\/#\/schema\/person\/image\/","url":"https:\/\/secure.gravatar.com\/avatar\/1f9eb71be33845f0afabce3791bc1c58ecdb0a25c62964987e5dbcf7a20d2ec7?s=96&d=mm&r=g","contentUrl":"https:\/\/secure.gravatar.com\/avatar\/1f9eb71be33845f0afabce3791bc1c58ecdb0a25c62964987e5dbcf7a20d2ec7?s=96&d=mm&r=g","caption":"tereza"},"url":"https:\/\/www.welovecycling.com\/wide\/author\/tereza\/"}]}},"_links":{"self":[{"href":"https:\/\/www.welovecycling.com\/wide\/wp-json\/wp\/v2\/posts\/197527","targetHints":{"allow":["GET"]}}],"collection":[{"href":"https:\/\/www.welovecycling.com\/wide\/wp-json\/wp\/v2\/posts"}],"about":[{"href":"https:\/\/www.welovecycling.com\/wide\/wp-json\/wp\/v2\/types\/post"}],"author":[{"embeddable":true,"href":"https:\/\/www.welovecycling.com\/wide\/wp-json\/wp\/v2\/users\/99"}],"replies":[{"embeddable":true,"href":"https:\/\/www.welovecycling.com\/wide\/wp-json\/wp\/v2\/comments?post=197527"}],"version-history":[{"count":4,"href":"https:\/\/www.welovecycling.com\/wide\/wp-json\/wp\/v2\/posts\/197527\/revisions"}],"predecessor-version":[{"id":197546,"href":"https:\/\/www.welovecycling.com\/wide\/wp-json\/wp\/v2\/posts\/197527\/revisions\/197546"}],"wp:featuredmedia":[{"embeddable":true,"href":"https:\/\/www.welovecycling.com\/wide\/wp-json\/wp\/v2\/media\/197545"}],"wp:attachment":[{"href":"https:\/\/www.welovecycling.com\/wide\/wp-json\/wp\/v2\/media?parent=197527"}],"wp:term":[{"taxonomy":"category","embeddable":true,"href":"https:\/\/www.welovecycling.com\/wide\/wp-json\/wp\/v2\/categories?post=197527"},{"taxonomy":"post_tag","embeddable":true,"href":"https:\/\/www.welovecycling.com\/wide\/wp-json\/wp\/v2\/tags?post=197527"},{"taxonomy":"global-categories","embeddable":true,"href":"https:\/\/www.welovecycling.com\/wide\/wp-json\/wp\/v2\/global-categories?post=197527"}],"curies":[{"name":"wp","href":"https:\/\/api.w.org\/{rel}","templated":true}]}}