{"id":197335,"date":"2024-11-27T13:52:30","date_gmt":"2024-11-27T13:52:30","guid":{"rendered":"https:\/\/www.welovecycling.com\/wide\/?p=197335"},"modified":"2024-11-27T13:53:23","modified_gmt":"2024-11-27T13:53:23","slug":"ef-education-easypost-the-little-team-that-could-and-did","status":"publish","type":"post","link":"https:\/\/www.welovecycling.com\/wide\/2024\/11\/27\/ef-education-easypost-the-little-team-that-could-and-did\/","title":{"rendered":"EF Education\u2013EasyPost, the Little Team that Could (and Did)"},"content":{"rendered":"<p style=\"font-weight: 400;\"><strong>The American team EF Education\u2013EasyPost has had a remarkable season, winning 24 races, including two Grand Tour stages, a Grand Tour King of the Mountains jersey, and no fewer than five national championships, and now sits 12th in the UCI\u2019s World Team Rankings list.<\/strong><\/p>\n<p><!--more--><\/p>\n<p style=\"font-weight: 400;\">This performance is all the more remarkable since the team has one of the smallest budgets in the peloton, estimated by <a href=\"https:\/\/procyclinguk.com\/what-are-the-budgets-of-the-worldtour-cycling-teams-in-2024\/\">procyclinguk.com<\/a> at \u20ac18 million to \u20ac22 million. Of the 18 World Tour teams, only Cofidis, the troubled Ark\u00e9a-Samsic and Intermarch\u00e9-Wanty had less money to work with in 2024 and they all had substantially fewer years than EF Education. By comparison, the mighty UAE Team Emirates, which dominated the year, had the largest budget estimated at \u20ac55 million to \u20ac60 million. On the other hand, INEOS Grenadiers, which is going through an existential crisis, registered only 14 victories this year despite having the second-highest budget of \u20ac50 million to \u20ac55 million,<\/p>\n<p style=\"font-weight: 400;\">In other words, team General Manager Jonathan Vaughters, his staff, and riders can be proud of what they have accomplished despite the failure of several of its squad, such as the British GC rider Hugh Carty and the Swiss time-trial specialist Stefan Bissegger, to perform up to expectations. On the other hand, Richard Carapaz had an excellent year despite his 31 years, motivated at least in part by being passed over for the Paris Olympics in favour of Jhonatan Narv\u00e1ez (INEOS Grenadiers).<\/p>\n<div class=\"shortcode-ys-post-pinup\"><article class=\"loop-simple post-196786 post type-post status-publish format-standard has-post-thumbnail hentry category-road-cycling tag-carlos-rodriguez tag-egan-bernal tag-ineos-grenadiers tag-steve-cummings tag-tom-pidcock global-categories-cycling\" data-postid=\"196786\" role=\"article\" data-post-id=\"196786\" data-word-count=\"658\" data-headline-length=\"54\" data-category=\"Road cycling\" data-global-category=\"Cycling\" data-author=\"Siegfried Mortkowitz\" data-published=\"2024-09-18T11:30:57+00:00\" data-published-day=\"Wednesday\">\n    <div class=\"entry-thumbnail article-thumbnail\" content=\"https:\/\/d2p6e6u75xmxt8.cloudfront.net\/2\/2024\/09\/Ineos-Grenadiers-profimedia-0905222604-CVR-150x150.webp\"><a href=\"https:\/\/www.welovecycling.com\/wide\/2024\/09\/18\/2025-team-preview-ineos-grenadiers-failure-chaos-and-a-doubtful-future\/\" class=\"image-holder\" target=\"_self\"><img decoding=\"async\" loading=\"lazy\" class=\"\" src=\"https:\/\/d2p6e6u75xmxt8.cloudfront.net\/2\/2024\/09\/Ineos-Grenadiers-profimedia-0905222604-CVR.webp\" srcset=\"https:\/\/d2p6e6u75xmxt8.cloudfront.net\/2\/2024\/09\/Ineos-Grenadiers-profimedia-0905222604-CVR.webp 990w, https:\/\/d2p6e6u75xmxt8.cloudfront.net\/2\/2024\/09\/Ineos-Grenadiers-profimedia-0905222604-CVR-300x200.webp 300w, https:\/\/d2p6e6u75xmxt8.cloudfront.net\/2\/2024\/09\/Ineos-Grenadiers-profimedia-0905222604-CVR-768x512.webp 768w, https:\/\/d2p6e6u75xmxt8.cloudfront.net\/2\/2024\/09\/Ineos-Grenadiers-profimedia-0905222604-CVR-400x267.webp 400w, https:\/\/d2p6e6u75xmxt8.cloudfront.net\/2\/2024\/09\/Ineos-Grenadiers-profimedia-0905222604-CVR-272x182.webp 272w\" width=\"990\" height=\"660\" sizes=\"auto, (min-width: 1200px) 300px, (min-width: 768px) 25vw, 100vw\" alt=\"2025-team-preview-ineos-grenadiers-failure-chaos-and-a-doubtful-future\"\/><\/a><\/div>    <div class=\"entry-meta\">\n        <a class=\"label label-secondary post-category\" href=\"https:\/\/www.welovecycling.com\/wide\/category\/road-cycling\/\" title=\"Road cycling\">Road cycling<\/a>\n    <\/div>\n    <div class=\"entry-details\">\n        <a href=\"https:\/\/www.welovecycling.com\/wide\/2024\/09\/18\/2025-team-preview-ineos-grenadiers-failure-chaos-and-a-doubtful-future\/\" class='entry-title-wrapper'>\n            <h3 class=\"entry-title\"><span>INEOS Grenadiers: Failure, Chaos and a Doubtful Future<\/span><\/h3>\n        <\/a>\n    <\/div>\n    <\/article>\n<\/div>\n<p style=\"font-weight: 400;\">The former Ecuadorian champion and <a href=\"https:\/\/www.giroditalia.it\/en\/\">Giro d\u2019Italia<\/a> winner won a stage of the Tour de France and its KOM classification, finished a decent fourth in the Vuelta a Espa\u00f1a and won Ecuador\u2019s national ITT championship. In many of these races, he was supported by a rider who might have the strongest engine in the entire peloton, Ireland\u2019s Ben Healy.<\/p>\n<p style=\"font-weight: 400;\">Though he only won a single race this year, a stage of the Tour of Slovenia, Healy may hold the all-time record for participating in or leading most mountain stage breakaways and for most kilometres spent in breakaways. All this year, whenever there was a breakaway on a mountain or even on the flat, Healy seemed to be at the front, legs pumping, head slightly tilted. It made me tired just watching him work.<\/p>\n<p style=\"font-weight: 400;\">Healy is only 24 so it\u2019s just a question of time and of Vaughters\u2019 long-term strategy if and when he becomes a leader himself and tests his prodigious stamina against the likes of <a href=\"https:\/\/www.welovecycling.com\/wide\/2024\/10\/16\/opinion-is-pogacar-too-good-for-the-sport\/\" target=\"_blank\" rel=\"noopener\">Tadej Poga\u010dar<\/a> (UAE Team Emirates) and Jonas Vingegaard (Visma\u2013Lease a Bike). I think he could surprise a lot of people.<\/p>\n<p style=\"font-weight: 400;\">It\u2019s a sign of the team\u2019s depth that its 24 victories this year were almost evenly divided among five riders: Richard Carapaz, Alberto Bettiol, Marijn van den Berg, Neilson Powless, and Jefferson Cepeda, with the promising young German Georg Steinhauser contributing a Giro d\u2019Italia stage win and two Giro stage podiums.<\/p>\n<p style=\"font-weight: 400;\">This doesn\u2019t mean that everything looks rosy for the coming years. Carapaz will be 32 next May and could see his form tail off. Carty is 30 and, based on his record in 2024, looks to be much closer to the end of his career than the beginning. And Bettiol \u2013 who won four races, including Milano-Torino and the Italian National Road Race Championship \u2013 left the team in August for Astana Qazaqstan. In addition, Bissegger (to Decathlon AG2R La Mondiale) and Simon Carr (to Cofidis) also left while the great Rigoberto Ur\u00e1n and the veteran Andrey Amador retired.<\/p>\n<div class=\"shortcode-ys-post-pinup\"><article class=\"loop-simple post-197301 post type-post status-publish format-standard has-post-thumbnail hentry category-road-cycling tag-ben-oconnor tag-dylan-groenewegen tag-eddie-dunbar tag-jayco-alula global-categories-cycling\" data-postid=\"197301\" role=\"article\" data-post-id=\"197301\" data-word-count=\"589\" data-headline-length=\"55\" data-category=\"Road cycling\" data-global-category=\"Cycling\" data-author=\"Siegfried Mortkowitz\" data-published=\"2024-11-22T13:50:12+00:00\" data-published-day=\"Friday\">\n    <div class=\"entry-thumbnail article-thumbnail\" content=\"https:\/\/d2p6e6u75xmxt8.cloudfront.net\/2\/2024\/11\/Jayco-Alula-profimedia-0903392461-CVR-150x150.webp\"><a href=\"https:\/\/www.welovecycling.com\/wide\/2024\/11\/22\/jayco-alula-counting-on-ben-oconnor-but-not-only\/\" class=\"image-holder\" target=\"_self\"><img decoding=\"async\" loading=\"lazy\" class=\"\" src=\"https:\/\/d2p6e6u75xmxt8.cloudfront.net\/2\/2024\/11\/Jayco-Alula-profimedia-0903392461-CVR.webp\" srcset=\"https:\/\/d2p6e6u75xmxt8.cloudfront.net\/2\/2024\/11\/Jayco-Alula-profimedia-0903392461-CVR.webp 990w, https:\/\/d2p6e6u75xmxt8.cloudfront.net\/2\/2024\/11\/Jayco-Alula-profimedia-0903392461-CVR-300x200.webp 300w, https:\/\/d2p6e6u75xmxt8.cloudfront.net\/2\/2024\/11\/Jayco-Alula-profimedia-0903392461-CVR-768x512.webp 768w, https:\/\/d2p6e6u75xmxt8.cloudfront.net\/2\/2024\/11\/Jayco-Alula-profimedia-0903392461-CVR-400x267.webp 400w, https:\/\/d2p6e6u75xmxt8.cloudfront.net\/2\/2024\/11\/Jayco-Alula-profimedia-0903392461-CVR-272x182.webp 272w\" width=\"990\" height=\"660\" sizes=\"auto, (min-width: 1200px) 300px, (min-width: 768px) 25vw, 100vw\" alt=\"jayco-alula-counting-on-ben-oconnor-but-not-only\"\/><\/a><\/div>    <div class=\"entry-meta\">\n        <a class=\"label label-secondary post-category\" href=\"https:\/\/www.welovecycling.com\/wide\/category\/road-cycling\/\" title=\"Road cycling\">Road cycling<\/a>\n    <\/div>\n    <div class=\"entry-details\">\n        <a href=\"https:\/\/www.welovecycling.com\/wide\/2024\/11\/22\/jayco-alula-counting-on-ben-oconnor-but-not-only\/\" class='entry-title-wrapper'>\n            <h3 class=\"entry-title\"><span>Jayco AlUla Counting on Ben O\u2019Connor \u2013 But Not Only<\/span><\/h3>\n        <\/a>\n    <\/div>\n    <\/article>\n<\/div>\n<p style=\"font-weight: 400;\">The team has been active on the transfer market, hauling Kasper Asgreen (from Soudal-QuickStep), Samuele Battistella (Astana Qazaqstan), Vincenzo Albanese (Arkea-B&amp;B Hotels) and Madis Mihkels (Intermarch\u00e9-Wanty). The prize is the 29-year-old Asgreen who beat Mathieu van der Poel in the 2021 Tour of Flanders and in that year\u2019s E3 Saxo Bank Classic but is coming off a disappointing year. At 29, he should have several good years left in his legs and provide plenty of joy for the team. And the 21-year-old Mikhels looks like a promising sprinter who finished third in the European Road Race Championships, ahead of Jasper Philipsen (Alpecin-Deceuninck).<\/p>\n<p style=\"font-weight: 400;\">I\u2019m a fan of the team because it does so much with so little and because Vaughters is an intelligent and honourable man whose occasional guest commentary on Eurosport was always refreshingly candid and enlightening. He recently tore into Tour de France director Christian Prudhomme for suggesting that the horrific crashes of 2024, such as the one in the Tour of the Basque Country, were caused by riders \u201cgoing too fast.\u201d<\/p>\n<p style=\"font-weight: 400;\">\u201cBeyond the behaviour of the athletes and the work of the organisers, it is absolutely necessary to reduce speed by appropriate measures: the riders are going too fast,\u201d <a href=\"https:\/\/road.cc\/content\/news\/cycling-live-blog-26-november-2024-311421\">Prudhomme said<\/a> at the annual general assembly of the Association of Race Organisers (AIOCC). \u201cThe faster they go, the greater the risk and the more they endanger themselves and others.\u201d<\/p>\n<p style=\"font-weight: 400;\">It must be said that Vingegaard and the other riders who crashed at that race had slowed down for the curve in which they crashed and were apparently undone by a road surface distorted by tree roots beneath the asphalt. In addition, Vingegaard had flagged as unsafe that particular spot in the course six months before the race.<\/p>\n<p style=\"font-weight: 400;\">Vaughters took to the site formerly known as Twitter to respond. \u201cIt is absolutely infuriating to me how these fat cats, who have never raced so much as a child\u2019s tricycle, turning tens of millions in profit off the backs of others, squarely throw the blame of safety issues in cycling on the riders,\u201d he <a href=\"https:\/\/x.com\/Vaughters\/status\/1861052790476263556\">wrote<\/a>, then <a href=\"https:\/\/x.com\/Vaughters\/status\/1861065127736287741\">added<\/a>: \u201cThey are highly competitive people. They are hard-wired to the bone to take life-threatening risks. Similar to F1 drivers. And like in F1, the answer is to create a safer environment around them. Because they will always push the envelope as far as it goes.\u201d<\/p>\n<p style=\"font-weight: 400;\">You have to root for a man who loves the sport so passionately and just as passionately defends its athletes.<\/p>\n","protected":false},"excerpt":{"rendered":"<p>The American team EF Education\u2013EasyPost has had a remarkable season, winning 24 races, including two Grand Tour stages, a Grand [&hellip;]<\/p>\n","protected":false},"author":99,"featured_media":197336,"comment_status":"closed","ping_status":"open","sticky":false,"template":"","format":"standard","meta":{"footnotes":""},"categories":[329],"tags":[6298,7826,3546,3065],"global-categories":[3366],"class_list":["post-197335","post","type-post","status-publish","format-standard","has-post-thumbnail","hentry","category-road-cycling","tag-ef-education-easypost","tag-jhonatan-narvaez","tag-kasper-asgreen","tag-richard-carapaz","global-categories-cycling"],"yoast_head":"<!-- This site is optimized with the Yoast SEO Premium plugin v25.3 (Yoast SEO v25.9) - https:\/\/yoast.com\/wordpress\/plugins\/seo\/ -->\n<title>EF Education\u2013EasyPost, the Little Team that Could (and Did) - \u0160koda We Love Cycling<\/title>\n<meta name=\"description\" content=\"The American team EF Education\u2013EasyPost has had a remarkable season, winning 24 races, including two Grand Tour stages, a Grand Tour King of the Mountains\" \/>\n<meta name=\"robots\" content=\"index, follow, max-snippet:-1, max-image-preview:large, max-video-preview:-1\" \/>\n<link rel=\"canonical\" href=\"https:\/\/www.welovecycling.com\/wide\/2024\/11\/27\/ef-education-easypost-the-little-team-that-could-and-did\/\" \/>\n<meta property=\"og:locale\" content=\"en_US\" \/>\n<meta property=\"og:type\" content=\"article\" \/>\n<meta property=\"og:title\" content=\"EF Education\u2013EasyPost, the Little Team that Could (and Did)\" \/>\n<meta property=\"og:description\" content=\"The American team EF Education\u2013EasyPost has had a remarkable season, winning 24 races, including two Grand Tour stages, a Grand Tour King of the Mountains\" \/>\n<meta property=\"og:url\" content=\"https:\/\/www.welovecycling.com\/wide\/2024\/11\/27\/ef-education-easypost-the-little-team-that-could-and-did\/\" \/>\n<meta property=\"og:site_name\" content=\"\u0160koda We Love Cycling\" \/>\n<meta property=\"article:published_time\" content=\"2024-11-27T13:52:30+00:00\" \/>\n<meta property=\"article:modified_time\" content=\"2024-11-27T13:53:23+00:00\" \/>\n<meta property=\"og:image\" content=\"https:\/\/d2p6e6u75xmxt8.cloudfront.net\/2\/2024\/11\/EducationEasyPost-Team-profimedia-0905973450-CVR.webp\" \/>\n\t<meta property=\"og:image:width\" content=\"990\" \/>\n\t<meta property=\"og:image:height\" content=\"660\" \/>\n\t<meta property=\"og:image:type\" content=\"image\/webp\" \/>\n<meta name=\"author\" content=\"tereza\" \/>\n<meta name=\"twitter:card\" content=\"summary_large_image\" \/>\n<meta name=\"twitter:label1\" content=\"Written by\" \/>\n\t<meta name=\"twitter:data1\" content=\"Siegfried Mortkowitz\" \/>\n\t<meta name=\"twitter:label2\" content=\"Est. reading time\" \/>\n\t<meta name=\"twitter:data2\" content=\"3\" \/>\n<script type=\"application\/ld+json\" class=\"yoast-schema-graph\">{\"@context\":\"https:\/\/schema.org\",\"@graph\":[{\"@type\":\"WebPage\",\"@id\":\"https:\/\/www.welovecycling.com\/wide\/2024\/11\/27\/ef-education-easypost-the-little-team-that-could-and-did\/\",\"url\":\"https:\/\/www.welovecycling.com\/wide\/2024\/11\/27\/ef-education-easypost-the-little-team-that-could-and-did\/\",\"name\":\"EF Education\u2013EasyPost, the Little Team that Could (and Did) - \u0160koda We Love Cycling\",\"isPartOf\":{\"@id\":\"https:\/\/www.welovecycling.com\/wide\/#website\"},\"primaryImageOfPage\":{\"@id\":\"https:\/\/www.welovecycling.com\/wide\/2024\/11\/27\/ef-education-easypost-the-little-team-that-could-and-did\/#primaryimage\"},\"image\":{\"@id\":\"https:\/\/www.welovecycling.com\/wide\/2024\/11\/27\/ef-education-easypost-the-little-team-that-could-and-did\/#primaryimage\"},\"thumbnailUrl\":\"https:\/\/d2p6e6u75xmxt8.cloudfront.net\/2\/2024\/11\/EducationEasyPost-Team-profimedia-0905973450-CVR.webp\",\"datePublished\":\"2024-11-27T13:52:30+00:00\",\"dateModified\":\"2024-11-27T13:53:23+00:00\",\"author\":{\"@id\":\"https:\/\/www.welovecycling.com\/wide\/#\/schema\/person\/50f01ecd18718d2333cf72e823c4f926\"},\"description\":\"The American team EF Education\u2013EasyPost has had a remarkable season, winning 24 races, including two Grand Tour stages, a Grand Tour King of the Mountains\",\"breadcrumb\":{\"@id\":\"https:\/\/www.welovecycling.com\/wide\/2024\/11\/27\/ef-education-easypost-the-little-team-that-could-and-did\/#breadcrumb\"},\"inLanguage\":\"en-US\",\"potentialAction\":[{\"@type\":\"ReadAction\",\"target\":[\"https:\/\/www.welovecycling.com\/wide\/2024\/11\/27\/ef-education-easypost-the-little-team-that-could-and-did\/\"]}]},{\"@type\":\"ImageObject\",\"inLanguage\":\"en-US\",\"@id\":\"https:\/\/www.welovecycling.com\/wide\/2024\/11\/27\/ef-education-easypost-the-little-team-that-could-and-did\/#primaryimage\",\"url\":\"https:\/\/d2p6e6u75xmxt8.cloudfront.net\/2\/2024\/11\/EducationEasyPost-Team-profimedia-0905973450-CVR.webp\",\"contentUrl\":\"https:\/\/d2p6e6u75xmxt8.cloudfront.net\/2\/2024\/11\/EducationEasyPost-Team-profimedia-0905973450-CVR.webp\",\"width\":990,\"height\":660,\"caption\":\"Education EasyPost\"},{\"@type\":\"BreadcrumbList\",\"@id\":\"https:\/\/www.welovecycling.com\/wide\/2024\/11\/27\/ef-education-easypost-the-little-team-that-could-and-did\/#breadcrumb\",\"itemListElement\":[{\"@type\":\"ListItem\",\"position\":1,\"name\":\"Home\",\"item\":\"https:\/\/www.welovecycling.com\/wide\/\"},{\"@type\":\"ListItem\",\"position\":2,\"name\":\"EF Education\u2013EasyPost, the Little Team that Could (and Did)\"}]},{\"@type\":\"WebSite\",\"@id\":\"https:\/\/www.welovecycling.com\/wide\/#website\",\"url\":\"https:\/\/www.welovecycling.com\/wide\/\",\"name\":\"\u0160koda We Love Cycling\",\"description\":\"\u0160koda We Love Cycling magazine\",\"alternateName\":\"\u0160koda WLC\",\"potentialAction\":[{\"@type\":\"SearchAction\",\"target\":{\"@type\":\"EntryPoint\",\"urlTemplate\":\"https:\/\/www.welovecycling.com\/wide\/?s={search_term_string}\"},\"query-input\":{\"@type\":\"PropertyValueSpecification\",\"valueRequired\":true,\"valueName\":\"search_term_string\"}}],\"inLanguage\":\"en-US\"},{\"@type\":\"Person\",\"@id\":\"https:\/\/www.welovecycling.com\/wide\/#\/schema\/person\/50f01ecd18718d2333cf72e823c4f926\",\"name\":\"tereza\",\"image\":{\"@type\":\"ImageObject\",\"inLanguage\":\"en-US\",\"@id\":\"https:\/\/www.welovecycling.com\/wide\/#\/schema\/person\/image\/\",\"url\":\"https:\/\/secure.gravatar.com\/avatar\/1f9eb71be33845f0afabce3791bc1c58ecdb0a25c62964987e5dbcf7a20d2ec7?s=96&d=mm&r=g\",\"contentUrl\":\"https:\/\/secure.gravatar.com\/avatar\/1f9eb71be33845f0afabce3791bc1c58ecdb0a25c62964987e5dbcf7a20d2ec7?s=96&d=mm&r=g\",\"caption\":\"tereza\"},\"url\":\"https:\/\/www.welovecycling.com\/wide\/author\/tereza\/\"}]}<\/script>\n<!-- \/ Yoast SEO Premium plugin. -->","yoast_head_json":{"title":"EF Education\u2013EasyPost, the Little Team that Could (and Did) - \u0160koda We Love Cycling","description":"The American team EF Education\u2013EasyPost has had a remarkable season, winning 24 races, including two Grand Tour stages, a Grand Tour King of the Mountains","robots":{"index":"index","follow":"follow","max-snippet":"max-snippet:-1","max-image-preview":"max-image-preview:large","max-video-preview":"max-video-preview:-1"},"canonical":"https:\/\/www.welovecycling.com\/wide\/2024\/11\/27\/ef-education-easypost-the-little-team-that-could-and-did\/","og_locale":"en_US","og_type":"article","og_title":"EF Education\u2013EasyPost, the Little Team that Could (and Did)","og_description":"The American team EF Education\u2013EasyPost has had a remarkable season, winning 24 races, including two Grand Tour stages, a Grand Tour King of the Mountains","og_url":"https:\/\/www.welovecycling.com\/wide\/2024\/11\/27\/ef-education-easypost-the-little-team-that-could-and-did\/","og_site_name":"\u0160koda We Love Cycling","article_published_time":"2024-11-27T13:52:30+00:00","article_modified_time":"2024-11-27T13:53:23+00:00","og_image":[{"width":990,"height":660,"url":"https:\/\/d2p6e6u75xmxt8.cloudfront.net\/2\/2024\/11\/EducationEasyPost-Team-profimedia-0905973450-CVR.webp","type":"image\/webp"}],"author":"tereza","twitter_card":"summary_large_image","twitter_misc":{"Written by":"Siegfried Mortkowitz","Est. reading time":"3"},"schema":{"@context":"https:\/\/schema.org","@graph":[{"@type":"WebPage","@id":"https:\/\/www.welovecycling.com\/wide\/2024\/11\/27\/ef-education-easypost-the-little-team-that-could-and-did\/","url":"https:\/\/www.welovecycling.com\/wide\/2024\/11\/27\/ef-education-easypost-the-little-team-that-could-and-did\/","name":"EF Education\u2013EasyPost, the Little Team that Could (and Did) - \u0160koda We Love Cycling","isPartOf":{"@id":"https:\/\/www.welovecycling.com\/wide\/#website"},"primaryImageOfPage":{"@id":"https:\/\/www.welovecycling.com\/wide\/2024\/11\/27\/ef-education-easypost-the-little-team-that-could-and-did\/#primaryimage"},"image":{"@id":"https:\/\/www.welovecycling.com\/wide\/2024\/11\/27\/ef-education-easypost-the-little-team-that-could-and-did\/#primaryimage"},"thumbnailUrl":"https:\/\/d2p6e6u75xmxt8.cloudfront.net\/2\/2024\/11\/EducationEasyPost-Team-profimedia-0905973450-CVR.webp","datePublished":"2024-11-27T13:52:30+00:00","dateModified":"2024-11-27T13:53:23+00:00","author":{"@id":"https:\/\/www.welovecycling.com\/wide\/#\/schema\/person\/50f01ecd18718d2333cf72e823c4f926"},"description":"The American team EF Education\u2013EasyPost has had a remarkable season, winning 24 races, including two Grand Tour stages, a Grand Tour King of the Mountains","breadcrumb":{"@id":"https:\/\/www.welovecycling.com\/wide\/2024\/11\/27\/ef-education-easypost-the-little-team-that-could-and-did\/#breadcrumb"},"inLanguage":"en-US","potentialAction":[{"@type":"ReadAction","target":["https:\/\/www.welovecycling.com\/wide\/2024\/11\/27\/ef-education-easypost-the-little-team-that-could-and-did\/"]}]},{"@type":"ImageObject","inLanguage":"en-US","@id":"https:\/\/www.welovecycling.com\/wide\/2024\/11\/27\/ef-education-easypost-the-little-team-that-could-and-did\/#primaryimage","url":"https:\/\/d2p6e6u75xmxt8.cloudfront.net\/2\/2024\/11\/EducationEasyPost-Team-profimedia-0905973450-CVR.webp","contentUrl":"https:\/\/d2p6e6u75xmxt8.cloudfront.net\/2\/2024\/11\/EducationEasyPost-Team-profimedia-0905973450-CVR.webp","width":990,"height":660,"caption":"Education EasyPost"},{"@type":"BreadcrumbList","@id":"https:\/\/www.welovecycling.com\/wide\/2024\/11\/27\/ef-education-easypost-the-little-team-that-could-and-did\/#breadcrumb","itemListElement":[{"@type":"ListItem","position":1,"name":"Home","item":"https:\/\/www.welovecycling.com\/wide\/"},{"@type":"ListItem","position":2,"name":"EF Education\u2013EasyPost, the Little Team that Could (and Did)"}]},{"@type":"WebSite","@id":"https:\/\/www.welovecycling.com\/wide\/#website","url":"https:\/\/www.welovecycling.com\/wide\/","name":"\u0160koda We Love Cycling","description":"\u0160koda We Love Cycling magazine","alternateName":"\u0160koda WLC","potentialAction":[{"@type":"SearchAction","target":{"@type":"EntryPoint","urlTemplate":"https:\/\/www.welovecycling.com\/wide\/?s={search_term_string}"},"query-input":{"@type":"PropertyValueSpecification","valueRequired":true,"valueName":"search_term_string"}}],"inLanguage":"en-US"},{"@type":"Person","@id":"https:\/\/www.welovecycling.com\/wide\/#\/schema\/person\/50f01ecd18718d2333cf72e823c4f926","name":"tereza","image":{"@type":"ImageObject","inLanguage":"en-US","@id":"https:\/\/www.welovecycling.com\/wide\/#\/schema\/person\/image\/","url":"https:\/\/secure.gravatar.com\/avatar\/1f9eb71be33845f0afabce3791bc1c58ecdb0a25c62964987e5dbcf7a20d2ec7?s=96&d=mm&r=g","contentUrl":"https:\/\/secure.gravatar.com\/avatar\/1f9eb71be33845f0afabce3791bc1c58ecdb0a25c62964987e5dbcf7a20d2ec7?s=96&d=mm&r=g","caption":"tereza"},"url":"https:\/\/www.welovecycling.com\/wide\/author\/tereza\/"}]}},"_links":{"self":[{"href":"https:\/\/www.welovecycling.com\/wide\/wp-json\/wp\/v2\/posts\/197335","targetHints":{"allow":["GET"]}}],"collection":[{"href":"https:\/\/www.welovecycling.com\/wide\/wp-json\/wp\/v2\/posts"}],"about":[{"href":"https:\/\/www.welovecycling.com\/wide\/wp-json\/wp\/v2\/types\/post"}],"author":[{"embeddable":true,"href":"https:\/\/www.welovecycling.com\/wide\/wp-json\/wp\/v2\/users\/99"}],"replies":[{"embeddable":true,"href":"https:\/\/www.welovecycling.com\/wide\/wp-json\/wp\/v2\/comments?post=197335"}],"version-history":[{"count":2,"href":"https:\/\/www.welovecycling.com\/wide\/wp-json\/wp\/v2\/posts\/197335\/revisions"}],"predecessor-version":[{"id":197338,"href":"https:\/\/www.welovecycling.com\/wide\/wp-json\/wp\/v2\/posts\/197335\/revisions\/197338"}],"wp:featuredmedia":[{"embeddable":true,"href":"https:\/\/www.welovecycling.com\/wide\/wp-json\/wp\/v2\/media\/197336"}],"wp:attachment":[{"href":"https:\/\/www.welovecycling.com\/wide\/wp-json\/wp\/v2\/media?parent=197335"}],"wp:term":[{"taxonomy":"category","embeddable":true,"href":"https:\/\/www.welovecycling.com\/wide\/wp-json\/wp\/v2\/categories?post=197335"},{"taxonomy":"post_tag","embeddable":true,"href":"https:\/\/www.welovecycling.com\/wide\/wp-json\/wp\/v2\/tags?post=197335"},{"taxonomy":"global-categories","embeddable":true,"href":"https:\/\/www.welovecycling.com\/wide\/wp-json\/wp\/v2\/global-categories?post=197335"}],"curies":[{"name":"wp","href":"https:\/\/api.w.org\/{rel}","templated":true}]}}