{"id":197315,"date":"2024-11-26T08:35:47","date_gmt":"2024-11-26T08:35:47","guid":{"rendered":"https:\/\/www.welovecycling.com\/wide\/?p=197315"},"modified":"2024-11-26T08:35:47","modified_gmt":"2024-11-26T08:35:47","slug":"is-the-number-of-cyclists-growing-or-stagnating","status":"publish","type":"post","link":"https:\/\/www.welovecycling.com\/wide\/2024\/11\/26\/is-the-number-of-cyclists-growing-or-stagnating\/","title":{"rendered":"Is the Number of Cyclists Growing or Stagnating?"},"content":{"rendered":"<p style=\"font-weight: 400;\"><strong>Do you also enjoy debating the state of the world over a beer or coffee? For instance, do you argue about whether the number of cyclists on this planet is on the rise or decline? There\u2019s nothing better than backing up your arguments with real numbers. <\/strong><\/p>\n<p style=\"font-weight: 400;\"><!--more--><\/p>\n<p style=\"font-weight: 400;\">So, what\u2019s the reality of cycling trends globally? According to Eco-Counter, a company founded specifically to count cyclists (and pedestrians) on roads across all continents, we now have some solid data.<\/p>\n<p style=\"font-weight: 400;\">In their recently <a href=\"https:\/\/www.eco-counter.com\/blog\/23-key-figures-for-2023\/\">published report<\/a>, Eco-Counter states that the number of cyclists globally is stagnating. Their 2023 review, which analysed cycling traffic trends in 14 countries between 2022 and 2023, recorded a slight decrease of 1%.<\/p>\n<p style=\"font-weight: 400;\">But let\u2019s not get too disheartened \u2013 Eco-Counter also highlights a longer-term upward trend. The report indicates that <a href=\"https:\/\/www.welovecycling.com\/wide\/2021\/09\/23\/cycling-in-numbers-facts-you-probably-didnt-know\/\" target=\"_blank\" rel=\"noopener\">cycling numbers<\/a> have been on the rise since 2019, with an overall global increase of 11%.<\/p>\n<div class=\"shortcode-ys-post-pinup\"><article class=\"loop-simple post-197247 post type-post status-publish format-standard has-post-thumbnail hentry category-road-cycling tag-anna-van-der-breggen tag-demi-vollering tag-kasia-niewiadoma tag-lotte-kopecky tag-women-cycling tag-womens-cycling global-categories-cycling\" data-postid=\"197247\" role=\"article\" data-post-id=\"197247\" data-word-count=\"852\" data-headline-length=\"73\" data-category=\"Road cycling\" data-global-category=\"Cycling\" data-author=\"Kasia Niewiadoma\" data-published=\"2024-11-19T19:16:31+00:00\" data-published-day=\"Tuesday\">\n    <div class=\"entry-thumbnail article-thumbnail\" content=\"https:\/\/d2p6e6u75xmxt8.cloudfront.net\/2\/2024\/11\/Kasia-Niewiadoma-Women39s-Peloton-profimedia-0913173869-CVR-150x150.webp\"><a href=\"https:\/\/www.welovecycling.com\/wide\/2024\/11\/19\/embracing-change-and-looking-ahead-to-the-2025-season-by-kasia-niewiadoma\/\" class=\"image-holder\" target=\"_self\"><img decoding=\"async\" loading=\"lazy\" class=\"\" src=\"https:\/\/d2p6e6u75xmxt8.cloudfront.net\/2\/2024\/11\/Kasia-Niewiadoma-Women39s-Peloton-profimedia-0913173869-CVR.webp\" srcset=\"https:\/\/d2p6e6u75xmxt8.cloudfront.net\/2\/2024\/11\/Kasia-Niewiadoma-Women39s-Peloton-profimedia-0913173869-CVR.webp 990w, https:\/\/d2p6e6u75xmxt8.cloudfront.net\/2\/2024\/11\/Kasia-Niewiadoma-Women39s-Peloton-profimedia-0913173869-CVR-300x200.webp 300w, https:\/\/d2p6e6u75xmxt8.cloudfront.net\/2\/2024\/11\/Kasia-Niewiadoma-Women39s-Peloton-profimedia-0913173869-CVR-768x512.webp 768w, https:\/\/d2p6e6u75xmxt8.cloudfront.net\/2\/2024\/11\/Kasia-Niewiadoma-Women39s-Peloton-profimedia-0913173869-CVR-400x267.webp 400w, https:\/\/d2p6e6u75xmxt8.cloudfront.net\/2\/2024\/11\/Kasia-Niewiadoma-Women39s-Peloton-profimedia-0913173869-CVR-272x182.webp 272w\" width=\"990\" height=\"660\" sizes=\"auto, (min-width: 1200px) 300px, (min-width: 768px) 25vw, 100vw\" alt=\"embracing-change-and-looking-ahead-to-the-2025-season-by-kasia-niewiadoma\"\/><\/a><\/div>    <div class=\"entry-meta\">\n        <a class=\"label label-secondary post-category\" href=\"https:\/\/www.welovecycling.com\/wide\/category\/road-cycling\/\" title=\"Road cycling\">Road cycling<\/a>\n    <\/div>\n    <div class=\"entry-details\">\n        <a href=\"https:\/\/www.welovecycling.com\/wide\/2024\/11\/19\/embracing-change-and-looking-ahead-to-the-2025-season-by-kasia-niewiadoma\/\" class='entry-title-wrapper'>\n            <h3 class=\"entry-title\"><span>Embracing Change and Looking Ahead to the 2025 Season by Kasia Niewiadoma<\/span><\/h3>\n        <\/a>\n    <\/div>\n    <\/article>\n<\/div>\n<p style=\"font-weight: 400;\">However, the growth varies from country to country. In the United States, for instance, more and more people are hitting the trails, particularly in suburban areas where bike paths are seeing a noticeable uptick. Over in Europe, cycling traffic on key routes grew by 11% between 2019 and 2022. And looking at the jump from 2022 to 2023, Canada led the way with a 10% increase, followed by Belgium (+4%), and a 2% rise in Poland, Austria, and France.<\/p>\n<p style=\"font-weight: 400;\">You might be wondering where and how they came up with these numbers. Eco-Counter, headquartered in Brittany, France, with subsidiaries in Canada, the USA, Germany, and Hong Kong, has been developing pedestrian and cyclist counting solutions for <a href=\"https:\/\/www.eco-counter.com\/\">over 20 years<\/a>, providing municipalities with the tools they need to gather and share critical data. They design and manufacture a range of counting systems described as robust, waterproof, and discreet. Eco-Counter\u2019s solutions include counters installed along bike paths as well as software for data analysis.<\/p>\n<p style=\"font-weight: 400;\">To collect initial data, Eco-Counter uses an <a href=\"https:\/\/www.eco-counter.com\/produits\/zelt-range\/urban-zelt\/\">inductive loop system<\/a>, which allows them to compare bike rides across consecutive months, seasons or years. The system accurately analyses the electromagnetic signature of each bike using 13 distinguishing criteria. A unique algorithm detects all types of bicycles. If the loops are installed on a mixed-use road \u2013 not just a bike path \u2013 the system ignores cars, motorcycles, and larger vehicles, counting only cyclists.<\/p>\n<p style=\"font-weight: 400;\">Having accurate, real-time data is key to smart city planning and managing active transportation. The idea behind this counting is to give <a href=\"https:\/\/www.cbc.ca\/news\/canada\/london\/london-biking-cycling-data-2023-eco-counter-1.6944220\">city officials<\/a> solid traffic insights, helping them make informed decisions about where to build cycling infrastructure or how to evaluate the impact of their investments. For instance, in Dublin, Ireland, a counter was used during the international cycling summit Velo-City where conference attendees received precise information about the number of cyclists in the streets.<\/p>\n<p style=\"font-weight: 400;\">If precise numbers fascinate you, you might be curious about the most popular cycling locations. In the USA, according to Eco-Counter\u2019s data, it was the Manhattan Bridge in New York, with approximately 1.6 million crossings! Globally, it was Paris &#8211; S\u00e9bastopol, with over 4 million crossings. You can explore the latest data at this <a href=\"https:\/\/data.eco-counter.com\/ParcPublic\/?id=4586\">link<\/a>.<\/p>\n<p style=\"font-weight: 400;\">A sceptic might look at the global map and point out that regions like Europe, North America, Australia, and Japan are well-covered, while countries like Vietnam, China or Laos, where cycling traffic would also be of interest, are missing. Nevertheless, it\u2019s still an impressive achievement. Can you find your city on the online map?<\/p>\n","protected":false},"excerpt":{"rendered":"<p>Do you also enjoy debating the state of the world over a beer or coffee? For instance, do you argue [&hellip;]<\/p>\n","protected":false},"author":99,"featured_media":190076,"comment_status":"closed","ping_status":"open","sticky":false,"template":"","format":"standard","meta":{"footnotes":""},"categories":[334],"tags":[5693,8159,8161,8160],"global-categories":[3366],"class_list":["post-197315","post","type-post","status-publish","format-standard","has-post-thumbnail","hentry","category-socialising-and-culture","tag-cycling-facts","tag-cycling-numbers","tag-cycling-statistics","tag-number-of-cyclists","global-categories-cycling"],"yoast_head":"<!-- This site is optimized with the Yoast SEO Premium plugin v25.3 (Yoast SEO v25.9) - https:\/\/yoast.com\/wordpress\/plugins\/seo\/ -->\n<title>Is the Number of Cyclists Growing or Stagnating? - \u0160koda We Love Cycling<\/title>\n<meta name=\"description\" content=\"Do you also enjoy debating the state of the world over a beer or coffee? For instance, do you argue about whether the number of cyclists on this planet is\" \/>\n<meta name=\"robots\" content=\"index, follow, max-snippet:-1, max-image-preview:large, max-video-preview:-1\" \/>\n<link rel=\"canonical\" href=\"https:\/\/www.welovecycling.com\/wide\/2024\/11\/26\/is-the-number-of-cyclists-growing-or-stagnating\/\" \/>\n<meta property=\"og:locale\" content=\"en_US\" \/>\n<meta property=\"og:type\" content=\"article\" \/>\n<meta property=\"og:title\" content=\"Is the Number of Cyclists Growing or Stagnating?\" \/>\n<meta property=\"og:description\" content=\"Do you also enjoy debating the state of the world over a beer or coffee? For instance, do you argue about whether the number of cyclists on this planet is\" \/>\n<meta property=\"og:url\" content=\"https:\/\/www.welovecycling.com\/wide\/2024\/11\/26\/is-the-number-of-cyclists-growing-or-stagnating\/\" \/>\n<meta property=\"og:site_name\" content=\"\u0160koda We Love Cycling\" \/>\n<meta property=\"article:published_time\" content=\"2024-11-26T08:35:47+00:00\" \/>\n<meta property=\"og:image\" content=\"https:\/\/d2p6e6u75xmxt8.cloudfront.net\/2\/2022\/07\/Women-Urban-Cycling-profimedia-0350343262-CVR.webp\" \/>\n\t<meta property=\"og:image:width\" content=\"990\" \/>\n\t<meta property=\"og:image:height\" content=\"660\" \/>\n\t<meta property=\"og:image:type\" content=\"image\/webp\" \/>\n<meta name=\"author\" content=\"tereza\" \/>\n<meta name=\"twitter:card\" content=\"summary_large_image\" \/>\n<meta name=\"twitter:label1\" content=\"Written by\" \/>\n\t<meta name=\"twitter:data1\" content=\"Kasia Niewiadoma\" \/>\n\t<meta name=\"twitter:label2\" content=\"Est. reading time\" \/>\n\t<meta name=\"twitter:data2\" content=\"4\" \/>\n<script type=\"application\/ld+json\" class=\"yoast-schema-graph\">{\"@context\":\"https:\/\/schema.org\",\"@graph\":[{\"@type\":\"WebPage\",\"@id\":\"https:\/\/www.welovecycling.com\/wide\/2024\/11\/26\/is-the-number-of-cyclists-growing-or-stagnating\/\",\"url\":\"https:\/\/www.welovecycling.com\/wide\/2024\/11\/26\/is-the-number-of-cyclists-growing-or-stagnating\/\",\"name\":\"Is the Number of Cyclists Growing or Stagnating? - \u0160koda We Love Cycling\",\"isPartOf\":{\"@id\":\"https:\/\/www.welovecycling.com\/wide\/#website\"},\"primaryImageOfPage\":{\"@id\":\"https:\/\/www.welovecycling.com\/wide\/2024\/11\/26\/is-the-number-of-cyclists-growing-or-stagnating\/#primaryimage\"},\"image\":{\"@id\":\"https:\/\/www.welovecycling.com\/wide\/2024\/11\/26\/is-the-number-of-cyclists-growing-or-stagnating\/#primaryimage\"},\"thumbnailUrl\":\"https:\/\/d2p6e6u75xmxt8.cloudfront.net\/2\/2022\/07\/Women-Urban-Cycling-profimedia-0350343262-CVR.webp\",\"datePublished\":\"2024-11-26T08:35:47+00:00\",\"author\":{\"@id\":\"https:\/\/www.welovecycling.com\/wide\/#\/schema\/person\/50f01ecd18718d2333cf72e823c4f926\"},\"description\":\"Do you also enjoy debating the state of the world over a beer or coffee? For instance, do you argue about whether the number of cyclists on this planet is\",\"breadcrumb\":{\"@id\":\"https:\/\/www.welovecycling.com\/wide\/2024\/11\/26\/is-the-number-of-cyclists-growing-or-stagnating\/#breadcrumb\"},\"inLanguage\":\"en-US\",\"potentialAction\":[{\"@type\":\"ReadAction\",\"target\":[\"https:\/\/www.welovecycling.com\/wide\/2024\/11\/26\/is-the-number-of-cyclists-growing-or-stagnating\/\"]}]},{\"@type\":\"ImageObject\",\"inLanguage\":\"en-US\",\"@id\":\"https:\/\/www.welovecycling.com\/wide\/2024\/11\/26\/is-the-number-of-cyclists-growing-or-stagnating\/#primaryimage\",\"url\":\"https:\/\/d2p6e6u75xmxt8.cloudfront.net\/2\/2022\/07\/Women-Urban-Cycling-profimedia-0350343262-CVR.webp\",\"contentUrl\":\"https:\/\/d2p6e6u75xmxt8.cloudfront.net\/2\/2022\/07\/Women-Urban-Cycling-profimedia-0350343262-CVR.webp\",\"width\":990,\"height\":660,\"caption\":\"Women cycling in Amsterdam\"},{\"@type\":\"BreadcrumbList\",\"@id\":\"https:\/\/www.welovecycling.com\/wide\/2024\/11\/26\/is-the-number-of-cyclists-growing-or-stagnating\/#breadcrumb\",\"itemListElement\":[{\"@type\":\"ListItem\",\"position\":1,\"name\":\"Home\",\"item\":\"https:\/\/www.welovecycling.com\/wide\/\"},{\"@type\":\"ListItem\",\"position\":2,\"name\":\"Is the Number of Cyclists Growing or Stagnating?\"}]},{\"@type\":\"WebSite\",\"@id\":\"https:\/\/www.welovecycling.com\/wide\/#website\",\"url\":\"https:\/\/www.welovecycling.com\/wide\/\",\"name\":\"\u0160koda We Love Cycling\",\"description\":\"\u0160koda We Love Cycling magazine\",\"alternateName\":\"\u0160koda WLC\",\"potentialAction\":[{\"@type\":\"SearchAction\",\"target\":{\"@type\":\"EntryPoint\",\"urlTemplate\":\"https:\/\/www.welovecycling.com\/wide\/?s={search_term_string}\"},\"query-input\":{\"@type\":\"PropertyValueSpecification\",\"valueRequired\":true,\"valueName\":\"search_term_string\"}}],\"inLanguage\":\"en-US\"},{\"@type\":\"Person\",\"@id\":\"https:\/\/www.welovecycling.com\/wide\/#\/schema\/person\/50f01ecd18718d2333cf72e823c4f926\",\"name\":\"tereza\",\"image\":{\"@type\":\"ImageObject\",\"inLanguage\":\"en-US\",\"@id\":\"https:\/\/www.welovecycling.com\/wide\/#\/schema\/person\/image\/\",\"url\":\"https:\/\/secure.gravatar.com\/avatar\/1f9eb71be33845f0afabce3791bc1c58ecdb0a25c62964987e5dbcf7a20d2ec7?s=96&d=mm&r=g\",\"contentUrl\":\"https:\/\/secure.gravatar.com\/avatar\/1f9eb71be33845f0afabce3791bc1c58ecdb0a25c62964987e5dbcf7a20d2ec7?s=96&d=mm&r=g\",\"caption\":\"tereza\"},\"url\":\"https:\/\/www.welovecycling.com\/wide\/author\/tereza\/\"}]}<\/script>\n<!-- \/ Yoast SEO Premium plugin. -->","yoast_head_json":{"title":"Is the Number of Cyclists Growing or Stagnating? - \u0160koda We Love Cycling","description":"Do you also enjoy debating the state of the world over a beer or coffee? For instance, do you argue about whether the number of cyclists on this planet is","robots":{"index":"index","follow":"follow","max-snippet":"max-snippet:-1","max-image-preview":"max-image-preview:large","max-video-preview":"max-video-preview:-1"},"canonical":"https:\/\/www.welovecycling.com\/wide\/2024\/11\/26\/is-the-number-of-cyclists-growing-or-stagnating\/","og_locale":"en_US","og_type":"article","og_title":"Is the Number of Cyclists Growing or Stagnating?","og_description":"Do you also enjoy debating the state of the world over a beer or coffee? For instance, do you argue about whether the number of cyclists on this planet is","og_url":"https:\/\/www.welovecycling.com\/wide\/2024\/11\/26\/is-the-number-of-cyclists-growing-or-stagnating\/","og_site_name":"\u0160koda We Love Cycling","article_published_time":"2024-11-26T08:35:47+00:00","og_image":[{"width":990,"height":660,"url":"https:\/\/d2p6e6u75xmxt8.cloudfront.net\/2\/2022\/07\/Women-Urban-Cycling-profimedia-0350343262-CVR.webp","type":"image\/webp"}],"author":"tereza","twitter_card":"summary_large_image","twitter_misc":{"Written by":"Kasia Niewiadoma","Est. reading time":"4"},"schema":{"@context":"https:\/\/schema.org","@graph":[{"@type":"WebPage","@id":"https:\/\/www.welovecycling.com\/wide\/2024\/11\/26\/is-the-number-of-cyclists-growing-or-stagnating\/","url":"https:\/\/www.welovecycling.com\/wide\/2024\/11\/26\/is-the-number-of-cyclists-growing-or-stagnating\/","name":"Is the Number of Cyclists Growing or Stagnating? - \u0160koda We Love Cycling","isPartOf":{"@id":"https:\/\/www.welovecycling.com\/wide\/#website"},"primaryImageOfPage":{"@id":"https:\/\/www.welovecycling.com\/wide\/2024\/11\/26\/is-the-number-of-cyclists-growing-or-stagnating\/#primaryimage"},"image":{"@id":"https:\/\/www.welovecycling.com\/wide\/2024\/11\/26\/is-the-number-of-cyclists-growing-or-stagnating\/#primaryimage"},"thumbnailUrl":"https:\/\/d2p6e6u75xmxt8.cloudfront.net\/2\/2022\/07\/Women-Urban-Cycling-profimedia-0350343262-CVR.webp","datePublished":"2024-11-26T08:35:47+00:00","author":{"@id":"https:\/\/www.welovecycling.com\/wide\/#\/schema\/person\/50f01ecd18718d2333cf72e823c4f926"},"description":"Do you also enjoy debating the state of the world over a beer or coffee? For instance, do you argue about whether the number of cyclists on this planet is","breadcrumb":{"@id":"https:\/\/www.welovecycling.com\/wide\/2024\/11\/26\/is-the-number-of-cyclists-growing-or-stagnating\/#breadcrumb"},"inLanguage":"en-US","potentialAction":[{"@type":"ReadAction","target":["https:\/\/www.welovecycling.com\/wide\/2024\/11\/26\/is-the-number-of-cyclists-growing-or-stagnating\/"]}]},{"@type":"ImageObject","inLanguage":"en-US","@id":"https:\/\/www.welovecycling.com\/wide\/2024\/11\/26\/is-the-number-of-cyclists-growing-or-stagnating\/#primaryimage","url":"https:\/\/d2p6e6u75xmxt8.cloudfront.net\/2\/2022\/07\/Women-Urban-Cycling-profimedia-0350343262-CVR.webp","contentUrl":"https:\/\/d2p6e6u75xmxt8.cloudfront.net\/2\/2022\/07\/Women-Urban-Cycling-profimedia-0350343262-CVR.webp","width":990,"height":660,"caption":"Women cycling in Amsterdam"},{"@type":"BreadcrumbList","@id":"https:\/\/www.welovecycling.com\/wide\/2024\/11\/26\/is-the-number-of-cyclists-growing-or-stagnating\/#breadcrumb","itemListElement":[{"@type":"ListItem","position":1,"name":"Home","item":"https:\/\/www.welovecycling.com\/wide\/"},{"@type":"ListItem","position":2,"name":"Is the Number of Cyclists Growing or Stagnating?"}]},{"@type":"WebSite","@id":"https:\/\/www.welovecycling.com\/wide\/#website","url":"https:\/\/www.welovecycling.com\/wide\/","name":"\u0160koda We Love Cycling","description":"\u0160koda We Love Cycling magazine","alternateName":"\u0160koda WLC","potentialAction":[{"@type":"SearchAction","target":{"@type":"EntryPoint","urlTemplate":"https:\/\/www.welovecycling.com\/wide\/?s={search_term_string}"},"query-input":{"@type":"PropertyValueSpecification","valueRequired":true,"valueName":"search_term_string"}}],"inLanguage":"en-US"},{"@type":"Person","@id":"https:\/\/www.welovecycling.com\/wide\/#\/schema\/person\/50f01ecd18718d2333cf72e823c4f926","name":"tereza","image":{"@type":"ImageObject","inLanguage":"en-US","@id":"https:\/\/www.welovecycling.com\/wide\/#\/schema\/person\/image\/","url":"https:\/\/secure.gravatar.com\/avatar\/1f9eb71be33845f0afabce3791bc1c58ecdb0a25c62964987e5dbcf7a20d2ec7?s=96&d=mm&r=g","contentUrl":"https:\/\/secure.gravatar.com\/avatar\/1f9eb71be33845f0afabce3791bc1c58ecdb0a25c62964987e5dbcf7a20d2ec7?s=96&d=mm&r=g","caption":"tereza"},"url":"https:\/\/www.welovecycling.com\/wide\/author\/tereza\/"}]}},"_links":{"self":[{"href":"https:\/\/www.welovecycling.com\/wide\/wp-json\/wp\/v2\/posts\/197315","targetHints":{"allow":["GET"]}}],"collection":[{"href":"https:\/\/www.welovecycling.com\/wide\/wp-json\/wp\/v2\/posts"}],"about":[{"href":"https:\/\/www.welovecycling.com\/wide\/wp-json\/wp\/v2\/types\/post"}],"author":[{"embeddable":true,"href":"https:\/\/www.welovecycling.com\/wide\/wp-json\/wp\/v2\/users\/99"}],"replies":[{"embeddable":true,"href":"https:\/\/www.welovecycling.com\/wide\/wp-json\/wp\/v2\/comments?post=197315"}],"version-history":[{"count":1,"href":"https:\/\/www.welovecycling.com\/wide\/wp-json\/wp\/v2\/posts\/197315\/revisions"}],"predecessor-version":[{"id":197316,"href":"https:\/\/www.welovecycling.com\/wide\/wp-json\/wp\/v2\/posts\/197315\/revisions\/197316"}],"wp:featuredmedia":[{"embeddable":true,"href":"https:\/\/www.welovecycling.com\/wide\/wp-json\/wp\/v2\/media\/190076"}],"wp:attachment":[{"href":"https:\/\/www.welovecycling.com\/wide\/wp-json\/wp\/v2\/media?parent=197315"}],"wp:term":[{"taxonomy":"category","embeddable":true,"href":"https:\/\/www.welovecycling.com\/wide\/wp-json\/wp\/v2\/categories?post=197315"},{"taxonomy":"post_tag","embeddable":true,"href":"https:\/\/www.welovecycling.com\/wide\/wp-json\/wp\/v2\/tags?post=197315"},{"taxonomy":"global-categories","embeddable":true,"href":"https:\/\/www.welovecycling.com\/wide\/wp-json\/wp\/v2\/global-categories?post=197315"}],"curies":[{"name":"wp","href":"https:\/\/api.w.org\/{rel}","templated":true}]}}