{"id":197237,"date":"2024-11-29T07:00:04","date_gmt":"2024-11-29T07:00:04","guid":{"rendered":"https:\/\/www.welovecycling.com\/wide\/?p=197237"},"modified":"2024-11-29T08:22:55","modified_gmt":"2024-11-29T08:22:55","slug":"gran-canaria-a-cycling-familys-warm-winter-getaway","status":"publish","type":"post","link":"https:\/\/www.welovecycling.com\/wide\/2024\/11\/29\/gran-canaria-a-cycling-familys-warm-winter-getaway\/","title":{"rendered":"Gran Canaria: A Cycling Family&#8217;s Warm Winter Getaway"},"content":{"rendered":"<div>\n<p class=\"Textbody\"><strong>As winter tightens its grip in much of Europe, many families dream of escaping the chill. If you&#8217;re a family of cycling enthusiasts looking for a destination where warm breezes and stunning scenery await, Gran Canaria is the perfect choice. It\u2019s not just another city for cycling\u2014this volcanic island offers unique routes and family experiences that truly make it a paradise for cycling in December. Here\u2019s how to make the most of it.<\/strong><\/p>\n<\/div>\n<p><!--more--><\/p>\n<div>\n<h2><strong>1. Ride through the serene Pueblos Blancos<\/strong><\/h2>\n<\/div>\n<div>\n<figure id=\"attachment_197355\" aria-describedby=\"caption-attachment-197355\" style=\"width: 990px\" class=\"wp-caption alignnone\"><a href=\"https:\/\/d2p6e6u75xmxt8.cloudfront.net\/2\/2024\/11\/Agaete-profimedia-0890087887-CVR.webp\"><img loading=\"lazy\" decoding=\"async\" class=\"wp-image-197355 size-full\" src=\"https:\/\/d2p6e6u75xmxt8.cloudfront.net\/2\/2024\/11\/Agaete-profimedia-0890087887-CVR.webp\" alt=\"Agaete\" width=\"990\" height=\"660\" srcset=\"https:\/\/d2p6e6u75xmxt8.cloudfront.net\/2\/2024\/11\/Agaete-profimedia-0890087887-CVR.webp 990w, https:\/\/d2p6e6u75xmxt8.cloudfront.net\/2\/2024\/11\/Agaete-profimedia-0890087887-CVR-300x200.webp 300w, https:\/\/d2p6e6u75xmxt8.cloudfront.net\/2\/2024\/11\/Agaete-profimedia-0890087887-CVR-768x512.webp 768w, https:\/\/d2p6e6u75xmxt8.cloudfront.net\/2\/2024\/11\/Agaete-profimedia-0890087887-CVR-400x267.webp 400w, https:\/\/d2p6e6u75xmxt8.cloudfront.net\/2\/2024\/11\/Agaete-profimedia-0890087887-CVR-272x182.webp 272w\" sizes=\"auto, (max-width: 990px) 100vw, 990px\" \/><\/a><figcaption id=\"caption-attachment-197355\" class=\"wp-caption-text\">Explore the charm of Agaete. \u00a9 Profimedia<\/figcaption><\/figure>\n<p class=\"Textbody\">Gran Canaria&#8217;s whitewashed villages, known as <em>pueblos blancos<\/em>, are an enchanting part of any family cycling adventure. Head to towns like <span class=\"StrongEmphasis\">Agaete<\/span> or <span class=\"StrongEmphasis\">Teror<\/span>, where you can pedal past cobbled streets framed by colonial architecture and flower-decked balconies. The roads connecting these charming villages are quiet, safe, and gentle, making them ideal for a family ride. Stop at a local cafe for a fresh <span class=\"StrongEmphasis\">papas arrugadas<\/span> (wrinkled potatoes) and enjoy a leisurely afternoon taking in the authentic Canarian culture.<\/p>\n<\/div>\n<div>\n<h2><strong>2. Tackle family-friendly volcano rides<\/strong><\/h2>\n<\/div>\n<div>\n<p class=\"Textbody\">Unlike some of the intimidating volcanic terrain in other Canary Islands, Gran Canaria has manageable volcanic landscapes suitable for families. One of the highlights is the relatively gentle climb to <span class=\"StrongEmphasis\">Bandama Caldera<\/span>, an ancient volcanic crater offering sweeping views of the island. The ascent is rewarding without being too strenuous, and the view of the crater is bound to impress children and adults alike. For younger riders, the promise of standing at the edge of an ancient volcano makes the trip even more exciting.<\/p>\n<blockquote class=\"instagram-media\" style=\"background: #FFF; border: 0; border-radius: 3px; box-shadow: 0 0 1px 0 rgba(0,0,0,0.5),0 1px 10px 0 rgba(0,0,0,0.15); margin: 1px; max-width: 540px; min-width: 326px; padding: 0; width: calc(100% - 2px);\" data-instgrm-permalink=\"https:\/\/www.instagram.com\/p\/DC1pm0qMRMU\/?utm_source=ig_embed&amp;utm_campaign=loading\" data-instgrm-version=\"14\">\n<div style=\"padding: 16px;\">\n<p>&nbsp;<\/p>\n<div style=\"display: flex; flex-direction: row; align-items: center;\">\n<div style=\"background-color: #f4f4f4; border-radius: 50%; flex-grow: 0; height: 40px; margin-right: 14px; width: 40px;\"><\/div>\n<div style=\"display: flex; flex-direction: column; flex-grow: 1; justify-content: center;\">\n<div style=\"background-color: #f4f4f4; border-radius: 4px; flex-grow: 0; height: 14px; margin-bottom: 6px; width: 100px;\"><\/div>\n<div style=\"background-color: #f4f4f4; border-radius: 4px; flex-grow: 0; height: 14px; width: 60px;\"><\/div>\n<\/div>\n<\/div>\n<div style=\"padding: 19% 0;\"><\/div>\n<div style=\"display: block; height: 50px; margin: 0 auto 12px; width: 50px;\"><\/div>\n<div style=\"padding-top: 8px;\">\n<div style=\"color: #3897f0; font-family: Arial,sans-serif; font-size: 14px; font-style: normal; font-weight: 550; line-height: 18px;\">Zobrazit p\u0159\u00edsp\u011bvek na Instagramu<\/div>\n<\/div>\n<div style=\"padding: 12.5% 0;\"><\/div>\n<div style=\"display: flex; flex-direction: row; margin-bottom: 14px; align-items: center;\">\n<div>\n<div style=\"background-color: #f4f4f4; border-radius: 50%; height: 12.5px; width: 12.5px; transform: translateX(0px) translateY(7px);\"><\/div>\n<div style=\"background-color: #f4f4f4; height: 12.5px; transform: rotate(-45deg) translateX(3px) translateY(1px); width: 12.5px; flex-grow: 0; margin-right: 14px; margin-left: 2px;\"><\/div>\n<div style=\"background-color: #f4f4f4; border-radius: 50%; height: 12.5px; width: 12.5px; transform: translateX(9px) translateY(-18px);\"><\/div>\n<\/div>\n<div style=\"margin-left: 8px;\">\n<div style=\"background-color: #f4f4f4; border-radius: 50%; flex-grow: 0; height: 20px; width: 20px;\"><\/div>\n<div style=\"width: 0; height: 0; border-top: 2px solid transparent; border-left: 6px solid #f4f4f4; border-bottom: 2px solid transparent; transform: translateX(16px) translateY(-4px) rotate(30deg);\"><\/div>\n<\/div>\n<div style=\"margin-left: auto;\">\n<div style=\"width: 0px; border-top: 8px solid #F4F4F4; border-right: 8px solid transparent; transform: translateY(16px);\"><\/div>\n<div style=\"background-color: #f4f4f4; flex-grow: 0; height: 12px; width: 16px; transform: translateY(-4px);\"><\/div>\n<div style=\"width: 0; height: 0; border-top: 8px solid #F4F4F4; border-left: 8px solid transparent; transform: translateY(-4px) translateX(8px);\"><\/div>\n<\/div>\n<\/div>\n<div style=\"display: flex; flex-direction: column; flex-grow: 1; justify-content: center; margin-bottom: 24px;\">\n<div style=\"background-color: #f4f4f4; border-radius: 4px; flex-grow: 0; height: 14px; margin-bottom: 6px; width: 224px;\"><\/div>\n<div style=\"background-color: #f4f4f4; border-radius: 4px; flex-grow: 0; height: 14px; width: 144px;\"><\/div>\n<\/div>\n<p>&nbsp;<\/p>\n<p style=\"color: #c9c8cd; font-family: Arial,sans-serif; font-size: 14px; line-height: 17px; margin-bottom: 0; margin-top: 8px; overflow: hidden; padding: 8px 0 7px; text-align: center; text-overflow: ellipsis; white-space: nowrap;\"><a style=\"color: #c9c8cd; font-family: Arial,sans-serif; font-size: 14px; font-style: normal; font-weight: normal; line-height: 17px; text-decoration: none;\" href=\"https:\/\/www.instagram.com\/p\/DC1pm0qMRMU\/?utm_source=ig_embed&amp;utm_campaign=loading\" target=\"_blank\" rel=\"noopener\">P\u0159\u00edsp\u011bvek sd\u00edlen\u00fd Ronald John (@r0naldjohn)<\/a><\/p>\n<\/div>\n<\/blockquote>\n<p><script async src=\"\/\/www.instagram.com\/embed.js\"><\/script><\/p>\n<\/div>\n<div>\n<h2><strong>3. Explore scenic coastal paths<\/strong><\/h2>\n<\/div>\n<div>\n<p class=\"Textbody\">The coastal paths of Gran Canaria offer something truly spectacular: the chance to cycle alongside turquoise waters, under cloudless skies, while the winter gloom is left behind. The route from <span class=\"StrongEmphasis\">Las Palmas<\/span> to <span class=\"StrongEmphasis\">Maspalomas<\/span> is family-friendly and offers plenty of opportunities to stop and dip your toes in the ocean. Make a stop at <span class=\"StrongEmphasis\">Playa de las Canteras<\/span>, one of Spain&#8217;s most beautiful urban beaches, where you can enjoy lunch or even rent snorkelling gear to explore the underwater world with your kids.<\/p>\n<\/div>\n<div>\n<h2><strong>4. Discover the pine forests of Tamadaba<\/strong><\/h2>\n<\/div>\n<div>\n<p class=\"Textbody\">Gran Canaria\u2019s inland is defined by dramatic landscapes, including the <a href=\"https:\/\/www.hellocanaryislands.com\/nature-spaces\/gran-canaria\/tamadaba-natural-park\/\"><span class=\"StrongEmphasis\">Tamadaba Natural Park<\/span>.<\/a> A cycling trip through the lush pine forests of Tamadaba is unique to the island\u2014you\u2019ll ride along well-maintained paths surrounded by stunning, green landscapes. The scent of pine needles and the cool breeze make this an ideal spot for a day away from the coast. Take a <a href=\"https:\/\/www.welovecycling.com\/wide\/2023\/06\/18\/family-bike-and-cook-planning-a-cycle-to-picnic-adventure\/\" target=\"_blank\" rel=\"noopener\">family picnic<\/a> and enjoy it at one of the forest viewpoints overlooking the cliffs that drop into the Atlantic Ocean.<\/p>\n<\/div>\n<div>\n<h2><strong>5. Experience the dunes of Maspalomas by bike<\/strong><\/h2>\n<\/div>\n<div>\n<figure id=\"attachment_197354\" aria-describedby=\"caption-attachment-197354\" style=\"width: 990px\" class=\"wp-caption alignnone\"><a href=\"https:\/\/d2p6e6u75xmxt8.cloudfront.net\/2\/2024\/11\/Gran-Canaria-Maspalomas-profimedia-0906564896.webp\"><img loading=\"lazy\" decoding=\"async\" class=\"wp-image-197354 size-full\" src=\"https:\/\/d2p6e6u75xmxt8.cloudfront.net\/2\/2024\/11\/Gran-Canaria-Maspalomas-profimedia-0906564896.webp\" alt=\"Maspalomas\" width=\"990\" height=\"660\" srcset=\"https:\/\/d2p6e6u75xmxt8.cloudfront.net\/2\/2024\/11\/Gran-Canaria-Maspalomas-profimedia-0906564896.webp 990w, https:\/\/d2p6e6u75xmxt8.cloudfront.net\/2\/2024\/11\/Gran-Canaria-Maspalomas-profimedia-0906564896-300x200.webp 300w, https:\/\/d2p6e6u75xmxt8.cloudfront.net\/2\/2024\/11\/Gran-Canaria-Maspalomas-profimedia-0906564896-768x512.webp 768w, https:\/\/d2p6e6u75xmxt8.cloudfront.net\/2\/2024\/11\/Gran-Canaria-Maspalomas-profimedia-0906564896-400x267.webp 400w, https:\/\/d2p6e6u75xmxt8.cloudfront.net\/2\/2024\/11\/Gran-Canaria-Maspalomas-profimedia-0906564896-272x182.webp 272w\" sizes=\"auto, (max-width: 990px) 100vw, 990px\" \/><\/a><figcaption id=\"caption-attachment-197354\" class=\"wp-caption-text\">Ride around the dunes of Maspalomas. \u00a9 Profimedia<\/figcaption><\/figure>\n<p class=\"Textbody\">No family cycling trip to Gran Canaria is complete without visiting the <span class=\"StrongEmphasis\">Maspalomas Dunes<\/span>. Cycle to the edges of these impressive sand dunes, park your bikes, and let the kids run wild on the golden sands. It&#8217;s like visiting a desert\u2014right by the sea! The area is beautiful, especially in the late afternoon when the sun casts long shadows, giving the dunes a magical quality. After playing in the sand, continue on to <span class=\"StrongEmphasis\">Maspalomas Lighthouse<\/span>, which is the perfect spot for sunset viewing.<\/p>\n<\/div>\n<div>\n<h2><strong>6. Taste local flavours at farmers\u2019 markets<\/strong><\/h2>\n<\/div>\n<div>\n<p class=\"Textbody\">Another cycling gem unique to Gran Canaria is the access to traditional <span class=\"StrongEmphasis\">farmers&#8217; markets<\/span> in smaller towns like <span class=\"StrongEmphasis\">San Mateo<\/span> and <span class=\"StrongEmphasis\">Santa Brigida<\/span>. These are perfect pitstops during a family ride, where you can taste <span class=\"StrongEmphasis\">tropical fruits<\/span> that aren&#8217;t found on the mainland, such as sweet Canarian bananas, papayas, and local cheeses. Kids will love exploring the market and choosing their own snacks for the road.<\/p>\n<\/div>\n<div>\n<h2><strong>7. Relax in the Agaete Natural Pools<\/strong><\/h2>\n<\/div>\n<div>\n<figure id=\"attachment_197356\" aria-describedby=\"caption-attachment-197356\" style=\"width: 990px\" class=\"wp-caption alignnone\"><a href=\"https:\/\/d2p6e6u75xmxt8.cloudfront.net\/2\/2024\/11\/Agaete-Natural-Pools-profimedia-0937316078.webp\"><img loading=\"lazy\" decoding=\"async\" class=\"wp-image-197356 size-full\" src=\"https:\/\/d2p6e6u75xmxt8.cloudfront.net\/2\/2024\/11\/Agaete-Natural-Pools-profimedia-0937316078.webp\" alt=\"Agaete natural pools\" width=\"990\" height=\"660\" srcset=\"https:\/\/d2p6e6u75xmxt8.cloudfront.net\/2\/2024\/11\/Agaete-Natural-Pools-profimedia-0937316078.webp 990w, https:\/\/d2p6e6u75xmxt8.cloudfront.net\/2\/2024\/11\/Agaete-Natural-Pools-profimedia-0937316078-300x200.webp 300w, https:\/\/d2p6e6u75xmxt8.cloudfront.net\/2\/2024\/11\/Agaete-Natural-Pools-profimedia-0937316078-768x512.webp 768w, https:\/\/d2p6e6u75xmxt8.cloudfront.net\/2\/2024\/11\/Agaete-Natural-Pools-profimedia-0937316078-400x267.webp 400w, https:\/\/d2p6e6u75xmxt8.cloudfront.net\/2\/2024\/11\/Agaete-Natural-Pools-profimedia-0937316078-272x182.webp 272w\" sizes=\"auto, (max-width: 990px) 100vw, 990px\" \/><\/a><figcaption id=\"caption-attachment-197356\" class=\"wp-caption-text\">Take a swim in to Agaete natural pools. \u00a9 Profimedia<\/figcaption><\/figure>\n<p class=\"Textbody\">After a day of cycling, the <span class=\"StrongEmphasis\">Agaete natural pools<\/span> are a fantastic place to relax. Formed from volcanic rock, these pools are filled with crystal-clear ocean water and provide a safe environment for kids to swim and explore marine life. It\u2019s a unique Gran Canaria experience that combines both adventure and relaxation, letting you enjoy the natural beauty of the island without the waves of the open sea.<\/p>\n<\/div>\n<div>\n<h2><strong>8. Stargaze in Tejeda<\/strong><\/h2>\n<\/div>\n<div>\n<p class=\"Textbody\">With Gran Canaria being a designated <span class=\"StrongEmphasis\">Starlight Reserve<\/span>, stargazing in <span class=\"StrongEmphasis\">Tejeda<\/span> is the perfect end to a family cycling day. Ride into the town before dark, enjoy dinner, and then head out to watch the stars come alive. The clear skies of Gran Canaria in winter make it one of the best places in Europe to observe constellations without the chill of winter. Children will be fascinated by the vastness of the night sky, providing a magical conclusion to your family adventure.<\/p>\n<\/div>\n<div>\n<p class=\"Textbody\">Gran Canaria is not just a cycling destination\u2014it&#8217;s an adventure, an escape, and a chance to experience something truly unique as a family. Whether it&#8217;s riding through lush pine forests, coasting alongside turquoise waters, or discovering the hidden surprises of the island, Gran Canaria in winter offers warmth, excitement, and memories that will stay with your family long after the winter cold is gone.<\/p>\n<\/div>\n","protected":false},"excerpt":{"rendered":"<p>As winter tightens its grip in much of Europe, many families dream of escaping the chill. If you&#8217;re a family [&hellip;]<\/p>\n","protected":false},"author":99,"featured_media":197357,"comment_status":"closed","ping_status":"open","sticky":false,"template":"","format":"standard","meta":{"footnotes":""},"categories":[8162,333],"tags":[6377,8179,8180,8181],"global-categories":[3366],"class_list":["post-197237","post","type-post","status-publish","format-standard","has-post-thumbnail","hentry","category-explore-and-travel","category-family","tag-family-cycling-vacation","tag-gran-canaria","tag-gran-canaria-cycling","tag-gran-canaria-in-winter","global-categories-cycling"],"yoast_head":"<!-- This site is optimized with the Yoast SEO Premium plugin v25.3 (Yoast SEO v25.9) - https:\/\/yoast.com\/wordpress\/plugins\/seo\/ -->\n<title>Gran Canaria: A Cycling Family&#039;s Warm Winter Getaway - \u0160koda We Love Cycling<\/title>\n<meta name=\"description\" content=\"As winter tightens its grip in much of Europe, many families dream of escaping the chill. If you&#039;re a family of cycling enthusiasts looking for a\" \/>\n<meta name=\"robots\" content=\"index, follow, max-snippet:-1, max-image-preview:large, max-video-preview:-1\" \/>\n<link rel=\"canonical\" href=\"https:\/\/www.welovecycling.com\/wide\/2024\/11\/29\/gran-canaria-a-cycling-familys-warm-winter-getaway\/\" \/>\n<meta property=\"og:locale\" content=\"en_US\" \/>\n<meta property=\"og:type\" content=\"article\" \/>\n<meta property=\"og:title\" content=\"Gran Canaria: A Cycling Family&#039;s Warm Winter Getaway\" \/>\n<meta property=\"og:description\" content=\"As winter tightens its grip in much of Europe, many families dream of escaping the chill. If you&#039;re a family of cycling enthusiasts looking for a\" \/>\n<meta property=\"og:url\" content=\"https:\/\/www.welovecycling.com\/wide\/2024\/11\/29\/gran-canaria-a-cycling-familys-warm-winter-getaway\/\" \/>\n<meta property=\"og:site_name\" content=\"\u0160koda We Love Cycling\" \/>\n<meta property=\"article:published_time\" content=\"2024-11-29T07:00:04+00:00\" \/>\n<meta property=\"article:modified_time\" content=\"2024-11-29T08:22:55+00:00\" \/>\n<meta property=\"og:image\" content=\"https:\/\/d2p6e6u75xmxt8.cloudfront.net\/2\/2024\/11\/Gran-Canaria-profimedia-0928705318-CVR.webp\" \/>\n\t<meta property=\"og:image:width\" content=\"990\" \/>\n\t<meta property=\"og:image:height\" content=\"660\" \/>\n\t<meta property=\"og:image:type\" content=\"image\/webp\" \/>\n<meta name=\"author\" content=\"tereza\" \/>\n<meta name=\"twitter:card\" content=\"summary_large_image\" \/>\n<meta name=\"twitter:label1\" content=\"Written by\" \/>\n\t<meta name=\"twitter:data1\" content=\"Monica Buck\" \/>\n\t<meta name=\"twitter:label2\" content=\"Est. reading time\" \/>\n\t<meta name=\"twitter:data2\" content=\"3\" \/>\n<script type=\"application\/ld+json\" class=\"yoast-schema-graph\">{\"@context\":\"https:\/\/schema.org\",\"@graph\":[{\"@type\":\"WebPage\",\"@id\":\"https:\/\/www.welovecycling.com\/wide\/2024\/11\/29\/gran-canaria-a-cycling-familys-warm-winter-getaway\/\",\"url\":\"https:\/\/www.welovecycling.com\/wide\/2024\/11\/29\/gran-canaria-a-cycling-familys-warm-winter-getaway\/\",\"name\":\"Gran Canaria: A Cycling Family's Warm Winter Getaway - \u0160koda We Love Cycling\",\"isPartOf\":{\"@id\":\"https:\/\/www.welovecycling.com\/wide\/#website\"},\"primaryImageOfPage\":{\"@id\":\"https:\/\/www.welovecycling.com\/wide\/2024\/11\/29\/gran-canaria-a-cycling-familys-warm-winter-getaway\/#primaryimage\"},\"image\":{\"@id\":\"https:\/\/www.welovecycling.com\/wide\/2024\/11\/29\/gran-canaria-a-cycling-familys-warm-winter-getaway\/#primaryimage\"},\"thumbnailUrl\":\"https:\/\/d2p6e6u75xmxt8.cloudfront.net\/2\/2024\/11\/Gran-Canaria-profimedia-0928705318-CVR.webp\",\"datePublished\":\"2024-11-29T07:00:04+00:00\",\"dateModified\":\"2024-11-29T08:22:55+00:00\",\"author\":{\"@id\":\"https:\/\/www.welovecycling.com\/wide\/#\/schema\/person\/50f01ecd18718d2333cf72e823c4f926\"},\"description\":\"As winter tightens its grip in much of Europe, many families dream of escaping the chill. If you're a family of cycling enthusiasts looking for a\",\"breadcrumb\":{\"@id\":\"https:\/\/www.welovecycling.com\/wide\/2024\/11\/29\/gran-canaria-a-cycling-familys-warm-winter-getaway\/#breadcrumb\"},\"inLanguage\":\"en-US\",\"potentialAction\":[{\"@type\":\"ReadAction\",\"target\":[\"https:\/\/www.welovecycling.com\/wide\/2024\/11\/29\/gran-canaria-a-cycling-familys-warm-winter-getaway\/\"]}]},{\"@type\":\"ImageObject\",\"inLanguage\":\"en-US\",\"@id\":\"https:\/\/www.welovecycling.com\/wide\/2024\/11\/29\/gran-canaria-a-cycling-familys-warm-winter-getaway\/#primaryimage\",\"url\":\"https:\/\/d2p6e6u75xmxt8.cloudfront.net\/2\/2024\/11\/Gran-Canaria-profimedia-0928705318-CVR.webp\",\"contentUrl\":\"https:\/\/d2p6e6u75xmxt8.cloudfront.net\/2\/2024\/11\/Gran-Canaria-profimedia-0928705318-CVR.webp\",\"width\":990,\"height\":660},{\"@type\":\"BreadcrumbList\",\"@id\":\"https:\/\/www.welovecycling.com\/wide\/2024\/11\/29\/gran-canaria-a-cycling-familys-warm-winter-getaway\/#breadcrumb\",\"itemListElement\":[{\"@type\":\"ListItem\",\"position\":1,\"name\":\"Home\",\"item\":\"https:\/\/www.welovecycling.com\/wide\/\"},{\"@type\":\"ListItem\",\"position\":2,\"name\":\"Gran Canaria: A Cycling Family&#8217;s Warm Winter Getaway\"}]},{\"@type\":\"WebSite\",\"@id\":\"https:\/\/www.welovecycling.com\/wide\/#website\",\"url\":\"https:\/\/www.welovecycling.com\/wide\/\",\"name\":\"\u0160koda We Love Cycling\",\"description\":\"\u0160koda We Love Cycling magazine\",\"alternateName\":\"\u0160koda WLC\",\"potentialAction\":[{\"@type\":\"SearchAction\",\"target\":{\"@type\":\"EntryPoint\",\"urlTemplate\":\"https:\/\/www.welovecycling.com\/wide\/?s={search_term_string}\"},\"query-input\":{\"@type\":\"PropertyValueSpecification\",\"valueRequired\":true,\"valueName\":\"search_term_string\"}}],\"inLanguage\":\"en-US\"},{\"@type\":\"Person\",\"@id\":\"https:\/\/www.welovecycling.com\/wide\/#\/schema\/person\/50f01ecd18718d2333cf72e823c4f926\",\"name\":\"tereza\",\"image\":{\"@type\":\"ImageObject\",\"inLanguage\":\"en-US\",\"@id\":\"https:\/\/www.welovecycling.com\/wide\/#\/schema\/person\/image\/\",\"url\":\"https:\/\/secure.gravatar.com\/avatar\/1f9eb71be33845f0afabce3791bc1c58ecdb0a25c62964987e5dbcf7a20d2ec7?s=96&d=mm&r=g\",\"contentUrl\":\"https:\/\/secure.gravatar.com\/avatar\/1f9eb71be33845f0afabce3791bc1c58ecdb0a25c62964987e5dbcf7a20d2ec7?s=96&d=mm&r=g\",\"caption\":\"tereza\"},\"url\":\"https:\/\/www.welovecycling.com\/wide\/author\/tereza\/\"}]}<\/script>\n<!-- \/ Yoast SEO Premium plugin. -->","yoast_head_json":{"title":"Gran Canaria: A Cycling Family's Warm Winter Getaway - \u0160koda We Love Cycling","description":"As winter tightens its grip in much of Europe, many families dream of escaping the chill. If you're a family of cycling enthusiasts looking for a","robots":{"index":"index","follow":"follow","max-snippet":"max-snippet:-1","max-image-preview":"max-image-preview:large","max-video-preview":"max-video-preview:-1"},"canonical":"https:\/\/www.welovecycling.com\/wide\/2024\/11\/29\/gran-canaria-a-cycling-familys-warm-winter-getaway\/","og_locale":"en_US","og_type":"article","og_title":"Gran Canaria: A Cycling Family's Warm Winter Getaway","og_description":"As winter tightens its grip in much of Europe, many families dream of escaping the chill. If you're a family of cycling enthusiasts looking for a","og_url":"https:\/\/www.welovecycling.com\/wide\/2024\/11\/29\/gran-canaria-a-cycling-familys-warm-winter-getaway\/","og_site_name":"\u0160koda We Love Cycling","article_published_time":"2024-11-29T07:00:04+00:00","article_modified_time":"2024-11-29T08:22:55+00:00","og_image":[{"width":990,"height":660,"url":"https:\/\/d2p6e6u75xmxt8.cloudfront.net\/2\/2024\/11\/Gran-Canaria-profimedia-0928705318-CVR.webp","type":"image\/webp"}],"author":"tereza","twitter_card":"summary_large_image","twitter_misc":{"Written by":"Monica Buck","Est. reading time":"3"},"schema":{"@context":"https:\/\/schema.org","@graph":[{"@type":"WebPage","@id":"https:\/\/www.welovecycling.com\/wide\/2024\/11\/29\/gran-canaria-a-cycling-familys-warm-winter-getaway\/","url":"https:\/\/www.welovecycling.com\/wide\/2024\/11\/29\/gran-canaria-a-cycling-familys-warm-winter-getaway\/","name":"Gran Canaria: A Cycling Family's Warm Winter Getaway - \u0160koda We Love Cycling","isPartOf":{"@id":"https:\/\/www.welovecycling.com\/wide\/#website"},"primaryImageOfPage":{"@id":"https:\/\/www.welovecycling.com\/wide\/2024\/11\/29\/gran-canaria-a-cycling-familys-warm-winter-getaway\/#primaryimage"},"image":{"@id":"https:\/\/www.welovecycling.com\/wide\/2024\/11\/29\/gran-canaria-a-cycling-familys-warm-winter-getaway\/#primaryimage"},"thumbnailUrl":"https:\/\/d2p6e6u75xmxt8.cloudfront.net\/2\/2024\/11\/Gran-Canaria-profimedia-0928705318-CVR.webp","datePublished":"2024-11-29T07:00:04+00:00","dateModified":"2024-11-29T08:22:55+00:00","author":{"@id":"https:\/\/www.welovecycling.com\/wide\/#\/schema\/person\/50f01ecd18718d2333cf72e823c4f926"},"description":"As winter tightens its grip in much of Europe, many families dream of escaping the chill. If you're a family of cycling enthusiasts looking for a","breadcrumb":{"@id":"https:\/\/www.welovecycling.com\/wide\/2024\/11\/29\/gran-canaria-a-cycling-familys-warm-winter-getaway\/#breadcrumb"},"inLanguage":"en-US","potentialAction":[{"@type":"ReadAction","target":["https:\/\/www.welovecycling.com\/wide\/2024\/11\/29\/gran-canaria-a-cycling-familys-warm-winter-getaway\/"]}]},{"@type":"ImageObject","inLanguage":"en-US","@id":"https:\/\/www.welovecycling.com\/wide\/2024\/11\/29\/gran-canaria-a-cycling-familys-warm-winter-getaway\/#primaryimage","url":"https:\/\/d2p6e6u75xmxt8.cloudfront.net\/2\/2024\/11\/Gran-Canaria-profimedia-0928705318-CVR.webp","contentUrl":"https:\/\/d2p6e6u75xmxt8.cloudfront.net\/2\/2024\/11\/Gran-Canaria-profimedia-0928705318-CVR.webp","width":990,"height":660},{"@type":"BreadcrumbList","@id":"https:\/\/www.welovecycling.com\/wide\/2024\/11\/29\/gran-canaria-a-cycling-familys-warm-winter-getaway\/#breadcrumb","itemListElement":[{"@type":"ListItem","position":1,"name":"Home","item":"https:\/\/www.welovecycling.com\/wide\/"},{"@type":"ListItem","position":2,"name":"Gran Canaria: A Cycling Family&#8217;s Warm Winter Getaway"}]},{"@type":"WebSite","@id":"https:\/\/www.welovecycling.com\/wide\/#website","url":"https:\/\/www.welovecycling.com\/wide\/","name":"\u0160koda We Love Cycling","description":"\u0160koda We Love Cycling magazine","alternateName":"\u0160koda WLC","potentialAction":[{"@type":"SearchAction","target":{"@type":"EntryPoint","urlTemplate":"https:\/\/www.welovecycling.com\/wide\/?s={search_term_string}"},"query-input":{"@type":"PropertyValueSpecification","valueRequired":true,"valueName":"search_term_string"}}],"inLanguage":"en-US"},{"@type":"Person","@id":"https:\/\/www.welovecycling.com\/wide\/#\/schema\/person\/50f01ecd18718d2333cf72e823c4f926","name":"tereza","image":{"@type":"ImageObject","inLanguage":"en-US","@id":"https:\/\/www.welovecycling.com\/wide\/#\/schema\/person\/image\/","url":"https:\/\/secure.gravatar.com\/avatar\/1f9eb71be33845f0afabce3791bc1c58ecdb0a25c62964987e5dbcf7a20d2ec7?s=96&d=mm&r=g","contentUrl":"https:\/\/secure.gravatar.com\/avatar\/1f9eb71be33845f0afabce3791bc1c58ecdb0a25c62964987e5dbcf7a20d2ec7?s=96&d=mm&r=g","caption":"tereza"},"url":"https:\/\/www.welovecycling.com\/wide\/author\/tereza\/"}]}},"_links":{"self":[{"href":"https:\/\/www.welovecycling.com\/wide\/wp-json\/wp\/v2\/posts\/197237","targetHints":{"allow":["GET"]}}],"collection":[{"href":"https:\/\/www.welovecycling.com\/wide\/wp-json\/wp\/v2\/posts"}],"about":[{"href":"https:\/\/www.welovecycling.com\/wide\/wp-json\/wp\/v2\/types\/post"}],"author":[{"embeddable":true,"href":"https:\/\/www.welovecycling.com\/wide\/wp-json\/wp\/v2\/users\/99"}],"replies":[{"embeddable":true,"href":"https:\/\/www.welovecycling.com\/wide\/wp-json\/wp\/v2\/comments?post=197237"}],"version-history":[{"count":2,"href":"https:\/\/www.welovecycling.com\/wide\/wp-json\/wp\/v2\/posts\/197237\/revisions"}],"predecessor-version":[{"id":197358,"href":"https:\/\/www.welovecycling.com\/wide\/wp-json\/wp\/v2\/posts\/197237\/revisions\/197358"}],"wp:featuredmedia":[{"embeddable":true,"href":"https:\/\/www.welovecycling.com\/wide\/wp-json\/wp\/v2\/media\/197357"}],"wp:attachment":[{"href":"https:\/\/www.welovecycling.com\/wide\/wp-json\/wp\/v2\/media?parent=197237"}],"wp:term":[{"taxonomy":"category","embeddable":true,"href":"https:\/\/www.welovecycling.com\/wide\/wp-json\/wp\/v2\/categories?post=197237"},{"taxonomy":"post_tag","embeddable":true,"href":"https:\/\/www.welovecycling.com\/wide\/wp-json\/wp\/v2\/tags?post=197237"},{"taxonomy":"global-categories","embeddable":true,"href":"https:\/\/www.welovecycling.com\/wide\/wp-json\/wp\/v2\/global-categories?post=197237"}],"curies":[{"name":"wp","href":"https:\/\/api.w.org\/{rel}","templated":true}]}}