{"id":197230,"date":"2024-11-18T10:05:55","date_gmt":"2024-11-18T10:05:55","guid":{"rendered":"https:\/\/www.welovecycling.com\/wide\/?p=197230"},"modified":"2024-11-18T10:05:55","modified_gmt":"2024-11-18T10:05:55","slug":"nys-crashes-as-sweeck-and-vandeputte-share-the-weekend-cyclo-cross-spoils","status":"publish","type":"post","link":"https:\/\/www.welovecycling.com\/wide\/2024\/11\/18\/nys-crashes-as-sweeck-and-vandeputte-share-the-weekend-cyclo-cross-spoils\/","title":{"rendered":"Nys Crashes as Sweeck and Vandeputte Share\u00a0the Weekend Cyclo-Cross Spoils"},"content":{"rendered":"<p style=\"font-weight: 400;\"><strong>Everyone has heard of the so-called Commentator\u2019s Curse. Praise an athlete and they will immediately drop the ball, trip over their shoelaces or, in the case of Thibau Nys, crowned cycling\u2019s Next Big Thing in this column, lose a race he should have won and then crash \u2013 all within 24 hours.<\/strong><\/p>\n<p><!--more--><\/p>\n<p style=\"font-weight: 400;\">The crash took place near the end of Sunday\u2019s <a href=\"https:\/\/cyclocross24.com\/standings\/x2o-trofee\/\">X20 Badkamers Trofee cyclo-cross<\/a> race at Hamme in Belgium. The 22-year-old Baloise Trek Lions rider, recently crowned 2024 European Cyclo-cross Champion, was sitting fourth then and had just given up the chase when he appeared to be thrown off-balance and fell headfirst over the handlebars and into a wooden post.<\/p>\n<p style=\"font-weight: 400;\">He managed to get back on his bike and crossed the finish line, covered in mud and holding his knee, in 14th place, 1:59 behind the winner, Niels Vandeputte. With this victory, his first of the year, the Alpecin-Deceuninck rider put an end to a frustrating series of close finishes and won his first race of the year, beating a visibly disappointed Eli Iserbyt (Pauwels Sauzen-Bingoal. The runner-up struck his handlebars in exasperation before crossing the finish line 2 seconds behind the winner. The European Championship runner-up, Felipe Orts Lloret (Ridley Racing) finished third, at 8 seconds.<\/p>\n<div class=\"shortcode-ys-post-pinup\"><article class=\"loop-simple post-197217 post type-post status-publish format-standard has-post-thumbnail hentry category-outdoor-mountain category-road-cycling tag-cyclo-cross tag-cyclocross tag-mathieu-van-der-poel tag-thibau-nys tag-wout-van-aert global-categories-cycling\" data-postid=\"197217\" role=\"article\" data-post-id=\"197217\" data-word-count=\"754\" data-headline-length=\"49\" data-category=\"Outdoor\/Mountain\" data-global-category=\"Cycling\" data-author=\"Siegfried Mortkowitz\" data-published=\"2024-11-14T09:28:13+00:00\" data-published-day=\"Thursday\">\n    <div class=\"entry-thumbnail article-thumbnail\" content=\"https:\/\/d2p6e6u75xmxt8.cloudfront.net\/2\/2024\/11\/Thibau-Nys-profimedia-0932722434-CVR-150x150.webp\"><a href=\"https:\/\/www.welovecycling.com\/wide\/2024\/11\/14\/is-thibau-nys-the-next-big-thing-in-cycling-yes\/\" class=\"image-holder\" target=\"_self\"><img decoding=\"async\" loading=\"lazy\" class=\"\" src=\"https:\/\/d2p6e6u75xmxt8.cloudfront.net\/2\/2024\/11\/Thibau-Nys-profimedia-0932722434-CVR.webp\" srcset=\"https:\/\/d2p6e6u75xmxt8.cloudfront.net\/2\/2024\/11\/Thibau-Nys-profimedia-0932722434-CVR.webp 990w, https:\/\/d2p6e6u75xmxt8.cloudfront.net\/2\/2024\/11\/Thibau-Nys-profimedia-0932722434-CVR-300x200.webp 300w, https:\/\/d2p6e6u75xmxt8.cloudfront.net\/2\/2024\/11\/Thibau-Nys-profimedia-0932722434-CVR-768x512.webp 768w, https:\/\/d2p6e6u75xmxt8.cloudfront.net\/2\/2024\/11\/Thibau-Nys-profimedia-0932722434-CVR-400x267.webp 400w, https:\/\/d2p6e6u75xmxt8.cloudfront.net\/2\/2024\/11\/Thibau-Nys-profimedia-0932722434-CVR-272x182.webp 272w\" width=\"990\" height=\"660\" sizes=\"auto, (min-width: 1200px) 300px, (min-width: 768px) 25vw, 100vw\" alt=\"is-thibau-nys-the-next-big-thing-in-cycling-yes\"\/><\/a><\/div>    <div class=\"entry-meta\">\n        <a class=\"label label-secondary post-category\" href=\"https:\/\/www.welovecycling.com\/wide\/category\/outdoor-mountain\/\" title=\"Outdoor\/Mountain\">Outdoor\/Mountain<\/a>\n    <\/div>\n    <div class=\"entry-details\">\n        <a href=\"https:\/\/www.welovecycling.com\/wide\/2024\/11\/14\/is-thibau-nys-the-next-big-thing-in-cycling-yes\/\" class='entry-title-wrapper'>\n            <h3 class=\"entry-title\"><span>Is Thibau Nys the Next Big Thing in Cycling? Yes!<\/span><\/h3>\n        <\/a>\n    <\/div>\n    <\/article>\n<\/div>\n<p style=\"font-weight: 400;\">\u201c[The victory] means a lot,\u201d Vandeputte said after the race. \u201cI&#8217;ve been riding very well this season. I&#8217;ve been in the top four for every race, apart from [Saturday]. So to finally take the big win in the big race, it means a lot.\u201d<\/p>\n<p style=\"font-weight: 400;\">There were many lead changes in the fast and very tactical race and it took most of the 11 laps to whittle down a large lead group to five riders. In the final lap, it came down to a mano a mano between Vandeputte and Iserbyt, with the winner having a little more in the tank at the end.<\/p>\n<p style=\"font-weight: 400;\">\u201cI think technically I rode a very good race, and in the end, I just had the most power left,\u201d he said. \u201cTo say I&#8217;m the strongest, it&#8217;s hard to say. It was a mix between strength and technique today, and I think I had the right combination of both.\u201d<\/p>\n<p style=\"font-weight: 400;\">As for Nys, he came out of his crash bloodied but unbowed. \u201cAt the time of the crash, the fight for the win was already over for me,\u201d he said. \u201cI had to let go a bit and got slightly off track, and I think I hit a pole with my pedal or handlebars, which catapulted me. It was a huge crash.\u201d<\/p>\n<p style=\"font-weight: 400;\">He said he came away from the accident without serious injury. \u201cIt\u2019s not too bad. My neck is a bit stiff, and I have trouble moving my knee, but all in all, it\u2019s not too severe. I\u2019ll visit the physio, do some easy cycling, and then it should be fine.&#8221;<\/p>\n<p style=\"font-weight: 400;\">Nys was more upset about having lost Saturday\u2019s Superprestige Merksplas Aardbeincross because of a tactical error. \u201cI\u2019m less disappointed than yesterday, when I really felt like I missed out on something,\u201d he said. \u201cI feel that way today too, but with a different mindset. The strongest and smartest rider won the race, but it\u2019s a shame. It\u2019s been two days where I performed at a very high level, but I\u2019m going home without a win.&#8221;<\/p>\n<p style=\"font-weight: 400;\">Saturday\u2019s race was won by a back-in-form Laurens Sweeck (Crelan-Corendon), who took his second Superprestige race in a row when he first out-thought his rivals and then out-kicked them at the end of a race on a dry and fast course that was very much like Sunday\u2019s race. The 30-year-old Belgian was scarcely noticed in the first two-thirds of the Aardbeiencross and waited until midway on the ninth, and final, lap to surge to the front and ride away from a nine-rider lead group.<\/p>\n<p style=\"font-weight: 400;\">This was a completely different winning strategy than in his previous Superprestige win, in Niel, when he led the race from start to finish with a daring solo. &#8220;I didn\u2019t have the legs to force my way to the front the entire race,&#8221; Sweeck said Saturday. &#8220;At the right moment I still found some breath to make a move to the front. In the last lap I had to maintain my position to launch another attack. Then I just had to hope that no one else would come over.&#8221;<\/p>\n<p style=\"font-weight: 400;\">No one came over, as most of the riders had expended a great deal of energy in a very tactical race in which it was difficult to open and maintain large gaps and which ended with Nys castigating himself for letting the win slip away.<\/p>\n<p style=\"font-weight: 400;\">\u00a0&#8220;I think I did everything perfectly up until that last half-lap, where I was way too passive and too lax,\u201d he said. \u201cIf you still feel like you have the power to correct things, that&#8217;s nice. But I didn&#8217;t get that opportunity anymore because I waited too long. I have to be disappointed about that, a lost victory.\u201d<\/p>\n<p style=\"font-weight: 400;\">A number of riders took turns at the front of the race, including Michael Vanthourenhout (Pauwels Sauzen-Bingoal), Toon Aerts (Deschacht-Hens-FSP), Orts, Vandeputte, and, of course, Nys. Vanthourenhout\u2019s teammate <a href=\"https:\/\/www.welovecycling.com\/wide\/2024\/10\/28\/iserbyt-wins-first-cyclo-cross-race-after-ban-then-finishes-second-to-nys\/\" target=\"_blank\" rel=\"noopener\">Eli Iserbyt<\/a> did his best to slow rivals down by, among other things, dismounting and dragging his bicycle sideways on a particularly tricky downhill curve.<\/p>\n<p style=\"font-weight: 400;\">But going into the final lap, nine riders were still in contention, and Sweeck had finally moved up towards the front. Known as an excellent sand rider, he did not wait for the sand pit to make his winning move, perhaps because it was neither deep nor heavy enough to enable riders to use it to their advantage.<\/p>\n<p style=\"font-weight: 400;\">&#8220;I didn&#8217;t have the impression that the difference was going to be made there,&#8221; he explained. &#8220;Everyone rode through it quite quickly. I felt that Michael (Vantourenhout) and Toon (Aerts) were plateauing a bit, because of their earlier attempts to attack. Then I didn&#8217;t hesitate to go for it.&#8221;<\/p>\n<p style=\"font-weight: 400;\">In fact, most of the riders involved in the race-long tactical back-and-forth didn\u2019t make the podium, with Aerts finishing second and the new Superprestige series leader, Lars van der Haar (Baloise Trek Lions), finishing third courtesy of his teammate Nys, who slowed down in the final 50 meters to let him pass.<\/p>\n<p style=\"font-weight: 400;\">\u00a0&#8220;I never fought for the victory, but I got a gift from Thibau, and that&#8217;s very nice,\u201d van der Haar said. \u201cI really appreciate that. The Superprestige is about the final points, and for a long time, I thought it would be difficult to catch up to Niels Vandeputte, so this is very nice.&#8221;<\/p>\n<p style=\"font-weight: 400;\">Considering his difficult start, it was an impressive performance by the Dutch rider. &#8220;I got my shorts caught on my saddle, so I was immediately far behind,\u201d he said with a laugh. \u201cI wasn\u2019t in the race at all during the first half and really struggled. Eventually, I managed to get through.\u201d<\/p>\n<p style=\"font-weight: 400;\">Van der Haar can afford to laugh, for he now leads the standings in both the Superprestige, which is decided by points, and the X20 Trofee, in which time is the decisive factor, as in a season-long stage race.<\/p>\n","protected":false},"excerpt":{"rendered":"<p>Everyone has heard of the so-called Commentator\u2019s Curse. Praise an athlete and they will immediately drop the ball, trip over [&hellip;]<\/p>\n","protected":false},"author":99,"featured_media":197232,"comment_status":"closed","ping_status":"open","sticky":false,"template":"","format":"standard","meta":{"footnotes":""},"categories":[328,329],"tags":[631,632,6823,5928,8087,8137,8135],"global-categories":[3366],"class_list":["post-197230","post","type-post","status-publish","format-standard","has-post-thumbnail","hentry","category-outdoor-mountain","category-road-cycling","tag-cyclo-cross","tag-cyclocross","tag-laurens-sweeck","tag-michael-vanthourenhout","tag-niels-vandeputte","tag-superprestige","tag-thibau-nys","global-categories-cycling"],"yoast_head":"<!-- This site is optimized with the Yoast SEO Premium plugin v25.3 (Yoast SEO v25.9) - https:\/\/yoast.com\/wordpress\/plugins\/seo\/ -->\n<title>Sweeck and Vandeputte Share\u00a0the Weekend Cyclo-Cross Spoils<\/title>\n<meta name=\"description\" content=\"Everyone has heard of the so-called Commentator\u2019s Curse. Praise an athlete and they will immediately drop the ball, trip over their shoelaces or, in the\" \/>\n<meta name=\"robots\" content=\"index, follow, max-snippet:-1, max-image-preview:large, max-video-preview:-1\" \/>\n<link rel=\"canonical\" href=\"https:\/\/www.welovecycling.com\/wide\/2024\/11\/18\/nys-crashes-as-sweeck-and-vandeputte-share-the-weekend-cyclo-cross-spoils\/\" \/>\n<meta property=\"og:locale\" content=\"en_US\" \/>\n<meta property=\"og:type\" content=\"article\" \/>\n<meta property=\"og:title\" content=\"Nys Crashes as Sweeck and Vandeputte Share\u00a0the Weekend Cyclo-Cross Spoils\" \/>\n<meta property=\"og:description\" content=\"Everyone has heard of the so-called Commentator\u2019s Curse. Praise an athlete and they will immediately drop the ball, trip over their shoelaces or, in the\" \/>\n<meta property=\"og:url\" content=\"https:\/\/www.welovecycling.com\/wide\/2024\/11\/18\/nys-crashes-as-sweeck-and-vandeputte-share-the-weekend-cyclo-cross-spoils\/\" \/>\n<meta property=\"og:site_name\" content=\"\u0160koda We Love Cycling\" \/>\n<meta property=\"article:published_time\" content=\"2024-11-18T10:05:55+00:00\" \/>\n<meta property=\"og:image\" content=\"https:\/\/d2p6e6u75xmxt8.cloudfront.net\/2\/2024\/11\/Niels-Vandeputteprofimedia-0935182511-CVR.webp\" \/>\n\t<meta property=\"og:image:width\" content=\"990\" \/>\n\t<meta property=\"og:image:height\" content=\"660\" \/>\n\t<meta property=\"og:image:type\" content=\"image\/webp\" \/>\n<meta name=\"author\" content=\"tereza\" \/>\n<meta name=\"twitter:card\" content=\"summary_large_image\" \/>\n<meta name=\"twitter:label1\" content=\"Written by\" \/>\n\t<meta name=\"twitter:data1\" content=\"Siegfried Mortkowitz\" \/>\n\t<meta name=\"twitter:label2\" content=\"Est. reading time\" \/>\n\t<meta name=\"twitter:data2\" content=\"3\" \/>\n<script type=\"application\/ld+json\" class=\"yoast-schema-graph\">{\"@context\":\"https:\/\/schema.org\",\"@graph\":[{\"@type\":\"WebPage\",\"@id\":\"https:\/\/www.welovecycling.com\/wide\/2024\/11\/18\/nys-crashes-as-sweeck-and-vandeputte-share-the-weekend-cyclo-cross-spoils\/\",\"url\":\"https:\/\/www.welovecycling.com\/wide\/2024\/11\/18\/nys-crashes-as-sweeck-and-vandeputte-share-the-weekend-cyclo-cross-spoils\/\",\"name\":\"Sweeck and Vandeputte Share\u00a0the Weekend Cyclo-Cross Spoils\",\"isPartOf\":{\"@id\":\"https:\/\/www.welovecycling.com\/wide\/#website\"},\"primaryImageOfPage\":{\"@id\":\"https:\/\/www.welovecycling.com\/wide\/2024\/11\/18\/nys-crashes-as-sweeck-and-vandeputte-share-the-weekend-cyclo-cross-spoils\/#primaryimage\"},\"image\":{\"@id\":\"https:\/\/www.welovecycling.com\/wide\/2024\/11\/18\/nys-crashes-as-sweeck-and-vandeputte-share-the-weekend-cyclo-cross-spoils\/#primaryimage\"},\"thumbnailUrl\":\"https:\/\/d2p6e6u75xmxt8.cloudfront.net\/2\/2024\/11\/Niels-Vandeputteprofimedia-0935182511-CVR.webp\",\"datePublished\":\"2024-11-18T10:05:55+00:00\",\"author\":{\"@id\":\"https:\/\/www.welovecycling.com\/wide\/#\/schema\/person\/50f01ecd18718d2333cf72e823c4f926\"},\"description\":\"Everyone has heard of the so-called Commentator\u2019s Curse. Praise an athlete and they will immediately drop the ball, trip over their shoelaces or, in the\",\"breadcrumb\":{\"@id\":\"https:\/\/www.welovecycling.com\/wide\/2024\/11\/18\/nys-crashes-as-sweeck-and-vandeputte-share-the-weekend-cyclo-cross-spoils\/#breadcrumb\"},\"inLanguage\":\"en-US\",\"potentialAction\":[{\"@type\":\"ReadAction\",\"target\":[\"https:\/\/www.welovecycling.com\/wide\/2024\/11\/18\/nys-crashes-as-sweeck-and-vandeputte-share-the-weekend-cyclo-cross-spoils\/\"]}]},{\"@type\":\"ImageObject\",\"inLanguage\":\"en-US\",\"@id\":\"https:\/\/www.welovecycling.com\/wide\/2024\/11\/18\/nys-crashes-as-sweeck-and-vandeputte-share-the-weekend-cyclo-cross-spoils\/#primaryimage\",\"url\":\"https:\/\/d2p6e6u75xmxt8.cloudfront.net\/2\/2024\/11\/Niels-Vandeputteprofimedia-0935182511-CVR.webp\",\"contentUrl\":\"https:\/\/d2p6e6u75xmxt8.cloudfront.net\/2\/2024\/11\/Niels-Vandeputteprofimedia-0935182511-CVR.webp\",\"width\":990,\"height\":660,\"caption\":\"Niels Vandeputte\"},{\"@type\":\"BreadcrumbList\",\"@id\":\"https:\/\/www.welovecycling.com\/wide\/2024\/11\/18\/nys-crashes-as-sweeck-and-vandeputte-share-the-weekend-cyclo-cross-spoils\/#breadcrumb\",\"itemListElement\":[{\"@type\":\"ListItem\",\"position\":1,\"name\":\"Home\",\"item\":\"https:\/\/www.welovecycling.com\/wide\/\"},{\"@type\":\"ListItem\",\"position\":2,\"name\":\"Nys Crashes as Sweeck and Vandeputte Share\u00a0the Weekend Cyclo-Cross Spoils\"}]},{\"@type\":\"WebSite\",\"@id\":\"https:\/\/www.welovecycling.com\/wide\/#website\",\"url\":\"https:\/\/www.welovecycling.com\/wide\/\",\"name\":\"\u0160koda We Love Cycling\",\"description\":\"\u0160koda We Love Cycling magazine\",\"alternateName\":\"\u0160koda WLC\",\"potentialAction\":[{\"@type\":\"SearchAction\",\"target\":{\"@type\":\"EntryPoint\",\"urlTemplate\":\"https:\/\/www.welovecycling.com\/wide\/?s={search_term_string}\"},\"query-input\":{\"@type\":\"PropertyValueSpecification\",\"valueRequired\":true,\"valueName\":\"search_term_string\"}}],\"inLanguage\":\"en-US\"},{\"@type\":\"Person\",\"@id\":\"https:\/\/www.welovecycling.com\/wide\/#\/schema\/person\/50f01ecd18718d2333cf72e823c4f926\",\"name\":\"tereza\",\"image\":{\"@type\":\"ImageObject\",\"inLanguage\":\"en-US\",\"@id\":\"https:\/\/www.welovecycling.com\/wide\/#\/schema\/person\/image\/\",\"url\":\"https:\/\/secure.gravatar.com\/avatar\/1f9eb71be33845f0afabce3791bc1c58ecdb0a25c62964987e5dbcf7a20d2ec7?s=96&d=mm&r=g\",\"contentUrl\":\"https:\/\/secure.gravatar.com\/avatar\/1f9eb71be33845f0afabce3791bc1c58ecdb0a25c62964987e5dbcf7a20d2ec7?s=96&d=mm&r=g\",\"caption\":\"tereza\"},\"url\":\"https:\/\/www.welovecycling.com\/wide\/author\/tereza\/\"}]}<\/script>\n<!-- \/ Yoast SEO Premium plugin. -->","yoast_head_json":{"title":"Sweeck and Vandeputte Share\u00a0the Weekend Cyclo-Cross Spoils","description":"Everyone has heard of the so-called Commentator\u2019s Curse. Praise an athlete and they will immediately drop the ball, trip over their shoelaces or, in the","robots":{"index":"index","follow":"follow","max-snippet":"max-snippet:-1","max-image-preview":"max-image-preview:large","max-video-preview":"max-video-preview:-1"},"canonical":"https:\/\/www.welovecycling.com\/wide\/2024\/11\/18\/nys-crashes-as-sweeck-and-vandeputte-share-the-weekend-cyclo-cross-spoils\/","og_locale":"en_US","og_type":"article","og_title":"Nys Crashes as Sweeck and Vandeputte Share\u00a0the Weekend Cyclo-Cross Spoils","og_description":"Everyone has heard of the so-called Commentator\u2019s Curse. Praise an athlete and they will immediately drop the ball, trip over their shoelaces or, in the","og_url":"https:\/\/www.welovecycling.com\/wide\/2024\/11\/18\/nys-crashes-as-sweeck-and-vandeputte-share-the-weekend-cyclo-cross-spoils\/","og_site_name":"\u0160koda We Love Cycling","article_published_time":"2024-11-18T10:05:55+00:00","og_image":[{"width":990,"height":660,"url":"https:\/\/d2p6e6u75xmxt8.cloudfront.net\/2\/2024\/11\/Niels-Vandeputteprofimedia-0935182511-CVR.webp","type":"image\/webp"}],"author":"tereza","twitter_card":"summary_large_image","twitter_misc":{"Written by":"Siegfried Mortkowitz","Est. reading time":"3"},"schema":{"@context":"https:\/\/schema.org","@graph":[{"@type":"WebPage","@id":"https:\/\/www.welovecycling.com\/wide\/2024\/11\/18\/nys-crashes-as-sweeck-and-vandeputte-share-the-weekend-cyclo-cross-spoils\/","url":"https:\/\/www.welovecycling.com\/wide\/2024\/11\/18\/nys-crashes-as-sweeck-and-vandeputte-share-the-weekend-cyclo-cross-spoils\/","name":"Sweeck and Vandeputte Share\u00a0the Weekend Cyclo-Cross Spoils","isPartOf":{"@id":"https:\/\/www.welovecycling.com\/wide\/#website"},"primaryImageOfPage":{"@id":"https:\/\/www.welovecycling.com\/wide\/2024\/11\/18\/nys-crashes-as-sweeck-and-vandeputte-share-the-weekend-cyclo-cross-spoils\/#primaryimage"},"image":{"@id":"https:\/\/www.welovecycling.com\/wide\/2024\/11\/18\/nys-crashes-as-sweeck-and-vandeputte-share-the-weekend-cyclo-cross-spoils\/#primaryimage"},"thumbnailUrl":"https:\/\/d2p6e6u75xmxt8.cloudfront.net\/2\/2024\/11\/Niels-Vandeputteprofimedia-0935182511-CVR.webp","datePublished":"2024-11-18T10:05:55+00:00","author":{"@id":"https:\/\/www.welovecycling.com\/wide\/#\/schema\/person\/50f01ecd18718d2333cf72e823c4f926"},"description":"Everyone has heard of the so-called Commentator\u2019s Curse. Praise an athlete and they will immediately drop the ball, trip over their shoelaces or, in the","breadcrumb":{"@id":"https:\/\/www.welovecycling.com\/wide\/2024\/11\/18\/nys-crashes-as-sweeck-and-vandeputte-share-the-weekend-cyclo-cross-spoils\/#breadcrumb"},"inLanguage":"en-US","potentialAction":[{"@type":"ReadAction","target":["https:\/\/www.welovecycling.com\/wide\/2024\/11\/18\/nys-crashes-as-sweeck-and-vandeputte-share-the-weekend-cyclo-cross-spoils\/"]}]},{"@type":"ImageObject","inLanguage":"en-US","@id":"https:\/\/www.welovecycling.com\/wide\/2024\/11\/18\/nys-crashes-as-sweeck-and-vandeputte-share-the-weekend-cyclo-cross-spoils\/#primaryimage","url":"https:\/\/d2p6e6u75xmxt8.cloudfront.net\/2\/2024\/11\/Niels-Vandeputteprofimedia-0935182511-CVR.webp","contentUrl":"https:\/\/d2p6e6u75xmxt8.cloudfront.net\/2\/2024\/11\/Niels-Vandeputteprofimedia-0935182511-CVR.webp","width":990,"height":660,"caption":"Niels Vandeputte"},{"@type":"BreadcrumbList","@id":"https:\/\/www.welovecycling.com\/wide\/2024\/11\/18\/nys-crashes-as-sweeck-and-vandeputte-share-the-weekend-cyclo-cross-spoils\/#breadcrumb","itemListElement":[{"@type":"ListItem","position":1,"name":"Home","item":"https:\/\/www.welovecycling.com\/wide\/"},{"@type":"ListItem","position":2,"name":"Nys Crashes as Sweeck and Vandeputte Share\u00a0the Weekend Cyclo-Cross Spoils"}]},{"@type":"WebSite","@id":"https:\/\/www.welovecycling.com\/wide\/#website","url":"https:\/\/www.welovecycling.com\/wide\/","name":"\u0160koda We Love Cycling","description":"\u0160koda We Love Cycling magazine","alternateName":"\u0160koda WLC","potentialAction":[{"@type":"SearchAction","target":{"@type":"EntryPoint","urlTemplate":"https:\/\/www.welovecycling.com\/wide\/?s={search_term_string}"},"query-input":{"@type":"PropertyValueSpecification","valueRequired":true,"valueName":"search_term_string"}}],"inLanguage":"en-US"},{"@type":"Person","@id":"https:\/\/www.welovecycling.com\/wide\/#\/schema\/person\/50f01ecd18718d2333cf72e823c4f926","name":"tereza","image":{"@type":"ImageObject","inLanguage":"en-US","@id":"https:\/\/www.welovecycling.com\/wide\/#\/schema\/person\/image\/","url":"https:\/\/secure.gravatar.com\/avatar\/1f9eb71be33845f0afabce3791bc1c58ecdb0a25c62964987e5dbcf7a20d2ec7?s=96&d=mm&r=g","contentUrl":"https:\/\/secure.gravatar.com\/avatar\/1f9eb71be33845f0afabce3791bc1c58ecdb0a25c62964987e5dbcf7a20d2ec7?s=96&d=mm&r=g","caption":"tereza"},"url":"https:\/\/www.welovecycling.com\/wide\/author\/tereza\/"}]}},"_links":{"self":[{"href":"https:\/\/www.welovecycling.com\/wide\/wp-json\/wp\/v2\/posts\/197230","targetHints":{"allow":["GET"]}}],"collection":[{"href":"https:\/\/www.welovecycling.com\/wide\/wp-json\/wp\/v2\/posts"}],"about":[{"href":"https:\/\/www.welovecycling.com\/wide\/wp-json\/wp\/v2\/types\/post"}],"author":[{"embeddable":true,"href":"https:\/\/www.welovecycling.com\/wide\/wp-json\/wp\/v2\/users\/99"}],"replies":[{"embeddable":true,"href":"https:\/\/www.welovecycling.com\/wide\/wp-json\/wp\/v2\/comments?post=197230"}],"version-history":[{"count":1,"href":"https:\/\/www.welovecycling.com\/wide\/wp-json\/wp\/v2\/posts\/197230\/revisions"}],"predecessor-version":[{"id":197234,"href":"https:\/\/www.welovecycling.com\/wide\/wp-json\/wp\/v2\/posts\/197230\/revisions\/197234"}],"wp:featuredmedia":[{"embeddable":true,"href":"https:\/\/www.welovecycling.com\/wide\/wp-json\/wp\/v2\/media\/197232"}],"wp:attachment":[{"href":"https:\/\/www.welovecycling.com\/wide\/wp-json\/wp\/v2\/media?parent=197230"}],"wp:term":[{"taxonomy":"category","embeddable":true,"href":"https:\/\/www.welovecycling.com\/wide\/wp-json\/wp\/v2\/categories?post=197230"},{"taxonomy":"post_tag","embeddable":true,"href":"https:\/\/www.welovecycling.com\/wide\/wp-json\/wp\/v2\/tags?post=197230"},{"taxonomy":"global-categories","embeddable":true,"href":"https:\/\/www.welovecycling.com\/wide\/wp-json\/wp\/v2\/global-categories?post=197230"}],"curies":[{"name":"wp","href":"https:\/\/api.w.org\/{rel}","templated":true}]}}