{"id":197180,"date":"2024-11-11T17:17:02","date_gmt":"2024-11-11T17:17:02","guid":{"rendered":"https:\/\/www.welovecycling.com\/wide\/?p=197180"},"modified":"2024-11-11T17:17:02","modified_gmt":"2024-11-11T17:17:02","slug":"inside-the-womens-peloton-lotte-kopeckys-rise-to-the-top","status":"publish","type":"post","link":"https:\/\/www.welovecycling.com\/wide\/2024\/11\/11\/inside-the-womens-peloton-lotte-kopeckys-rise-to-the-top\/","title":{"rendered":"Inside the Women\u2019s Peloton: Lotte Kopecky\u2019s Rise to the Top"},"content":{"rendered":"<p><strong>Lotte Kopecky\u2019s 2024 season reads like the script of a dream realised. Leading from the very start of the Women\u2019s WorldTour all the way to its close, she built an impressive resume of achievements that spanned everything from her second world championship title to an Olympic medal to a career-first European time trial championship. Each victory along the way highlighted her drive, resilience, and commitment to excellence, bringing her closer to the singular honour of ending the year as the top-ranked female cyclist in the world.<\/strong><\/p>\n<p><!--more--><\/p>\n<p><span style=\"font-weight: 400;\">For anyone who followed Kopecky\u2019s trajectory over the last few years, her current dominance may feel almost inevitable\u2014but the path wasn\u2019t always smooth. Born in Rumst, Belgium, in 1995, she turned professional at 19 with the Belgian Continental team Topsport-Vlaanderen-Pro-Duo and slowly carved out her place in the peloton. Her first victory, at the Trofee Maarten Wynants in 2016, hinted at her potential, yet the years that followed were a mix of triumphs and setbacks.\u00a0<\/span><\/p>\n<p><span style=\"font-weight: 400;\">Ultimately, even with its challenges, 2020 was a breakthrough season for her. She claimed the Belgian national road race title and, for the second time of what would become four, the national time trial title. That year also saw her net a stage win at the Giro d&#8217;Italia Donne and podium finishes at classics like Le Samyn des Dames, Gent-Wevelgem, the Tour of Flanders, and Brugge-De Panne.<\/span><\/p>\n<p><span style=\"font-weight: 400;\">Her 2020 successes set the stage for a new chapter in 2021 when she joined Liv Racing, her first Women\u2019s WorldTeam, on a one-year deal after years with Lotto Soudal Ladies. That season, she again took the Belgian national titles in the road race and time trial, cementing her place as a force on the national stage.<\/span><\/p>\n<p><span style=\"font-weight: 400;\">Kopecky truly found her stride in the one-day classics in 2022 after joining Team SD Worx. Her performance that year brought career-defining wins, with triumphs in the Ronde van Vlaanderen and Strade Bianche. She narrowly missed first place at Paris-Roubaix, finishing second, and capped off the season with a silver in the World Championships road race. These achievements, combined with the personal resilience she demonstrated, set the stage for her stellar 2023 and 2024 seasons.<\/span><\/p>\n<h2><b>A season of strategic wins and standout moments<\/b><\/h2>\n<p><span style=\"font-weight: 400;\">The magic began early in the year with her dominant performance at Strade Bianche, where she secured her position as a key contender for the classics and showcased her strengths on the gravel roads of Tuscany. Shortly after, she added Nokere Koerse to her list of wins, and by the time Paris-Roubaix arrived, Kopecky was already riding a wave of success. <a href=\"https:\/\/www.welovecycling.com\/wide\/2024\/04\/08\/lotte-kopecky-claims-victory-at-paris-roubaix-it-was-exactly-as-we-planned\/\" target=\"_blank\" rel=\"noopener\">Her victory<\/a> there was no easy feat, especially considering the physical and mental demands of the iconic cobbled race. Yet, she conquered it with characteristic grit, adding another monumental classic to her record.<\/span><\/p>\n<figure id=\"attachment_195370\" aria-describedby=\"caption-attachment-195370\" style=\"width: 990px\" class=\"wp-caption alignnone\"><a href=\"https:\/\/d2p6e6u75xmxt8.cloudfront.net\/2\/2024\/04\/Lotte-Kopecky-profimedia-0863037686-CVR.webp\"><img loading=\"lazy\" decoding=\"async\" class=\"wp-image-195370 size-full\" src=\"https:\/\/d2p6e6u75xmxt8.cloudfront.net\/2\/2024\/04\/Lotte-Kopecky-profimedia-0863037686-CVR.webp\" alt=\"Lotte Kopecky\" width=\"990\" height=\"657\" srcset=\"https:\/\/d2p6e6u75xmxt8.cloudfront.net\/2\/2024\/04\/Lotte-Kopecky-profimedia-0863037686-CVR.webp 990w, https:\/\/d2p6e6u75xmxt8.cloudfront.net\/2\/2024\/04\/Lotte-Kopecky-profimedia-0863037686-CVR-300x199.webp 300w, https:\/\/d2p6e6u75xmxt8.cloudfront.net\/2\/2024\/04\/Lotte-Kopecky-profimedia-0863037686-CVR-768x510.webp 768w, https:\/\/d2p6e6u75xmxt8.cloudfront.net\/2\/2024\/04\/Lotte-Kopecky-profimedia-0863037686-CVR-400x265.webp 400w, https:\/\/d2p6e6u75xmxt8.cloudfront.net\/2\/2024\/04\/Lotte-Kopecky-profimedia-0863037686-CVR-272x182.webp 272w\" sizes=\"auto, (max-width: 990px) 100vw, 990px\" \/><\/a><figcaption id=\"caption-attachment-195370\" class=\"wp-caption-text\">The victorious Kopecky at the 2024 Paris-Roubaix. \u00a9 Profimedia<\/figcaption><\/figure>\n<p><span style=\"font-weight: 400;\">With numerous wins under her belt by mid-season, she was only warming up. She took the Belgian National Championships in both the road race and time trial (a feat she\u2019s accomplished four times to date), underscoring her status as Belgium\u2019s national hero. In the Tour of Britain, she won the opening two stages and carried her form all the way to the Giro d\u2019Italia, where she claimed a stage win and finished second overall. She then set her sights on Paris for the Olympic Games. There, she delivered a thrilling performance, making the decisive move alongside American rider <a href=\"https:\/\/www.welovecycling.com\/wide\/2024\/08\/05\/kristen-faulkners-spectacular-solo-attack-secures-gold-at-paris-2024\/\" target=\"_blank\" rel=\"noopener\">Kristen Faulkner<\/a> and ultimately securing a bronze medal in a sprint finish against Marianne Vos.<\/span><\/p>\n<p><span style=\"font-weight: 400;\">Closing the season as strongly as she started, Kopecky added wins at the Tour de Romandie and defended her rainbow jersey at the UCI Road World Championships in Zurich, capping off the year with another world title. Her list of achievements was as varied as it was extensive\u2014classics, championships, stage races, and medals.<\/span><\/p>\n<h2><b>Leading the women\u2019s world ranking<\/b><\/h2>\n<p><span style=\"font-weight: 400;\">Kopecky\u2019s season ended with her topping the UCI Women\u2019s World Ranking with a remarkable 6,389 points. This accomplishment marked her as the year\u2019s most successful rider and solidified her place as the first Belgian woman to reach the number-one spot in the ranking\u2019s history. Her lead over teammate Demi Vollering, who finished with 5,011 points, underscores the rivalry and camaraderie within Team SD Worx, which has emerged as a powerhouse in women\u2019s cycling. Together, they\u2019ve elevated the team\u2019s reputation and brought attention to the incredible talent within the Women\u2019s WorldTour.<\/span><\/p>\n<p><span style=\"font-weight: 400;\">As Kopecky reflected on her season, she acknowledged the challenge of maintaining her form and status. &#8220;Doing better will be very difficult, or even impossible,&#8221; she <\/span><a href=\"https:\/\/www.belganewsagency.eu\/lotte-kopecky-first-belgian-to-end-road-season-as-leader-of-uci-womens-world-ranking\"><span style=\"font-weight: 400;\">told Flemish sports channel Sporza<\/span><\/a><span style=\"font-weight: 400;\">, adding, &#8220;but I will try to keep this status in the coming years.&#8221; This humble yet determined perspective speaks volumes about her character and the mindset she\u2019ll bring into future seasons.<\/span><\/p>\n<h2><b>Personal triumphs and resilience<\/b><\/h2>\n<p><span style=\"font-weight: 400;\">Several profound personal experiences have shaped the path to Kopecky\u2019s current success. In 2023, she endured the sudden loss of her older brother, Seppe, who had been a significant influence in her life and career. Racing soon after his passing, she channelled her grief into an extraordinary performance at Nokere Koerse, where she soloed to victory. That season, she went on to claim multiple wins, including the Tour of Flanders, the Simac Ladies Tour, and the Belgian national championships in both road and time trial, ending the year with her first world title at the UCI Road World Championships in Glasgow. The resilience she showed through her achievements in the face of loss is a testament to her strength, both on and off the bike.<\/span><\/p>\n<h2><b>A complete rider with a bright future<\/b><\/h2>\n<p><span style=\"font-weight: 400;\">Kopecky\u2019s versatility sets her apart in a peloton filled with specialists. Equally adept at tackling cobbled classics, time trials, and long stage races, she embodies the all-rounder spirit that\u2019s rare and valuable in modern cycling. Her track experience, including multiple world and European titles in the Madison and points races, has undoubtedly contributed to her tactical acumen and sprint speed. With a career that spans road and track disciplines, she\u2019s proven herself a force to be reckoned with across the board.<\/span><\/p>\n<p><span style=\"font-weight: 400;\">At 28, Kopecky is at the peak of her powers, and with the experience of her record-breaking season behind her, she heads into future challenges with momentum. Her success this year positions her as a favourite for upcoming classics and championships and sets a new standard for what\u2019s possible in women\u2019s cycling. With each race, she inspires fans, redefines expectations, and brings well-deserved attention to the women\u2019s peloton.<\/span><\/p>\n<h2><b>Looking ahead<\/b><\/h2>\n<p><span style=\"font-weight: 400;\">As the 2025 season approaches, Kopecky will face the ever-present challenge of defending her titles and maintaining her position at the top. But her journey to this point has shown she\u2019s more than capable of rising to the occasion. Whether she\u2019s racing in Belgium, Italy, or anywhere in between, one thing is clear: Lotte Kopecky is a true star of the peloton, and her legacy is just beginning.\u00a0<\/span><\/p>\n","protected":false},"excerpt":{"rendered":"<p>Lotte Kopecky\u2019s 2024 season reads like the script of a dream realised. Leading from the very start of the Women\u2019s [&hellip;]<\/p>\n","protected":false},"author":99,"featured_media":197184,"comment_status":"closed","ping_status":"open","sticky":false,"template":"","format":"standard","meta":{"footnotes":""},"categories":[329],"tags":[5724,893,8131,2264],"global-categories":[3366],"class_list":["post-197180","post","type-post","status-publish","format-standard","has-post-thumbnail","hentry","category-road-cycling","tag-lotte-kopecky","tag-paris-roubaix","tag-womens-pro-cycling","tag-womens-cycling","global-categories-cycling"],"yoast_head":"<!-- This site is optimized with the Yoast SEO Premium plugin v25.3 (Yoast SEO v25.9) - https:\/\/yoast.com\/wordpress\/plugins\/seo\/ -->\n<title>Inside the Women\u2019s Peloton: Lotte Kopecky\u2019s Rise to the Top - \u0160koda We Love Cycling<\/title>\n<meta name=\"description\" content=\"Lotte Kopecky\u2019s 2024 season reads like the script of a dream realised. Leading from the very start of the Women\u2019s WorldTour all the way to its close, she\" \/>\n<meta name=\"robots\" content=\"index, follow, max-snippet:-1, max-image-preview:large, max-video-preview:-1\" \/>\n<link rel=\"canonical\" href=\"https:\/\/www.welovecycling.com\/wide\/2024\/11\/11\/inside-the-womens-peloton-lotte-kopeckys-rise-to-the-top\/\" \/>\n<meta property=\"og:locale\" content=\"en_US\" \/>\n<meta property=\"og:type\" content=\"article\" \/>\n<meta property=\"og:title\" content=\"Inside the Women\u2019s Peloton: Lotte Kopecky\u2019s Rise to the Top\" \/>\n<meta property=\"og:description\" content=\"Lotte Kopecky\u2019s 2024 season reads like the script of a dream realised. Leading from the very start of the Women\u2019s WorldTour all the way to its close, she\" \/>\n<meta property=\"og:url\" content=\"https:\/\/www.welovecycling.com\/wide\/2024\/11\/11\/inside-the-womens-peloton-lotte-kopeckys-rise-to-the-top\/\" \/>\n<meta property=\"og:site_name\" content=\"\u0160koda We Love Cycling\" \/>\n<meta property=\"article:published_time\" content=\"2024-11-11T17:17:02+00:00\" \/>\n<meta property=\"og:image\" content=\"https:\/\/d2p6e6u75xmxt8.cloudfront.net\/2\/2024\/11\/Lotte-Kopecky-profimedia-0930817085-CVR.webp\" \/>\n\t<meta property=\"og:image:width\" content=\"990\" \/>\n\t<meta property=\"og:image:height\" content=\"660\" \/>\n\t<meta property=\"og:image:type\" content=\"image\/webp\" \/>\n<meta name=\"author\" content=\"tereza\" \/>\n<meta name=\"twitter:card\" content=\"summary_large_image\" \/>\n<meta name=\"twitter:label1\" content=\"Written by\" \/>\n\t<meta name=\"twitter:data1\" content=\"Megan Flottorp\" \/>\n\t<meta name=\"twitter:label2\" content=\"Est. reading time\" \/>\n\t<meta name=\"twitter:data2\" content=\"4\" \/>\n<script type=\"application\/ld+json\" class=\"yoast-schema-graph\">{\"@context\":\"https:\/\/schema.org\",\"@graph\":[{\"@type\":\"WebPage\",\"@id\":\"https:\/\/www.welovecycling.com\/wide\/2024\/11\/11\/inside-the-womens-peloton-lotte-kopeckys-rise-to-the-top\/\",\"url\":\"https:\/\/www.welovecycling.com\/wide\/2024\/11\/11\/inside-the-womens-peloton-lotte-kopeckys-rise-to-the-top\/\",\"name\":\"Inside the Women\u2019s Peloton: Lotte Kopecky\u2019s Rise to the Top - \u0160koda We Love Cycling\",\"isPartOf\":{\"@id\":\"https:\/\/www.welovecycling.com\/wide\/#website\"},\"primaryImageOfPage\":{\"@id\":\"https:\/\/www.welovecycling.com\/wide\/2024\/11\/11\/inside-the-womens-peloton-lotte-kopeckys-rise-to-the-top\/#primaryimage\"},\"image\":{\"@id\":\"https:\/\/www.welovecycling.com\/wide\/2024\/11\/11\/inside-the-womens-peloton-lotte-kopeckys-rise-to-the-top\/#primaryimage\"},\"thumbnailUrl\":\"https:\/\/d2p6e6u75xmxt8.cloudfront.net\/2\/2024\/11\/Lotte-Kopecky-profimedia-0930817085-CVR.webp\",\"datePublished\":\"2024-11-11T17:17:02+00:00\",\"author\":{\"@id\":\"https:\/\/www.welovecycling.com\/wide\/#\/schema\/person\/50f01ecd18718d2333cf72e823c4f926\"},\"description\":\"Lotte Kopecky\u2019s 2024 season reads like the script of a dream realised. Leading from the very start of the Women\u2019s WorldTour all the way to its close, she\",\"breadcrumb\":{\"@id\":\"https:\/\/www.welovecycling.com\/wide\/2024\/11\/11\/inside-the-womens-peloton-lotte-kopeckys-rise-to-the-top\/#breadcrumb\"},\"inLanguage\":\"en-US\",\"potentialAction\":[{\"@type\":\"ReadAction\",\"target\":[\"https:\/\/www.welovecycling.com\/wide\/2024\/11\/11\/inside-the-womens-peloton-lotte-kopeckys-rise-to-the-top\/\"]}]},{\"@type\":\"ImageObject\",\"inLanguage\":\"en-US\",\"@id\":\"https:\/\/www.welovecycling.com\/wide\/2024\/11\/11\/inside-the-womens-peloton-lotte-kopeckys-rise-to-the-top\/#primaryimage\",\"url\":\"https:\/\/d2p6e6u75xmxt8.cloudfront.net\/2\/2024\/11\/Lotte-Kopecky-profimedia-0930817085-CVR.webp\",\"contentUrl\":\"https:\/\/d2p6e6u75xmxt8.cloudfront.net\/2\/2024\/11\/Lotte-Kopecky-profimedia-0930817085-CVR.webp\",\"width\":990,\"height\":660},{\"@type\":\"BreadcrumbList\",\"@id\":\"https:\/\/www.welovecycling.com\/wide\/2024\/11\/11\/inside-the-womens-peloton-lotte-kopeckys-rise-to-the-top\/#breadcrumb\",\"itemListElement\":[{\"@type\":\"ListItem\",\"position\":1,\"name\":\"Home\",\"item\":\"https:\/\/www.welovecycling.com\/wide\/\"},{\"@type\":\"ListItem\",\"position\":2,\"name\":\"Inside the Women\u2019s Peloton: Lotte Kopecky\u2019s Rise to the Top\"}]},{\"@type\":\"WebSite\",\"@id\":\"https:\/\/www.welovecycling.com\/wide\/#website\",\"url\":\"https:\/\/www.welovecycling.com\/wide\/\",\"name\":\"\u0160koda We Love Cycling\",\"description\":\"\u0160koda We Love Cycling magazine\",\"alternateName\":\"\u0160koda WLC\",\"potentialAction\":[{\"@type\":\"SearchAction\",\"target\":{\"@type\":\"EntryPoint\",\"urlTemplate\":\"https:\/\/www.welovecycling.com\/wide\/?s={search_term_string}\"},\"query-input\":{\"@type\":\"PropertyValueSpecification\",\"valueRequired\":true,\"valueName\":\"search_term_string\"}}],\"inLanguage\":\"en-US\"},{\"@type\":\"Person\",\"@id\":\"https:\/\/www.welovecycling.com\/wide\/#\/schema\/person\/50f01ecd18718d2333cf72e823c4f926\",\"name\":\"tereza\",\"image\":{\"@type\":\"ImageObject\",\"inLanguage\":\"en-US\",\"@id\":\"https:\/\/www.welovecycling.com\/wide\/#\/schema\/person\/image\/\",\"url\":\"https:\/\/secure.gravatar.com\/avatar\/1f9eb71be33845f0afabce3791bc1c58ecdb0a25c62964987e5dbcf7a20d2ec7?s=96&d=mm&r=g\",\"contentUrl\":\"https:\/\/secure.gravatar.com\/avatar\/1f9eb71be33845f0afabce3791bc1c58ecdb0a25c62964987e5dbcf7a20d2ec7?s=96&d=mm&r=g\",\"caption\":\"tereza\"},\"url\":\"https:\/\/www.welovecycling.com\/wide\/author\/tereza\/\"}]}<\/script>\n<!-- \/ Yoast SEO Premium plugin. -->","yoast_head_json":{"title":"Inside the Women\u2019s Peloton: Lotte Kopecky\u2019s Rise to the Top - \u0160koda We Love Cycling","description":"Lotte Kopecky\u2019s 2024 season reads like the script of a dream realised. Leading from the very start of the Women\u2019s WorldTour all the way to its close, she","robots":{"index":"index","follow":"follow","max-snippet":"max-snippet:-1","max-image-preview":"max-image-preview:large","max-video-preview":"max-video-preview:-1"},"canonical":"https:\/\/www.welovecycling.com\/wide\/2024\/11\/11\/inside-the-womens-peloton-lotte-kopeckys-rise-to-the-top\/","og_locale":"en_US","og_type":"article","og_title":"Inside the Women\u2019s Peloton: Lotte Kopecky\u2019s Rise to the Top","og_description":"Lotte Kopecky\u2019s 2024 season reads like the script of a dream realised. Leading from the very start of the Women\u2019s WorldTour all the way to its close, she","og_url":"https:\/\/www.welovecycling.com\/wide\/2024\/11\/11\/inside-the-womens-peloton-lotte-kopeckys-rise-to-the-top\/","og_site_name":"\u0160koda We Love Cycling","article_published_time":"2024-11-11T17:17:02+00:00","og_image":[{"width":990,"height":660,"url":"https:\/\/d2p6e6u75xmxt8.cloudfront.net\/2\/2024\/11\/Lotte-Kopecky-profimedia-0930817085-CVR.webp","type":"image\/webp"}],"author":"tereza","twitter_card":"summary_large_image","twitter_misc":{"Written by":"Megan Flottorp","Est. reading time":"4"},"schema":{"@context":"https:\/\/schema.org","@graph":[{"@type":"WebPage","@id":"https:\/\/www.welovecycling.com\/wide\/2024\/11\/11\/inside-the-womens-peloton-lotte-kopeckys-rise-to-the-top\/","url":"https:\/\/www.welovecycling.com\/wide\/2024\/11\/11\/inside-the-womens-peloton-lotte-kopeckys-rise-to-the-top\/","name":"Inside the Women\u2019s Peloton: Lotte Kopecky\u2019s Rise to the Top - \u0160koda We Love Cycling","isPartOf":{"@id":"https:\/\/www.welovecycling.com\/wide\/#website"},"primaryImageOfPage":{"@id":"https:\/\/www.welovecycling.com\/wide\/2024\/11\/11\/inside-the-womens-peloton-lotte-kopeckys-rise-to-the-top\/#primaryimage"},"image":{"@id":"https:\/\/www.welovecycling.com\/wide\/2024\/11\/11\/inside-the-womens-peloton-lotte-kopeckys-rise-to-the-top\/#primaryimage"},"thumbnailUrl":"https:\/\/d2p6e6u75xmxt8.cloudfront.net\/2\/2024\/11\/Lotte-Kopecky-profimedia-0930817085-CVR.webp","datePublished":"2024-11-11T17:17:02+00:00","author":{"@id":"https:\/\/www.welovecycling.com\/wide\/#\/schema\/person\/50f01ecd18718d2333cf72e823c4f926"},"description":"Lotte Kopecky\u2019s 2024 season reads like the script of a dream realised. Leading from the very start of the Women\u2019s WorldTour all the way to its close, she","breadcrumb":{"@id":"https:\/\/www.welovecycling.com\/wide\/2024\/11\/11\/inside-the-womens-peloton-lotte-kopeckys-rise-to-the-top\/#breadcrumb"},"inLanguage":"en-US","potentialAction":[{"@type":"ReadAction","target":["https:\/\/www.welovecycling.com\/wide\/2024\/11\/11\/inside-the-womens-peloton-lotte-kopeckys-rise-to-the-top\/"]}]},{"@type":"ImageObject","inLanguage":"en-US","@id":"https:\/\/www.welovecycling.com\/wide\/2024\/11\/11\/inside-the-womens-peloton-lotte-kopeckys-rise-to-the-top\/#primaryimage","url":"https:\/\/d2p6e6u75xmxt8.cloudfront.net\/2\/2024\/11\/Lotte-Kopecky-profimedia-0930817085-CVR.webp","contentUrl":"https:\/\/d2p6e6u75xmxt8.cloudfront.net\/2\/2024\/11\/Lotte-Kopecky-profimedia-0930817085-CVR.webp","width":990,"height":660},{"@type":"BreadcrumbList","@id":"https:\/\/www.welovecycling.com\/wide\/2024\/11\/11\/inside-the-womens-peloton-lotte-kopeckys-rise-to-the-top\/#breadcrumb","itemListElement":[{"@type":"ListItem","position":1,"name":"Home","item":"https:\/\/www.welovecycling.com\/wide\/"},{"@type":"ListItem","position":2,"name":"Inside the Women\u2019s Peloton: Lotte Kopecky\u2019s Rise to the Top"}]},{"@type":"WebSite","@id":"https:\/\/www.welovecycling.com\/wide\/#website","url":"https:\/\/www.welovecycling.com\/wide\/","name":"\u0160koda We Love Cycling","description":"\u0160koda We Love Cycling magazine","alternateName":"\u0160koda WLC","potentialAction":[{"@type":"SearchAction","target":{"@type":"EntryPoint","urlTemplate":"https:\/\/www.welovecycling.com\/wide\/?s={search_term_string}"},"query-input":{"@type":"PropertyValueSpecification","valueRequired":true,"valueName":"search_term_string"}}],"inLanguage":"en-US"},{"@type":"Person","@id":"https:\/\/www.welovecycling.com\/wide\/#\/schema\/person\/50f01ecd18718d2333cf72e823c4f926","name":"tereza","image":{"@type":"ImageObject","inLanguage":"en-US","@id":"https:\/\/www.welovecycling.com\/wide\/#\/schema\/person\/image\/","url":"https:\/\/secure.gravatar.com\/avatar\/1f9eb71be33845f0afabce3791bc1c58ecdb0a25c62964987e5dbcf7a20d2ec7?s=96&d=mm&r=g","contentUrl":"https:\/\/secure.gravatar.com\/avatar\/1f9eb71be33845f0afabce3791bc1c58ecdb0a25c62964987e5dbcf7a20d2ec7?s=96&d=mm&r=g","caption":"tereza"},"url":"https:\/\/www.welovecycling.com\/wide\/author\/tereza\/"}]}},"_links":{"self":[{"href":"https:\/\/www.welovecycling.com\/wide\/wp-json\/wp\/v2\/posts\/197180","targetHints":{"allow":["GET"]}}],"collection":[{"href":"https:\/\/www.welovecycling.com\/wide\/wp-json\/wp\/v2\/posts"}],"about":[{"href":"https:\/\/www.welovecycling.com\/wide\/wp-json\/wp\/v2\/types\/post"}],"author":[{"embeddable":true,"href":"https:\/\/www.welovecycling.com\/wide\/wp-json\/wp\/v2\/users\/99"}],"replies":[{"embeddable":true,"href":"https:\/\/www.welovecycling.com\/wide\/wp-json\/wp\/v2\/comments?post=197180"}],"version-history":[{"count":1,"href":"https:\/\/www.welovecycling.com\/wide\/wp-json\/wp\/v2\/posts\/197180\/revisions"}],"predecessor-version":[{"id":197185,"href":"https:\/\/www.welovecycling.com\/wide\/wp-json\/wp\/v2\/posts\/197180\/revisions\/197185"}],"wp:featuredmedia":[{"embeddable":true,"href":"https:\/\/www.welovecycling.com\/wide\/wp-json\/wp\/v2\/media\/197184"}],"wp:attachment":[{"href":"https:\/\/www.welovecycling.com\/wide\/wp-json\/wp\/v2\/media?parent=197180"}],"wp:term":[{"taxonomy":"category","embeddable":true,"href":"https:\/\/www.welovecycling.com\/wide\/wp-json\/wp\/v2\/categories?post=197180"},{"taxonomy":"post_tag","embeddable":true,"href":"https:\/\/www.welovecycling.com\/wide\/wp-json\/wp\/v2\/tags?post=197180"},{"taxonomy":"global-categories","embeddable":true,"href":"https:\/\/www.welovecycling.com\/wide\/wp-json\/wp\/v2\/global-categories?post=197180"}],"curies":[{"name":"wp","href":"https:\/\/api.w.org\/{rel}","templated":true}]}}