{"id":197164,"date":"2024-11-26T11:35:07","date_gmt":"2024-11-26T11:35:07","guid":{"rendered":"https:\/\/www.welovecycling.com\/wide\/?p=197164"},"modified":"2024-11-26T11:53:24","modified_gmt":"2024-11-26T11:53:24","slug":"skoda-spain-reimagined-the-bicycle-face-myth-in-support-of-womens-cycling","status":"publish","type":"post","link":"https:\/\/www.welovecycling.com\/wide\/2024\/11\/26\/skoda-spain-reimagined-the-bicycle-face-myth-in-support-of-womens-cycling\/","title":{"rendered":"\u0160koda Spain Reimagined the \u2018Bicycle Face\u2019 Myth in Support of Women\u2019s Cycling"},"content":{"rendered":"<p style=\"font-weight: 400;\"><strong>Have you ever heard of the \u201cBicycle Face\u201d phenomenon? Let\u2019s take a little history trip to the 19<sup>th<\/sup> century. What might today seem like an antiquated anecdote of a bygone era had real consequences on the lives of real women.<\/strong><\/p>\n<p style=\"font-weight: 400;\"><!--more--><\/p>\n<p style=\"font-weight: 400;\">In 1890s Europe and America, bicycles were seen by many as a feminist instrument: they provided women with increased mobility, began to redefine Victorian ideas about femininity, and were eagerly taken up by many women active in the suffrage movement. Some Victorian-era men and doctors were clearly threatened by the outrageous idea of women gaining more independence so they reached for the only logical solution \u2013 bogus science.<\/p>\n<lite-youtube videoid=d8AsaEMiEeg params=\"enablejsapi=1\" style=\"background-image: url('https:\/\/i.ytimg.com\/vi_webp\/d8AsaEMiEeg\/maxresdefault.webp');\"><\/lite-youtube>\n<p style=\"font-weight: 400;\">The ridiculous made-up diagnosis of \u201cBicycle Face\u201d syndrome was used as an attempt to deter women from cycling. It claimed that cycling allegedly created dark shadows under their eyes and their faces formed masculine traits. Another threat to women on bikes was supposedly that this ailment shall deter all suitors as the look of strain is going to stick forever. Soon, women\u2019s cycling was also linked to miscarriages, difficulty breastfeeding, depression, and a whole bunch of other unfounded nonsense. Thankfully, the issue was put to rest a few years after it emerged.<\/p>\n<p style=\"font-weight: 400;\">Fast forward to 2023. \u0160koda becomes the official sponsor for La Vuelta Femenina in a milestone event for Spanish (and global) road cycling. The year marked a brand new name for the event, part of the UCI Women\u2019s World Tour, which finally completed a years-long attempt to create a full women\u2019s Tour of Spain. It also rode on the coattails of the historic return of the Women\u2019s Tour de France. To promote \u0160koda\u2019s sponsorship and its commitment to women\u2019s cycling, <em>Proximity Barcelona <\/em>turned the myth of <a href=\"https:\/\/www.skoda.es\/conoce-skoda\/bicycle-face\/\">\u201cBicycle Face\u201d<\/a> first into an empowering photographic project and then a series of interviews and short documentaries.<\/p>\n<p style=\"font-weight: 400;\"><a href=\"https:\/\/www.youtube.com\/watch?v=NmKsCijNnco&amp;t=63s\">One of them<\/a> featured Dori Ruano and Joane Somarriba, two well-known Spanish female \u2018professional\u2019 ex-cyclists and Olympic winners, discussing that women\u2019s cycling made huge progress nowadays \u2013 which wasn\u2019t always the case. &#8220;My entire sports career was combined with my studies because it was clear that I would not be able to live only through cycling after my retirement,&#8221; shared Ruano and Somarriba echoed: \u201cThere have been years when we have been\u2026 very little valued, very little protected.\u201d But both matadors of the sport agreed that they are excited to see women pros thrive now: since 2024, Spanish teams must pay their cyclists a minimum salary to compete. &#8220;When you are an athlete and you have a salary to dedicate yourself to what you love the most, your passion, logically, it&#8217;s life-changing,&#8221; commented Ruano.<\/p>\n<p style=\"font-weight: 400;\">The\u00a0documentary then takes a look at current women pros: Yurani Blanco, Usoa Ostolaza, Marta Romeu, and Isabel Mart\u00edn. They all lived the reality of having a full-time job alongside working on their elite cycling career, which logically, suffered as a result. According to the documentary 2023, 78% of women pro cyclists had to combine cycling with another job.<\/p>\n<p style=\"font-weight: 400;\">Blanco who also used to be a child educator: &#8220;You had to ask for a vacation to go to a competition.&#8221; Ostolaza who also used to be a physiotherapist: &#8220;At that time, I didn&#8217;t earn a single euro from cycling but in order to survive, you need to work.&#8221; Romeu who also used to be a politician on combining pro cycling with another job: &#8220;You don&#8217;t rest, you are super stressed and the accumulated fatigue is brutal. In the end, you are a professional without being a professional.&#8221; Isabel Mart\u00edn who also used to be a telemarketer: &#8220;Your reality is very different from that of a real professional preparing for the goal.&#8221;<\/p>\n<p style=\"font-weight: 400;\">The extraordinary decision about minimum salary saw all the above leave their \u201csecond jobs\u201d and embark on a journey dedicated solely to becoming the best athlete they can be, which immediately resulted in less stress and fatigue, equalling better training and, therefore, significantly better results without the constant worrying about rent money and performance upkeep.<\/p>\n<p style=\"font-weight: 400;\">In the 19<sup>th<\/sup> century, \u201cBicycle Face\u201d was a fictitious syndrome invented to prevent women from cycling. In 2024, it\u2019s a clever jab at sexist tropes, representing the face of satisfaction of getting to fully dedicate yourself to what you are passionate about.<\/p>\n","protected":false},"excerpt":{"rendered":"<p>Have you ever heard of the \u201cBicycle Face\u201d phenomenon? Let\u2019s take a little history trip to the 19th century. What [&hellip;]<\/p>\n","protected":false},"author":99,"featured_media":197319,"comment_status":"closed","ping_status":"open","sticky":false,"template":"","format":"standard","meta":{"footnotes":""},"categories":[329,334],"tags":[8125,8126,7139,538,2264],"global-categories":[3366],"class_list":["post-197164","post","type-post","status-publish","format-standard","has-post-thumbnail","hentry","category-road-cycling","category-socialising-and-culture","tag-bicycle-face","tag-isabel-martin","tag-marta-romeu","tag-women-cycling","tag-womens-cycling","global-categories-cycling"],"yoast_head":"<!-- This site is optimized with the Yoast SEO Premium plugin v25.3 (Yoast SEO v25.9) - https:\/\/yoast.com\/wordpress\/plugins\/seo\/ -->\n<title>Bicycle Face: \u0160koda Supports Women&#039;s Cycling<\/title>\n<meta name=\"description\" content=\"Have you ever heard of the \u201cBicycle Face\u201d phenomenon? Let\u2019s take a little history trip to the 19th century. What might today seem like an antiquated\" \/>\n<meta name=\"robots\" content=\"index, follow, max-snippet:-1, max-image-preview:large, max-video-preview:-1\" \/>\n<link rel=\"canonical\" href=\"https:\/\/www.welovecycling.com\/wide\/2024\/11\/26\/skoda-spain-reimagined-the-bicycle-face-myth-in-support-of-womens-cycling\/\" \/>\n<meta property=\"og:locale\" content=\"en_US\" \/>\n<meta property=\"og:type\" content=\"article\" \/>\n<meta property=\"og:title\" content=\"\u0160koda Spain Reimagined the \u2018Bicycle Face\u2019 Myth in Support of Women\u2019s Cycling\" \/>\n<meta property=\"og:description\" content=\"Have you ever heard of the \u201cBicycle Face\u201d phenomenon? Let\u2019s take a little history trip to the 19th century. What might today seem like an antiquated\" \/>\n<meta property=\"og:url\" content=\"https:\/\/www.welovecycling.com\/wide\/2024\/11\/26\/skoda-spain-reimagined-the-bicycle-face-myth-in-support-of-womens-cycling\/\" \/>\n<meta property=\"og:site_name\" content=\"\u0160koda We Love Cycling\" \/>\n<meta property=\"article:published_time\" content=\"2024-11-26T11:35:07+00:00\" \/>\n<meta property=\"article:modified_time\" content=\"2024-11-26T11:53:24+00:00\" \/>\n<meta property=\"og:image\" content=\"https:\/\/d2p6e6u75xmxt8.cloudfront.net\/2\/2024\/11\/Bicycle-Face-CVR.webp\" \/>\n\t<meta property=\"og:image:width\" content=\"990\" \/>\n\t<meta property=\"og:image:height\" content=\"660\" \/>\n\t<meta property=\"og:image:type\" content=\"image\/webp\" \/>\n<meta name=\"author\" content=\"tereza\" \/>\n<meta name=\"twitter:card\" content=\"summary_large_image\" \/>\n<meta name=\"twitter:label1\" content=\"Written by\" \/>\n\t<meta name=\"twitter:data1\" content=\"Frantiska Blazkova\" \/>\n\t<meta name=\"twitter:label2\" content=\"Est. reading time\" \/>\n\t<meta name=\"twitter:data2\" content=\"3\" \/>\n<script type=\"application\/ld+json\" class=\"yoast-schema-graph\">{\"@context\":\"https:\/\/schema.org\",\"@graph\":[{\"@type\":\"WebPage\",\"@id\":\"https:\/\/www.welovecycling.com\/wide\/2024\/11\/26\/skoda-spain-reimagined-the-bicycle-face-myth-in-support-of-womens-cycling\/\",\"url\":\"https:\/\/www.welovecycling.com\/wide\/2024\/11\/26\/skoda-spain-reimagined-the-bicycle-face-myth-in-support-of-womens-cycling\/\",\"name\":\"Bicycle Face: \u0160koda Supports Women's Cycling\",\"isPartOf\":{\"@id\":\"https:\/\/www.welovecycling.com\/wide\/#website\"},\"primaryImageOfPage\":{\"@id\":\"https:\/\/www.welovecycling.com\/wide\/2024\/11\/26\/skoda-spain-reimagined-the-bicycle-face-myth-in-support-of-womens-cycling\/#primaryimage\"},\"image\":{\"@id\":\"https:\/\/www.welovecycling.com\/wide\/2024\/11\/26\/skoda-spain-reimagined-the-bicycle-face-myth-in-support-of-womens-cycling\/#primaryimage\"},\"thumbnailUrl\":\"https:\/\/d2p6e6u75xmxt8.cloudfront.net\/2\/2024\/11\/Bicycle-Face-CVR.webp\",\"datePublished\":\"2024-11-26T11:35:07+00:00\",\"dateModified\":\"2024-11-26T11:53:24+00:00\",\"author\":{\"@id\":\"https:\/\/www.welovecycling.com\/wide\/#\/schema\/person\/50f01ecd18718d2333cf72e823c4f926\"},\"description\":\"Have you ever heard of the \u201cBicycle Face\u201d phenomenon? Let\u2019s take a little history trip to the 19th century. What might today seem like an antiquated\",\"breadcrumb\":{\"@id\":\"https:\/\/www.welovecycling.com\/wide\/2024\/11\/26\/skoda-spain-reimagined-the-bicycle-face-myth-in-support-of-womens-cycling\/#breadcrumb\"},\"inLanguage\":\"en-US\",\"potentialAction\":[{\"@type\":\"ReadAction\",\"target\":[\"https:\/\/www.welovecycling.com\/wide\/2024\/11\/26\/skoda-spain-reimagined-the-bicycle-face-myth-in-support-of-womens-cycling\/\"]}]},{\"@type\":\"ImageObject\",\"inLanguage\":\"en-US\",\"@id\":\"https:\/\/www.welovecycling.com\/wide\/2024\/11\/26\/skoda-spain-reimagined-the-bicycle-face-myth-in-support-of-womens-cycling\/#primaryimage\",\"url\":\"https:\/\/d2p6e6u75xmxt8.cloudfront.net\/2\/2024\/11\/Bicycle-Face-CVR.webp\",\"contentUrl\":\"https:\/\/d2p6e6u75xmxt8.cloudfront.net\/2\/2024\/11\/Bicycle-Face-CVR.webp\",\"width\":990,\"height\":660,\"caption\":\"Bicycle Face\"},{\"@type\":\"BreadcrumbList\",\"@id\":\"https:\/\/www.welovecycling.com\/wide\/2024\/11\/26\/skoda-spain-reimagined-the-bicycle-face-myth-in-support-of-womens-cycling\/#breadcrumb\",\"itemListElement\":[{\"@type\":\"ListItem\",\"position\":1,\"name\":\"Home\",\"item\":\"https:\/\/www.welovecycling.com\/wide\/\"},{\"@type\":\"ListItem\",\"position\":2,\"name\":\"\u0160koda Spain Reimagined the \u2018Bicycle Face\u2019 Myth in Support of Women\u2019s Cycling\"}]},{\"@type\":\"WebSite\",\"@id\":\"https:\/\/www.welovecycling.com\/wide\/#website\",\"url\":\"https:\/\/www.welovecycling.com\/wide\/\",\"name\":\"\u0160koda We Love Cycling\",\"description\":\"\u0160koda We Love Cycling magazine\",\"alternateName\":\"\u0160koda WLC\",\"potentialAction\":[{\"@type\":\"SearchAction\",\"target\":{\"@type\":\"EntryPoint\",\"urlTemplate\":\"https:\/\/www.welovecycling.com\/wide\/?s={search_term_string}\"},\"query-input\":{\"@type\":\"PropertyValueSpecification\",\"valueRequired\":true,\"valueName\":\"search_term_string\"}}],\"inLanguage\":\"en-US\"},{\"@type\":\"Person\",\"@id\":\"https:\/\/www.welovecycling.com\/wide\/#\/schema\/person\/50f01ecd18718d2333cf72e823c4f926\",\"name\":\"tereza\",\"image\":{\"@type\":\"ImageObject\",\"inLanguage\":\"en-US\",\"@id\":\"https:\/\/www.welovecycling.com\/wide\/#\/schema\/person\/image\/\",\"url\":\"https:\/\/secure.gravatar.com\/avatar\/1f9eb71be33845f0afabce3791bc1c58ecdb0a25c62964987e5dbcf7a20d2ec7?s=96&d=mm&r=g\",\"contentUrl\":\"https:\/\/secure.gravatar.com\/avatar\/1f9eb71be33845f0afabce3791bc1c58ecdb0a25c62964987e5dbcf7a20d2ec7?s=96&d=mm&r=g\",\"caption\":\"tereza\"},\"url\":\"https:\/\/www.welovecycling.com\/wide\/author\/tereza\/\"}]}<\/script>\n<!-- \/ Yoast SEO Premium plugin. -->","yoast_head_json":{"title":"Bicycle Face: \u0160koda Supports Women's Cycling","description":"Have you ever heard of the \u201cBicycle Face\u201d phenomenon? Let\u2019s take a little history trip to the 19th century. What might today seem like an antiquated","robots":{"index":"index","follow":"follow","max-snippet":"max-snippet:-1","max-image-preview":"max-image-preview:large","max-video-preview":"max-video-preview:-1"},"canonical":"https:\/\/www.welovecycling.com\/wide\/2024\/11\/26\/skoda-spain-reimagined-the-bicycle-face-myth-in-support-of-womens-cycling\/","og_locale":"en_US","og_type":"article","og_title":"\u0160koda Spain Reimagined the \u2018Bicycle Face\u2019 Myth in Support of Women\u2019s Cycling","og_description":"Have you ever heard of the \u201cBicycle Face\u201d phenomenon? Let\u2019s take a little history trip to the 19th century. What might today seem like an antiquated","og_url":"https:\/\/www.welovecycling.com\/wide\/2024\/11\/26\/skoda-spain-reimagined-the-bicycle-face-myth-in-support-of-womens-cycling\/","og_site_name":"\u0160koda We Love Cycling","article_published_time":"2024-11-26T11:35:07+00:00","article_modified_time":"2024-11-26T11:53:24+00:00","og_image":[{"width":990,"height":660,"url":"https:\/\/d2p6e6u75xmxt8.cloudfront.net\/2\/2024\/11\/Bicycle-Face-CVR.webp","type":"image\/webp"}],"author":"tereza","twitter_card":"summary_large_image","twitter_misc":{"Written by":"Frantiska Blazkova","Est. reading time":"3"},"schema":{"@context":"https:\/\/schema.org","@graph":[{"@type":"WebPage","@id":"https:\/\/www.welovecycling.com\/wide\/2024\/11\/26\/skoda-spain-reimagined-the-bicycle-face-myth-in-support-of-womens-cycling\/","url":"https:\/\/www.welovecycling.com\/wide\/2024\/11\/26\/skoda-spain-reimagined-the-bicycle-face-myth-in-support-of-womens-cycling\/","name":"Bicycle Face: \u0160koda Supports Women's Cycling","isPartOf":{"@id":"https:\/\/www.welovecycling.com\/wide\/#website"},"primaryImageOfPage":{"@id":"https:\/\/www.welovecycling.com\/wide\/2024\/11\/26\/skoda-spain-reimagined-the-bicycle-face-myth-in-support-of-womens-cycling\/#primaryimage"},"image":{"@id":"https:\/\/www.welovecycling.com\/wide\/2024\/11\/26\/skoda-spain-reimagined-the-bicycle-face-myth-in-support-of-womens-cycling\/#primaryimage"},"thumbnailUrl":"https:\/\/d2p6e6u75xmxt8.cloudfront.net\/2\/2024\/11\/Bicycle-Face-CVR.webp","datePublished":"2024-11-26T11:35:07+00:00","dateModified":"2024-11-26T11:53:24+00:00","author":{"@id":"https:\/\/www.welovecycling.com\/wide\/#\/schema\/person\/50f01ecd18718d2333cf72e823c4f926"},"description":"Have you ever heard of the \u201cBicycle Face\u201d phenomenon? Let\u2019s take a little history trip to the 19th century. What might today seem like an antiquated","breadcrumb":{"@id":"https:\/\/www.welovecycling.com\/wide\/2024\/11\/26\/skoda-spain-reimagined-the-bicycle-face-myth-in-support-of-womens-cycling\/#breadcrumb"},"inLanguage":"en-US","potentialAction":[{"@type":"ReadAction","target":["https:\/\/www.welovecycling.com\/wide\/2024\/11\/26\/skoda-spain-reimagined-the-bicycle-face-myth-in-support-of-womens-cycling\/"]}]},{"@type":"ImageObject","inLanguage":"en-US","@id":"https:\/\/www.welovecycling.com\/wide\/2024\/11\/26\/skoda-spain-reimagined-the-bicycle-face-myth-in-support-of-womens-cycling\/#primaryimage","url":"https:\/\/d2p6e6u75xmxt8.cloudfront.net\/2\/2024\/11\/Bicycle-Face-CVR.webp","contentUrl":"https:\/\/d2p6e6u75xmxt8.cloudfront.net\/2\/2024\/11\/Bicycle-Face-CVR.webp","width":990,"height":660,"caption":"Bicycle Face"},{"@type":"BreadcrumbList","@id":"https:\/\/www.welovecycling.com\/wide\/2024\/11\/26\/skoda-spain-reimagined-the-bicycle-face-myth-in-support-of-womens-cycling\/#breadcrumb","itemListElement":[{"@type":"ListItem","position":1,"name":"Home","item":"https:\/\/www.welovecycling.com\/wide\/"},{"@type":"ListItem","position":2,"name":"\u0160koda Spain Reimagined the \u2018Bicycle Face\u2019 Myth in Support of Women\u2019s Cycling"}]},{"@type":"WebSite","@id":"https:\/\/www.welovecycling.com\/wide\/#website","url":"https:\/\/www.welovecycling.com\/wide\/","name":"\u0160koda We Love Cycling","description":"\u0160koda We Love Cycling magazine","alternateName":"\u0160koda WLC","potentialAction":[{"@type":"SearchAction","target":{"@type":"EntryPoint","urlTemplate":"https:\/\/www.welovecycling.com\/wide\/?s={search_term_string}"},"query-input":{"@type":"PropertyValueSpecification","valueRequired":true,"valueName":"search_term_string"}}],"inLanguage":"en-US"},{"@type":"Person","@id":"https:\/\/www.welovecycling.com\/wide\/#\/schema\/person\/50f01ecd18718d2333cf72e823c4f926","name":"tereza","image":{"@type":"ImageObject","inLanguage":"en-US","@id":"https:\/\/www.welovecycling.com\/wide\/#\/schema\/person\/image\/","url":"https:\/\/secure.gravatar.com\/avatar\/1f9eb71be33845f0afabce3791bc1c58ecdb0a25c62964987e5dbcf7a20d2ec7?s=96&d=mm&r=g","contentUrl":"https:\/\/secure.gravatar.com\/avatar\/1f9eb71be33845f0afabce3791bc1c58ecdb0a25c62964987e5dbcf7a20d2ec7?s=96&d=mm&r=g","caption":"tereza"},"url":"https:\/\/www.welovecycling.com\/wide\/author\/tereza\/"}]}},"_links":{"self":[{"href":"https:\/\/www.welovecycling.com\/wide\/wp-json\/wp\/v2\/posts\/197164","targetHints":{"allow":["GET"]}}],"collection":[{"href":"https:\/\/www.welovecycling.com\/wide\/wp-json\/wp\/v2\/posts"}],"about":[{"href":"https:\/\/www.welovecycling.com\/wide\/wp-json\/wp\/v2\/types\/post"}],"author":[{"embeddable":true,"href":"https:\/\/www.welovecycling.com\/wide\/wp-json\/wp\/v2\/users\/99"}],"replies":[{"embeddable":true,"href":"https:\/\/www.welovecycling.com\/wide\/wp-json\/wp\/v2\/comments?post=197164"}],"version-history":[{"count":4,"href":"https:\/\/www.welovecycling.com\/wide\/wp-json\/wp\/v2\/posts\/197164\/revisions"}],"predecessor-version":[{"id":197322,"href":"https:\/\/www.welovecycling.com\/wide\/wp-json\/wp\/v2\/posts\/197164\/revisions\/197322"}],"wp:featuredmedia":[{"embeddable":true,"href":"https:\/\/www.welovecycling.com\/wide\/wp-json\/wp\/v2\/media\/197319"}],"wp:attachment":[{"href":"https:\/\/www.welovecycling.com\/wide\/wp-json\/wp\/v2\/media?parent=197164"}],"wp:term":[{"taxonomy":"category","embeddable":true,"href":"https:\/\/www.welovecycling.com\/wide\/wp-json\/wp\/v2\/categories?post=197164"},{"taxonomy":"post_tag","embeddable":true,"href":"https:\/\/www.welovecycling.com\/wide\/wp-json\/wp\/v2\/tags?post=197164"},{"taxonomy":"global-categories","embeddable":true,"href":"https:\/\/www.welovecycling.com\/wide\/wp-json\/wp\/v2\/global-categories?post=197164"}],"curies":[{"name":"wp","href":"https:\/\/api.w.org\/{rel}","templated":true}]}}