{"id":197055,"date":"2024-10-29T05:00:19","date_gmt":"2024-10-29T05:00:19","guid":{"rendered":"https:\/\/www.welovecycling.com\/wide\/?p=197055"},"modified":"2024-10-29T10:48:39","modified_gmt":"2024-10-29T10:48:39","slug":"tour-de-france-2025-route-and-letape-du-tour-de-france-unveiling","status":"publish","type":"post","link":"https:\/\/www.welovecycling.com\/wide\/2024\/10\/29\/tour-de-france-2025-route-and-letape-du-tour-de-france-unveiling\/","title":{"rendered":"Tour de France 2025 Route and L&#8217;\u00c9tape du Tour de France Unveiling: What to Expect"},"content":{"rendered":"<p style=\"font-weight: 400;\"><strong>On October 29, all eyes will be on Paris as the official route for the 2024 Tour de France will be revealed. This much-anticipated announcement will not only set the stage for the world\u2019s best cyclists but also ignite excitement for amateur riders worldwide who dream of tackling the same roads.<\/strong><\/p>\n<p><!--more--><\/p>\n<p>One of the key highlights of the day is the unveiling of the route for L\u2019\u00c9tape du Tour de France, an annual event that allows cycling enthusiasts to experience a stage of the Tour for themselves.<\/p>\n<h2 style=\"font-weight: 400;\"><strong>Mark your calendars: registrations open November 6<\/strong><\/h2>\n<p style=\"font-weight: 400;\">If L&#8217;\u00c9tape is on your cycling bucket list, there\u2019s an important date to remember: <strong>November 6<\/strong>, when registrations officially open. <a href=\"https:\/\/www.letapedutourdefrance.com\/en\/\">L\u2019\u00c9tape du Tour de France<\/a> sells out quickly each year, so be sure to act fast to secure your spot.<\/p>\n<p style=\"font-weight: 400;\">Whether you\u2019re a seasoned cyclist or new to the sport, L\u2019\u00c9tape offers an unforgettable experience that will test your limits and reward you with memories for a lifetime.<\/p>\n<h2><strong>Live updates from Paris with Zden\u011bk \u0160tybar<\/strong><\/h2>\n<p>This year, we\u2019re thrilled to have Zden\u011bk \u0160tybar reporting live from Paris. He\u2019ll be on the ground covering all the action, providing real-time updates and insights on our <a href=\"https:\/\/www.instagram.com\/wlcmagazine\/\">Instagram.<\/a> From his expert analysis on the Tour\u2019s most challenging climbs to behind-the-scenes moments, you won\u2019t want to miss his stories and posts throughout the day.<\/p>\n<h2 style=\"font-weight: 400;\"><strong>Why L&#8217;\u00c9tape du Tour de France is a must-do <\/strong><\/h2>\n<p style=\"font-weight: 400;\">For cycling hobbyists, L\u2019\u00c9tape du Tour de France offers an unparalleled opportunity to ride like a pro. This unique event replicates a full stage of the Tour, complete with the same mountainous climbs, fast-paced flats, and electrifying atmosphere. Whether you&#8217;re aiming to challenge yourself, soak up the camaraderie, or enjoy the stunning French landscapes, L&#8217;\u00c9tape captures the magic of the Tour in a way that few other events can.<\/p>\n","protected":false},"excerpt":{"rendered":"<p>On October 29, all eyes will be on Paris as the official route for the 2024 Tour de France will [&hellip;]<\/p>\n","protected":false},"author":99,"featured_media":197066,"comment_status":"closed","ping_status":"open","sticky":false,"template":"","format":"standard","meta":{"footnotes":""},"categories":[329],"tags":[8080,8082,8081,433,982],"global-categories":[3366],"class_list":["post-197055","post","type-post","status-publish","format-standard","has-post-thumbnail","hentry","category-road-cycling","tag-2025-letape","tag-2025-tour","tag-letape-du-tour-de-france","tag-tour-de-france","tag-zdenek-stybar","global-categories-cycling"],"yoast_head":"<!-- This site is optimized with the Yoast SEO Premium plugin v25.3 (Yoast SEO v25.9) - https:\/\/yoast.com\/wordpress\/plugins\/seo\/ -->\n<title>Tour de France 2025 Route and L&#039;\u00c9tape Unveiling<\/title>\n<meta name=\"description\" content=\"On October 29, all eyes will be on Paris as the official route for the 2024 Tour de France will be revealed. This much-anticipated announcement will not\" \/>\n<meta name=\"robots\" content=\"index, follow, max-snippet:-1, max-image-preview:large, max-video-preview:-1\" \/>\n<link rel=\"canonical\" href=\"https:\/\/www.welovecycling.com\/wide\/2024\/10\/29\/tour-de-france-2025-route-and-letape-du-tour-de-france-unveiling\/\" \/>\n<meta property=\"og:locale\" content=\"en_US\" \/>\n<meta property=\"og:type\" content=\"article\" \/>\n<meta property=\"og:title\" content=\"Tour de France 2025 Route and L&#039;\u00c9tape du Tour de France Unveiling: What to Expect\" \/>\n<meta property=\"og:description\" content=\"On October 29, all eyes will be on Paris as the official route for the 2024 Tour de France will be revealed. This much-anticipated announcement will not\" \/>\n<meta property=\"og:url\" content=\"https:\/\/www.welovecycling.com\/wide\/2024\/10\/29\/tour-de-france-2025-route-and-letape-du-tour-de-france-unveiling\/\" \/>\n<meta property=\"og:site_name\" content=\"\u0160koda We Love Cycling\" \/>\n<meta property=\"article:published_time\" content=\"2024-10-29T05:00:19+00:00\" \/>\n<meta property=\"article:modified_time\" content=\"2024-10-29T10:48:39+00:00\" \/>\n<meta property=\"og:image\" content=\"https:\/\/d2p6e6u75xmxt8.cloudfront.net\/2\/2024\/10\/Letape25_WLC_article_990x660.webp\" \/>\n\t<meta property=\"og:image:width\" content=\"990\" \/>\n\t<meta property=\"og:image:height\" content=\"660\" \/>\n\t<meta property=\"og:image:type\" content=\"image\/webp\" \/>\n<meta name=\"author\" content=\"tereza\" \/>\n<meta name=\"twitter:card\" content=\"summary_large_image\" \/>\n<meta name=\"twitter:label1\" content=\"Written by\" \/>\n\t<meta name=\"twitter:data1\" content=\"We Love Cycling\" \/>\n\t<meta name=\"twitter:label2\" content=\"Est. reading time\" \/>\n\t<meta name=\"twitter:data2\" content=\"2\" \/>\n<script type=\"application\/ld+json\" class=\"yoast-schema-graph\">{\"@context\":\"https:\/\/schema.org\",\"@graph\":[{\"@type\":\"WebPage\",\"@id\":\"https:\/\/www.welovecycling.com\/wide\/2024\/10\/29\/tour-de-france-2025-route-and-letape-du-tour-de-france-unveiling\/\",\"url\":\"https:\/\/www.welovecycling.com\/wide\/2024\/10\/29\/tour-de-france-2025-route-and-letape-du-tour-de-france-unveiling\/\",\"name\":\"Tour de France 2025 Route and L'\u00c9tape Unveiling\",\"isPartOf\":{\"@id\":\"https:\/\/www.welovecycling.com\/wide\/#website\"},\"primaryImageOfPage\":{\"@id\":\"https:\/\/www.welovecycling.com\/wide\/2024\/10\/29\/tour-de-france-2025-route-and-letape-du-tour-de-france-unveiling\/#primaryimage\"},\"image\":{\"@id\":\"https:\/\/www.welovecycling.com\/wide\/2024\/10\/29\/tour-de-france-2025-route-and-letape-du-tour-de-france-unveiling\/#primaryimage\"},\"thumbnailUrl\":\"https:\/\/d2p6e6u75xmxt8.cloudfront.net\/2\/2024\/10\/Letape25_WLC_article_990x660.webp\",\"datePublished\":\"2024-10-29T05:00:19+00:00\",\"dateModified\":\"2024-10-29T10:48:39+00:00\",\"author\":{\"@id\":\"https:\/\/www.welovecycling.com\/wide\/#\/schema\/person\/50f01ecd18718d2333cf72e823c4f926\"},\"description\":\"On October 29, all eyes will be on Paris as the official route for the 2024 Tour de France will be revealed. This much-anticipated announcement will not\",\"breadcrumb\":{\"@id\":\"https:\/\/www.welovecycling.com\/wide\/2024\/10\/29\/tour-de-france-2025-route-and-letape-du-tour-de-france-unveiling\/#breadcrumb\"},\"inLanguage\":\"en-US\",\"potentialAction\":[{\"@type\":\"ReadAction\",\"target\":[\"https:\/\/www.welovecycling.com\/wide\/2024\/10\/29\/tour-de-france-2025-route-and-letape-du-tour-de-france-unveiling\/\"]}]},{\"@type\":\"ImageObject\",\"inLanguage\":\"en-US\",\"@id\":\"https:\/\/www.welovecycling.com\/wide\/2024\/10\/29\/tour-de-france-2025-route-and-letape-du-tour-de-france-unveiling\/#primaryimage\",\"url\":\"https:\/\/d2p6e6u75xmxt8.cloudfront.net\/2\/2024\/10\/Letape25_WLC_article_990x660.webp\",\"contentUrl\":\"https:\/\/d2p6e6u75xmxt8.cloudfront.net\/2\/2024\/10\/Letape25_WLC_article_990x660.webp\",\"width\":990,\"height\":660,\"caption\":\"Zden\u011bk \u0160tybar\"},{\"@type\":\"BreadcrumbList\",\"@id\":\"https:\/\/www.welovecycling.com\/wide\/2024\/10\/29\/tour-de-france-2025-route-and-letape-du-tour-de-france-unveiling\/#breadcrumb\",\"itemListElement\":[{\"@type\":\"ListItem\",\"position\":1,\"name\":\"Home\",\"item\":\"https:\/\/www.welovecycling.com\/wide\/\"},{\"@type\":\"ListItem\",\"position\":2,\"name\":\"Tour de France 2025 Route and L&#8217;\u00c9tape du Tour de France Unveiling: What to Expect\"}]},{\"@type\":\"WebSite\",\"@id\":\"https:\/\/www.welovecycling.com\/wide\/#website\",\"url\":\"https:\/\/www.welovecycling.com\/wide\/\",\"name\":\"\u0160koda We Love Cycling\",\"description\":\"\u0160koda We Love Cycling magazine\",\"alternateName\":\"\u0160koda WLC\",\"potentialAction\":[{\"@type\":\"SearchAction\",\"target\":{\"@type\":\"EntryPoint\",\"urlTemplate\":\"https:\/\/www.welovecycling.com\/wide\/?s={search_term_string}\"},\"query-input\":{\"@type\":\"PropertyValueSpecification\",\"valueRequired\":true,\"valueName\":\"search_term_string\"}}],\"inLanguage\":\"en-US\"},{\"@type\":\"Person\",\"@id\":\"https:\/\/www.welovecycling.com\/wide\/#\/schema\/person\/50f01ecd18718d2333cf72e823c4f926\",\"name\":\"tereza\",\"image\":{\"@type\":\"ImageObject\",\"inLanguage\":\"en-US\",\"@id\":\"https:\/\/www.welovecycling.com\/wide\/#\/schema\/person\/image\/\",\"url\":\"https:\/\/secure.gravatar.com\/avatar\/1f9eb71be33845f0afabce3791bc1c58ecdb0a25c62964987e5dbcf7a20d2ec7?s=96&d=mm&r=g\",\"contentUrl\":\"https:\/\/secure.gravatar.com\/avatar\/1f9eb71be33845f0afabce3791bc1c58ecdb0a25c62964987e5dbcf7a20d2ec7?s=96&d=mm&r=g\",\"caption\":\"tereza\"},\"url\":\"https:\/\/www.welovecycling.com\/wide\/author\/tereza\/\"}]}<\/script>\n<!-- \/ Yoast SEO Premium plugin. -->","yoast_head_json":{"title":"Tour de France 2025 Route and L'\u00c9tape Unveiling","description":"On October 29, all eyes will be on Paris as the official route for the 2024 Tour de France will be revealed. This much-anticipated announcement will not","robots":{"index":"index","follow":"follow","max-snippet":"max-snippet:-1","max-image-preview":"max-image-preview:large","max-video-preview":"max-video-preview:-1"},"canonical":"https:\/\/www.welovecycling.com\/wide\/2024\/10\/29\/tour-de-france-2025-route-and-letape-du-tour-de-france-unveiling\/","og_locale":"en_US","og_type":"article","og_title":"Tour de France 2025 Route and L'\u00c9tape du Tour de France Unveiling: What to Expect","og_description":"On October 29, all eyes will be on Paris as the official route for the 2024 Tour de France will be revealed. This much-anticipated announcement will not","og_url":"https:\/\/www.welovecycling.com\/wide\/2024\/10\/29\/tour-de-france-2025-route-and-letape-du-tour-de-france-unveiling\/","og_site_name":"\u0160koda We Love Cycling","article_published_time":"2024-10-29T05:00:19+00:00","article_modified_time":"2024-10-29T10:48:39+00:00","og_image":[{"width":990,"height":660,"url":"https:\/\/d2p6e6u75xmxt8.cloudfront.net\/2\/2024\/10\/Letape25_WLC_article_990x660.webp","type":"image\/webp"}],"author":"tereza","twitter_card":"summary_large_image","twitter_misc":{"Written by":"We Love Cycling","Est. reading time":"2"},"schema":{"@context":"https:\/\/schema.org","@graph":[{"@type":"WebPage","@id":"https:\/\/www.welovecycling.com\/wide\/2024\/10\/29\/tour-de-france-2025-route-and-letape-du-tour-de-france-unveiling\/","url":"https:\/\/www.welovecycling.com\/wide\/2024\/10\/29\/tour-de-france-2025-route-and-letape-du-tour-de-france-unveiling\/","name":"Tour de France 2025 Route and L'\u00c9tape Unveiling","isPartOf":{"@id":"https:\/\/www.welovecycling.com\/wide\/#website"},"primaryImageOfPage":{"@id":"https:\/\/www.welovecycling.com\/wide\/2024\/10\/29\/tour-de-france-2025-route-and-letape-du-tour-de-france-unveiling\/#primaryimage"},"image":{"@id":"https:\/\/www.welovecycling.com\/wide\/2024\/10\/29\/tour-de-france-2025-route-and-letape-du-tour-de-france-unveiling\/#primaryimage"},"thumbnailUrl":"https:\/\/d2p6e6u75xmxt8.cloudfront.net\/2\/2024\/10\/Letape25_WLC_article_990x660.webp","datePublished":"2024-10-29T05:00:19+00:00","dateModified":"2024-10-29T10:48:39+00:00","author":{"@id":"https:\/\/www.welovecycling.com\/wide\/#\/schema\/person\/50f01ecd18718d2333cf72e823c4f926"},"description":"On October 29, all eyes will be on Paris as the official route for the 2024 Tour de France will be revealed. This much-anticipated announcement will not","breadcrumb":{"@id":"https:\/\/www.welovecycling.com\/wide\/2024\/10\/29\/tour-de-france-2025-route-and-letape-du-tour-de-france-unveiling\/#breadcrumb"},"inLanguage":"en-US","potentialAction":[{"@type":"ReadAction","target":["https:\/\/www.welovecycling.com\/wide\/2024\/10\/29\/tour-de-france-2025-route-and-letape-du-tour-de-france-unveiling\/"]}]},{"@type":"ImageObject","inLanguage":"en-US","@id":"https:\/\/www.welovecycling.com\/wide\/2024\/10\/29\/tour-de-france-2025-route-and-letape-du-tour-de-france-unveiling\/#primaryimage","url":"https:\/\/d2p6e6u75xmxt8.cloudfront.net\/2\/2024\/10\/Letape25_WLC_article_990x660.webp","contentUrl":"https:\/\/d2p6e6u75xmxt8.cloudfront.net\/2\/2024\/10\/Letape25_WLC_article_990x660.webp","width":990,"height":660,"caption":"Zden\u011bk \u0160tybar"},{"@type":"BreadcrumbList","@id":"https:\/\/www.welovecycling.com\/wide\/2024\/10\/29\/tour-de-france-2025-route-and-letape-du-tour-de-france-unveiling\/#breadcrumb","itemListElement":[{"@type":"ListItem","position":1,"name":"Home","item":"https:\/\/www.welovecycling.com\/wide\/"},{"@type":"ListItem","position":2,"name":"Tour de France 2025 Route and L&#8217;\u00c9tape du Tour de France Unveiling: What to Expect"}]},{"@type":"WebSite","@id":"https:\/\/www.welovecycling.com\/wide\/#website","url":"https:\/\/www.welovecycling.com\/wide\/","name":"\u0160koda We Love Cycling","description":"\u0160koda We Love Cycling magazine","alternateName":"\u0160koda WLC","potentialAction":[{"@type":"SearchAction","target":{"@type":"EntryPoint","urlTemplate":"https:\/\/www.welovecycling.com\/wide\/?s={search_term_string}"},"query-input":{"@type":"PropertyValueSpecification","valueRequired":true,"valueName":"search_term_string"}}],"inLanguage":"en-US"},{"@type":"Person","@id":"https:\/\/www.welovecycling.com\/wide\/#\/schema\/person\/50f01ecd18718d2333cf72e823c4f926","name":"tereza","image":{"@type":"ImageObject","inLanguage":"en-US","@id":"https:\/\/www.welovecycling.com\/wide\/#\/schema\/person\/image\/","url":"https:\/\/secure.gravatar.com\/avatar\/1f9eb71be33845f0afabce3791bc1c58ecdb0a25c62964987e5dbcf7a20d2ec7?s=96&d=mm&r=g","contentUrl":"https:\/\/secure.gravatar.com\/avatar\/1f9eb71be33845f0afabce3791bc1c58ecdb0a25c62964987e5dbcf7a20d2ec7?s=96&d=mm&r=g","caption":"tereza"},"url":"https:\/\/www.welovecycling.com\/wide\/author\/tereza\/"}]}},"_links":{"self":[{"href":"https:\/\/www.welovecycling.com\/wide\/wp-json\/wp\/v2\/posts\/197055","targetHints":{"allow":["GET"]}}],"collection":[{"href":"https:\/\/www.welovecycling.com\/wide\/wp-json\/wp\/v2\/posts"}],"about":[{"href":"https:\/\/www.welovecycling.com\/wide\/wp-json\/wp\/v2\/types\/post"}],"author":[{"embeddable":true,"href":"https:\/\/www.welovecycling.com\/wide\/wp-json\/wp\/v2\/users\/99"}],"replies":[{"embeddable":true,"href":"https:\/\/www.welovecycling.com\/wide\/wp-json\/wp\/v2\/comments?post=197055"}],"version-history":[{"count":3,"href":"https:\/\/www.welovecycling.com\/wide\/wp-json\/wp\/v2\/posts\/197055\/revisions"}],"predecessor-version":[{"id":197086,"href":"https:\/\/www.welovecycling.com\/wide\/wp-json\/wp\/v2\/posts\/197055\/revisions\/197086"}],"wp:featuredmedia":[{"embeddable":true,"href":"https:\/\/www.welovecycling.com\/wide\/wp-json\/wp\/v2\/media\/197066"}],"wp:attachment":[{"href":"https:\/\/www.welovecycling.com\/wide\/wp-json\/wp\/v2\/media?parent=197055"}],"wp:term":[{"taxonomy":"category","embeddable":true,"href":"https:\/\/www.welovecycling.com\/wide\/wp-json\/wp\/v2\/categories?post=197055"},{"taxonomy":"post_tag","embeddable":true,"href":"https:\/\/www.welovecycling.com\/wide\/wp-json\/wp\/v2\/tags?post=197055"},{"taxonomy":"global-categories","embeddable":true,"href":"https:\/\/www.welovecycling.com\/wide\/wp-json\/wp\/v2\/global-categories?post=197055"}],"curies":[{"name":"wp","href":"https:\/\/api.w.org\/{rel}","templated":true}]}}