{"id":196839,"date":"2024-09-26T14:27:20","date_gmt":"2024-09-26T14:27:20","guid":{"rendered":"https:\/\/www.welovecycling.com\/wide\/?p=196839"},"modified":"2024-11-11T17:12:43","modified_gmt":"2024-11-11T17:12:43","slug":"get-to-know-the-womens-peloton-elisa-longo-borghini","status":"publish","type":"post","link":"https:\/\/www.welovecycling.com\/wide\/2024\/09\/26\/get-to-know-the-womens-peloton-elisa-longo-borghini\/","title":{"rendered":"Inside the Women\u2019s Peloton: Elisa Longo Borghini"},"content":{"rendered":"<p style=\"font-weight: 400;\"><strong>We talk a lot about the fact that, in recent years, women\u2019s cycling has grown rapidly \u2014\u00a0drawing more fans, sponsors, and media attention. And we would be remiss if we didn\u2019t emphasise that at the heart of this surge in popularity are the incredible riders who have shaped the sport. With each, they deliver thrilling performances and push the limits of endurance, strategy, and skill. While many new talents are emerging, the seasoned riders have been instrumental in getting the sport to where it is today. Their leadership and success have laid the foundation for future generations of women in cycling.<\/strong><\/p>\n<p><!--more--><\/p>\n<p style=\"font-weight: 400;\">With that said, we would like to give readers deeper insight into these remarkable athletes who make women\u2019s racing so exciting, starting with one of the most accomplished riders in the peloton: Elisa Longo Borghini. Known for her versatility, consistency, and tactical intelligence, Elisa has had an extraordinary career, from her early days in Italy to becoming one of the most respected and successful riders on the international stage. Let&#8217;s look at her journey from promising young talent to seasoned champion.<\/p>\n<h2><strong>Elisa gets her start <\/strong><\/h2>\n<p style=\"font-weight: 400;\">Born on December 10, 1991, in the northern Italian town of Ornavasso, Elisa Longo Borghini grew up surrounded by a robust sporting influence. Her mother, Guidina Dal Sasso, was a professional cross-country skier, representing Italy in several Winter Olympics. Elisa\u2019s brother, Paolo Longo Borghini, was also a professional cyclist from 2004 to 2014, competing at the highest levels of the sport. This family connection to elite-level competition undoubtedly shaped Elisa\u2019s path.<\/p>\n<p style=\"font-weight: 400;\">Training in the mountains and around the lakes of northern Italy, Elisa developed her love for cycling early on. Her family\u2019s dedication to sport and the natural beauty of her surroundings provided her with the perfect environment to nurture her talents. Even as her career has skyrocketed, Elisa remains grounded by the values her parents instilled in her: humility, determination, and remembering her roots.<\/p>\n<h2><strong>Turning pro<\/strong><\/h2>\n<p style=\"font-weight: 400;\">Elisa turned professional in 2011 at 18 with the Top Girls Fassa Bortolo Ghezzi team. She wasted no time making her presence known, finishing fifth at her first race, Omloop Het Nieuwsblad, a prestigious Belgian classic. Her neo-pro year saw her competing with seasoned riders and earning top-ten finishes at the European Championships and the U23 World Championships.<\/p>\n<p style=\"font-weight: 400;\">In 2012, Elisa moved to the Hitec Products &#8211; Mistral Home team where she began to achieve more consistent results. This was the year she truly broke through, winning the youth classification at the Giro d\u2019Italia Donne and finishing fifth overall. Her talent in time trials and stage races became more apparent, and she added podium finishes at races like the GP de Plouay and Elite World Championships to her growing palmar\u00e8s.<\/p>\n<p style=\"font-weight: 400;\">The following years saw her continue to grow as an all-rounder. In 2013, Elisa took her first significant career win, claiming victory at the Trofeo Alfredo Binda. She followed it up with solid performances in the classics, finishing fourth at the Tour of Flanders and second at <a href=\"https:\/\/www.la-fleche-wallonne.be\/fr\/\">La Fl\u00e8che Wallonne,<\/a> establishing herself as one of the top climbers in the women\u2019s peloton.<\/p>\n<h2><strong>Breakthrough in the Classics <\/strong><\/h2>\n<figure id=\"attachment_196843\" aria-describedby=\"caption-attachment-196843\" style=\"width: 990px\" class=\"wp-caption alignnone\"><a href=\"https:\/\/d2p6e6u75xmxt8.cloudfront.net\/2\/2024\/09\/Elisa-Longo-Borghini-2015-Flanders-profimedia-0237135518.webp\"><img loading=\"lazy\" decoding=\"async\" class=\"wp-image-196843 size-full\" src=\"https:\/\/d2p6e6u75xmxt8.cloudfront.net\/2\/2024\/09\/Elisa-Longo-Borghini-2015-Flanders-profimedia-0237135518.webp\" alt=\"Elisa Longo Borghini\" width=\"990\" height=\"660\" srcset=\"https:\/\/d2p6e6u75xmxt8.cloudfront.net\/2\/2024\/09\/Elisa-Longo-Borghini-2015-Flanders-profimedia-0237135518.webp 990w, https:\/\/d2p6e6u75xmxt8.cloudfront.net\/2\/2024\/09\/Elisa-Longo-Borghini-2015-Flanders-profimedia-0237135518-300x200.webp 300w, https:\/\/d2p6e6u75xmxt8.cloudfront.net\/2\/2024\/09\/Elisa-Longo-Borghini-2015-Flanders-profimedia-0237135518-768x512.webp 768w, https:\/\/d2p6e6u75xmxt8.cloudfront.net\/2\/2024\/09\/Elisa-Longo-Borghini-2015-Flanders-profimedia-0237135518-400x267.webp 400w, https:\/\/d2p6e6u75xmxt8.cloudfront.net\/2\/2024\/09\/Elisa-Longo-Borghini-2015-Flanders-profimedia-0237135518-272x182.webp 272w\" sizes=\"auto, (max-width: 990px) 100vw, 990px\" \/><\/a><figcaption id=\"caption-attachment-196843\" class=\"wp-caption-text\">Elisa Longo Borghini at the 2015 Tour of Flanders \u00a9 Profimedia<\/figcaption><\/figure>\n<p style=\"font-weight: 400;\">2015 marked a significant turning point for Elisa Longo Borghini. Riding for the Wiggle Honda team, Elisa made history by becoming the first Italian woman to win the Tour of Flanders, one of the sport\u2019s oldest and most prestigious races. Her solo victory was a defining moment, signalling her arrival as a force to be reckoned with in the spring classics.<\/p>\n<p style=\"font-weight: 400;\">That year also brought a series of strong performances, including a third-place finish at Strade Bianche and a fourth at Trofeo Alfredo Binda. Elisa\u2019s ability to thrive on the challenging terrain of the Classics \u2013 races often characterised by cobbled roads and steep climbs \u2013 earned her widespread recognition as one of the peloton\u2019s most talented and resilient riders.<\/p>\n<h2><strong>Olympic success and World Tour dominance <\/strong><\/h2>\n<p style=\"font-weight: 400;\">In 2016, Elisa\u2019s career reached new heights when she won a bronze medal in the road race at the Rio de Janeiro Olympic Games. The race, held on a challenging course that suited her climbing abilities, was a career-defining moment and a proud achievement for Italian cycling. Elisa also finished fifth in the Olympic time trial, highlighting her all-around capabilities.<\/p>\n<p style=\"font-weight: 400;\">The following year, 2017, Elisa won Strade Bianche, adding another prestigious Classic to her growing list of victories. She consistently placed in the top five at critical races, including Omloop Het Nieuwsblad and Amstel Gold Race. She took second overall at the Giro d\u2019Italia, showcasing her ability to compete in stage races and one-day events. Her performance in the Giro was followed by a third-place finish at La Course by Le Tour de France, further solidifying her place among the sport\u2019s elite.<\/p>\n<h2><strong>Joining Trek-Segafredo and beyond <\/strong><\/h2>\n<p style=\"font-weight: 400;\">In 2019, Elisa joined the newly formed Trek-Segafredo (now Lidl-Trek) team, a move that would lead to some of the most successful years of her career. Right from the start, Elisa made an impact, winning the Emakumeen Euskal Bira stage race and the team time trial at the V\u00e5rg\u00e5rda WestSweden TTT. She finished the year with several strong results, including a sixth place at La Course and a podium finish at the European Championships.<\/p>\n<p style=\"font-weight: 400;\">The COVID-19 pandemic disrupted the 2020 racing calendar but Elisa remained consistent, winning the Italian national road race and time trial titles. In 2021, she added another milestone to her palmar\u00e8s, taking third in the Tokyo Olympics road race and winning Trofeo Alfredo Binda for the second time. She also secured podium finishes at Fl\u00e8che Wallonne, Li\u00e8ge-Bastogne-Li\u00e8ge, and the inaugural Paris-Roubaix Femmes where she placed third.<\/p>\n<h2><strong>Victory at Paris-Roubaix Femmes <\/strong><\/h2>\n<p style=\"font-weight: 400;\">One of Elisa\u2019s crowning achievements came in 2022 when she <a href=\"https:\/\/www.welovecycling.com\/wide\/2022\/04\/18\/longo-borghini-and-van-baarle-win-paris-roubaix-and-other-cool-news-from-the-world-of-cycling\/\" target=\"_blank\" rel=\"noopener\">won the second edition of Paris-Roubaix Femmes,<\/a> one of the most brutal races in the women\u2019s calendar. That year, she also won the Women\u2019s Tour and finished sixth at the inaugural Tour de France Femmes, proving her ability to compete in stage races over multiple days. She capped off the season with victories at Giro dell\u2019Emilia and Tre Valli Varesine, continuing her streak of late-season success.<\/p>\n<h2><strong>2023-2024: Resilience and triumph at the Giro d\u2019Italia<\/strong><\/h2>\n<figure id=\"attachment_196842\" aria-describedby=\"caption-attachment-196842\" style=\"width: 990px\" class=\"wp-caption alignnone\"><a href=\"https:\/\/d2p6e6u75xmxt8.cloudfront.net\/2\/2024\/09\/Elisa-Longo-Borghini-Giro-Donne-profimedia-0890475729.webp\"><img loading=\"lazy\" decoding=\"async\" class=\"wp-image-196842 size-full\" src=\"https:\/\/d2p6e6u75xmxt8.cloudfront.net\/2\/2024\/09\/Elisa-Longo-Borghini-Giro-Donne-profimedia-0890475729.webp\" alt=\"Elisa Longo Borghini\" width=\"990\" height=\"660\" srcset=\"https:\/\/d2p6e6u75xmxt8.cloudfront.net\/2\/2024\/09\/Elisa-Longo-Borghini-Giro-Donne-profimedia-0890475729.webp 990w, https:\/\/d2p6e6u75xmxt8.cloudfront.net\/2\/2024\/09\/Elisa-Longo-Borghini-Giro-Donne-profimedia-0890475729-300x200.webp 300w, https:\/\/d2p6e6u75xmxt8.cloudfront.net\/2\/2024\/09\/Elisa-Longo-Borghini-Giro-Donne-profimedia-0890475729-768x512.webp 768w, https:\/\/d2p6e6u75xmxt8.cloudfront.net\/2\/2024\/09\/Elisa-Longo-Borghini-Giro-Donne-profimedia-0890475729-400x267.webp 400w, https:\/\/d2p6e6u75xmxt8.cloudfront.net\/2\/2024\/09\/Elisa-Longo-Borghini-Giro-Donne-profimedia-0890475729-272x182.webp 272w\" sizes=\"auto, (max-width: 990px) 100vw, 990px\" \/><\/a><figcaption id=\"caption-attachment-196842\" class=\"wp-caption-text\">Longo Borghini&#8217;s triumph at the Giro Donne \u00a9 SOPA Images Limited\/Alamy Live News<\/figcaption><\/figure>\n<p style=\"font-weight: 400;\">The 2023 season began with promise as Elisa won the overall classification at the UAE Tour Women. Despite injuries and illness that marred her performances later in the year, she rebounded spectacularly in 2024 by winning the Giro d\u2019Italia Women. Elisa\u2019s dominance throughout the race, where she took the lead in the opening time trial and never relinquished the Maglia Rosa, was a testament to her endurance, tactical intelligence, and fighting spirit.<\/p>\n<p style=\"font-weight: 400;\">Her victory at the Giro d&#8217;Italia, nine years after her first win at the Tour of Flanders, demonstrated her incredible longevity in the sport. Elisa remains one of the strongest riders in the peloton, with a career that spans over a decade and shows no signs of slowing down.<\/p>\n<h2><strong>Looking ahead: UCI Road World Championships 2024<\/strong><\/h2>\n<p style=\"font-weight: 400;\">As Elisa Longo Borghini prepares for the 2024 UCI Road World Championships in Z\u00fcrich this weekend, she remains at the top of her game. Known for her ability to deliver on the biggest stages, Elisa is sure to be a key contender in the fight for the rainbow jersey.<\/p>\n<p style=\"font-weight: 400;\">Whatever the outcome of the upcoming race, Elisa Longo Borghini\u2019s career is a testament to hard work, determination, and a deep love for the sport. Whether it\u2019s a brutal cobbled classic or a gruelling stage race, Elisa Longo Borghini is a rider who leaves everything on the road \u2013 a true champion and crusader for women\u2019s cycling!<\/p>\n","protected":false},"excerpt":{"rendered":"<p>We talk a lot about the fact that, in recent years, women\u2019s cycling has grown rapidly \u2014\u00a0drawing more fans, sponsors, [&hellip;]<\/p>\n","protected":false},"author":99,"featured_media":196840,"comment_status":"closed","ping_status":"open","sticky":false,"template":"","format":"standard","meta":{"footnotes":""},"categories":[329],"tags":[2711,7184,538],"global-categories":[3366],"class_list":["post-196839","post","type-post","status-publish","format-standard","has-post-thumbnail","hentry","category-road-cycling","tag-elisa-longo-borghini","tag-pro-womens-cycling","tag-women-cycling","global-categories-cycling"],"yoast_head":"<!-- This site is optimized with the Yoast SEO Premium plugin v25.3 (Yoast SEO v25.9) - https:\/\/yoast.com\/wordpress\/plugins\/seo\/ -->\n<title>Inside the Women\u2019s Peloton: Elisa Longo Borghini - \u0160koda We Love Cycling<\/title>\n<meta name=\"description\" content=\"We talk a lot about the fact that, in recent years, women\u2019s cycling has grown rapidly \u2014\u00a0drawing more fans, sponsors, and media attention. And we would be\" \/>\n<meta name=\"robots\" content=\"index, follow, max-snippet:-1, max-image-preview:large, max-video-preview:-1\" \/>\n<link rel=\"canonical\" href=\"https:\/\/www.welovecycling.com\/wide\/2024\/09\/26\/get-to-know-the-womens-peloton-elisa-longo-borghini\/\" \/>\n<meta property=\"og:locale\" content=\"en_US\" \/>\n<meta property=\"og:type\" content=\"article\" \/>\n<meta property=\"og:title\" content=\"Inside the Women\u2019s Peloton: Elisa Longo Borghini\" \/>\n<meta property=\"og:description\" content=\"We talk a lot about the fact that, in recent years, women\u2019s cycling has grown rapidly \u2014\u00a0drawing more fans, sponsors, and media attention. And we would be\" \/>\n<meta property=\"og:url\" content=\"https:\/\/www.welovecycling.com\/wide\/2024\/09\/26\/get-to-know-the-womens-peloton-elisa-longo-borghini\/\" \/>\n<meta property=\"og:site_name\" content=\"\u0160koda We Love Cycling\" \/>\n<meta property=\"article:published_time\" content=\"2024-09-26T14:27:20+00:00\" \/>\n<meta property=\"article:modified_time\" content=\"2024-11-11T17:12:43+00:00\" \/>\n<meta property=\"og:image\" content=\"https:\/\/d2p6e6u75xmxt8.cloudfront.net\/2\/2024\/09\/Elisa-Longo-Borghini-profimedia-0890475913-CVR.webp\" \/>\n\t<meta property=\"og:image:width\" content=\"990\" \/>\n\t<meta property=\"og:image:height\" content=\"660\" \/>\n\t<meta property=\"og:image:type\" content=\"image\/webp\" \/>\n<meta name=\"author\" content=\"tereza\" \/>\n<meta name=\"twitter:card\" content=\"summary_large_image\" \/>\n<meta name=\"twitter:label1\" content=\"Written by\" \/>\n\t<meta name=\"twitter:data1\" content=\"Megan Flottorp\" \/>\n\t<meta name=\"twitter:label2\" content=\"Est. reading time\" \/>\n\t<meta name=\"twitter:data2\" content=\"5\" \/>\n<script type=\"application\/ld+json\" class=\"yoast-schema-graph\">{\"@context\":\"https:\/\/schema.org\",\"@graph\":[{\"@type\":\"WebPage\",\"@id\":\"https:\/\/www.welovecycling.com\/wide\/2024\/09\/26\/get-to-know-the-womens-peloton-elisa-longo-borghini\/\",\"url\":\"https:\/\/www.welovecycling.com\/wide\/2024\/09\/26\/get-to-know-the-womens-peloton-elisa-longo-borghini\/\",\"name\":\"Inside the Women\u2019s Peloton: Elisa Longo Borghini - \u0160koda We Love Cycling\",\"isPartOf\":{\"@id\":\"https:\/\/www.welovecycling.com\/wide\/#website\"},\"primaryImageOfPage\":{\"@id\":\"https:\/\/www.welovecycling.com\/wide\/2024\/09\/26\/get-to-know-the-womens-peloton-elisa-longo-borghini\/#primaryimage\"},\"image\":{\"@id\":\"https:\/\/www.welovecycling.com\/wide\/2024\/09\/26\/get-to-know-the-womens-peloton-elisa-longo-borghini\/#primaryimage\"},\"thumbnailUrl\":\"https:\/\/d2p6e6u75xmxt8.cloudfront.net\/2\/2024\/09\/Elisa-Longo-Borghini-profimedia-0890475913-CVR.webp\",\"datePublished\":\"2024-09-26T14:27:20+00:00\",\"dateModified\":\"2024-11-11T17:12:43+00:00\",\"author\":{\"@id\":\"https:\/\/www.welovecycling.com\/wide\/#\/schema\/person\/50f01ecd18718d2333cf72e823c4f926\"},\"description\":\"We talk a lot about the fact that, in recent years, women\u2019s cycling has grown rapidly \u2014\u00a0drawing more fans, sponsors, and media attention. And we would be\",\"breadcrumb\":{\"@id\":\"https:\/\/www.welovecycling.com\/wide\/2024\/09\/26\/get-to-know-the-womens-peloton-elisa-longo-borghini\/#breadcrumb\"},\"inLanguage\":\"en-US\",\"potentialAction\":[{\"@type\":\"ReadAction\",\"target\":[\"https:\/\/www.welovecycling.com\/wide\/2024\/09\/26\/get-to-know-the-womens-peloton-elisa-longo-borghini\/\"]}]},{\"@type\":\"ImageObject\",\"inLanguage\":\"en-US\",\"@id\":\"https:\/\/www.welovecycling.com\/wide\/2024\/09\/26\/get-to-know-the-womens-peloton-elisa-longo-borghini\/#primaryimage\",\"url\":\"https:\/\/d2p6e6u75xmxt8.cloudfront.net\/2\/2024\/09\/Elisa-Longo-Borghini-profimedia-0890475913-CVR.webp\",\"contentUrl\":\"https:\/\/d2p6e6u75xmxt8.cloudfront.net\/2\/2024\/09\/Elisa-Longo-Borghini-profimedia-0890475913-CVR.webp\",\"width\":990,\"height\":660,\"caption\":\"Elisa Longo Borghini\"},{\"@type\":\"BreadcrumbList\",\"@id\":\"https:\/\/www.welovecycling.com\/wide\/2024\/09\/26\/get-to-know-the-womens-peloton-elisa-longo-borghini\/#breadcrumb\",\"itemListElement\":[{\"@type\":\"ListItem\",\"position\":1,\"name\":\"Home\",\"item\":\"https:\/\/www.welovecycling.com\/wide\/\"},{\"@type\":\"ListItem\",\"position\":2,\"name\":\"Inside the Women\u2019s Peloton: Elisa Longo Borghini\"}]},{\"@type\":\"WebSite\",\"@id\":\"https:\/\/www.welovecycling.com\/wide\/#website\",\"url\":\"https:\/\/www.welovecycling.com\/wide\/\",\"name\":\"\u0160koda We Love Cycling\",\"description\":\"\u0160koda We Love Cycling magazine\",\"alternateName\":\"\u0160koda WLC\",\"potentialAction\":[{\"@type\":\"SearchAction\",\"target\":{\"@type\":\"EntryPoint\",\"urlTemplate\":\"https:\/\/www.welovecycling.com\/wide\/?s={search_term_string}\"},\"query-input\":{\"@type\":\"PropertyValueSpecification\",\"valueRequired\":true,\"valueName\":\"search_term_string\"}}],\"inLanguage\":\"en-US\"},{\"@type\":\"Person\",\"@id\":\"https:\/\/www.welovecycling.com\/wide\/#\/schema\/person\/50f01ecd18718d2333cf72e823c4f926\",\"name\":\"tereza\",\"image\":{\"@type\":\"ImageObject\",\"inLanguage\":\"en-US\",\"@id\":\"https:\/\/www.welovecycling.com\/wide\/#\/schema\/person\/image\/\",\"url\":\"https:\/\/secure.gravatar.com\/avatar\/1f9eb71be33845f0afabce3791bc1c58ecdb0a25c62964987e5dbcf7a20d2ec7?s=96&d=mm&r=g\",\"contentUrl\":\"https:\/\/secure.gravatar.com\/avatar\/1f9eb71be33845f0afabce3791bc1c58ecdb0a25c62964987e5dbcf7a20d2ec7?s=96&d=mm&r=g\",\"caption\":\"tereza\"},\"url\":\"https:\/\/www.welovecycling.com\/wide\/author\/tereza\/\"}]}<\/script>\n<!-- \/ Yoast SEO Premium plugin. -->","yoast_head_json":{"title":"Inside the Women\u2019s Peloton: Elisa Longo Borghini - \u0160koda We Love Cycling","description":"We talk a lot about the fact that, in recent years, women\u2019s cycling has grown rapidly \u2014\u00a0drawing more fans, sponsors, and media attention. And we would be","robots":{"index":"index","follow":"follow","max-snippet":"max-snippet:-1","max-image-preview":"max-image-preview:large","max-video-preview":"max-video-preview:-1"},"canonical":"https:\/\/www.welovecycling.com\/wide\/2024\/09\/26\/get-to-know-the-womens-peloton-elisa-longo-borghini\/","og_locale":"en_US","og_type":"article","og_title":"Inside the Women\u2019s Peloton: Elisa Longo Borghini","og_description":"We talk a lot about the fact that, in recent years, women\u2019s cycling has grown rapidly \u2014\u00a0drawing more fans, sponsors, and media attention. And we would be","og_url":"https:\/\/www.welovecycling.com\/wide\/2024\/09\/26\/get-to-know-the-womens-peloton-elisa-longo-borghini\/","og_site_name":"\u0160koda We Love Cycling","article_published_time":"2024-09-26T14:27:20+00:00","article_modified_time":"2024-11-11T17:12:43+00:00","og_image":[{"width":990,"height":660,"url":"https:\/\/d2p6e6u75xmxt8.cloudfront.net\/2\/2024\/09\/Elisa-Longo-Borghini-profimedia-0890475913-CVR.webp","type":"image\/webp"}],"author":"tereza","twitter_card":"summary_large_image","twitter_misc":{"Written by":"Megan Flottorp","Est. reading time":"5"},"schema":{"@context":"https:\/\/schema.org","@graph":[{"@type":"WebPage","@id":"https:\/\/www.welovecycling.com\/wide\/2024\/09\/26\/get-to-know-the-womens-peloton-elisa-longo-borghini\/","url":"https:\/\/www.welovecycling.com\/wide\/2024\/09\/26\/get-to-know-the-womens-peloton-elisa-longo-borghini\/","name":"Inside the Women\u2019s Peloton: Elisa Longo Borghini - \u0160koda We Love Cycling","isPartOf":{"@id":"https:\/\/www.welovecycling.com\/wide\/#website"},"primaryImageOfPage":{"@id":"https:\/\/www.welovecycling.com\/wide\/2024\/09\/26\/get-to-know-the-womens-peloton-elisa-longo-borghini\/#primaryimage"},"image":{"@id":"https:\/\/www.welovecycling.com\/wide\/2024\/09\/26\/get-to-know-the-womens-peloton-elisa-longo-borghini\/#primaryimage"},"thumbnailUrl":"https:\/\/d2p6e6u75xmxt8.cloudfront.net\/2\/2024\/09\/Elisa-Longo-Borghini-profimedia-0890475913-CVR.webp","datePublished":"2024-09-26T14:27:20+00:00","dateModified":"2024-11-11T17:12:43+00:00","author":{"@id":"https:\/\/www.welovecycling.com\/wide\/#\/schema\/person\/50f01ecd18718d2333cf72e823c4f926"},"description":"We talk a lot about the fact that, in recent years, women\u2019s cycling has grown rapidly \u2014\u00a0drawing more fans, sponsors, and media attention. And we would be","breadcrumb":{"@id":"https:\/\/www.welovecycling.com\/wide\/2024\/09\/26\/get-to-know-the-womens-peloton-elisa-longo-borghini\/#breadcrumb"},"inLanguage":"en-US","potentialAction":[{"@type":"ReadAction","target":["https:\/\/www.welovecycling.com\/wide\/2024\/09\/26\/get-to-know-the-womens-peloton-elisa-longo-borghini\/"]}]},{"@type":"ImageObject","inLanguage":"en-US","@id":"https:\/\/www.welovecycling.com\/wide\/2024\/09\/26\/get-to-know-the-womens-peloton-elisa-longo-borghini\/#primaryimage","url":"https:\/\/d2p6e6u75xmxt8.cloudfront.net\/2\/2024\/09\/Elisa-Longo-Borghini-profimedia-0890475913-CVR.webp","contentUrl":"https:\/\/d2p6e6u75xmxt8.cloudfront.net\/2\/2024\/09\/Elisa-Longo-Borghini-profimedia-0890475913-CVR.webp","width":990,"height":660,"caption":"Elisa Longo Borghini"},{"@type":"BreadcrumbList","@id":"https:\/\/www.welovecycling.com\/wide\/2024\/09\/26\/get-to-know-the-womens-peloton-elisa-longo-borghini\/#breadcrumb","itemListElement":[{"@type":"ListItem","position":1,"name":"Home","item":"https:\/\/www.welovecycling.com\/wide\/"},{"@type":"ListItem","position":2,"name":"Inside the Women\u2019s Peloton: Elisa Longo Borghini"}]},{"@type":"WebSite","@id":"https:\/\/www.welovecycling.com\/wide\/#website","url":"https:\/\/www.welovecycling.com\/wide\/","name":"\u0160koda We Love Cycling","description":"\u0160koda We Love Cycling magazine","alternateName":"\u0160koda WLC","potentialAction":[{"@type":"SearchAction","target":{"@type":"EntryPoint","urlTemplate":"https:\/\/www.welovecycling.com\/wide\/?s={search_term_string}"},"query-input":{"@type":"PropertyValueSpecification","valueRequired":true,"valueName":"search_term_string"}}],"inLanguage":"en-US"},{"@type":"Person","@id":"https:\/\/www.welovecycling.com\/wide\/#\/schema\/person\/50f01ecd18718d2333cf72e823c4f926","name":"tereza","image":{"@type":"ImageObject","inLanguage":"en-US","@id":"https:\/\/www.welovecycling.com\/wide\/#\/schema\/person\/image\/","url":"https:\/\/secure.gravatar.com\/avatar\/1f9eb71be33845f0afabce3791bc1c58ecdb0a25c62964987e5dbcf7a20d2ec7?s=96&d=mm&r=g","contentUrl":"https:\/\/secure.gravatar.com\/avatar\/1f9eb71be33845f0afabce3791bc1c58ecdb0a25c62964987e5dbcf7a20d2ec7?s=96&d=mm&r=g","caption":"tereza"},"url":"https:\/\/www.welovecycling.com\/wide\/author\/tereza\/"}]}},"_links":{"self":[{"href":"https:\/\/www.welovecycling.com\/wide\/wp-json\/wp\/v2\/posts\/196839","targetHints":{"allow":["GET"]}}],"collection":[{"href":"https:\/\/www.welovecycling.com\/wide\/wp-json\/wp\/v2\/posts"}],"about":[{"href":"https:\/\/www.welovecycling.com\/wide\/wp-json\/wp\/v2\/types\/post"}],"author":[{"embeddable":true,"href":"https:\/\/www.welovecycling.com\/wide\/wp-json\/wp\/v2\/users\/99"}],"replies":[{"embeddable":true,"href":"https:\/\/www.welovecycling.com\/wide\/wp-json\/wp\/v2\/comments?post=196839"}],"version-history":[{"count":3,"href":"https:\/\/www.welovecycling.com\/wide\/wp-json\/wp\/v2\/posts\/196839\/revisions"}],"predecessor-version":[{"id":197181,"href":"https:\/\/www.welovecycling.com\/wide\/wp-json\/wp\/v2\/posts\/196839\/revisions\/197181"}],"wp:featuredmedia":[{"embeddable":true,"href":"https:\/\/www.welovecycling.com\/wide\/wp-json\/wp\/v2\/media\/196840"}],"wp:attachment":[{"href":"https:\/\/www.welovecycling.com\/wide\/wp-json\/wp\/v2\/media?parent=196839"}],"wp:term":[{"taxonomy":"category","embeddable":true,"href":"https:\/\/www.welovecycling.com\/wide\/wp-json\/wp\/v2\/categories?post=196839"},{"taxonomy":"post_tag","embeddable":true,"href":"https:\/\/www.welovecycling.com\/wide\/wp-json\/wp\/v2\/tags?post=196839"},{"taxonomy":"global-categories","embeddable":true,"href":"https:\/\/www.welovecycling.com\/wide\/wp-json\/wp\/v2\/global-categories?post=196839"}],"curies":[{"name":"wp","href":"https:\/\/api.w.org\/{rel}","templated":true}]}}