{"id":196812,"date":"2024-09-24T08:12:50","date_gmt":"2024-09-24T08:12:50","guid":{"rendered":"https:\/\/www.welovecycling.com\/wide\/?p=196812"},"modified":"2024-09-24T08:12:50","modified_gmt":"2024-09-24T08:12:50","slug":"energy-deficit-in-athletes-women-are-especially-vulnerable","status":"publish","type":"post","link":"https:\/\/www.welovecycling.com\/wide\/2024\/09\/24\/energy-deficit-in-athletes-women-are-especially-vulnerable\/","title":{"rendered":"Energy Deficit in Athletes \u2013 Women Are Especially Vulnerable"},"content":{"rendered":"<p style=\"font-weight: 400;\"><strong>Energy deficit in cycling can help you reach your optimal race weight but it can also put you at risk of developing RED-S. What is it and why are female athletes more susceptible to it than males? Let\u2019s take a closer look.<\/strong><\/p>\n<p><!--more--><\/p>\n<h2><strong>Relative Energy Deficiency in Sport (RED-S)<\/strong><\/h2>\n<p style=\"font-weight: 400;\">The issues connected with energy deficits in sports were first studied in women under the name of \u201cFemale Athlete Triad\u201d in the 1990s. It included three interrelated conditions of low energy availability, menstrual dysfunction, and decreased bone mineral density.<\/p>\n<p style=\"font-weight: 400;\">In the last 10 years, the scientific community has recognised that the triad approach was too narrow in scope and that male athletes are also affected \u2013 and the broader concept of RED-S was established. Both the Triad and RED-S are consequences of <a href=\"https:\/\/www.ncbi.nlm.nih.gov\/pmc\/articles\/PMC9724109\/\">Low Energy Availability (LEA) in athletes,<\/a> which is typically defined as an intake of less than 30 kcal per 1 kg of fat-free body mass per day. Prevention strategies are aimed at maintaining more than 45 kcal per kg of fat-free mass a day.<\/p>\n<p style=\"font-weight: 400;\">Developing LEA and RED-S has serious negative consequences for health and athletic performance as we discussed in the previous articles in this series. Here are some of the most common symptoms of RED-S.<\/p>\n<ul>\n<li>Fatigue and low energy levels, even after adequate sleep<\/li>\n<li>Weight loss<\/li>\n<li>Frequent illnesses, injuries and slow recovery<\/li>\n<li>Menstrual disturbances, irregular or absence of periods (amenorrhea)<\/li>\n<li>Low libido<\/li>\n<li>Decreased bone density<\/li>\n<li>Cold intolerance, feeling cold more often than usual<\/li>\n<li>Mood changes, increased irritability, anxiety or depression<\/li>\n<li>Decreased motivation and concentration, reduced enthusiasm for training<\/li>\n<li>Sleep disturbances, trouble falling or staying asleep<\/li>\n<\/ul>\n<h2><strong>Female athletes struggle with energy deficits more often<\/strong><\/h2>\n<p style=\"font-weight: 400;\">Female athletes are at an increased risk of developing issues associated with an energy deficit. The co-author of a <a href=\"https:\/\/www.sciencedirect.com\/science\/article\/pii\/S2213231724002283\">recent study<\/a> on how low energy availability impacts female exercise performance and immunity, Professor Ylva Hellsten, summarised it like this.<\/p>\n<p style=\"font-weight: 400;\">&#8220;It is particularly problematic among female endurance athletes. Many athletes focus heavily on weight in their respective sports. Consequently, they tend to go into short-term but intense periods of weight loss with the expectation of performing better.&#8221;<\/p>\n<p style=\"font-weight: 400;\"><a href=\"https:\/\/www.ncbi.nlm.nih.gov\/pmc\/articles\/PMC9724109\/\">Previous research<\/a> shows a difference among the genders when it comes to collegiate-level sports. Disordered eating is more prevalent among athletes than non-athletes with a prevalence of 1\u201319% in male and 6\u201345% in female athletes. Also, clinical testing of elite Australian female athletes revealed that an astonishing 80% of them were showing one or more symptoms of RED-S.<\/p>\n<h2><strong>RED-S at the Tour de France Femmes?<\/strong><\/h2>\n<p style=\"font-weight: 400;\">A recent study that followed a female pro cyclist at the Tour de France Femmes 2023 showed what being in an energy deficit does over 8 days of elite racing. This cyclist\u2019s average daily energy intake was around 5,200 kcal while her expenditure was around 7,600 kcal. On average, she was in a 2,400 kcal deficit every day which resulted in her losing 2,2 kg of body weight by the time the Tour was over. Her performance remained at a very high level throughout the race but her health suffered. She experienced three typical RED-S symptoms including weight loss, oligomenorrhea (infrequent periods) and low thyroid hormone T3. You can read more about the research and <a href=\"https:\/\/www.welovecycling.com\/wide\/2024\/08\/13\/fuelling-femmes-what-women-racers-eat-at-the-tour-de-france\/\" target=\"_blank\" rel=\"noopener\">her diet at the Tour in our previous article.<\/a><\/p>\n<div class=\"shortcode-ys-post-pinup\"><article class=\"loop-simple post-196482 post type-post status-publish format-standard has-post-thumbnail hentry category-road-cycling tag-tour-de-france tag-tour-de-france-femmes tag-tour-de-france-femmes-nutrition tag-what-women-racers-eat-at-the-tour-de-france global-categories-cycling\" data-postid=\"196482\" role=\"article\" data-post-id=\"196482\" data-word-count=\"601\" data-headline-length=\"60\" data-category=\"Road cycling\" data-global-category=\"Cycling\" data-author=\"Jiri Kaloc\" data-published=\"2024-08-13T13:19:50+00:00\" data-published-day=\"Tuesday\">\n    <div class=\"entry-thumbnail article-thumbnail\" content=\"https:\/\/d2p6e6u75xmxt8.cloudfront.net\/2\/2024\/08\/20224-Tour-de-France-Femmes-Peloton-profimedia-0898228005-CVR-150x150.webp\"><a href=\"https:\/\/www.welovecycling.com\/wide\/2024\/08\/13\/fuelling-femmes-what-women-racers-eat-at-the-tour-de-france\/\" class=\"image-holder\" target=\"_self\"><img decoding=\"async\" loading=\"lazy\" class=\"\" src=\"https:\/\/d2p6e6u75xmxt8.cloudfront.net\/2\/2024\/08\/20224-Tour-de-France-Femmes-Peloton-profimedia-0898228005-CVR.webp\" srcset=\"https:\/\/d2p6e6u75xmxt8.cloudfront.net\/2\/2024\/08\/20224-Tour-de-France-Femmes-Peloton-profimedia-0898228005-CVR.webp 990w, https:\/\/d2p6e6u75xmxt8.cloudfront.net\/2\/2024\/08\/20224-Tour-de-France-Femmes-Peloton-profimedia-0898228005-CVR-300x200.webp 300w, https:\/\/d2p6e6u75xmxt8.cloudfront.net\/2\/2024\/08\/20224-Tour-de-France-Femmes-Peloton-profimedia-0898228005-CVR-768x512.webp 768w, https:\/\/d2p6e6u75xmxt8.cloudfront.net\/2\/2024\/08\/20224-Tour-de-France-Femmes-Peloton-profimedia-0898228005-CVR-400x267.webp 400w, https:\/\/d2p6e6u75xmxt8.cloudfront.net\/2\/2024\/08\/20224-Tour-de-France-Femmes-Peloton-profimedia-0898228005-CVR-272x182.webp 272w\" width=\"990\" height=\"660\" sizes=\"auto, (min-width: 1200px) 300px, (min-width: 768px) 25vw, 100vw\" alt=\"fuelling-femmes-what-women-racers-eat-at-the-tour-de-france\"\/><\/a><\/div>    <div class=\"entry-meta\">\n        <a class=\"label label-secondary post-category\" href=\"https:\/\/www.welovecycling.com\/wide\/category\/road-cycling\/\" title=\"Road cycling\">Road cycling<\/a>\n    <\/div>\n    <div class=\"entry-details\">\n        <a href=\"https:\/\/www.welovecycling.com\/wide\/2024\/08\/13\/fuelling-femmes-what-women-racers-eat-at-the-tour-de-france\/\" class='entry-title-wrapper'>\n            <h3 class=\"entry-title\"><span>Fuelling Femmes: What Women Racers Eat at the Tour de France<\/span><\/h3>\n        <\/a>\n    <\/div>\n    <\/article>\n<\/div>\n<h2><strong>Why are women more vulnerable than men?<\/strong><\/h2>\n<p style=\"font-weight: 400;\">There are several reasons why women are more prone to disordered eating and suffer from symptoms of RED-S more often than men. For one, female athletes are subjected to more societal pressures, body image concerns, and sport-specific demands when it comes to body composition. However, according to the <a href=\"https:\/\/www.sciencedirect.com\/science\/article\/pii\/S2213231724002283\">research literature,<\/a> women also seem to tolerate insufficient energy worse than men.<\/p>\n<p style=\"font-weight: 400;\">Low energy availability can cause a woman&#8217;s oestrogenic levels to drop drastically. Since oestrogen protects the circulatory system, muscles and bones, this has extensive effects on a woman&#8217;s physiology. The harmful effects of not eating enough for long periods of time, especially in women, can therefore also be lifelong.<\/p>\n<p style=\"font-weight: 400;\">\u201cBased upon the rather limited research in this area, it seems that men are able to tolerate reduced energy intake before it affects us negatively. This indicates that women in particular are a vulnerable population in this respect,\u201d said the lead author of the study, Jan Sommer Jeppesen.<\/p>\n<h2><strong>What can we do about it?<\/strong><\/h2>\n<p style=\"font-weight: 400;\">The first step is spreading awareness about this issue. The dangers of RED-S need to be common knowledge, especially among young female athletes. The second step is to act quickly if you or someone you know is experiencing any of the common symptoms of RED-S and fix the energy intake. Finally, we need big sports organisations, national teams, and coaches to take this seriously and set their athletes on a healthy path that\u2019s sustainable over the long term.<\/p>\n","protected":false},"excerpt":{"rendered":"<p>Energy deficit in cycling can help you reach your optimal race weight but it can also put you at risk [&hellip;]<\/p>\n","protected":false},"author":99,"featured_media":193996,"comment_status":"closed","ping_status":"open","sticky":false,"template":"","format":"standard","meta":{"footnotes":""},"categories":[332],"tags":[7987,7184,8020,8019,5780,2264],"global-categories":[3366],"class_list":["post-196812","post","type-post","status-publish","format-standard","has-post-thumbnail","hentry","category-health-and-training","tag-energy-deficit-in-athletes","tag-pro-womens-cycling","tag-red-s","tag-relative-energy-deficiency-in-sport","tag-tour-de-france-femmes","tag-womens-cycling","global-categories-cycling"],"yoast_head":"<!-- This site is optimized with the Yoast SEO Premium plugin v25.3 (Yoast SEO v25.9) - https:\/\/yoast.com\/wordpress\/plugins\/seo\/ -->\n<title>Energy Deficit in Athletes \u2013 Women Are Especially Vulnerable - \u0160koda We Love Cycling<\/title>\n<meta name=\"description\" content=\"Energy deficit in cycling can help you reach your optimal race weight but it can also put you at risk of developing RED-S. What is it and why are female\" \/>\n<meta name=\"robots\" content=\"index, follow, max-snippet:-1, max-image-preview:large, max-video-preview:-1\" \/>\n<link rel=\"canonical\" href=\"https:\/\/www.welovecycling.com\/wide\/2024\/09\/24\/energy-deficit-in-athletes-women-are-especially-vulnerable\/\" \/>\n<meta property=\"og:locale\" content=\"en_US\" \/>\n<meta property=\"og:type\" content=\"article\" \/>\n<meta property=\"og:title\" content=\"Energy Deficit in Athletes \u2013 Women Are Especially Vulnerable\" \/>\n<meta property=\"og:description\" content=\"Energy deficit in cycling can help you reach your optimal race weight but it can also put you at risk of developing RED-S. What is it and why are female\" \/>\n<meta property=\"og:url\" content=\"https:\/\/www.welovecycling.com\/wide\/2024\/09\/24\/energy-deficit-in-athletes-women-are-especially-vulnerable\/\" \/>\n<meta property=\"og:site_name\" content=\"\u0160koda We Love Cycling\" \/>\n<meta property=\"article:published_time\" content=\"2024-09-24T08:12:50+00:00\" \/>\n<meta property=\"og:image\" content=\"https:\/\/d2p6e6u75xmxt8.cloudfront.net\/2\/2023\/09\/Tour-de-France-Femmes-profimedia-0792141696-CVR.webp\" \/>\n\t<meta property=\"og:image:width\" content=\"990\" \/>\n\t<meta property=\"og:image:height\" content=\"660\" \/>\n\t<meta property=\"og:image:type\" content=\"image\/webp\" \/>\n<meta name=\"author\" content=\"tereza\" \/>\n<meta name=\"twitter:card\" content=\"summary_large_image\" \/>\n<meta name=\"twitter:label1\" content=\"Written by\" \/>\n\t<meta name=\"twitter:data1\" content=\"Jiri Kaloc\" \/>\n\t<meta name=\"twitter:label2\" content=\"Est. reading time\" \/>\n\t<meta name=\"twitter:data2\" content=\"4\" \/>\n<script type=\"application\/ld+json\" class=\"yoast-schema-graph\">{\"@context\":\"https:\/\/schema.org\",\"@graph\":[{\"@type\":\"WebPage\",\"@id\":\"https:\/\/www.welovecycling.com\/wide\/2024\/09\/24\/energy-deficit-in-athletes-women-are-especially-vulnerable\/\",\"url\":\"https:\/\/www.welovecycling.com\/wide\/2024\/09\/24\/energy-deficit-in-athletes-women-are-especially-vulnerable\/\",\"name\":\"Energy Deficit in Athletes \u2013 Women Are Especially Vulnerable - \u0160koda We Love Cycling\",\"isPartOf\":{\"@id\":\"https:\/\/www.welovecycling.com\/wide\/#website\"},\"primaryImageOfPage\":{\"@id\":\"https:\/\/www.welovecycling.com\/wide\/2024\/09\/24\/energy-deficit-in-athletes-women-are-especially-vulnerable\/#primaryimage\"},\"image\":{\"@id\":\"https:\/\/www.welovecycling.com\/wide\/2024\/09\/24\/energy-deficit-in-athletes-women-are-especially-vulnerable\/#primaryimage\"},\"thumbnailUrl\":\"https:\/\/d2p6e6u75xmxt8.cloudfront.net\/2\/2023\/09\/Tour-de-France-Femmes-profimedia-0792141696-CVR.webp\",\"datePublished\":\"2024-09-24T08:12:50+00:00\",\"author\":{\"@id\":\"https:\/\/www.welovecycling.com\/wide\/#\/schema\/person\/50f01ecd18718d2333cf72e823c4f926\"},\"description\":\"Energy deficit in cycling can help you reach your optimal race weight but it can also put you at risk of developing RED-S. What is it and why are female\",\"breadcrumb\":{\"@id\":\"https:\/\/www.welovecycling.com\/wide\/2024\/09\/24\/energy-deficit-in-athletes-women-are-especially-vulnerable\/#breadcrumb\"},\"inLanguage\":\"en-US\",\"potentialAction\":[{\"@type\":\"ReadAction\",\"target\":[\"https:\/\/www.welovecycling.com\/wide\/2024\/09\/24\/energy-deficit-in-athletes-women-are-especially-vulnerable\/\"]}]},{\"@type\":\"ImageObject\",\"inLanguage\":\"en-US\",\"@id\":\"https:\/\/www.welovecycling.com\/wide\/2024\/09\/24\/energy-deficit-in-athletes-women-are-especially-vulnerable\/#primaryimage\",\"url\":\"https:\/\/d2p6e6u75xmxt8.cloudfront.net\/2\/2023\/09\/Tour-de-France-Femmes-profimedia-0792141696-CVR.webp\",\"contentUrl\":\"https:\/\/d2p6e6u75xmxt8.cloudfront.net\/2\/2023\/09\/Tour-de-France-Femmes-profimedia-0792141696-CVR.webp\",\"width\":990,\"height\":660,\"caption\":\"Tour de France Femmes\"},{\"@type\":\"BreadcrumbList\",\"@id\":\"https:\/\/www.welovecycling.com\/wide\/2024\/09\/24\/energy-deficit-in-athletes-women-are-especially-vulnerable\/#breadcrumb\",\"itemListElement\":[{\"@type\":\"ListItem\",\"position\":1,\"name\":\"Home\",\"item\":\"https:\/\/www.welovecycling.com\/wide\/\"},{\"@type\":\"ListItem\",\"position\":2,\"name\":\"Energy Deficit in Athletes \u2013 Women Are Especially Vulnerable\"}]},{\"@type\":\"WebSite\",\"@id\":\"https:\/\/www.welovecycling.com\/wide\/#website\",\"url\":\"https:\/\/www.welovecycling.com\/wide\/\",\"name\":\"\u0160koda We Love Cycling\",\"description\":\"\u0160koda We Love Cycling magazine\",\"alternateName\":\"\u0160koda WLC\",\"potentialAction\":[{\"@type\":\"SearchAction\",\"target\":{\"@type\":\"EntryPoint\",\"urlTemplate\":\"https:\/\/www.welovecycling.com\/wide\/?s={search_term_string}\"},\"query-input\":{\"@type\":\"PropertyValueSpecification\",\"valueRequired\":true,\"valueName\":\"search_term_string\"}}],\"inLanguage\":\"en-US\"},{\"@type\":\"Person\",\"@id\":\"https:\/\/www.welovecycling.com\/wide\/#\/schema\/person\/50f01ecd18718d2333cf72e823c4f926\",\"name\":\"tereza\",\"image\":{\"@type\":\"ImageObject\",\"inLanguage\":\"en-US\",\"@id\":\"https:\/\/www.welovecycling.com\/wide\/#\/schema\/person\/image\/\",\"url\":\"https:\/\/secure.gravatar.com\/avatar\/1f9eb71be33845f0afabce3791bc1c58ecdb0a25c62964987e5dbcf7a20d2ec7?s=96&d=mm&r=g\",\"contentUrl\":\"https:\/\/secure.gravatar.com\/avatar\/1f9eb71be33845f0afabce3791bc1c58ecdb0a25c62964987e5dbcf7a20d2ec7?s=96&d=mm&r=g\",\"caption\":\"tereza\"},\"url\":\"https:\/\/www.welovecycling.com\/wide\/author\/tereza\/\"}]}<\/script>\n<!-- \/ Yoast SEO Premium plugin. -->","yoast_head_json":{"title":"Energy Deficit in Athletes \u2013 Women Are Especially Vulnerable - \u0160koda We Love Cycling","description":"Energy deficit in cycling can help you reach your optimal race weight but it can also put you at risk of developing RED-S. What is it and why are female","robots":{"index":"index","follow":"follow","max-snippet":"max-snippet:-1","max-image-preview":"max-image-preview:large","max-video-preview":"max-video-preview:-1"},"canonical":"https:\/\/www.welovecycling.com\/wide\/2024\/09\/24\/energy-deficit-in-athletes-women-are-especially-vulnerable\/","og_locale":"en_US","og_type":"article","og_title":"Energy Deficit in Athletes \u2013 Women Are Especially Vulnerable","og_description":"Energy deficit in cycling can help you reach your optimal race weight but it can also put you at risk of developing RED-S. What is it and why are female","og_url":"https:\/\/www.welovecycling.com\/wide\/2024\/09\/24\/energy-deficit-in-athletes-women-are-especially-vulnerable\/","og_site_name":"\u0160koda We Love Cycling","article_published_time":"2024-09-24T08:12:50+00:00","og_image":[{"width":990,"height":660,"url":"https:\/\/d2p6e6u75xmxt8.cloudfront.net\/2\/2023\/09\/Tour-de-France-Femmes-profimedia-0792141696-CVR.webp","type":"image\/webp"}],"author":"tereza","twitter_card":"summary_large_image","twitter_misc":{"Written by":"Jiri Kaloc","Est. reading time":"4"},"schema":{"@context":"https:\/\/schema.org","@graph":[{"@type":"WebPage","@id":"https:\/\/www.welovecycling.com\/wide\/2024\/09\/24\/energy-deficit-in-athletes-women-are-especially-vulnerable\/","url":"https:\/\/www.welovecycling.com\/wide\/2024\/09\/24\/energy-deficit-in-athletes-women-are-especially-vulnerable\/","name":"Energy Deficit in Athletes \u2013 Women Are Especially Vulnerable - \u0160koda We Love Cycling","isPartOf":{"@id":"https:\/\/www.welovecycling.com\/wide\/#website"},"primaryImageOfPage":{"@id":"https:\/\/www.welovecycling.com\/wide\/2024\/09\/24\/energy-deficit-in-athletes-women-are-especially-vulnerable\/#primaryimage"},"image":{"@id":"https:\/\/www.welovecycling.com\/wide\/2024\/09\/24\/energy-deficit-in-athletes-women-are-especially-vulnerable\/#primaryimage"},"thumbnailUrl":"https:\/\/d2p6e6u75xmxt8.cloudfront.net\/2\/2023\/09\/Tour-de-France-Femmes-profimedia-0792141696-CVR.webp","datePublished":"2024-09-24T08:12:50+00:00","author":{"@id":"https:\/\/www.welovecycling.com\/wide\/#\/schema\/person\/50f01ecd18718d2333cf72e823c4f926"},"description":"Energy deficit in cycling can help you reach your optimal race weight but it can also put you at risk of developing RED-S. What is it and why are female","breadcrumb":{"@id":"https:\/\/www.welovecycling.com\/wide\/2024\/09\/24\/energy-deficit-in-athletes-women-are-especially-vulnerable\/#breadcrumb"},"inLanguage":"en-US","potentialAction":[{"@type":"ReadAction","target":["https:\/\/www.welovecycling.com\/wide\/2024\/09\/24\/energy-deficit-in-athletes-women-are-especially-vulnerable\/"]}]},{"@type":"ImageObject","inLanguage":"en-US","@id":"https:\/\/www.welovecycling.com\/wide\/2024\/09\/24\/energy-deficit-in-athletes-women-are-especially-vulnerable\/#primaryimage","url":"https:\/\/d2p6e6u75xmxt8.cloudfront.net\/2\/2023\/09\/Tour-de-France-Femmes-profimedia-0792141696-CVR.webp","contentUrl":"https:\/\/d2p6e6u75xmxt8.cloudfront.net\/2\/2023\/09\/Tour-de-France-Femmes-profimedia-0792141696-CVR.webp","width":990,"height":660,"caption":"Tour de France Femmes"},{"@type":"BreadcrumbList","@id":"https:\/\/www.welovecycling.com\/wide\/2024\/09\/24\/energy-deficit-in-athletes-women-are-especially-vulnerable\/#breadcrumb","itemListElement":[{"@type":"ListItem","position":1,"name":"Home","item":"https:\/\/www.welovecycling.com\/wide\/"},{"@type":"ListItem","position":2,"name":"Energy Deficit in Athletes \u2013 Women Are Especially Vulnerable"}]},{"@type":"WebSite","@id":"https:\/\/www.welovecycling.com\/wide\/#website","url":"https:\/\/www.welovecycling.com\/wide\/","name":"\u0160koda We Love Cycling","description":"\u0160koda We Love Cycling magazine","alternateName":"\u0160koda WLC","potentialAction":[{"@type":"SearchAction","target":{"@type":"EntryPoint","urlTemplate":"https:\/\/www.welovecycling.com\/wide\/?s={search_term_string}"},"query-input":{"@type":"PropertyValueSpecification","valueRequired":true,"valueName":"search_term_string"}}],"inLanguage":"en-US"},{"@type":"Person","@id":"https:\/\/www.welovecycling.com\/wide\/#\/schema\/person\/50f01ecd18718d2333cf72e823c4f926","name":"tereza","image":{"@type":"ImageObject","inLanguage":"en-US","@id":"https:\/\/www.welovecycling.com\/wide\/#\/schema\/person\/image\/","url":"https:\/\/secure.gravatar.com\/avatar\/1f9eb71be33845f0afabce3791bc1c58ecdb0a25c62964987e5dbcf7a20d2ec7?s=96&d=mm&r=g","contentUrl":"https:\/\/secure.gravatar.com\/avatar\/1f9eb71be33845f0afabce3791bc1c58ecdb0a25c62964987e5dbcf7a20d2ec7?s=96&d=mm&r=g","caption":"tereza"},"url":"https:\/\/www.welovecycling.com\/wide\/author\/tereza\/"}]}},"_links":{"self":[{"href":"https:\/\/www.welovecycling.com\/wide\/wp-json\/wp\/v2\/posts\/196812","targetHints":{"allow":["GET"]}}],"collection":[{"href":"https:\/\/www.welovecycling.com\/wide\/wp-json\/wp\/v2\/posts"}],"about":[{"href":"https:\/\/www.welovecycling.com\/wide\/wp-json\/wp\/v2\/types\/post"}],"author":[{"embeddable":true,"href":"https:\/\/www.welovecycling.com\/wide\/wp-json\/wp\/v2\/users\/99"}],"replies":[{"embeddable":true,"href":"https:\/\/www.welovecycling.com\/wide\/wp-json\/wp\/v2\/comments?post=196812"}],"version-history":[{"count":2,"href":"https:\/\/www.welovecycling.com\/wide\/wp-json\/wp\/v2\/posts\/196812\/revisions"}],"predecessor-version":[{"id":196814,"href":"https:\/\/www.welovecycling.com\/wide\/wp-json\/wp\/v2\/posts\/196812\/revisions\/196814"}],"wp:featuredmedia":[{"embeddable":true,"href":"https:\/\/www.welovecycling.com\/wide\/wp-json\/wp\/v2\/media\/193996"}],"wp:attachment":[{"href":"https:\/\/www.welovecycling.com\/wide\/wp-json\/wp\/v2\/media?parent=196812"}],"wp:term":[{"taxonomy":"category","embeddable":true,"href":"https:\/\/www.welovecycling.com\/wide\/wp-json\/wp\/v2\/categories?post=196812"},{"taxonomy":"post_tag","embeddable":true,"href":"https:\/\/www.welovecycling.com\/wide\/wp-json\/wp\/v2\/tags?post=196812"},{"taxonomy":"global-categories","embeddable":true,"href":"https:\/\/www.welovecycling.com\/wide\/wp-json\/wp\/v2\/global-categories?post=196812"}],"curies":[{"name":"wp","href":"https:\/\/api.w.org\/{rel}","templated":true}]}}