{"id":196792,"date":"2024-09-19T12:22:44","date_gmt":"2024-09-19T12:22:44","guid":{"rendered":"https:\/\/www.welovecycling.com\/wide\/?p=196792"},"modified":"2024-09-19T12:24:31","modified_gmt":"2024-09-19T12:24:31","slug":"opinion-the-gel-pad-saddle-cover-myth","status":"publish","type":"post","link":"https:\/\/www.welovecycling.com\/wide\/2024\/09\/19\/opinion-the-gel-pad-saddle-cover-myth\/","title":{"rendered":"Opinion: The Gel Pad Saddle Cover Myth"},"content":{"rendered":"<p><strong>I\u2019m a cycling guide for people that want to explore Europe on a bicycle for a week, but in doses. 50 to 70k daily divided by a delicious picnic lunch in a breathtaking landscape and a cultural visit is perfect for them. Most aren\u2019t passionate cyclists, but they understand the joy of riding a bicycle to explore lands unknown.\u00a0<\/strong><\/p>\n<p><!--more--><\/p>\n<p>Whether they are on an electric or a pedal bike, ninety percent of them request a saddle gel pad cover for their trip. I shake my head every time. Don\u2019t they know it\u2019s a myth? A gel pad saddle cover provides no relief and can even make it worse or cause other problems. There are better solutions. Let me explain.<\/p>\n<h2><strong>Everyone gets their turn<\/strong><\/h2>\n<p>No cyclist, zero, escapes <a href=\"https:\/\/www.welovecycling.com\/wide\/2022\/12\/15\/5-tips-to-reduce-saddle-pain-while-cycling-indoors\/\" target=\"_blank\" rel=\"noopener\">saddle discomfort<\/a> from time to time. When you\u2019re new to the sport, or getting back on after an extended break, you have to go through a pseudo break-in period again. It only lasts a day or two, that feeling of light pressure on a bruise. It\u2019s a rite of passage in cycling.<\/p>\n<p>The more aero your cycling position, more of your body weight rests on your \u201csit bones\u201d (ischial tuberosities). These are the points where your body meets the saddle. As you lean forward to ride, your <a href=\"https:\/\/www.ncbi.nlm.nih.gov\/books\/NBK538193\/#:~:text=The%20gluteal%20muscles%20are%20a,the%20buttock%20and%20hip%20area.\">glutes<\/a> (bum muscles) move to the side, exposing your sit bones. If your riding position is more upright, the sit bones are more protected by the glutes, but won\u2019t exclude you from the process. Suck it up. You wanna be a cyclist, right?<\/p>\n<h2><strong>Increased pressure and chafing<\/strong><\/h2>\n<p>Adding a gel cover to protect from saddle discomfort isn\u2019t the solution and can even add to the problem. It may provide a sensation of relief for a few minutes, then the squishy gel material displaces, increasing pressure on other spots from the uneven distribution of the rider\u2019s weight.<\/p>\n<p>This increased pressure from the gel material leads to reduced blood circulation, causing discomfort, tingling and\/or numbness to the area, including the sensitive bits. The added bulk also contributes to chafing. And both issues defeat the purpose of the gel pad cover. And, dear cycle-tourists and new cyclists alike, underwear worn under your riding shorts is a no, no. Yep, commando is the way. It eliminates any chances of chafing caused by fabric folds or stitched clothing seams.<\/p>\n<div class=\"shortcode-ys-post-pinup\"><article class=\"loop-simple post-196770 post type-post status-publish format-standard has-post-thumbnail hentry category-explore-and-travel tag-cycling-tours tag-cycling-vacation tag-guided-tours tag-self-guided-tours global-categories-cycling\" data-postid=\"196770\" role=\"article\" data-post-id=\"196770\" data-word-count=\"907\" data-headline-length=\"81\" data-category=\"Explore &amp; Travel\" data-global-category=\"Cycling\" data-author=\"Andrea Champredonde\" data-published=\"2024-09-13T13:57:26+00:00\" data-published-day=\"Friday\">\n    <div class=\"entry-thumbnail article-thumbnail\" content=\"https:\/\/d2p6e6u75xmxt8.cloudfront.net\/2\/2024\/09\/Cycling-Vacation-Group-Family-profimedia-0890946126-CVR-150x150.webp\"><a href=\"https:\/\/www.welovecycling.com\/wide\/2024\/09\/13\/self-guided-vs-guided-tours-which-one-is-right-for-your-next-cycling-vacation\/\" class=\"image-holder\" target=\"_self\"><img decoding=\"async\" loading=\"lazy\" class=\"\" src=\"https:\/\/d2p6e6u75xmxt8.cloudfront.net\/2\/2024\/09\/Cycling-Vacation-Group-Family-profimedia-0890946126-CVR.webp\" srcset=\"https:\/\/d2p6e6u75xmxt8.cloudfront.net\/2\/2024\/09\/Cycling-Vacation-Group-Family-profimedia-0890946126-CVR.webp 990w, https:\/\/d2p6e6u75xmxt8.cloudfront.net\/2\/2024\/09\/Cycling-Vacation-Group-Family-profimedia-0890946126-CVR-300x200.webp 300w, https:\/\/d2p6e6u75xmxt8.cloudfront.net\/2\/2024\/09\/Cycling-Vacation-Group-Family-profimedia-0890946126-CVR-768x512.webp 768w, https:\/\/d2p6e6u75xmxt8.cloudfront.net\/2\/2024\/09\/Cycling-Vacation-Group-Family-profimedia-0890946126-CVR-400x267.webp 400w, https:\/\/d2p6e6u75xmxt8.cloudfront.net\/2\/2024\/09\/Cycling-Vacation-Group-Family-profimedia-0890946126-CVR-272x182.webp 272w\" width=\"990\" height=\"660\" sizes=\"auto, (min-width: 1200px) 300px, (min-width: 768px) 25vw, 100vw\" alt=\"self-guided-vs-guided-tours-which-one-is-right-for-your-next-cycling-vacation\"\/><\/a><\/div>    <div class=\"entry-meta\">\n        <a class=\"label label-secondary post-category\" href=\"https:\/\/www.welovecycling.com\/wide\/category\/explore-and-travel\/\" title=\"Explore &amp; Travel\">Explore &amp; Travel<\/a>\n    <\/div>\n    <div class=\"entry-details\">\n        <a href=\"https:\/\/www.welovecycling.com\/wide\/2024\/09\/13\/self-guided-vs-guided-tours-which-one-is-right-for-your-next-cycling-vacation\/\" class='entry-title-wrapper'>\n            <h3 class=\"entry-title\"><span>Self-Guided vs Guided Tours: Which One is Right for Your Next Cycling Vacation?\u00a0<\/span><\/h3>\n        <\/a>\n    <\/div>\n    <\/article>\n<\/div>\n<h2><strong>Hygiene, heat and moisture retention<\/strong><\/h2>\n<p>You may have just learned that not wearing underwear under your cycling shorts is the way to go. While it doesn\u2019t sound very hygienic; it is. There\u2019s no problem, provided you wash your kit after every ride. You change your underwear every day, don\u2019t you? The same goes for cycling shorts. You should have at least two pairs. Dry one while you wear the other.<\/p>\n<p>An often overlooked drawback to using gel pad covers is how they generate heat and moisture. The effect is even worse on longer rides or in hot weather. The gel material isn\u2019t breathable and acts as an insulator. And what does bacteria love? Moisture and humidity. It\u2019s warm enough down there already, particularly during exercise. Why add to the equation?<\/p>\n<h2><strong>Invest in quality cycling shorts<\/strong><\/h2>\n<p>You want the gel saddle cover for your comfort, to help reduce road vibrations and shocks, correct? Investing in a proper pair of riding shorts with a quality pad, aka \u201cchamois\u201d is vital. You\u2019ve spent a bundle on the trip, bike, and\/or travel already, so why skimp on the shorts?<\/p>\n<p>Cycling shorts comprise an inner pad, and panels stitched together with flat seams to avoid chafing. The more panels, the better quality the short, and typically, a superior quality inner pad, too. Check the product tag before you buy. Some brands rate the pad for cycling time. A quality pair of shorts is more effective than a gel pad.<\/p>\n<p>You may not ride a lot, yet, but don\u2019t buy the least expensive pair you find browsing the internet. And they need to be tight fitting to function. The size you need may not equate to your everyday clothes either. This is new territory. You gotta try them on. Hold them up before you buy them. Do they have an ergonomic shape? If they hang straight, like curtains, keep looking. A quality pair of cycling shorts might cost more than you wanted to spend, but it is an investment in you, your comfort.<\/p>\n<div class=\"shortcode-ys-post-pinup\"><article class=\"loop-simple post-196789 post type-post status-publish format-standard has-post-thumbnail hentry category-health-and-training tag-healthy-lifestyle tag-long-term-commitment-to-a-sport tag-psychological-benefits-of-fun global-categories-cycling\" data-postid=\"196789\" role=\"article\" data-post-id=\"196789\" data-word-count=\"454\" data-headline-length=\"60\" data-category=\"Health &amp; Training\" data-global-category=\"Cycling\" data-author=\"Jiri Kaloc\" data-published=\"2024-09-19T06:57:09+00:00\" data-published-day=\"Thursday\">\n    <div class=\"entry-thumbnail article-thumbnail\" content=\"https:\/\/d2p6e6u75xmxt8.cloudfront.net\/2\/2024\/09\/Group-of-Friends-Cycling-profimedia-0898152077-CVR-150x150.webp\"><a href=\"https:\/\/www.welovecycling.com\/wide\/2024\/09\/19\/the-main-reason-why-having-fun-doing-a-sport-is-so-important\/\" class=\"image-holder\" target=\"_self\"><img decoding=\"async\" loading=\"lazy\" class=\"\" src=\"https:\/\/d2p6e6u75xmxt8.cloudfront.net\/2\/2024\/09\/Group-of-Friends-Cycling-profimedia-0898152077-CVR.webp\" srcset=\"https:\/\/d2p6e6u75xmxt8.cloudfront.net\/2\/2024\/09\/Group-of-Friends-Cycling-profimedia-0898152077-CVR.webp 990w, https:\/\/d2p6e6u75xmxt8.cloudfront.net\/2\/2024\/09\/Group-of-Friends-Cycling-profimedia-0898152077-CVR-300x200.webp 300w, https:\/\/d2p6e6u75xmxt8.cloudfront.net\/2\/2024\/09\/Group-of-Friends-Cycling-profimedia-0898152077-CVR-768x512.webp 768w, https:\/\/d2p6e6u75xmxt8.cloudfront.net\/2\/2024\/09\/Group-of-Friends-Cycling-profimedia-0898152077-CVR-400x267.webp 400w, https:\/\/d2p6e6u75xmxt8.cloudfront.net\/2\/2024\/09\/Group-of-Friends-Cycling-profimedia-0898152077-CVR-272x182.webp 272w\" width=\"990\" height=\"660\" sizes=\"auto, (min-width: 1200px) 300px, (min-width: 768px) 25vw, 100vw\" alt=\"the-main-reason-why-having-fun-doing-a-sport-is-so-important\"\/><\/a><\/div>    <div class=\"entry-meta\">\n        <a class=\"label label-secondary post-category\" href=\"https:\/\/www.welovecycling.com\/wide\/category\/health-and-training\/\" title=\"Health &amp; Training\">Health &amp; Training<\/a>\n    <\/div>\n    <div class=\"entry-details\">\n        <a href=\"https:\/\/www.welovecycling.com\/wide\/2024\/09\/19\/the-main-reason-why-having-fun-doing-a-sport-is-so-important\/\" class='entry-title-wrapper'>\n            <h3 class=\"entry-title\"><span>The Main Reason Why Having Fun Doing a Sport Is So Important<\/span><\/h3>\n        <\/a>\n    <\/div>\n    <\/article>\n<\/div>\n<h2><strong>Saddle shape and width are key<\/strong><\/h2>\n<p>Never buy a bicycle saddle based on how far you can push your thumb into its cover. A saddle doesn\u2019t have to be soft and squishy to be comfortable. It\u2019s about the saddle shape and how it works with your anatomy. The distance between everyone\u2019s sit bones is different, too. Saddles come in different widths for precisely this reason. Check with your local shop professional to measure yours.<\/p>\n<p>Saddles can be flat, curved, long, short, with or without a cut-out, 3D customized and more. With so many choices out there, it\u2019s easy to understand why cyclists may not be riding the optimal saddle for their anatomy. There is no need to put up with saddle discomfort because you think it\u2019s part of cycling. It isn\u2019t. Most bike shops have a saddle test ride program so you can try it before you buy it.<\/p>\n<h2><strong>Get a professional bike fit<\/strong><\/h2>\n<p>If you\u2019ve exhausted several avenues trying to get comfortable on your bike saddle, including the infamous gel saddle cover, it might be time to consider a professional bike fit to address your discomfort.<\/p>\n<p>A professional fitter assesses a rider\u2019s biomechanics, flexibility, riding position and makes adjustments accordingly. This goes for bicycle size too. Your current rig may be too big. This personalized approach eliminates the need for temporary solutions like gel pad covers. And in today\u2019s work of AI and technology, get a bike fit before you buy. Most fit professionals can tell you which models and brands are best for you.<\/p>\n<h2><strong>It\u2019s up to you<\/strong><\/h2>\n<p>The immediate conclusion that a gel seat cover could help prevent or solve saddle discomfort is understandable. A plush layer of cushioning between you and the saddle seems inviting, but as we\u2019ve learned, it isn\u2019t the answer. In reality, a gel cover falls crucially short in providing lasting comfort, and may even aggravate the situation. So before you get a gel pad cover, remember that cycling and saddle discomfort do not go hand in hand. You\u2019ve got options. But in the end, it isn\u2019t about me, is it?<\/p>\n","protected":false},"excerpt":{"rendered":"<p>I\u2019m a cycling guide for people that want to explore Europe on a bicycle for a week, but in doses. [&hellip;]<\/p>\n","protected":false},"author":99,"featured_media":191181,"comment_status":"closed","ping_status":"open","sticky":false,"template":"","format":"standard","meta":{"footnotes":""},"categories":[334],"tags":[7285,8018,8017],"global-categories":[3366],"class_list":["post-196792","post","type-post","status-publish","format-standard","has-post-thumbnail","hentry","category-socialising-and-culture","tag-bicycle-saddle","tag-gel-pad-cushion","tag-gel-pad-saddle-cover","global-categories-cycling"],"yoast_head":"<!-- This site is optimized with the Yoast SEO Premium plugin v25.3 (Yoast SEO v25.9) - https:\/\/yoast.com\/wordpress\/plugins\/seo\/ -->\n<title>Opinion: The Gel Pad Saddle Cover Myth - \u0160koda We Love Cycling<\/title>\n<meta name=\"description\" content=\"I\u2019m a cycling guide for people that want to explore Europe on a bicycle for a week, but in doses. 50 to 70k daily divided by a delicious picnic lunch in a\" \/>\n<meta name=\"robots\" content=\"index, follow, max-snippet:-1, max-image-preview:large, max-video-preview:-1\" \/>\n<link rel=\"canonical\" href=\"https:\/\/www.welovecycling.com\/wide\/2024\/09\/19\/opinion-the-gel-pad-saddle-cover-myth\/\" \/>\n<meta property=\"og:locale\" content=\"en_US\" \/>\n<meta property=\"og:type\" content=\"article\" \/>\n<meta property=\"og:title\" content=\"Opinion: The Gel Pad Saddle Cover Myth\" \/>\n<meta property=\"og:description\" content=\"I\u2019m a cycling guide for people that want to explore Europe on a bicycle for a week, but in doses. 50 to 70k daily divided by a delicious picnic lunch in a\" \/>\n<meta property=\"og:url\" content=\"https:\/\/www.welovecycling.com\/wide\/2024\/09\/19\/opinion-the-gel-pad-saddle-cover-myth\/\" \/>\n<meta property=\"og:site_name\" content=\"\u0160koda We Love Cycling\" \/>\n<meta property=\"article:published_time\" content=\"2024-09-19T12:22:44+00:00\" \/>\n<meta property=\"article:modified_time\" content=\"2024-09-19T12:24:31+00:00\" \/>\n<meta property=\"og:image\" content=\"https:\/\/d2p6e6u75xmxt8.cloudfront.net\/2\/2022\/11\/A-group-of-cyclists-profimedia-0740097025-CVR.webp\" \/>\n\t<meta property=\"og:image:width\" content=\"990\" \/>\n\t<meta property=\"og:image:height\" content=\"660\" \/>\n\t<meta property=\"og:image:type\" content=\"image\/webp\" \/>\n<meta name=\"author\" content=\"tereza\" \/>\n<meta name=\"twitter:card\" content=\"summary_large_image\" \/>\n<meta name=\"twitter:label1\" content=\"Written by\" \/>\n\t<meta name=\"twitter:data1\" content=\"Jiri Kaloc\" \/>\n\t<meta name=\"twitter:label2\" content=\"Est. reading time\" \/>\n\t<meta name=\"twitter:data2\" content=\"4\" \/>\n<script type=\"application\/ld+json\" class=\"yoast-schema-graph\">{\"@context\":\"https:\/\/schema.org\",\"@graph\":[{\"@type\":\"WebPage\",\"@id\":\"https:\/\/www.welovecycling.com\/wide\/2024\/09\/19\/opinion-the-gel-pad-saddle-cover-myth\/\",\"url\":\"https:\/\/www.welovecycling.com\/wide\/2024\/09\/19\/opinion-the-gel-pad-saddle-cover-myth\/\",\"name\":\"Opinion: The Gel Pad Saddle Cover Myth - \u0160koda We Love Cycling\",\"isPartOf\":{\"@id\":\"https:\/\/www.welovecycling.com\/wide\/#website\"},\"primaryImageOfPage\":{\"@id\":\"https:\/\/www.welovecycling.com\/wide\/2024\/09\/19\/opinion-the-gel-pad-saddle-cover-myth\/#primaryimage\"},\"image\":{\"@id\":\"https:\/\/www.welovecycling.com\/wide\/2024\/09\/19\/opinion-the-gel-pad-saddle-cover-myth\/#primaryimage\"},\"thumbnailUrl\":\"https:\/\/d2p6e6u75xmxt8.cloudfront.net\/2\/2022\/11\/A-group-of-cyclists-profimedia-0740097025-CVR.webp\",\"datePublished\":\"2024-09-19T12:22:44+00:00\",\"dateModified\":\"2024-09-19T12:24:31+00:00\",\"author\":{\"@id\":\"https:\/\/www.welovecycling.com\/wide\/#\/schema\/person\/50f01ecd18718d2333cf72e823c4f926\"},\"description\":\"I\u2019m a cycling guide for people that want to explore Europe on a bicycle for a week, but in doses. 50 to 70k daily divided by a delicious picnic lunch in a\",\"breadcrumb\":{\"@id\":\"https:\/\/www.welovecycling.com\/wide\/2024\/09\/19\/opinion-the-gel-pad-saddle-cover-myth\/#breadcrumb\"},\"inLanguage\":\"en-US\",\"potentialAction\":[{\"@type\":\"ReadAction\",\"target\":[\"https:\/\/www.welovecycling.com\/wide\/2024\/09\/19\/opinion-the-gel-pad-saddle-cover-myth\/\"]}]},{\"@type\":\"ImageObject\",\"inLanguage\":\"en-US\",\"@id\":\"https:\/\/www.welovecycling.com\/wide\/2024\/09\/19\/opinion-the-gel-pad-saddle-cover-myth\/#primaryimage\",\"url\":\"https:\/\/d2p6e6u75xmxt8.cloudfront.net\/2\/2022\/11\/A-group-of-cyclists-profimedia-0740097025-CVR.webp\",\"contentUrl\":\"https:\/\/d2p6e6u75xmxt8.cloudfront.net\/2\/2022\/11\/A-group-of-cyclists-profimedia-0740097025-CVR.webp\",\"width\":990,\"height\":660,\"caption\":\"A group of cyclists\"},{\"@type\":\"BreadcrumbList\",\"@id\":\"https:\/\/www.welovecycling.com\/wide\/2024\/09\/19\/opinion-the-gel-pad-saddle-cover-myth\/#breadcrumb\",\"itemListElement\":[{\"@type\":\"ListItem\",\"position\":1,\"name\":\"Home\",\"item\":\"https:\/\/www.welovecycling.com\/wide\/\"},{\"@type\":\"ListItem\",\"position\":2,\"name\":\"Opinion: The Gel Pad Saddle Cover Myth\"}]},{\"@type\":\"WebSite\",\"@id\":\"https:\/\/www.welovecycling.com\/wide\/#website\",\"url\":\"https:\/\/www.welovecycling.com\/wide\/\",\"name\":\"\u0160koda We Love Cycling\",\"description\":\"\u0160koda We Love Cycling magazine\",\"alternateName\":\"\u0160koda WLC\",\"potentialAction\":[{\"@type\":\"SearchAction\",\"target\":{\"@type\":\"EntryPoint\",\"urlTemplate\":\"https:\/\/www.welovecycling.com\/wide\/?s={search_term_string}\"},\"query-input\":{\"@type\":\"PropertyValueSpecification\",\"valueRequired\":true,\"valueName\":\"search_term_string\"}}],\"inLanguage\":\"en-US\"},{\"@type\":\"Person\",\"@id\":\"https:\/\/www.welovecycling.com\/wide\/#\/schema\/person\/50f01ecd18718d2333cf72e823c4f926\",\"name\":\"tereza\",\"image\":{\"@type\":\"ImageObject\",\"inLanguage\":\"en-US\",\"@id\":\"https:\/\/www.welovecycling.com\/wide\/#\/schema\/person\/image\/\",\"url\":\"https:\/\/secure.gravatar.com\/avatar\/1f9eb71be33845f0afabce3791bc1c58ecdb0a25c62964987e5dbcf7a20d2ec7?s=96&d=mm&r=g\",\"contentUrl\":\"https:\/\/secure.gravatar.com\/avatar\/1f9eb71be33845f0afabce3791bc1c58ecdb0a25c62964987e5dbcf7a20d2ec7?s=96&d=mm&r=g\",\"caption\":\"tereza\"},\"url\":\"https:\/\/www.welovecycling.com\/wide\/author\/tereza\/\"}]}<\/script>\n<!-- \/ Yoast SEO Premium plugin. -->","yoast_head_json":{"title":"Opinion: The Gel Pad Saddle Cover Myth - \u0160koda We Love Cycling","description":"I\u2019m a cycling guide for people that want to explore Europe on a bicycle for a week, but in doses. 50 to 70k daily divided by a delicious picnic lunch in a","robots":{"index":"index","follow":"follow","max-snippet":"max-snippet:-1","max-image-preview":"max-image-preview:large","max-video-preview":"max-video-preview:-1"},"canonical":"https:\/\/www.welovecycling.com\/wide\/2024\/09\/19\/opinion-the-gel-pad-saddle-cover-myth\/","og_locale":"en_US","og_type":"article","og_title":"Opinion: The Gel Pad Saddle Cover Myth","og_description":"I\u2019m a cycling guide for people that want to explore Europe on a bicycle for a week, but in doses. 50 to 70k daily divided by a delicious picnic lunch in a","og_url":"https:\/\/www.welovecycling.com\/wide\/2024\/09\/19\/opinion-the-gel-pad-saddle-cover-myth\/","og_site_name":"\u0160koda We Love Cycling","article_published_time":"2024-09-19T12:22:44+00:00","article_modified_time":"2024-09-19T12:24:31+00:00","og_image":[{"width":990,"height":660,"url":"https:\/\/d2p6e6u75xmxt8.cloudfront.net\/2\/2022\/11\/A-group-of-cyclists-profimedia-0740097025-CVR.webp","type":"image\/webp"}],"author":"tereza","twitter_card":"summary_large_image","twitter_misc":{"Written by":"Jiri Kaloc","Est. reading time":"4"},"schema":{"@context":"https:\/\/schema.org","@graph":[{"@type":"WebPage","@id":"https:\/\/www.welovecycling.com\/wide\/2024\/09\/19\/opinion-the-gel-pad-saddle-cover-myth\/","url":"https:\/\/www.welovecycling.com\/wide\/2024\/09\/19\/opinion-the-gel-pad-saddle-cover-myth\/","name":"Opinion: The Gel Pad Saddle Cover Myth - \u0160koda We Love Cycling","isPartOf":{"@id":"https:\/\/www.welovecycling.com\/wide\/#website"},"primaryImageOfPage":{"@id":"https:\/\/www.welovecycling.com\/wide\/2024\/09\/19\/opinion-the-gel-pad-saddle-cover-myth\/#primaryimage"},"image":{"@id":"https:\/\/www.welovecycling.com\/wide\/2024\/09\/19\/opinion-the-gel-pad-saddle-cover-myth\/#primaryimage"},"thumbnailUrl":"https:\/\/d2p6e6u75xmxt8.cloudfront.net\/2\/2022\/11\/A-group-of-cyclists-profimedia-0740097025-CVR.webp","datePublished":"2024-09-19T12:22:44+00:00","dateModified":"2024-09-19T12:24:31+00:00","author":{"@id":"https:\/\/www.welovecycling.com\/wide\/#\/schema\/person\/50f01ecd18718d2333cf72e823c4f926"},"description":"I\u2019m a cycling guide for people that want to explore Europe on a bicycle for a week, but in doses. 50 to 70k daily divided by a delicious picnic lunch in a","breadcrumb":{"@id":"https:\/\/www.welovecycling.com\/wide\/2024\/09\/19\/opinion-the-gel-pad-saddle-cover-myth\/#breadcrumb"},"inLanguage":"en-US","potentialAction":[{"@type":"ReadAction","target":["https:\/\/www.welovecycling.com\/wide\/2024\/09\/19\/opinion-the-gel-pad-saddle-cover-myth\/"]}]},{"@type":"ImageObject","inLanguage":"en-US","@id":"https:\/\/www.welovecycling.com\/wide\/2024\/09\/19\/opinion-the-gel-pad-saddle-cover-myth\/#primaryimage","url":"https:\/\/d2p6e6u75xmxt8.cloudfront.net\/2\/2022\/11\/A-group-of-cyclists-profimedia-0740097025-CVR.webp","contentUrl":"https:\/\/d2p6e6u75xmxt8.cloudfront.net\/2\/2022\/11\/A-group-of-cyclists-profimedia-0740097025-CVR.webp","width":990,"height":660,"caption":"A group of cyclists"},{"@type":"BreadcrumbList","@id":"https:\/\/www.welovecycling.com\/wide\/2024\/09\/19\/opinion-the-gel-pad-saddle-cover-myth\/#breadcrumb","itemListElement":[{"@type":"ListItem","position":1,"name":"Home","item":"https:\/\/www.welovecycling.com\/wide\/"},{"@type":"ListItem","position":2,"name":"Opinion: The Gel Pad Saddle Cover Myth"}]},{"@type":"WebSite","@id":"https:\/\/www.welovecycling.com\/wide\/#website","url":"https:\/\/www.welovecycling.com\/wide\/","name":"\u0160koda We Love Cycling","description":"\u0160koda We Love Cycling magazine","alternateName":"\u0160koda WLC","potentialAction":[{"@type":"SearchAction","target":{"@type":"EntryPoint","urlTemplate":"https:\/\/www.welovecycling.com\/wide\/?s={search_term_string}"},"query-input":{"@type":"PropertyValueSpecification","valueRequired":true,"valueName":"search_term_string"}}],"inLanguage":"en-US"},{"@type":"Person","@id":"https:\/\/www.welovecycling.com\/wide\/#\/schema\/person\/50f01ecd18718d2333cf72e823c4f926","name":"tereza","image":{"@type":"ImageObject","inLanguage":"en-US","@id":"https:\/\/www.welovecycling.com\/wide\/#\/schema\/person\/image\/","url":"https:\/\/secure.gravatar.com\/avatar\/1f9eb71be33845f0afabce3791bc1c58ecdb0a25c62964987e5dbcf7a20d2ec7?s=96&d=mm&r=g","contentUrl":"https:\/\/secure.gravatar.com\/avatar\/1f9eb71be33845f0afabce3791bc1c58ecdb0a25c62964987e5dbcf7a20d2ec7?s=96&d=mm&r=g","caption":"tereza"},"url":"https:\/\/www.welovecycling.com\/wide\/author\/tereza\/"}]}},"_links":{"self":[{"href":"https:\/\/www.welovecycling.com\/wide\/wp-json\/wp\/v2\/posts\/196792","targetHints":{"allow":["GET"]}}],"collection":[{"href":"https:\/\/www.welovecycling.com\/wide\/wp-json\/wp\/v2\/posts"}],"about":[{"href":"https:\/\/www.welovecycling.com\/wide\/wp-json\/wp\/v2\/types\/post"}],"author":[{"embeddable":true,"href":"https:\/\/www.welovecycling.com\/wide\/wp-json\/wp\/v2\/users\/99"}],"replies":[{"embeddable":true,"href":"https:\/\/www.welovecycling.com\/wide\/wp-json\/wp\/v2\/comments?post=196792"}],"version-history":[{"count":1,"href":"https:\/\/www.welovecycling.com\/wide\/wp-json\/wp\/v2\/posts\/196792\/revisions"}],"predecessor-version":[{"id":196793,"href":"https:\/\/www.welovecycling.com\/wide\/wp-json\/wp\/v2\/posts\/196792\/revisions\/196793"}],"wp:featuredmedia":[{"embeddable":true,"href":"https:\/\/www.welovecycling.com\/wide\/wp-json\/wp\/v2\/media\/191181"}],"wp:attachment":[{"href":"https:\/\/www.welovecycling.com\/wide\/wp-json\/wp\/v2\/media?parent=196792"}],"wp:term":[{"taxonomy":"category","embeddable":true,"href":"https:\/\/www.welovecycling.com\/wide\/wp-json\/wp\/v2\/categories?post=196792"},{"taxonomy":"post_tag","embeddable":true,"href":"https:\/\/www.welovecycling.com\/wide\/wp-json\/wp\/v2\/tags?post=196792"},{"taxonomy":"global-categories","embeddable":true,"href":"https:\/\/www.welovecycling.com\/wide\/wp-json\/wp\/v2\/global-categories?post=196792"}],"curies":[{"name":"wp","href":"https:\/\/api.w.org\/{rel}","templated":true}]}}