{"id":196402,"date":"2024-07-31T19:02:03","date_gmt":"2024-07-31T19:02:03","guid":{"rendered":"https:\/\/www.welovecycling.com\/wide\/?p=196402"},"modified":"2024-07-31T19:02:03","modified_gmt":"2024-07-31T19:02:03","slug":"opinion-is-tadej-pogacar-the-goat","status":"publish","type":"post","link":"https:\/\/www.welovecycling.com\/wide\/2024\/07\/31\/opinion-is-tadej-pogacar-the-goat\/","title":{"rendered":"Opinion: Is Tadej Poga\u010dar the Goat?"},"content":{"rendered":"<p style=\"font-weight: 400;\"><strong>Winning the Tour de France, Giro d\u2019Italia, Strade Bianche, Tour of Catalonia, and Li\u00e8ge-Bastogne-Li\u00e8ge in one season, Tadej Poga\u010dar is on fire in 2024! It\u2019s no surprise that people are starting to talk about him in the context of the cycling Goat, greatest of all time. Has he earned that title?<\/strong><\/p>\n<p><!--more--><\/p>\n<h2><strong>My opinion: No<\/strong><\/h2>\n<p style=\"font-weight: 400;\">I get it, the number of days in the leader\u2019s jersey, the number of Grand Tour stage wins, all of the one-day classics wins, the Giro-Tour double and good chances at a historic triple if he does Vuelta. He is incredibly versatile and consistent when it comes to winning races. But for me, he doesn\u2019t represent the pinnacle of cycling. And I would argue that currently, he is not on a trajectory to get there. Let me explain.<\/p>\n<h2><strong>Tadej is a generational talent<\/strong><\/h2>\n<p style=\"font-weight: 400;\">Let\u2019s get one thing straight. Tadej is a generational talent. Only a handful can rival him in single race, and nobody comes close when it comes to results over the whole season. His versatility is not from this era. You have to go back to 1981 to see a Tour de France winner, Bernard Hinault, win one of the monuments, Paris\u2013Roubaix, in the same year. Sure, Eddy Merckx did it four in his career, but both of these legends were competing half a century ago.<\/p>\n<p style=\"font-weight: 400;\">So, if you\u2019re looking at it from the perspective of wins and stats, Tadej Poga\u010dar is certainly on his way to being called the Goat if he keeps racing like this for years to come.<\/p>\n<h2><strong>What makes a Goat?<\/strong><\/h2>\n<p style=\"font-weight: 400;\">There\u2019s nothing wrong with counting the number of wins. Personally, I look at the \u201cgreatest of all time\u201d moniker differently. To me, it\u2019s about mastering all aspects of road racing.<\/p>\n<p style=\"font-weight: 400;\">To be the Goat in my eyes, you have to be great at climbing, time-trialing, sprinting, descending, recovery, fueling, mental resiliency, racing tactics, executing team strategy, and all of the other aspects of road racing that make the sport so complex and fascinating.<\/p>\n<p style=\"font-weight: 400;\">Of course, the pure sprinters will always beat the GC guys. What I mean is that you have to be dominant in all of these aspects among your closest competitors, and arguably among the legends that came before you.<\/p>\n<p style=\"font-weight: 400;\">In my eyes, Tadej has mastered many of these, but still struggles with some.<\/p>\n<h2><strong>Fueling and race tactics problems<\/strong><\/h2>\n<p style=\"font-weight: 400;\">These struggles were highlighted when Tadej Poga\u010dar lost the Tour to Jonas Vingegaard in 2022 and 2023. In stage 11 of the 2022 Tour, Tadej was pulling on Col du Galibier with Jonas on his wheel and Wout van Aert ahead in a breakaway. Tadej spent a lot of energy pulling with minimal hope of gaining time because Wout could wait for Jonas and help him catch up if he got dropped. Plus, Marc Soler confirmed in an interview that Tadej didn\u2019t eat well enough during the stage. As a result, Tadej bonked later on Col de Granon and lost 2:51 to Jonas.<\/p>\n<p style=\"font-weight: 400;\">On stage 17 in 2023, it was a similar scenario when Tadej got dropped on Col de la Loze and lost 5:45 to Jonas. The famous \u201cI\u2019m gone. I\u2019m dead.\u201d quote from <a href=\"https:\/\/www.youtube.com\/watch?v=5zthm23RneM\">the team radio<\/a> illustrated how wrong it went.<\/p>\n<p style=\"font-weight: 400;\">Bad tactics even cost Tadej a stage 11 win in the 2024 Tour. He attacked too early and also possibly didn\u2019t fuel properly, which allowed Jonas to catch back up to him and even outsprint him at the finish line.<\/p>\n<p style=\"font-weight: 400;\">Stage 9 with 13 gravel segments is another example. Tadej attacked with about 90 km to go and while Remco Evenepoel did him a favor by pulling the peloton to bring him back, it would have been smarter for Jonas and Remco to let Tadej go alone, tire his legs out, and then use the three highly motivated GC teams (Visma Lease-a-bike, Soudal Quick-Step, BORA \u2013 Hansgrohe) to chase him down later. Chris Horner, a former Grand Tour winner and cycling analyst, explains the stage tactics in more detail in this video.<\/p>\n<div class=\"embed-controller-wrapper\">\n<div class=\"embed-wrapper\"><iframe title=\"His Tour de France WASN&#039;T Perfect...\" width=\"500\" height=\"281\" data-src=\"https:\/\/www.youtube.com\/embed\/V_zY5s5PqHQ?start=687&#038;feature=oembed&#038;si=HZZ5Pq7Dc-THONaI&#038;t=687&#038;enablejsapi=1\" frameborder=\"0\" allow=\"accelerometer; autoplay; clipboard-write; encrypted-media; gyroscope; picture-in-picture; web-share\" referrerpolicy=\"strict-origin-when-cross-origin\" allowfullscreen><\/iframe><\/div>\n<\/div>\n<h2><strong>Tadej\u2019s mistakes rarely get exposed<\/strong><\/h2>\n<p style=\"font-weight: 400;\">Tadej didn\u2019t have a major blow up in 2024 like in 2022 and 2023, but I would argue that it may be because he was not pushed to the limit by Jonas and his team as in previous years. When you have a talent like Tadej, it takes the best at their best to take advantage of his mistakes. In the final stage interview Tadej said, \u201cI was really enjoying from day one till today.\u201d Tadej simply wasn\u2019t fully tested this year.<\/p>\n<h2><strong>Executing the team strategy<\/strong><\/h2>\n<p style=\"font-weight: 400;\">Tadej is a wild card on his team. He races spontaneously, it\u2019s in his nature. The problem is that this impacts his teammates and the team strategy. For example, in stage 19, interviewers asked Adam Yates about the attack on the last climb where he kept looking back. He said, \u201cI was going to pace like normal and then he (Tadej) told me to attack. I was like, what?\u201d After being asked whether the goal was for Tadej to bridge back to him or to cause others to chase Adam, he said, \u201cYeah, with Tadej I\u2019ve got no idea.\u201d<\/p>\n<div class=\"embed-controller-wrapper\">\n<div class=\"embed-wrapper\"><iframe title=\"Tadej Pogacar Surprise Attack Plan With Adam Yates In Tour de France 2024\" width=\"500\" height=\"281\" data-src=\"https:\/\/www.youtube.com\/embed\/LBX4AyU_1mc?start=36&#038;feature=oembed&#038;si=0hjfenIEn-JeKRre&#038;t=36&#038;enablejsapi=1\" frameborder=\"0\" allow=\"accelerometer; autoplay; clipboard-write; encrypted-media; gyroscope; picture-in-picture; web-share\" referrerpolicy=\"strict-origin-when-cross-origin\" allowfullscreen><\/iframe><\/div>\n<\/div>\n<p style=\"font-weight: 400;\">And it\u2019s not an exception. Tadej often surprises his teammates by making improvised changes on the spot. Nils Pollit expressed similar sentiment about racing with Tadej. The interview is in German, but when translated you can hear him saying, \u201cWith Poga\u010dar on the team, it&#8217;s hard to follow any tactics.\u201d He then continued to give a few examples, like this one.<\/p>\n<p style=\"font-weight: 400;\">\u201cHe even wanted to sprint on a sprint stage with a 5% uphill finish. I told him, why waste your energy? You don&#8217;t need to sprint. But then, 4-5 kilometers before the finish, you see him moving through the field, getting ready to sprint.\u201d<\/p>\n<div class=\"embed-controller-wrapper\">\n<div class=\"embed-wrapper\"><iframe title=\"#47 HELFER AUF ZWEI R\u00c4DERN (feat. Nils Politt)\" width=\"500\" height=\"281\" data-src=\"https:\/\/www.youtube.com\/embed\/JpvozpzUGso?start=1346&#038;feature=oembed&#038;si=cq4hHg6Me-0oFTJ_&#038;t=1346&#038;enablejsapi=1\" frameborder=\"0\" allow=\"accelerometer; autoplay; clipboard-write; encrypted-media; gyroscope; picture-in-picture; web-share\" referrerpolicy=\"strict-origin-when-cross-origin\" allowfullscreen><\/iframe><\/div>\n<\/div>\n<p style=\"font-weight: 400;\">His teammates aren\u2019t revealing a closely guarded secret in the interviews above. Tadej admits himself that he often doesn\u2019t know why he attacks. After stage 17, he literally <a href=\"https:\/\/www.youtube.com\/watch?v=e1jvjfmYe60&amp;t=35s\">said:<\/a> \u201cI don\u2019t know even myself why I try (to attack) today.\u201d<\/p>\n<h2><strong>Will Tadej change his tactics?<\/strong><\/h2>\n<p style=\"font-weight: 400;\">After winning the time trial and the Tour de France GC, he said the following in <a href=\"https:\/\/www.youtube.com\/watch?v=8tgjbCsiNn4&amp;t=15s\">an interview:<\/a><\/p>\n<p style=\"font-weight: 400;\">\u201cAfter two hard years at the <a href=\"http:\/\/letour.fr\">Tour de France.<\/a> Always some mistakes. And this year, everything to perfection.\u201d<\/p>\n<p style=\"font-weight: 400;\">Of course, this is just an interview by a guy that just won the biggest cycling race of the year. He\u2019s unlikely to point out mistakes. That\u2019s what his team will do in a post-race analysis. But the fact that he still makes tactical errors and races on instincts rather than sticking to the plan suggests that he is not really trying to change this. Maybe that\u2019s also why he is happy to call his Tour perfection.<\/p>\n<p style=\"font-weight: 400;\">Another thing to consider is that his racing style is a big part of what makes him so popular, and it seems like he genuinely enjoys racing like that. These are both very valid arguments not to change anything, especially when he\u2019s winning. But it\u2019s still a weakness for him and makes it hard for me to think he\u2019s on the trajectory of becoming the Goat.<\/p>\n<h2><strong>Let\u2019s hope for a good fight in 2025<\/strong><\/h2>\n<p style=\"font-weight: 400;\">As a fan of the beautiful sport of cycling and all of the amazing stories that it brings us, I have big hopes for the 2025 Tour de France. Imagine that Jonas gets back to full form, <a href=\"https:\/\/www.welovecycling.com\/wide\/2024\/07\/18\/remco-evenepoel-i-have-to-be-happy-with-where-i-am\/\" target=\"_blank\" rel=\"noopener\">Remco<\/a> keeps improving, and Primo\u017e Rogli\u010d stops crashing. We would have a close race with four GC contenders. I really hope we get that because it would be the race tactics and team strategy that decide the winner, and that\u2019s the most fun fight to watch as a spectator.<\/p>\n<p style=\"font-weight: 400;\">Plus, this would push Tadej to the limits again and maybe it would be enough of a motivating factor for him to work on his race tactics and strategy execution. In my eyes, that\u2019s where he needs to prove himself to be the Goat.<\/p>\n","protected":false},"excerpt":{"rendered":"<p>Winning the Tour de France, Giro d\u2019Italia, Strade Bianche, Tour of Catalonia, and Li\u00e8ge-Bastogne-Li\u00e8ge in one season, Tadej Poga\u010dar is [&hellip;]<\/p>\n","protected":false},"author":99,"featured_media":196404,"comment_status":"closed","ping_status":"open","sticky":false,"template":"","format":"standard","meta":{"footnotes":""},"categories":[329],"tags":[2720,3415,7939,433],"global-categories":[3366],"class_list":["post-196402","post","type-post","status-publish","format-standard","has-post-thumbnail","hentry","category-road-cycling","tag-pro-cycling","tag-tadej-pogacar","tag-the-goat","tag-tour-de-france","global-categories-cycling"],"yoast_head":"<!-- This site is optimized with the Yoast SEO Premium plugin v25.3 (Yoast SEO v25.9) - https:\/\/yoast.com\/wordpress\/plugins\/seo\/ -->\n<title>Opinion: Is Tadej Poga\u010dar the Goat? - \u0160koda We Love Cycling<\/title>\n<meta name=\"description\" content=\"Winning the Tour de France, Giro d\u2019Italia, Strade Bianche, Tour of Catalonia, and Li\u00e8ge-Bastogne-Li\u00e8ge in one season, Tadej Poga\u010dar is on fire in 2024!\" \/>\n<meta name=\"robots\" content=\"index, follow, max-snippet:-1, max-image-preview:large, max-video-preview:-1\" \/>\n<link rel=\"canonical\" href=\"https:\/\/www.welovecycling.com\/wide\/2024\/07\/31\/opinion-is-tadej-pogacar-the-goat\/\" \/>\n<meta property=\"og:locale\" content=\"en_US\" \/>\n<meta property=\"og:type\" content=\"article\" \/>\n<meta property=\"og:title\" content=\"Opinion: Is Tadej Poga\u010dar the Goat?\" \/>\n<meta property=\"og:description\" content=\"Winning the Tour de France, Giro d\u2019Italia, Strade Bianche, Tour of Catalonia, and Li\u00e8ge-Bastogne-Li\u00e8ge in one season, Tadej Poga\u010dar is on fire in 2024!\" \/>\n<meta property=\"og:url\" content=\"https:\/\/www.welovecycling.com\/wide\/2024\/07\/31\/opinion-is-tadej-pogacar-the-goat\/\" \/>\n<meta property=\"og:site_name\" content=\"\u0160koda We Love Cycling\" \/>\n<meta property=\"article:published_time\" content=\"2024-07-31T19:02:03+00:00\" \/>\n<meta property=\"og:image\" content=\"https:\/\/d2p6e6u75xmxt8.cloudfront.net\/2\/2024\/07\/Tadej-Pogacar-2024-Tour.-profimedia-0891724609-CVR.webp\" \/>\n\t<meta property=\"og:image:width\" content=\"990\" \/>\n\t<meta property=\"og:image:height\" content=\"660\" \/>\n\t<meta property=\"og:image:type\" content=\"image\/webp\" \/>\n<meta name=\"author\" content=\"tereza\" \/>\n<meta name=\"twitter:card\" content=\"summary_large_image\" \/>\n<meta name=\"twitter:label1\" content=\"Written by\" \/>\n\t<meta name=\"twitter:data1\" content=\"Jiri Kaloc\" \/>\n\t<meta name=\"twitter:label2\" content=\"Est. reading time\" \/>\n\t<meta name=\"twitter:data2\" content=\"4\" \/>\n<script type=\"application\/ld+json\" class=\"yoast-schema-graph\">{\"@context\":\"https:\/\/schema.org\",\"@graph\":[{\"@type\":\"WebPage\",\"@id\":\"https:\/\/www.welovecycling.com\/wide\/2024\/07\/31\/opinion-is-tadej-pogacar-the-goat\/\",\"url\":\"https:\/\/www.welovecycling.com\/wide\/2024\/07\/31\/opinion-is-tadej-pogacar-the-goat\/\",\"name\":\"Opinion: Is Tadej Poga\u010dar the Goat? - \u0160koda We Love Cycling\",\"isPartOf\":{\"@id\":\"https:\/\/www.welovecycling.com\/wide\/#website\"},\"primaryImageOfPage\":{\"@id\":\"https:\/\/www.welovecycling.com\/wide\/2024\/07\/31\/opinion-is-tadej-pogacar-the-goat\/#primaryimage\"},\"image\":{\"@id\":\"https:\/\/www.welovecycling.com\/wide\/2024\/07\/31\/opinion-is-tadej-pogacar-the-goat\/#primaryimage\"},\"thumbnailUrl\":\"https:\/\/d2p6e6u75xmxt8.cloudfront.net\/2\/2024\/07\/Tadej-Pogacar-2024-Tour.-profimedia-0891724609-CVR.webp\",\"datePublished\":\"2024-07-31T19:02:03+00:00\",\"author\":{\"@id\":\"https:\/\/www.welovecycling.com\/wide\/#\/schema\/person\/50f01ecd18718d2333cf72e823c4f926\"},\"description\":\"Winning the Tour de France, Giro d\u2019Italia, Strade Bianche, Tour of Catalonia, and Li\u00e8ge-Bastogne-Li\u00e8ge in one season, Tadej Poga\u010dar is on fire in 2024!\",\"breadcrumb\":{\"@id\":\"https:\/\/www.welovecycling.com\/wide\/2024\/07\/31\/opinion-is-tadej-pogacar-the-goat\/#breadcrumb\"},\"inLanguage\":\"en-US\",\"potentialAction\":[{\"@type\":\"ReadAction\",\"target\":[\"https:\/\/www.welovecycling.com\/wide\/2024\/07\/31\/opinion-is-tadej-pogacar-the-goat\/\"]}]},{\"@type\":\"ImageObject\",\"inLanguage\":\"en-US\",\"@id\":\"https:\/\/www.welovecycling.com\/wide\/2024\/07\/31\/opinion-is-tadej-pogacar-the-goat\/#primaryimage\",\"url\":\"https:\/\/d2p6e6u75xmxt8.cloudfront.net\/2\/2024\/07\/Tadej-Pogacar-2024-Tour.-profimedia-0891724609-CVR.webp\",\"contentUrl\":\"https:\/\/d2p6e6u75xmxt8.cloudfront.net\/2\/2024\/07\/Tadej-Pogacar-2024-Tour.-profimedia-0891724609-CVR.webp\",\"width\":990,\"height\":660,\"caption\":\"Tadej Poga\u010dar\"},{\"@type\":\"BreadcrumbList\",\"@id\":\"https:\/\/www.welovecycling.com\/wide\/2024\/07\/31\/opinion-is-tadej-pogacar-the-goat\/#breadcrumb\",\"itemListElement\":[{\"@type\":\"ListItem\",\"position\":1,\"name\":\"Home\",\"item\":\"https:\/\/www.welovecycling.com\/wide\/\"},{\"@type\":\"ListItem\",\"position\":2,\"name\":\"Opinion: Is Tadej Poga\u010dar the Goat?\"}]},{\"@type\":\"WebSite\",\"@id\":\"https:\/\/www.welovecycling.com\/wide\/#website\",\"url\":\"https:\/\/www.welovecycling.com\/wide\/\",\"name\":\"\u0160koda We Love Cycling\",\"description\":\"\u0160koda We Love Cycling magazine\",\"alternateName\":\"\u0160koda WLC\",\"potentialAction\":[{\"@type\":\"SearchAction\",\"target\":{\"@type\":\"EntryPoint\",\"urlTemplate\":\"https:\/\/www.welovecycling.com\/wide\/?s={search_term_string}\"},\"query-input\":{\"@type\":\"PropertyValueSpecification\",\"valueRequired\":true,\"valueName\":\"search_term_string\"}}],\"inLanguage\":\"en-US\"},{\"@type\":\"Person\",\"@id\":\"https:\/\/www.welovecycling.com\/wide\/#\/schema\/person\/50f01ecd18718d2333cf72e823c4f926\",\"name\":\"tereza\",\"image\":{\"@type\":\"ImageObject\",\"inLanguage\":\"en-US\",\"@id\":\"https:\/\/www.welovecycling.com\/wide\/#\/schema\/person\/image\/\",\"url\":\"https:\/\/secure.gravatar.com\/avatar\/1f9eb71be33845f0afabce3791bc1c58ecdb0a25c62964987e5dbcf7a20d2ec7?s=96&d=mm&r=g\",\"contentUrl\":\"https:\/\/secure.gravatar.com\/avatar\/1f9eb71be33845f0afabce3791bc1c58ecdb0a25c62964987e5dbcf7a20d2ec7?s=96&d=mm&r=g\",\"caption\":\"tereza\"},\"url\":\"https:\/\/www.welovecycling.com\/wide\/author\/tereza\/\"}]}<\/script>\n<!-- \/ Yoast SEO Premium plugin. -->","yoast_head_json":{"title":"Opinion: Is Tadej Poga\u010dar the Goat? - \u0160koda We Love Cycling","description":"Winning the Tour de France, Giro d\u2019Italia, Strade Bianche, Tour of Catalonia, and Li\u00e8ge-Bastogne-Li\u00e8ge in one season, Tadej Poga\u010dar is on fire in 2024!","robots":{"index":"index","follow":"follow","max-snippet":"max-snippet:-1","max-image-preview":"max-image-preview:large","max-video-preview":"max-video-preview:-1"},"canonical":"https:\/\/www.welovecycling.com\/wide\/2024\/07\/31\/opinion-is-tadej-pogacar-the-goat\/","og_locale":"en_US","og_type":"article","og_title":"Opinion: Is Tadej Poga\u010dar the Goat?","og_description":"Winning the Tour de France, Giro d\u2019Italia, Strade Bianche, Tour of Catalonia, and Li\u00e8ge-Bastogne-Li\u00e8ge in one season, Tadej Poga\u010dar is on fire in 2024!","og_url":"https:\/\/www.welovecycling.com\/wide\/2024\/07\/31\/opinion-is-tadej-pogacar-the-goat\/","og_site_name":"\u0160koda We Love Cycling","article_published_time":"2024-07-31T19:02:03+00:00","og_image":[{"width":990,"height":660,"url":"https:\/\/d2p6e6u75xmxt8.cloudfront.net\/2\/2024\/07\/Tadej-Pogacar-2024-Tour.-profimedia-0891724609-CVR.webp","type":"image\/webp"}],"author":"tereza","twitter_card":"summary_large_image","twitter_misc":{"Written by":"Jiri Kaloc","Est. reading time":"4"},"schema":{"@context":"https:\/\/schema.org","@graph":[{"@type":"WebPage","@id":"https:\/\/www.welovecycling.com\/wide\/2024\/07\/31\/opinion-is-tadej-pogacar-the-goat\/","url":"https:\/\/www.welovecycling.com\/wide\/2024\/07\/31\/opinion-is-tadej-pogacar-the-goat\/","name":"Opinion: Is Tadej Poga\u010dar the Goat? - \u0160koda We Love Cycling","isPartOf":{"@id":"https:\/\/www.welovecycling.com\/wide\/#website"},"primaryImageOfPage":{"@id":"https:\/\/www.welovecycling.com\/wide\/2024\/07\/31\/opinion-is-tadej-pogacar-the-goat\/#primaryimage"},"image":{"@id":"https:\/\/www.welovecycling.com\/wide\/2024\/07\/31\/opinion-is-tadej-pogacar-the-goat\/#primaryimage"},"thumbnailUrl":"https:\/\/d2p6e6u75xmxt8.cloudfront.net\/2\/2024\/07\/Tadej-Pogacar-2024-Tour.-profimedia-0891724609-CVR.webp","datePublished":"2024-07-31T19:02:03+00:00","author":{"@id":"https:\/\/www.welovecycling.com\/wide\/#\/schema\/person\/50f01ecd18718d2333cf72e823c4f926"},"description":"Winning the Tour de France, Giro d\u2019Italia, Strade Bianche, Tour of Catalonia, and Li\u00e8ge-Bastogne-Li\u00e8ge in one season, Tadej Poga\u010dar is on fire in 2024!","breadcrumb":{"@id":"https:\/\/www.welovecycling.com\/wide\/2024\/07\/31\/opinion-is-tadej-pogacar-the-goat\/#breadcrumb"},"inLanguage":"en-US","potentialAction":[{"@type":"ReadAction","target":["https:\/\/www.welovecycling.com\/wide\/2024\/07\/31\/opinion-is-tadej-pogacar-the-goat\/"]}]},{"@type":"ImageObject","inLanguage":"en-US","@id":"https:\/\/www.welovecycling.com\/wide\/2024\/07\/31\/opinion-is-tadej-pogacar-the-goat\/#primaryimage","url":"https:\/\/d2p6e6u75xmxt8.cloudfront.net\/2\/2024\/07\/Tadej-Pogacar-2024-Tour.-profimedia-0891724609-CVR.webp","contentUrl":"https:\/\/d2p6e6u75xmxt8.cloudfront.net\/2\/2024\/07\/Tadej-Pogacar-2024-Tour.-profimedia-0891724609-CVR.webp","width":990,"height":660,"caption":"Tadej Poga\u010dar"},{"@type":"BreadcrumbList","@id":"https:\/\/www.welovecycling.com\/wide\/2024\/07\/31\/opinion-is-tadej-pogacar-the-goat\/#breadcrumb","itemListElement":[{"@type":"ListItem","position":1,"name":"Home","item":"https:\/\/www.welovecycling.com\/wide\/"},{"@type":"ListItem","position":2,"name":"Opinion: Is Tadej Poga\u010dar the Goat?"}]},{"@type":"WebSite","@id":"https:\/\/www.welovecycling.com\/wide\/#website","url":"https:\/\/www.welovecycling.com\/wide\/","name":"\u0160koda We Love Cycling","description":"\u0160koda We Love Cycling magazine","alternateName":"\u0160koda WLC","potentialAction":[{"@type":"SearchAction","target":{"@type":"EntryPoint","urlTemplate":"https:\/\/www.welovecycling.com\/wide\/?s={search_term_string}"},"query-input":{"@type":"PropertyValueSpecification","valueRequired":true,"valueName":"search_term_string"}}],"inLanguage":"en-US"},{"@type":"Person","@id":"https:\/\/www.welovecycling.com\/wide\/#\/schema\/person\/50f01ecd18718d2333cf72e823c4f926","name":"tereza","image":{"@type":"ImageObject","inLanguage":"en-US","@id":"https:\/\/www.welovecycling.com\/wide\/#\/schema\/person\/image\/","url":"https:\/\/secure.gravatar.com\/avatar\/1f9eb71be33845f0afabce3791bc1c58ecdb0a25c62964987e5dbcf7a20d2ec7?s=96&d=mm&r=g","contentUrl":"https:\/\/secure.gravatar.com\/avatar\/1f9eb71be33845f0afabce3791bc1c58ecdb0a25c62964987e5dbcf7a20d2ec7?s=96&d=mm&r=g","caption":"tereza"},"url":"https:\/\/www.welovecycling.com\/wide\/author\/tereza\/"}]}},"_links":{"self":[{"href":"https:\/\/www.welovecycling.com\/wide\/wp-json\/wp\/v2\/posts\/196402","targetHints":{"allow":["GET"]}}],"collection":[{"href":"https:\/\/www.welovecycling.com\/wide\/wp-json\/wp\/v2\/posts"}],"about":[{"href":"https:\/\/www.welovecycling.com\/wide\/wp-json\/wp\/v2\/types\/post"}],"author":[{"embeddable":true,"href":"https:\/\/www.welovecycling.com\/wide\/wp-json\/wp\/v2\/users\/99"}],"replies":[{"embeddable":true,"href":"https:\/\/www.welovecycling.com\/wide\/wp-json\/wp\/v2\/comments?post=196402"}],"version-history":[{"count":2,"href":"https:\/\/www.welovecycling.com\/wide\/wp-json\/wp\/v2\/posts\/196402\/revisions"}],"predecessor-version":[{"id":196405,"href":"https:\/\/www.welovecycling.com\/wide\/wp-json\/wp\/v2\/posts\/196402\/revisions\/196405"}],"wp:featuredmedia":[{"embeddable":true,"href":"https:\/\/www.welovecycling.com\/wide\/wp-json\/wp\/v2\/media\/196404"}],"wp:attachment":[{"href":"https:\/\/www.welovecycling.com\/wide\/wp-json\/wp\/v2\/media?parent=196402"}],"wp:term":[{"taxonomy":"category","embeddable":true,"href":"https:\/\/www.welovecycling.com\/wide\/wp-json\/wp\/v2\/categories?post=196402"},{"taxonomy":"post_tag","embeddable":true,"href":"https:\/\/www.welovecycling.com\/wide\/wp-json\/wp\/v2\/tags?post=196402"},{"taxonomy":"global-categories","embeddable":true,"href":"https:\/\/www.welovecycling.com\/wide\/wp-json\/wp\/v2\/global-categories?post=196402"}],"curies":[{"name":"wp","href":"https:\/\/api.w.org\/{rel}","templated":true}]}}