{"id":196343,"date":"2024-06-07T08:13:49","date_gmt":"2024-06-07T08:13:49","guid":{"rendered":"https:\/\/www.welovecycling.com\/wide\/?p=196343"},"modified":"2024-07-23T08:14:42","modified_gmt":"2024-07-23T08:14:42","slug":"visit-strasbourg-as-a-cycling-family-pedal-through-history","status":"publish","type":"post","link":"https:\/\/www.welovecycling.com\/wide\/2024\/06\/07\/visit-strasbourg-as-a-cycling-family-pedal-through-history\/","title":{"rendered":"Visit Strasbourg as a Cycling Family: Pedal Through History"},"content":{"rendered":"<p style=\"font-weight: 400;\"><strong>Strasbourg, the capital of the Alsace region in northeastern France, is a city where history, culture, and cycling come together harmoniously. Here\u2019s a guide to enjoying Strasbourg as a family, focusing on what makes this city your ideal holiday destination.<\/strong><\/p>\n<p><!--more--><\/p>\n<h2 style=\"font-weight: 400;\"><strong>Explore the historic Grande \u00cele<\/strong><\/h2>\n<p style=\"font-weight: 400;\">Start your journey in the heart of Strasbourg on the <a href=\"https:\/\/whc.unesco.org\/en\/list\/495\/\">Grande \u00cele,<\/a> a UNESCO World Heritage site. This island in the Ill River is home to the city&#8217;s most famous landmarks, including the Strasbourg Cathedral and the picturesque Petite France district. Families can cycle through narrow cobblestone streets, past half-timbered houses, and along scenic canals. Don\u2019t miss the opportunity to climb the cathedral\u2019s tower for a stunning view of the city.<\/p>\n<h2 style=\"font-weight: 400;\"><strong>Cycle along the Canal de la Bruche<\/strong><\/h2>\n<p style=\"font-weight: 400;\">The Canal de la Bruche offers a peaceful and scenic cycling route that takes you from the city center into the surrounding countryside. This 14-kilometer path is flat and well-maintained, making it perfect for families. Along the way, you\u2019ll pass charming villages, lush fields, and historic landmarks. The canal path is lined with trees, providing shade and a serene atmosphere for a leisurely ride.<\/p>\n<h2 style=\"font-weight: 400;\"><strong>Enjoy the scenic Route des Vins d\u2019Alsace<\/strong><\/h2>\n<p style=\"font-weight: 400;\">For a unique day trip, take a ride along the <a href=\"https:\/\/www.welovecycling.com\/wide\/2023\/02\/16\/5-best-cycling-routes-in-france\/\">Route des Vins d\u2019Alsace,<\/a> a famous wine route that winds through picturesque vineyards and charming villages. While the entire route is quite long, you can choose a manageable section suitable for your family. The path offers stunning views of rolling vineyards, and many villages along the way have bike rental shops, making it easy to start your journey from various points.<\/p>\n<h2 style=\"font-weight: 400;\"><strong>Discover the Parc de l&#8217;Orangerie<\/strong><\/h2>\n<figure id=\"attachment_196352\" aria-describedby=\"caption-attachment-196352\" style=\"width: 990px\" class=\"wp-caption alignnone\"><a href=\"https:\/\/d2p6e6u75xmxt8.cloudfront.net\/2\/2024\/07\/Parc-de-l39Orangerie-Strasbourg-.webp\"><img loading=\"lazy\" decoding=\"async\" class=\"wp-image-196352 size-full\" src=\"https:\/\/d2p6e6u75xmxt8.cloudfront.net\/2\/2024\/07\/Parc-de-l39Orangerie-Strasbourg-.webp\" alt=\"Parc-de-lOrangerie\" width=\"990\" height=\"660\" srcset=\"https:\/\/d2p6e6u75xmxt8.cloudfront.net\/2\/2024\/07\/Parc-de-l39Orangerie-Strasbourg-.webp 990w, https:\/\/d2p6e6u75xmxt8.cloudfront.net\/2\/2024\/07\/Parc-de-l39Orangerie-Strasbourg--300x200.webp 300w, https:\/\/d2p6e6u75xmxt8.cloudfront.net\/2\/2024\/07\/Parc-de-l39Orangerie-Strasbourg--768x512.webp 768w, https:\/\/d2p6e6u75xmxt8.cloudfront.net\/2\/2024\/07\/Parc-de-l39Orangerie-Strasbourg--400x267.webp 400w, https:\/\/d2p6e6u75xmxt8.cloudfront.net\/2\/2024\/07\/Parc-de-l39Orangerie-Strasbourg--272x182.webp 272w\" sizes=\"auto, (max-width: 990px) 100vw, 990px\" \/><\/a><figcaption id=\"caption-attachment-196352\" class=\"wp-caption-text\">Take a break in Parc-de-l&#8217;Orangerie. \u00a9 Profimedia<\/figcaption><\/figure>\n<p style=\"font-weight: 400;\">Parc de l&#8217;Orangerie is Strasbourg\u2019s oldest park and a favorite among locals. Families can cycle through the park\u2019s extensive network of paths, enjoying the beautiful landscapes, playgrounds, and boating lake. The park is also home to a small zoo and a stork breeding center, offering children the chance to see these iconic birds up close. After exploring, relax at one of the park\u2019s picnic areas or cafes.<\/p>\n<h2 style=\"font-weight: 400;\"><strong>Visit the European Quarter<\/strong><\/h2>\n<p style=\"font-weight: 400;\">Strasbourg is known as the \u201cCapital of Europe\u201d due to the presence of several key European institutions. The European Quarter is a fascinating area to explore by bike. Families can ride past the European Parliament, the Council of Europe, and the European Court of Human Rights. The area is spacious and bike-friendly, with plenty of green spaces and informative plaques detailing the significance of each building.<\/p>\n<h2 style=\"font-weight: 400;\"><strong>Explore the Mus\u00e9e Alsacien<\/strong><\/h2>\n<p style=\"font-weight: 400;\">Located in a beautiful historic house, the <a href=\"https:\/\/www.musees.strasbourg.eu\/musee-alsacien\">Mus\u00e9e Alsacien<\/a> (Alsatian Museum) offers an immersive experience into the region\u2019s culture and traditions. Families can cycle to the museum, which features a fascinating collection of artifacts, costumes, and household items that depict Alsatian life from the 18th and 19th centuries. The museum\u2019s engaging exhibits and hands-on activities make it a hit with children.<\/p>\n<h2 style=\"font-weight: 400;\"><strong>Ride through the Robertsau Forest<\/strong><\/h2>\n<p style=\"font-weight: 400;\">The Robertsau Forest, located just outside the city center, provides a natural retreat for cycling families. This protected area is crisscrossed with well-marked bike paths that take you through dense woods, wetlands, and meadows. It\u2019s an ideal spot for birdwatching and enjoying the tranquility of nature. Pack a picnic and spend the day exploring this peaceful forest.<\/p>\n<h2 style=\"font-weight: 400;\"><strong>Discover the quirky Mus\u00e9e Vodou<\/strong><\/h2>\n<p style=\"font-weight: 400;\">For a truly unique experience, cycle to the <a href=\"https:\/\/www.chateau-vodou.com\/\">Mus\u00e9e Vodou,<\/a> a museum dedicated to West African Vodou culture. Housed in a former water tower, this museum showcases a private collection of artifacts, including masks, statues, and ceremonial objects. The intriguing displays and the museum\u2019s unusual setting make it a fascinating stop for families with older children interested in learning about different cultures.<\/p>\n","protected":false},"excerpt":{"rendered":"<p>Strasbourg, the capital of the Alsace region in northeastern France, is a city where history, culture, and cycling come together [&hellip;]<\/p>\n","protected":false},"author":99,"featured_media":196351,"comment_status":"closed","ping_status":"open","sticky":false,"template":"","format":"standard","meta":{"footnotes":""},"categories":[4142],"tags":[7925,3673,6377,826],"global-categories":[3366],"class_list":["post-196343","post","type-post","status-publish","format-standard","has-post-thumbnail","hentry","category-ride2unite","tag-cycing-in-strasbourg","tag-family-cycling","tag-family-cycling-vacation","tag-strasbourg","global-categories-cycling"],"yoast_head":"<!-- This site is optimized with the Yoast SEO Premium plugin v25.3 (Yoast SEO v25.9) - https:\/\/yoast.com\/wordpress\/plugins\/seo\/ -->\n<title>Visit Strasbourg as a Cycling Family: Pedal Through History - \u0160koda We Love Cycling<\/title>\n<meta name=\"description\" content=\"Strasbourg, the capital of the Alsace region in northeastern France, is a city where history, culture, and cycling come together harmoniously. Here\u2019s a\" \/>\n<meta name=\"robots\" content=\"index, follow, max-snippet:-1, max-image-preview:large, max-video-preview:-1\" \/>\n<link rel=\"canonical\" href=\"https:\/\/www.welovecycling.com\/wide\/2024\/06\/07\/visit-strasbourg-as-a-cycling-family-pedal-through-history\/\" \/>\n<meta property=\"og:locale\" content=\"en_US\" \/>\n<meta property=\"og:type\" content=\"article\" \/>\n<meta property=\"og:title\" content=\"Visit Strasbourg as a Cycling Family: Pedal Through History\" \/>\n<meta property=\"og:description\" content=\"Strasbourg, the capital of the Alsace region in northeastern France, is a city where history, culture, and cycling come together harmoniously. Here\u2019s a\" \/>\n<meta property=\"og:url\" content=\"https:\/\/www.welovecycling.com\/wide\/2024\/06\/07\/visit-strasbourg-as-a-cycling-family-pedal-through-history\/\" \/>\n<meta property=\"og:site_name\" content=\"\u0160koda We Love Cycling\" \/>\n<meta property=\"article:published_time\" content=\"2024-06-07T08:13:49+00:00\" \/>\n<meta property=\"article:modified_time\" content=\"2024-07-23T08:14:42+00:00\" \/>\n<meta property=\"og:image\" content=\"https:\/\/d2p6e6u75xmxt8.cloudfront.net\/2\/2024\/07\/Strasbourg-profimedia-0889010685-CVR.webp\" \/>\n\t<meta property=\"og:image:width\" content=\"990\" \/>\n\t<meta property=\"og:image:height\" content=\"660\" \/>\n\t<meta property=\"og:image:type\" content=\"image\/webp\" \/>\n<meta name=\"author\" content=\"tereza\" \/>\n<meta name=\"twitter:card\" content=\"summary_large_image\" \/>\n<meta name=\"twitter:label1\" content=\"Written by\" \/>\n\t<meta name=\"twitter:data1\" content=\"Monica Buck\" \/>\n\t<meta name=\"twitter:label2\" content=\"Est. reading time\" \/>\n\t<meta name=\"twitter:data2\" content=\"3\" \/>\n<script type=\"application\/ld+json\" class=\"yoast-schema-graph\">{\"@context\":\"https:\/\/schema.org\",\"@graph\":[{\"@type\":\"WebPage\",\"@id\":\"https:\/\/www.welovecycling.com\/wide\/2024\/06\/07\/visit-strasbourg-as-a-cycling-family-pedal-through-history\/\",\"url\":\"https:\/\/www.welovecycling.com\/wide\/2024\/06\/07\/visit-strasbourg-as-a-cycling-family-pedal-through-history\/\",\"name\":\"Visit Strasbourg as a Cycling Family: Pedal Through History - \u0160koda We Love Cycling\",\"isPartOf\":{\"@id\":\"https:\/\/www.welovecycling.com\/wide\/#website\"},\"primaryImageOfPage\":{\"@id\":\"https:\/\/www.welovecycling.com\/wide\/2024\/06\/07\/visit-strasbourg-as-a-cycling-family-pedal-through-history\/#primaryimage\"},\"image\":{\"@id\":\"https:\/\/www.welovecycling.com\/wide\/2024\/06\/07\/visit-strasbourg-as-a-cycling-family-pedal-through-history\/#primaryimage\"},\"thumbnailUrl\":\"https:\/\/d2p6e6u75xmxt8.cloudfront.net\/2\/2024\/07\/Strasbourg-profimedia-0889010685-CVR.webp\",\"datePublished\":\"2024-06-07T08:13:49+00:00\",\"dateModified\":\"2024-07-23T08:14:42+00:00\",\"author\":{\"@id\":\"https:\/\/www.welovecycling.com\/wide\/#\/schema\/person\/50f01ecd18718d2333cf72e823c4f926\"},\"description\":\"Strasbourg, the capital of the Alsace region in northeastern France, is a city where history, culture, and cycling come together harmoniously. Here\u2019s a\",\"breadcrumb\":{\"@id\":\"https:\/\/www.welovecycling.com\/wide\/2024\/06\/07\/visit-strasbourg-as-a-cycling-family-pedal-through-history\/#breadcrumb\"},\"inLanguage\":\"en-US\",\"potentialAction\":[{\"@type\":\"ReadAction\",\"target\":[\"https:\/\/www.welovecycling.com\/wide\/2024\/06\/07\/visit-strasbourg-as-a-cycling-family-pedal-through-history\/\"]}]},{\"@type\":\"ImageObject\",\"inLanguage\":\"en-US\",\"@id\":\"https:\/\/www.welovecycling.com\/wide\/2024\/06\/07\/visit-strasbourg-as-a-cycling-family-pedal-through-history\/#primaryimage\",\"url\":\"https:\/\/d2p6e6u75xmxt8.cloudfront.net\/2\/2024\/07\/Strasbourg-profimedia-0889010685-CVR.webp\",\"contentUrl\":\"https:\/\/d2p6e6u75xmxt8.cloudfront.net\/2\/2024\/07\/Strasbourg-profimedia-0889010685-CVR.webp\",\"width\":990,\"height\":660,\"caption\":\"Strasbourg\"},{\"@type\":\"BreadcrumbList\",\"@id\":\"https:\/\/www.welovecycling.com\/wide\/2024\/06\/07\/visit-strasbourg-as-a-cycling-family-pedal-through-history\/#breadcrumb\",\"itemListElement\":[{\"@type\":\"ListItem\",\"position\":1,\"name\":\"Home\",\"item\":\"https:\/\/www.welovecycling.com\/wide\/\"},{\"@type\":\"ListItem\",\"position\":2,\"name\":\"Visit Strasbourg as a Cycling Family: Pedal Through History\"}]},{\"@type\":\"WebSite\",\"@id\":\"https:\/\/www.welovecycling.com\/wide\/#website\",\"url\":\"https:\/\/www.welovecycling.com\/wide\/\",\"name\":\"\u0160koda We Love Cycling\",\"description\":\"\u0160koda We Love Cycling magazine\",\"alternateName\":\"\u0160koda WLC\",\"potentialAction\":[{\"@type\":\"SearchAction\",\"target\":{\"@type\":\"EntryPoint\",\"urlTemplate\":\"https:\/\/www.welovecycling.com\/wide\/?s={search_term_string}\"},\"query-input\":{\"@type\":\"PropertyValueSpecification\",\"valueRequired\":true,\"valueName\":\"search_term_string\"}}],\"inLanguage\":\"en-US\"},{\"@type\":\"Person\",\"@id\":\"https:\/\/www.welovecycling.com\/wide\/#\/schema\/person\/50f01ecd18718d2333cf72e823c4f926\",\"name\":\"tereza\",\"image\":{\"@type\":\"ImageObject\",\"inLanguage\":\"en-US\",\"@id\":\"https:\/\/www.welovecycling.com\/wide\/#\/schema\/person\/image\/\",\"url\":\"https:\/\/secure.gravatar.com\/avatar\/1f9eb71be33845f0afabce3791bc1c58ecdb0a25c62964987e5dbcf7a20d2ec7?s=96&d=mm&r=g\",\"contentUrl\":\"https:\/\/secure.gravatar.com\/avatar\/1f9eb71be33845f0afabce3791bc1c58ecdb0a25c62964987e5dbcf7a20d2ec7?s=96&d=mm&r=g\",\"caption\":\"tereza\"},\"url\":\"https:\/\/www.welovecycling.com\/wide\/author\/tereza\/\"}]}<\/script>\n<!-- \/ Yoast SEO Premium plugin. -->","yoast_head_json":{"title":"Visit Strasbourg as a Cycling Family: Pedal Through History - \u0160koda We Love Cycling","description":"Strasbourg, the capital of the Alsace region in northeastern France, is a city where history, culture, and cycling come together harmoniously. Here\u2019s a","robots":{"index":"index","follow":"follow","max-snippet":"max-snippet:-1","max-image-preview":"max-image-preview:large","max-video-preview":"max-video-preview:-1"},"canonical":"https:\/\/www.welovecycling.com\/wide\/2024\/06\/07\/visit-strasbourg-as-a-cycling-family-pedal-through-history\/","og_locale":"en_US","og_type":"article","og_title":"Visit Strasbourg as a Cycling Family: Pedal Through History","og_description":"Strasbourg, the capital of the Alsace region in northeastern France, is a city where history, culture, and cycling come together harmoniously. Here\u2019s a","og_url":"https:\/\/www.welovecycling.com\/wide\/2024\/06\/07\/visit-strasbourg-as-a-cycling-family-pedal-through-history\/","og_site_name":"\u0160koda We Love Cycling","article_published_time":"2024-06-07T08:13:49+00:00","article_modified_time":"2024-07-23T08:14:42+00:00","og_image":[{"width":990,"height":660,"url":"https:\/\/d2p6e6u75xmxt8.cloudfront.net\/2\/2024\/07\/Strasbourg-profimedia-0889010685-CVR.webp","type":"image\/webp"}],"author":"tereza","twitter_card":"summary_large_image","twitter_misc":{"Written by":"Monica Buck","Est. reading time":"3"},"schema":{"@context":"https:\/\/schema.org","@graph":[{"@type":"WebPage","@id":"https:\/\/www.welovecycling.com\/wide\/2024\/06\/07\/visit-strasbourg-as-a-cycling-family-pedal-through-history\/","url":"https:\/\/www.welovecycling.com\/wide\/2024\/06\/07\/visit-strasbourg-as-a-cycling-family-pedal-through-history\/","name":"Visit Strasbourg as a Cycling Family: Pedal Through History - \u0160koda We Love Cycling","isPartOf":{"@id":"https:\/\/www.welovecycling.com\/wide\/#website"},"primaryImageOfPage":{"@id":"https:\/\/www.welovecycling.com\/wide\/2024\/06\/07\/visit-strasbourg-as-a-cycling-family-pedal-through-history\/#primaryimage"},"image":{"@id":"https:\/\/www.welovecycling.com\/wide\/2024\/06\/07\/visit-strasbourg-as-a-cycling-family-pedal-through-history\/#primaryimage"},"thumbnailUrl":"https:\/\/d2p6e6u75xmxt8.cloudfront.net\/2\/2024\/07\/Strasbourg-profimedia-0889010685-CVR.webp","datePublished":"2024-06-07T08:13:49+00:00","dateModified":"2024-07-23T08:14:42+00:00","author":{"@id":"https:\/\/www.welovecycling.com\/wide\/#\/schema\/person\/50f01ecd18718d2333cf72e823c4f926"},"description":"Strasbourg, the capital of the Alsace region in northeastern France, is a city where history, culture, and cycling come together harmoniously. Here\u2019s a","breadcrumb":{"@id":"https:\/\/www.welovecycling.com\/wide\/2024\/06\/07\/visit-strasbourg-as-a-cycling-family-pedal-through-history\/#breadcrumb"},"inLanguage":"en-US","potentialAction":[{"@type":"ReadAction","target":["https:\/\/www.welovecycling.com\/wide\/2024\/06\/07\/visit-strasbourg-as-a-cycling-family-pedal-through-history\/"]}]},{"@type":"ImageObject","inLanguage":"en-US","@id":"https:\/\/www.welovecycling.com\/wide\/2024\/06\/07\/visit-strasbourg-as-a-cycling-family-pedal-through-history\/#primaryimage","url":"https:\/\/d2p6e6u75xmxt8.cloudfront.net\/2\/2024\/07\/Strasbourg-profimedia-0889010685-CVR.webp","contentUrl":"https:\/\/d2p6e6u75xmxt8.cloudfront.net\/2\/2024\/07\/Strasbourg-profimedia-0889010685-CVR.webp","width":990,"height":660,"caption":"Strasbourg"},{"@type":"BreadcrumbList","@id":"https:\/\/www.welovecycling.com\/wide\/2024\/06\/07\/visit-strasbourg-as-a-cycling-family-pedal-through-history\/#breadcrumb","itemListElement":[{"@type":"ListItem","position":1,"name":"Home","item":"https:\/\/www.welovecycling.com\/wide\/"},{"@type":"ListItem","position":2,"name":"Visit Strasbourg as a Cycling Family: Pedal Through History"}]},{"@type":"WebSite","@id":"https:\/\/www.welovecycling.com\/wide\/#website","url":"https:\/\/www.welovecycling.com\/wide\/","name":"\u0160koda We Love Cycling","description":"\u0160koda We Love Cycling magazine","alternateName":"\u0160koda WLC","potentialAction":[{"@type":"SearchAction","target":{"@type":"EntryPoint","urlTemplate":"https:\/\/www.welovecycling.com\/wide\/?s={search_term_string}"},"query-input":{"@type":"PropertyValueSpecification","valueRequired":true,"valueName":"search_term_string"}}],"inLanguage":"en-US"},{"@type":"Person","@id":"https:\/\/www.welovecycling.com\/wide\/#\/schema\/person\/50f01ecd18718d2333cf72e823c4f926","name":"tereza","image":{"@type":"ImageObject","inLanguage":"en-US","@id":"https:\/\/www.welovecycling.com\/wide\/#\/schema\/person\/image\/","url":"https:\/\/secure.gravatar.com\/avatar\/1f9eb71be33845f0afabce3791bc1c58ecdb0a25c62964987e5dbcf7a20d2ec7?s=96&d=mm&r=g","contentUrl":"https:\/\/secure.gravatar.com\/avatar\/1f9eb71be33845f0afabce3791bc1c58ecdb0a25c62964987e5dbcf7a20d2ec7?s=96&d=mm&r=g","caption":"tereza"},"url":"https:\/\/www.welovecycling.com\/wide\/author\/tereza\/"}]}},"_links":{"self":[{"href":"https:\/\/www.welovecycling.com\/wide\/wp-json\/wp\/v2\/posts\/196343","targetHints":{"allow":["GET"]}}],"collection":[{"href":"https:\/\/www.welovecycling.com\/wide\/wp-json\/wp\/v2\/posts"}],"about":[{"href":"https:\/\/www.welovecycling.com\/wide\/wp-json\/wp\/v2\/types\/post"}],"author":[{"embeddable":true,"href":"https:\/\/www.welovecycling.com\/wide\/wp-json\/wp\/v2\/users\/99"}],"replies":[{"embeddable":true,"href":"https:\/\/www.welovecycling.com\/wide\/wp-json\/wp\/v2\/comments?post=196343"}],"version-history":[{"count":1,"href":"https:\/\/www.welovecycling.com\/wide\/wp-json\/wp\/v2\/posts\/196343\/revisions"}],"predecessor-version":[{"id":196353,"href":"https:\/\/www.welovecycling.com\/wide\/wp-json\/wp\/v2\/posts\/196343\/revisions\/196353"}],"wp:featuredmedia":[{"embeddable":true,"href":"https:\/\/www.welovecycling.com\/wide\/wp-json\/wp\/v2\/media\/196351"}],"wp:attachment":[{"href":"https:\/\/www.welovecycling.com\/wide\/wp-json\/wp\/v2\/media?parent=196343"}],"wp:term":[{"taxonomy":"category","embeddable":true,"href":"https:\/\/www.welovecycling.com\/wide\/wp-json\/wp\/v2\/categories?post=196343"},{"taxonomy":"post_tag","embeddable":true,"href":"https:\/\/www.welovecycling.com\/wide\/wp-json\/wp\/v2\/tags?post=196343"},{"taxonomy":"global-categories","embeddable":true,"href":"https:\/\/www.welovecycling.com\/wide\/wp-json\/wp\/v2\/global-categories?post=196343"}],"curies":[{"name":"wp","href":"https:\/\/api.w.org\/{rel}","templated":true}]}}