{"id":196334,"date":"2024-06-24T09:49:34","date_gmt":"2024-06-24T09:49:34","guid":{"rendered":"https:\/\/www.welovecycling.com\/wide\/?p=196334"},"modified":"2024-07-22T09:51:01","modified_gmt":"2024-07-22T09:51:01","slug":"time-to-tour-the-nice-with-the-family-a-cycling-explorati","status":"publish","type":"post","link":"https:\/\/www.welovecycling.com\/wide\/2024\/06\/24\/time-to-tour-the-nice-with-the-family-a-cycling-explorati\/","title":{"rendered":"Time to Tour the Nice with the Family: A Cycling Explorati"},"content":{"rendered":"<p style=\"font-weight: 400;\"><strong>As Tour de France fans, there&#8217;s no better time to explore Nice than this year, with the world&#8217;s greatest cycling race making a stop in this beautiful city. While you soak in the excitement of the Tour, why not experience the city&#8217;s cycling-friendly charm for yourselves? Here&#8217;s how to enjoy a family cycling adventure in Nice.<\/strong><\/p>\n<p><!--more--><\/p>\n<h2 style=\"font-weight: 400;\"><strong>No seaside ride like the Promenade des Anglais<\/strong><\/h2>\n<p style=\"font-weight: 400;\">Start your adventure along the iconic Promenade des Anglais. This famous boulevard stretches for miles along the coast, offering breathtaking views of the Mediterranean. The dedicated bike lane makes it safe and enjoyable for families. Make sure to stop for a picnic on the beach or take a dip in the sea.<\/p>\n<h2 style=\"font-weight: 400;\"><strong>Exploring Vieux Nice<\/strong><\/h2>\n<p style=\"font-weight: 400;\">Vieux Nice, or Old Town, is a labyrinth of narrow, winding streets filled with history. Cycling here allows you to discover charming squares, colorful buildings, and local markets at your own pace. Be sure to visit the Cours Saleya market, a bustling spot known for its fresh produce and vibrant atmosphere.<\/p>\n<h2 style=\"font-weight: 400;\"><strong>Parc de la Colline du Ch\u00e2teau is a panoramic playground<\/strong><\/h2>\n<p style=\"font-weight: 400;\">Head up to Parc de la Colline du Ch\u00e2teau for a family-friendly cycling route that rewards you with stunning panoramic views of Nice and the Baie des Anges. The park offers plenty of green space for kids to play and historical ruins to explore. The ride up might be a bit challenging, but the scenery at the top is worth the effort.<\/p>\n<h2 style=\"font-weight: 400;\"><strong>The Mus\u00e9e Matisse and Jardin des Ar\u00e8nes de Cimiez<\/strong><\/h2>\n<figure id=\"attachment_196336\" aria-describedby=\"caption-attachment-196336\" style=\"width: 990px\" class=\"wp-caption alignnone\"><a href=\"https:\/\/d2p6e6u75xmxt8.cloudfront.net\/2\/2024\/07\/Musee-Matisse-Nice-profimedia-0051903431.webp\"><img loading=\"lazy\" decoding=\"async\" class=\"wp-image-196336 size-full\" src=\"https:\/\/d2p6e6u75xmxt8.cloudfront.net\/2\/2024\/07\/Musee-Matisse-Nice-profimedia-0051903431.webp\" alt=\"Mus\u00e9e Matisse\" width=\"990\" height=\"660\" srcset=\"https:\/\/d2p6e6u75xmxt8.cloudfront.net\/2\/2024\/07\/Musee-Matisse-Nice-profimedia-0051903431.webp 990w, https:\/\/d2p6e6u75xmxt8.cloudfront.net\/2\/2024\/07\/Musee-Matisse-Nice-profimedia-0051903431-300x200.webp 300w, https:\/\/d2p6e6u75xmxt8.cloudfront.net\/2\/2024\/07\/Musee-Matisse-Nice-profimedia-0051903431-768x512.webp 768w, https:\/\/d2p6e6u75xmxt8.cloudfront.net\/2\/2024\/07\/Musee-Matisse-Nice-profimedia-0051903431-400x267.webp 400w, https:\/\/d2p6e6u75xmxt8.cloudfront.net\/2\/2024\/07\/Musee-Matisse-Nice-profimedia-0051903431-272x182.webp 272w\" sizes=\"auto, (max-width: 990px) 100vw, 990px\" \/><\/a><figcaption id=\"caption-attachment-196336\" class=\"wp-caption-text\">Take a break from cycling at the Mus\u00e9e Matisse.<\/figcaption><\/figure>\n<p style=\"font-weight: 400;\">For a cultural break, cycle to the Mus\u00e9e Matisse located in the Cimiez district. The museum is surrounded by the beautiful <a href=\"https:\/\/www.nice.fr\/fr\/parcs-et-jardins\/le-jardin-des-arenes-de-cimiez\">Jardin des Ar\u00e8nes de Cimiez,<\/a> where you can relax and let the kids run free. The gardens are also home to ancient Roman ruins, adding a touch of history to your visit.<\/p>\n<h2 style=\"font-weight: 400;\"><strong>Cap Ferrat is the nature\u2019s best-kept secret<\/strong><\/h2>\n<p style=\"font-weight: 400;\">If your family is up for a longer ride, take a day trip to Cap Ferrat. This peninsula offers some of the most beautiful and serene cycling routes in the region. The coastal path around the cape is especially picturesque, with opportunities to spot marine life and enjoy the natural beauty away from the city buzz.<\/p>\n<h2 style=\"font-weight: 400;\"><strong>Refuel with local flavors<\/strong><\/h2>\n<p style=\"font-weight: 400;\">Cycling through Nice offers numerous opportunities to indulge in local cuisine. Stop at a traditional boulangerie for a fresh baguette or visit a caf\u00e9 for a slice of socca, a local chickpea pancake. For a more substantial meal, many family-friendly restaurants in Nice serve dishes that showcase the region\u2019s flavors, from fresh seafood to Proven\u00e7al specialties.<\/p>\n<h2 style=\"font-weight: 400;\"><strong>Taking advantage of local events: immerse in the culture<\/strong><\/h2>\n<p style=\"font-weight: 400;\">Keep an eye out for local cycling events and festivals. Nice doesn\u2019t only host the Tour de France. There are community rides, and other events that can add a special touch to your trip. Participating in these activities can provide a deeper connection to the local cycling culture and create memorable experiences for the whole family.<\/p>\n<h2 style=\"font-weight: 400;\"><strong>Bike rental and repair shops availability<\/strong><\/h2>\n<p style=\"font-weight: 400;\">Nice is well-equipped for cyclists, with numerous bike rental shops offering a range of bicycles suitable for families. Additionally, local repair shops can be found throughout the city, ensuring that any mechanical issues are quickly resolved so you can continue your adventure without delay.<\/p>\n<h2 style=\"font-weight: 400;\"><strong>PIC or video<\/strong><\/h2>\n<p style=\"font-weight: 400;\">Cycling through Nice offers a blend of scenic beauty, cultural exploration, and family-friendly activities that are unique to this vibrant city. From the coastal rides along the Promenade des Anglais to the historical charm of Vieux Nice, each turn of the pedal reveals something new and exciting. So gear up, grab your helmets, and set off on a family cycling adventure that you\u2019ll cherish for years to come.<\/p>\n","protected":false},"excerpt":{"rendered":"<p>As Tour de France fans, there&#8217;s no better time to explore Nice than this year, with the world&#8217;s greatest cycling [&hellip;]<\/p>\n","protected":false},"author":99,"featured_media":196335,"comment_status":"closed","ping_status":"open","sticky":false,"template":"","format":"standard","meta":{"footnotes":""},"categories":[333],"tags":[6966,7920,3673,6377],"global-categories":[3366],"class_list":["post-196334","post","type-post","status-publish","format-standard","has-post-thumbnail","hentry","category-family","tag-cycling-in-france","tag-cycling-in-nice","tag-family-cycling","tag-family-cycling-vacation","global-categories-cycling"],"yoast_head":"<!-- This site is optimized with the Yoast SEO Premium plugin v25.3 (Yoast SEO v25.9) - https:\/\/yoast.com\/wordpress\/plugins\/seo\/ -->\n<title>Time to Tour the Nice with the Family: A Cycling Explorati - \u0160koda We Love Cycling<\/title>\n<meta name=\"description\" content=\"As Tour de France fans, there&#039;s no better time to explore Nice than this year, with the world&#039;s greatest cycling race making a stop in this beautiful\" \/>\n<meta name=\"robots\" content=\"index, follow, max-snippet:-1, max-image-preview:large, max-video-preview:-1\" \/>\n<link rel=\"canonical\" href=\"https:\/\/www.welovecycling.com\/wide\/2024\/06\/24\/time-to-tour-the-nice-with-the-family-a-cycling-explorati\/\" \/>\n<meta property=\"og:locale\" content=\"en_US\" \/>\n<meta property=\"og:type\" content=\"article\" \/>\n<meta property=\"og:title\" content=\"Time to Tour the Nice with the Family: A Cycling Explorati\" \/>\n<meta property=\"og:description\" content=\"As Tour de France fans, there&#039;s no better time to explore Nice than this year, with the world&#039;s greatest cycling race making a stop in this beautiful\" \/>\n<meta property=\"og:url\" content=\"https:\/\/www.welovecycling.com\/wide\/2024\/06\/24\/time-to-tour-the-nice-with-the-family-a-cycling-explorati\/\" \/>\n<meta property=\"og:site_name\" content=\"\u0160koda We Love Cycling\" \/>\n<meta property=\"article:published_time\" content=\"2024-06-24T09:49:34+00:00\" \/>\n<meta property=\"article:modified_time\" content=\"2024-07-22T09:51:01+00:00\" \/>\n<meta property=\"og:image\" content=\"https:\/\/d2p6e6u75xmxt8.cloudfront.net\/2\/2024\/07\/Nice-Cote-d-Azur-profimedia-0859589558-CVR.webp\" \/>\n\t<meta property=\"og:image:width\" content=\"990\" \/>\n\t<meta property=\"og:image:height\" content=\"660\" \/>\n\t<meta property=\"og:image:type\" content=\"image\/webp\" \/>\n<meta name=\"author\" content=\"tereza\" \/>\n<meta name=\"twitter:card\" content=\"summary_large_image\" \/>\n<meta name=\"twitter:label1\" content=\"Written by\" \/>\n\t<meta name=\"twitter:data1\" content=\"Monica Buck\" \/>\n\t<meta name=\"twitter:label2\" content=\"Est. reading time\" \/>\n\t<meta name=\"twitter:data2\" content=\"3\" \/>\n<script type=\"application\/ld+json\" class=\"yoast-schema-graph\">{\"@context\":\"https:\/\/schema.org\",\"@graph\":[{\"@type\":\"WebPage\",\"@id\":\"https:\/\/www.welovecycling.com\/wide\/2024\/06\/24\/time-to-tour-the-nice-with-the-family-a-cycling-explorati\/\",\"url\":\"https:\/\/www.welovecycling.com\/wide\/2024\/06\/24\/time-to-tour-the-nice-with-the-family-a-cycling-explorati\/\",\"name\":\"Time to Tour the Nice with the Family: A Cycling Explorati - \u0160koda We Love Cycling\",\"isPartOf\":{\"@id\":\"https:\/\/www.welovecycling.com\/wide\/#website\"},\"primaryImageOfPage\":{\"@id\":\"https:\/\/www.welovecycling.com\/wide\/2024\/06\/24\/time-to-tour-the-nice-with-the-family-a-cycling-explorati\/#primaryimage\"},\"image\":{\"@id\":\"https:\/\/www.welovecycling.com\/wide\/2024\/06\/24\/time-to-tour-the-nice-with-the-family-a-cycling-explorati\/#primaryimage\"},\"thumbnailUrl\":\"https:\/\/d2p6e6u75xmxt8.cloudfront.net\/2\/2024\/07\/Nice-Cote-d-Azur-profimedia-0859589558-CVR.webp\",\"datePublished\":\"2024-06-24T09:49:34+00:00\",\"dateModified\":\"2024-07-22T09:51:01+00:00\",\"author\":{\"@id\":\"https:\/\/www.welovecycling.com\/wide\/#\/schema\/person\/50f01ecd18718d2333cf72e823c4f926\"},\"description\":\"As Tour de France fans, there's no better time to explore Nice than this year, with the world's greatest cycling race making a stop in this beautiful\",\"breadcrumb\":{\"@id\":\"https:\/\/www.welovecycling.com\/wide\/2024\/06\/24\/time-to-tour-the-nice-with-the-family-a-cycling-explorati\/#breadcrumb\"},\"inLanguage\":\"en-US\",\"potentialAction\":[{\"@type\":\"ReadAction\",\"target\":[\"https:\/\/www.welovecycling.com\/wide\/2024\/06\/24\/time-to-tour-the-nice-with-the-family-a-cycling-explorati\/\"]}]},{\"@type\":\"ImageObject\",\"inLanguage\":\"en-US\",\"@id\":\"https:\/\/www.welovecycling.com\/wide\/2024\/06\/24\/time-to-tour-the-nice-with-the-family-a-cycling-explorati\/#primaryimage\",\"url\":\"https:\/\/d2p6e6u75xmxt8.cloudfront.net\/2\/2024\/07\/Nice-Cote-d-Azur-profimedia-0859589558-CVR.webp\",\"contentUrl\":\"https:\/\/d2p6e6u75xmxt8.cloudfront.net\/2\/2024\/07\/Nice-Cote-d-Azur-profimedia-0859589558-CVR.webp\",\"width\":990,\"height\":660,\"caption\":\"Nice\"},{\"@type\":\"BreadcrumbList\",\"@id\":\"https:\/\/www.welovecycling.com\/wide\/2024\/06\/24\/time-to-tour-the-nice-with-the-family-a-cycling-explorati\/#breadcrumb\",\"itemListElement\":[{\"@type\":\"ListItem\",\"position\":1,\"name\":\"Home\",\"item\":\"https:\/\/www.welovecycling.com\/wide\/\"},{\"@type\":\"ListItem\",\"position\":2,\"name\":\"Time to Tour the Nice with the Family: A Cycling Explorati\"}]},{\"@type\":\"WebSite\",\"@id\":\"https:\/\/www.welovecycling.com\/wide\/#website\",\"url\":\"https:\/\/www.welovecycling.com\/wide\/\",\"name\":\"\u0160koda We Love Cycling\",\"description\":\"\u0160koda We Love Cycling magazine\",\"alternateName\":\"\u0160koda WLC\",\"potentialAction\":[{\"@type\":\"SearchAction\",\"target\":{\"@type\":\"EntryPoint\",\"urlTemplate\":\"https:\/\/www.welovecycling.com\/wide\/?s={search_term_string}\"},\"query-input\":{\"@type\":\"PropertyValueSpecification\",\"valueRequired\":true,\"valueName\":\"search_term_string\"}}],\"inLanguage\":\"en-US\"},{\"@type\":\"Person\",\"@id\":\"https:\/\/www.welovecycling.com\/wide\/#\/schema\/person\/50f01ecd18718d2333cf72e823c4f926\",\"name\":\"tereza\",\"image\":{\"@type\":\"ImageObject\",\"inLanguage\":\"en-US\",\"@id\":\"https:\/\/www.welovecycling.com\/wide\/#\/schema\/person\/image\/\",\"url\":\"https:\/\/secure.gravatar.com\/avatar\/1f9eb71be33845f0afabce3791bc1c58ecdb0a25c62964987e5dbcf7a20d2ec7?s=96&d=mm&r=g\",\"contentUrl\":\"https:\/\/secure.gravatar.com\/avatar\/1f9eb71be33845f0afabce3791bc1c58ecdb0a25c62964987e5dbcf7a20d2ec7?s=96&d=mm&r=g\",\"caption\":\"tereza\"},\"url\":\"https:\/\/www.welovecycling.com\/wide\/author\/tereza\/\"}]}<\/script>\n<!-- \/ Yoast SEO Premium plugin. -->","yoast_head_json":{"title":"Time to Tour the Nice with the Family: A Cycling Explorati - \u0160koda We Love Cycling","description":"As Tour de France fans, there's no better time to explore Nice than this year, with the world's greatest cycling race making a stop in this beautiful","robots":{"index":"index","follow":"follow","max-snippet":"max-snippet:-1","max-image-preview":"max-image-preview:large","max-video-preview":"max-video-preview:-1"},"canonical":"https:\/\/www.welovecycling.com\/wide\/2024\/06\/24\/time-to-tour-the-nice-with-the-family-a-cycling-explorati\/","og_locale":"en_US","og_type":"article","og_title":"Time to Tour the Nice with the Family: A Cycling Explorati","og_description":"As Tour de France fans, there's no better time to explore Nice than this year, with the world's greatest cycling race making a stop in this beautiful","og_url":"https:\/\/www.welovecycling.com\/wide\/2024\/06\/24\/time-to-tour-the-nice-with-the-family-a-cycling-explorati\/","og_site_name":"\u0160koda We Love Cycling","article_published_time":"2024-06-24T09:49:34+00:00","article_modified_time":"2024-07-22T09:51:01+00:00","og_image":[{"width":990,"height":660,"url":"https:\/\/d2p6e6u75xmxt8.cloudfront.net\/2\/2024\/07\/Nice-Cote-d-Azur-profimedia-0859589558-CVR.webp","type":"image\/webp"}],"author":"tereza","twitter_card":"summary_large_image","twitter_misc":{"Written by":"Monica Buck","Est. reading time":"3"},"schema":{"@context":"https:\/\/schema.org","@graph":[{"@type":"WebPage","@id":"https:\/\/www.welovecycling.com\/wide\/2024\/06\/24\/time-to-tour-the-nice-with-the-family-a-cycling-explorati\/","url":"https:\/\/www.welovecycling.com\/wide\/2024\/06\/24\/time-to-tour-the-nice-with-the-family-a-cycling-explorati\/","name":"Time to Tour the Nice with the Family: A Cycling Explorati - \u0160koda We Love Cycling","isPartOf":{"@id":"https:\/\/www.welovecycling.com\/wide\/#website"},"primaryImageOfPage":{"@id":"https:\/\/www.welovecycling.com\/wide\/2024\/06\/24\/time-to-tour-the-nice-with-the-family-a-cycling-explorati\/#primaryimage"},"image":{"@id":"https:\/\/www.welovecycling.com\/wide\/2024\/06\/24\/time-to-tour-the-nice-with-the-family-a-cycling-explorati\/#primaryimage"},"thumbnailUrl":"https:\/\/d2p6e6u75xmxt8.cloudfront.net\/2\/2024\/07\/Nice-Cote-d-Azur-profimedia-0859589558-CVR.webp","datePublished":"2024-06-24T09:49:34+00:00","dateModified":"2024-07-22T09:51:01+00:00","author":{"@id":"https:\/\/www.welovecycling.com\/wide\/#\/schema\/person\/50f01ecd18718d2333cf72e823c4f926"},"description":"As Tour de France fans, there's no better time to explore Nice than this year, with the world's greatest cycling race making a stop in this beautiful","breadcrumb":{"@id":"https:\/\/www.welovecycling.com\/wide\/2024\/06\/24\/time-to-tour-the-nice-with-the-family-a-cycling-explorati\/#breadcrumb"},"inLanguage":"en-US","potentialAction":[{"@type":"ReadAction","target":["https:\/\/www.welovecycling.com\/wide\/2024\/06\/24\/time-to-tour-the-nice-with-the-family-a-cycling-explorati\/"]}]},{"@type":"ImageObject","inLanguage":"en-US","@id":"https:\/\/www.welovecycling.com\/wide\/2024\/06\/24\/time-to-tour-the-nice-with-the-family-a-cycling-explorati\/#primaryimage","url":"https:\/\/d2p6e6u75xmxt8.cloudfront.net\/2\/2024\/07\/Nice-Cote-d-Azur-profimedia-0859589558-CVR.webp","contentUrl":"https:\/\/d2p6e6u75xmxt8.cloudfront.net\/2\/2024\/07\/Nice-Cote-d-Azur-profimedia-0859589558-CVR.webp","width":990,"height":660,"caption":"Nice"},{"@type":"BreadcrumbList","@id":"https:\/\/www.welovecycling.com\/wide\/2024\/06\/24\/time-to-tour-the-nice-with-the-family-a-cycling-explorati\/#breadcrumb","itemListElement":[{"@type":"ListItem","position":1,"name":"Home","item":"https:\/\/www.welovecycling.com\/wide\/"},{"@type":"ListItem","position":2,"name":"Time to Tour the Nice with the Family: A Cycling Explorati"}]},{"@type":"WebSite","@id":"https:\/\/www.welovecycling.com\/wide\/#website","url":"https:\/\/www.welovecycling.com\/wide\/","name":"\u0160koda We Love Cycling","description":"\u0160koda We Love Cycling magazine","alternateName":"\u0160koda WLC","potentialAction":[{"@type":"SearchAction","target":{"@type":"EntryPoint","urlTemplate":"https:\/\/www.welovecycling.com\/wide\/?s={search_term_string}"},"query-input":{"@type":"PropertyValueSpecification","valueRequired":true,"valueName":"search_term_string"}}],"inLanguage":"en-US"},{"@type":"Person","@id":"https:\/\/www.welovecycling.com\/wide\/#\/schema\/person\/50f01ecd18718d2333cf72e823c4f926","name":"tereza","image":{"@type":"ImageObject","inLanguage":"en-US","@id":"https:\/\/www.welovecycling.com\/wide\/#\/schema\/person\/image\/","url":"https:\/\/secure.gravatar.com\/avatar\/1f9eb71be33845f0afabce3791bc1c58ecdb0a25c62964987e5dbcf7a20d2ec7?s=96&d=mm&r=g","contentUrl":"https:\/\/secure.gravatar.com\/avatar\/1f9eb71be33845f0afabce3791bc1c58ecdb0a25c62964987e5dbcf7a20d2ec7?s=96&d=mm&r=g","caption":"tereza"},"url":"https:\/\/www.welovecycling.com\/wide\/author\/tereza\/"}]}},"_links":{"self":[{"href":"https:\/\/www.welovecycling.com\/wide\/wp-json\/wp\/v2\/posts\/196334","targetHints":{"allow":["GET"]}}],"collection":[{"href":"https:\/\/www.welovecycling.com\/wide\/wp-json\/wp\/v2\/posts"}],"about":[{"href":"https:\/\/www.welovecycling.com\/wide\/wp-json\/wp\/v2\/types\/post"}],"author":[{"embeddable":true,"href":"https:\/\/www.welovecycling.com\/wide\/wp-json\/wp\/v2\/users\/99"}],"replies":[{"embeddable":true,"href":"https:\/\/www.welovecycling.com\/wide\/wp-json\/wp\/v2\/comments?post=196334"}],"version-history":[{"count":2,"href":"https:\/\/www.welovecycling.com\/wide\/wp-json\/wp\/v2\/posts\/196334\/revisions"}],"predecessor-version":[{"id":196338,"href":"https:\/\/www.welovecycling.com\/wide\/wp-json\/wp\/v2\/posts\/196334\/revisions\/196338"}],"wp:featuredmedia":[{"embeddable":true,"href":"https:\/\/www.welovecycling.com\/wide\/wp-json\/wp\/v2\/media\/196335"}],"wp:attachment":[{"href":"https:\/\/www.welovecycling.com\/wide\/wp-json\/wp\/v2\/media?parent=196334"}],"wp:term":[{"taxonomy":"category","embeddable":true,"href":"https:\/\/www.welovecycling.com\/wide\/wp-json\/wp\/v2\/categories?post=196334"},{"taxonomy":"post_tag","embeddable":true,"href":"https:\/\/www.welovecycling.com\/wide\/wp-json\/wp\/v2\/tags?post=196334"},{"taxonomy":"global-categories","embeddable":true,"href":"https:\/\/www.welovecycling.com\/wide\/wp-json\/wp\/v2\/global-categories?post=196334"}],"curies":[{"name":"wp","href":"https:\/\/api.w.org\/{rel}","templated":true}]}}