{"id":196317,"date":"2024-07-19T13:29:22","date_gmt":"2024-07-19T13:29:22","guid":{"rendered":"https:\/\/www.welovecycling.com\/wide\/?p=196317"},"modified":"2024-07-22T08:57:44","modified_gmt":"2024-07-22T08:57:44","slug":"girmay-set-to-become-first-black-rider-to-win-a-grand-tour-jersey","status":"publish","type":"post","link":"https:\/\/www.welovecycling.com\/wide\/2024\/07\/19\/girmay-set-to-become-first-black-rider-to-win-a-grand-tour-jersey\/","title":{"rendered":"Girmay Set to Become First African Rider to Win a Grand Tour Jersey"},"content":{"rendered":"<p style=\"font-weight: 400;\"><strong>When Biniam Girmay crashed with 2km left to ride on stage 16 of the Tour de France, the race for the \u0160koda Green Jersey was transformed from a near-to-certain victory to a cliffhanger. The Eritrean\u2019s only rival for the points classification victory, Alpecin-Deceuninck\u2019s Jasper Philipsen, won that stage thanks to another powerhouse lead-out by world champion Mathieu van der Poel, and a lead that had been 86 points, 363 to 277, had melted to 32.<\/strong><\/p>\n<p><!--more--><\/p>\n<p style=\"font-weight: 400;\">Fortunately for Girmay, he was not injured in the crash and that was the last sprint to the finish left in the race. Only three intermediate sprints (IS) remained for Philipsen to defend the <a href=\"https:\/\/www.welovecycling.com\/wide\/2022\/07\/18\/its-exhausting-on-fighting-for-the-skoda-green-jersey-with-andre-greipel\/\" target=\"_blank\" rel=\"noopener\">\u0160koda Green Jersey<\/a> he had won last year. It was also fortunate for the green jersey leader, who is a better climber than his rival, that the stage 17 IS came on a gentle ascent. He won the sprint easily, adding a point to his lead.<\/p>\n<p style=\"font-weight: 400;\">That left two intermediate sprints for sprinters remaining in the race, with the stage 20 IS coming midway up the category 1 Col de la Coliane (7.5km @ 6.9%), not long after the category 1 Col du Turini (20.8km @ 5,8%), therefore not intended or even possible for sprinters. As a result, if Philipsen wanted to take over the \u0160koda Green Jersey lead, he had to win or place second on both the stage 18 and stage 19 intermediate sprints, and hope that Girmay did not take any points.<\/p>\n<div class=\"shortcode-ys-post-pinup\"><article class=\"loop-simple post-196013 post type-post status-publish format-standard has-post-thumbnail hentry category-road-cycling tag-2024-tour tag-biniam-girmay tag-matt-stephens tag-tour-de-france global-categories-cycling\" data-postid=\"196013\" role=\"article\" data-post-id=\"196013\" data-word-count=\"506\" data-headline-length=\"93\" data-category=\"Road cycling\" data-global-category=\"Cycling\" data-author=\"Matt Stephens and Frantiska Blazkova\" data-published=\"2024-06-25T14:14:48+00:00\" data-published-day=\"Tuesday\">\n    <div class=\"entry-thumbnail article-thumbnail\" content=\"https:\/\/d2p6e6u75xmxt8.cloudfront.net\/2\/2024\/06\/WLC_Podcast_Biniam-Girmay_ArticleCover-150x150.webp\"><a href=\"https:\/\/www.welovecycling.com\/wide\/2024\/06\/25\/from-dreaming-in-eritrea-to-starting-at-the-tour-de-france-biniam-girmays-incredible-rise\/\" class=\"image-holder\" target=\"_self\"><img decoding=\"async\" loading=\"lazy\" class=\"\" src=\"https:\/\/d2p6e6u75xmxt8.cloudfront.net\/2\/2024\/06\/WLC_Podcast_Biniam-Girmay_ArticleCover.webp\" srcset=\"https:\/\/d2p6e6u75xmxt8.cloudfront.net\/2\/2024\/06\/WLC_Podcast_Biniam-Girmay_ArticleCover.webp 990w, https:\/\/d2p6e6u75xmxt8.cloudfront.net\/2\/2024\/06\/WLC_Podcast_Biniam-Girmay_ArticleCover-300x200.webp 300w, https:\/\/d2p6e6u75xmxt8.cloudfront.net\/2\/2024\/06\/WLC_Podcast_Biniam-Girmay_ArticleCover-768x512.webp 768w, https:\/\/d2p6e6u75xmxt8.cloudfront.net\/2\/2024\/06\/WLC_Podcast_Biniam-Girmay_ArticleCover-400x267.webp 400w, https:\/\/d2p6e6u75xmxt8.cloudfront.net\/2\/2024\/06\/WLC_Podcast_Biniam-Girmay_ArticleCover-272x182.webp 272w\" width=\"990\" height=\"660\" sizes=\"auto, (min-width: 1200px) 300px, (min-width: 768px) 25vw, 100vw\" alt=\"from-dreaming-in-eritrea-to-starting-at-the-tour-de-france-biniam-girmays-incredible-rise\"\/><\/a><\/div>    <div class=\"entry-meta\">\n        <a class=\"label label-secondary post-category\" href=\"https:\/\/www.welovecycling.com\/wide\/category\/road-cycling\/\" title=\"Road cycling\">Road cycling<\/a>\n    <\/div>\n    <div class=\"entry-details\">\n        <a href=\"https:\/\/www.welovecycling.com\/wide\/2024\/06\/25\/from-dreaming-in-eritrea-to-starting-at-the-tour-de-france-biniam-girmays-incredible-rise\/\" class='entry-title-wrapper'>\n            <h3 class=\"entry-title\"><span>From Dreaming in Eritrea to Starting at the Tour de France: Biniam Girmay\u2019s Incredible Rise<\/span><\/h3>\n        <\/a>\n    <\/div>\n    <\/article>\n<\/div>\n<p style=\"font-weight: 400;\">However, on stage 18, all the IS points were taken by a 36-rider breakaway, effectively ending the Belgian\u2019s chances for a green repeat. As it turned out, a big breakaway also took all the points on stage 19, with Bryan Coquard crossing the line first, securing his third place in the points classification standings.<\/p>\n<p style=\"font-weight: 400;\">All Girmay now has to do is finish the race to claim a historic victory as the first Black rider to win a jersey in any Grand Tour race \u2013 and not just any race, the grandest of the three, <a href=\"http:\/\/letour.fr\">the Tour de France.<\/a><\/p>\n<p style=\"font-weight: 400;\">Of course, the 24-year-old Intermarch\u00e9-Wanty leader is conscious of the historic significance of his marvelous performance in this Tour. \u201cI just want to thank my family, my wife, all the Eritreans, and Africans,\u201d a weeping Girmay told journalists on July 1, after becoming the first Black African to win a Tour de France stage. \u201cWe must be proud; now we are part of the big races; now it\u2019s our moment, our time. I want to say congrats to my whole team because we didn\u2019t have a victory yet [in the Tour de France]. But now is our moment, and I\u2019m super happy. This win is for all Africans.\u201d<\/p>\n<p style=\"font-weight: 400;\">He was more activist after winning his third Tour stage 10 days later. \u201cThis year I\u2019m the only Black rider in the peloton,\u201d he said. \u201cIt\u2019s not nice, to be honest, so I wish there were more Black riders in the peloton.\u201d He added that by having greater diversity, road racing could finally become a true global sport and that he was \u201csuper happy to show and deliver so that cycling can be more global.\u201d<\/p>\n<p style=\"font-weight: 400;\">Girmay currently leads Philipsen by 387 points to 354, which will almost certainly be the final rankings. His final margin is small, but it will make a big noise.<\/p>\n","protected":false},"excerpt":{"rendered":"<p>When Biniam Girmay crashed with 2km left to ride on stage 16 of the Tour de France, the race for [&hellip;]<\/p>\n","protected":false},"author":99,"featured_media":196318,"comment_status":"closed","ping_status":"open","sticky":false,"template":"","format":"standard","meta":{"footnotes":""},"categories":[329],"tags":[7807,6356,5436,3453,433],"global-categories":[3366],"class_list":["post-196317","post","type-post","status-publish","format-standard","has-post-thumbnail","hentry","category-road-cycling","tag-2024-tour","tag-biniam-girmay","tag-jasper-philipsen","tag-skoda-green-jersey","tag-tour-de-france","global-categories-cycling"],"yoast_head":"<!-- This site is optimized with the Yoast SEO Premium plugin v25.3 (Yoast SEO v25.9) - https:\/\/yoast.com\/wordpress\/plugins\/seo\/ -->\n<title>Girmay Set to Be The First Black Rider to Win a Grand Tour Jersey<\/title>\n<meta name=\"description\" content=\"When Biniam Girmay crashed with 2km left to ride on stage 16 of the Tour de France, the race for the \u0160koda Green Jersey was transformed from a\" \/>\n<meta name=\"robots\" content=\"index, follow, max-snippet:-1, max-image-preview:large, max-video-preview:-1\" \/>\n<link rel=\"canonical\" href=\"https:\/\/www.welovecycling.com\/wide\/2024\/07\/19\/girmay-set-to-become-first-black-rider-to-win-a-grand-tour-jersey\/\" \/>\n<meta property=\"og:locale\" content=\"en_US\" \/>\n<meta property=\"og:type\" content=\"article\" \/>\n<meta property=\"og:title\" content=\"Girmay Set to Become First African Rider to Win a Grand Tour Jersey\" \/>\n<meta property=\"og:description\" content=\"When Biniam Girmay crashed with 2km left to ride on stage 16 of the Tour de France, the race for the \u0160koda Green Jersey was transformed from a\" \/>\n<meta property=\"og:url\" content=\"https:\/\/www.welovecycling.com\/wide\/2024\/07\/19\/girmay-set-to-become-first-black-rider-to-win-a-grand-tour-jersey\/\" \/>\n<meta property=\"og:site_name\" content=\"\u0160koda We Love Cycling\" \/>\n<meta property=\"article:published_time\" content=\"2024-07-19T13:29:22+00:00\" \/>\n<meta property=\"article:modified_time\" content=\"2024-07-22T08:57:44+00:00\" \/>\n<meta property=\"og:image\" content=\"https:\/\/d2p6e6u75xmxt8.cloudfront.net\/2\/2024\/07\/Biniam-Girmay-profimedia-0890789719-CVR.webp\" \/>\n\t<meta property=\"og:image:width\" content=\"990\" \/>\n\t<meta property=\"og:image:height\" content=\"660\" \/>\n\t<meta property=\"og:image:type\" content=\"image\/webp\" \/>\n<meta name=\"author\" content=\"tereza\" \/>\n<meta name=\"twitter:card\" content=\"summary_large_image\" \/>\n<meta name=\"twitter:label1\" content=\"Written by\" \/>\n\t<meta name=\"twitter:data1\" content=\"Matt Stephens and Frantiska Blazkova\" \/>\n\t<meta name=\"twitter:label2\" content=\"Est. reading time\" \/>\n\t<meta name=\"twitter:data2\" content=\"4\" \/>\n<script type=\"application\/ld+json\" class=\"yoast-schema-graph\">{\"@context\":\"https:\/\/schema.org\",\"@graph\":[{\"@type\":\"WebPage\",\"@id\":\"https:\/\/www.welovecycling.com\/wide\/2024\/07\/19\/girmay-set-to-become-first-black-rider-to-win-a-grand-tour-jersey\/\",\"url\":\"https:\/\/www.welovecycling.com\/wide\/2024\/07\/19\/girmay-set-to-become-first-black-rider-to-win-a-grand-tour-jersey\/\",\"name\":\"Girmay Set to Be The First Black Rider to Win a Grand Tour Jersey\",\"isPartOf\":{\"@id\":\"https:\/\/www.welovecycling.com\/wide\/#website\"},\"primaryImageOfPage\":{\"@id\":\"https:\/\/www.welovecycling.com\/wide\/2024\/07\/19\/girmay-set-to-become-first-black-rider-to-win-a-grand-tour-jersey\/#primaryimage\"},\"image\":{\"@id\":\"https:\/\/www.welovecycling.com\/wide\/2024\/07\/19\/girmay-set-to-become-first-black-rider-to-win-a-grand-tour-jersey\/#primaryimage\"},\"thumbnailUrl\":\"https:\/\/d2p6e6u75xmxt8.cloudfront.net\/2\/2024\/07\/Biniam-Girmay-profimedia-0890789719-CVR.webp\",\"datePublished\":\"2024-07-19T13:29:22+00:00\",\"dateModified\":\"2024-07-22T08:57:44+00:00\",\"author\":{\"@id\":\"https:\/\/www.welovecycling.com\/wide\/#\/schema\/person\/50f01ecd18718d2333cf72e823c4f926\"},\"description\":\"When Biniam Girmay crashed with 2km left to ride on stage 16 of the Tour de France, the race for the \u0160koda Green Jersey was transformed from a\",\"breadcrumb\":{\"@id\":\"https:\/\/www.welovecycling.com\/wide\/2024\/07\/19\/girmay-set-to-become-first-black-rider-to-win-a-grand-tour-jersey\/#breadcrumb\"},\"inLanguage\":\"en-US\",\"potentialAction\":[{\"@type\":\"ReadAction\",\"target\":[\"https:\/\/www.welovecycling.com\/wide\/2024\/07\/19\/girmay-set-to-become-first-black-rider-to-win-a-grand-tour-jersey\/\"]}]},{\"@type\":\"ImageObject\",\"inLanguage\":\"en-US\",\"@id\":\"https:\/\/www.welovecycling.com\/wide\/2024\/07\/19\/girmay-set-to-become-first-black-rider-to-win-a-grand-tour-jersey\/#primaryimage\",\"url\":\"https:\/\/d2p6e6u75xmxt8.cloudfront.net\/2\/2024\/07\/Biniam-Girmay-profimedia-0890789719-CVR.webp\",\"contentUrl\":\"https:\/\/d2p6e6u75xmxt8.cloudfront.net\/2\/2024\/07\/Biniam-Girmay-profimedia-0890789719-CVR.webp\",\"width\":990,\"height\":660,\"caption\":\"Biniam Girmay\"},{\"@type\":\"BreadcrumbList\",\"@id\":\"https:\/\/www.welovecycling.com\/wide\/2024\/07\/19\/girmay-set-to-become-first-black-rider-to-win-a-grand-tour-jersey\/#breadcrumb\",\"itemListElement\":[{\"@type\":\"ListItem\",\"position\":1,\"name\":\"Home\",\"item\":\"https:\/\/www.welovecycling.com\/wide\/\"},{\"@type\":\"ListItem\",\"position\":2,\"name\":\"Girmay Set to Become First African Rider to Win a Grand Tour Jersey\"}]},{\"@type\":\"WebSite\",\"@id\":\"https:\/\/www.welovecycling.com\/wide\/#website\",\"url\":\"https:\/\/www.welovecycling.com\/wide\/\",\"name\":\"\u0160koda We Love Cycling\",\"description\":\"\u0160koda We Love Cycling magazine\",\"alternateName\":\"\u0160koda WLC\",\"potentialAction\":[{\"@type\":\"SearchAction\",\"target\":{\"@type\":\"EntryPoint\",\"urlTemplate\":\"https:\/\/www.welovecycling.com\/wide\/?s={search_term_string}\"},\"query-input\":{\"@type\":\"PropertyValueSpecification\",\"valueRequired\":true,\"valueName\":\"search_term_string\"}}],\"inLanguage\":\"en-US\"},{\"@type\":\"Person\",\"@id\":\"https:\/\/www.welovecycling.com\/wide\/#\/schema\/person\/50f01ecd18718d2333cf72e823c4f926\",\"name\":\"tereza\",\"image\":{\"@type\":\"ImageObject\",\"inLanguage\":\"en-US\",\"@id\":\"https:\/\/www.welovecycling.com\/wide\/#\/schema\/person\/image\/\",\"url\":\"https:\/\/secure.gravatar.com\/avatar\/1f9eb71be33845f0afabce3791bc1c58ecdb0a25c62964987e5dbcf7a20d2ec7?s=96&d=mm&r=g\",\"contentUrl\":\"https:\/\/secure.gravatar.com\/avatar\/1f9eb71be33845f0afabce3791bc1c58ecdb0a25c62964987e5dbcf7a20d2ec7?s=96&d=mm&r=g\",\"caption\":\"tereza\"},\"url\":\"https:\/\/www.welovecycling.com\/wide\/author\/tereza\/\"}]}<\/script>\n<!-- \/ Yoast SEO Premium plugin. -->","yoast_head_json":{"title":"Girmay Set to Be The First Black Rider to Win a Grand Tour Jersey","description":"When Biniam Girmay crashed with 2km left to ride on stage 16 of the Tour de France, the race for the \u0160koda Green Jersey was transformed from a","robots":{"index":"index","follow":"follow","max-snippet":"max-snippet:-1","max-image-preview":"max-image-preview:large","max-video-preview":"max-video-preview:-1"},"canonical":"https:\/\/www.welovecycling.com\/wide\/2024\/07\/19\/girmay-set-to-become-first-black-rider-to-win-a-grand-tour-jersey\/","og_locale":"en_US","og_type":"article","og_title":"Girmay Set to Become First African Rider to Win a Grand Tour Jersey","og_description":"When Biniam Girmay crashed with 2km left to ride on stage 16 of the Tour de France, the race for the \u0160koda Green Jersey was transformed from a","og_url":"https:\/\/www.welovecycling.com\/wide\/2024\/07\/19\/girmay-set-to-become-first-black-rider-to-win-a-grand-tour-jersey\/","og_site_name":"\u0160koda We Love Cycling","article_published_time":"2024-07-19T13:29:22+00:00","article_modified_time":"2024-07-22T08:57:44+00:00","og_image":[{"width":990,"height":660,"url":"https:\/\/d2p6e6u75xmxt8.cloudfront.net\/2\/2024\/07\/Biniam-Girmay-profimedia-0890789719-CVR.webp","type":"image\/webp"}],"author":"tereza","twitter_card":"summary_large_image","twitter_misc":{"Written by":"Matt Stephens and Frantiska Blazkova","Est. reading time":"4"},"schema":{"@context":"https:\/\/schema.org","@graph":[{"@type":"WebPage","@id":"https:\/\/www.welovecycling.com\/wide\/2024\/07\/19\/girmay-set-to-become-first-black-rider-to-win-a-grand-tour-jersey\/","url":"https:\/\/www.welovecycling.com\/wide\/2024\/07\/19\/girmay-set-to-become-first-black-rider-to-win-a-grand-tour-jersey\/","name":"Girmay Set to Be The First Black Rider to Win a Grand Tour Jersey","isPartOf":{"@id":"https:\/\/www.welovecycling.com\/wide\/#website"},"primaryImageOfPage":{"@id":"https:\/\/www.welovecycling.com\/wide\/2024\/07\/19\/girmay-set-to-become-first-black-rider-to-win-a-grand-tour-jersey\/#primaryimage"},"image":{"@id":"https:\/\/www.welovecycling.com\/wide\/2024\/07\/19\/girmay-set-to-become-first-black-rider-to-win-a-grand-tour-jersey\/#primaryimage"},"thumbnailUrl":"https:\/\/d2p6e6u75xmxt8.cloudfront.net\/2\/2024\/07\/Biniam-Girmay-profimedia-0890789719-CVR.webp","datePublished":"2024-07-19T13:29:22+00:00","dateModified":"2024-07-22T08:57:44+00:00","author":{"@id":"https:\/\/www.welovecycling.com\/wide\/#\/schema\/person\/50f01ecd18718d2333cf72e823c4f926"},"description":"When Biniam Girmay crashed with 2km left to ride on stage 16 of the Tour de France, the race for the \u0160koda Green Jersey was transformed from a","breadcrumb":{"@id":"https:\/\/www.welovecycling.com\/wide\/2024\/07\/19\/girmay-set-to-become-first-black-rider-to-win-a-grand-tour-jersey\/#breadcrumb"},"inLanguage":"en-US","potentialAction":[{"@type":"ReadAction","target":["https:\/\/www.welovecycling.com\/wide\/2024\/07\/19\/girmay-set-to-become-first-black-rider-to-win-a-grand-tour-jersey\/"]}]},{"@type":"ImageObject","inLanguage":"en-US","@id":"https:\/\/www.welovecycling.com\/wide\/2024\/07\/19\/girmay-set-to-become-first-black-rider-to-win-a-grand-tour-jersey\/#primaryimage","url":"https:\/\/d2p6e6u75xmxt8.cloudfront.net\/2\/2024\/07\/Biniam-Girmay-profimedia-0890789719-CVR.webp","contentUrl":"https:\/\/d2p6e6u75xmxt8.cloudfront.net\/2\/2024\/07\/Biniam-Girmay-profimedia-0890789719-CVR.webp","width":990,"height":660,"caption":"Biniam Girmay"},{"@type":"BreadcrumbList","@id":"https:\/\/www.welovecycling.com\/wide\/2024\/07\/19\/girmay-set-to-become-first-black-rider-to-win-a-grand-tour-jersey\/#breadcrumb","itemListElement":[{"@type":"ListItem","position":1,"name":"Home","item":"https:\/\/www.welovecycling.com\/wide\/"},{"@type":"ListItem","position":2,"name":"Girmay Set to Become First African Rider to Win a Grand Tour Jersey"}]},{"@type":"WebSite","@id":"https:\/\/www.welovecycling.com\/wide\/#website","url":"https:\/\/www.welovecycling.com\/wide\/","name":"\u0160koda We Love Cycling","description":"\u0160koda We Love Cycling magazine","alternateName":"\u0160koda WLC","potentialAction":[{"@type":"SearchAction","target":{"@type":"EntryPoint","urlTemplate":"https:\/\/www.welovecycling.com\/wide\/?s={search_term_string}"},"query-input":{"@type":"PropertyValueSpecification","valueRequired":true,"valueName":"search_term_string"}}],"inLanguage":"en-US"},{"@type":"Person","@id":"https:\/\/www.welovecycling.com\/wide\/#\/schema\/person\/50f01ecd18718d2333cf72e823c4f926","name":"tereza","image":{"@type":"ImageObject","inLanguage":"en-US","@id":"https:\/\/www.welovecycling.com\/wide\/#\/schema\/person\/image\/","url":"https:\/\/secure.gravatar.com\/avatar\/1f9eb71be33845f0afabce3791bc1c58ecdb0a25c62964987e5dbcf7a20d2ec7?s=96&d=mm&r=g","contentUrl":"https:\/\/secure.gravatar.com\/avatar\/1f9eb71be33845f0afabce3791bc1c58ecdb0a25c62964987e5dbcf7a20d2ec7?s=96&d=mm&r=g","caption":"tereza"},"url":"https:\/\/www.welovecycling.com\/wide\/author\/tereza\/"}]}},"_links":{"self":[{"href":"https:\/\/www.welovecycling.com\/wide\/wp-json\/wp\/v2\/posts\/196317","targetHints":{"allow":["GET"]}}],"collection":[{"href":"https:\/\/www.welovecycling.com\/wide\/wp-json\/wp\/v2\/posts"}],"about":[{"href":"https:\/\/www.welovecycling.com\/wide\/wp-json\/wp\/v2\/types\/post"}],"author":[{"embeddable":true,"href":"https:\/\/www.welovecycling.com\/wide\/wp-json\/wp\/v2\/users\/99"}],"replies":[{"embeddable":true,"href":"https:\/\/www.welovecycling.com\/wide\/wp-json\/wp\/v2\/comments?post=196317"}],"version-history":[{"count":2,"href":"https:\/\/www.welovecycling.com\/wide\/wp-json\/wp\/v2\/posts\/196317\/revisions"}],"predecessor-version":[{"id":196328,"href":"https:\/\/www.welovecycling.com\/wide\/wp-json\/wp\/v2\/posts\/196317\/revisions\/196328"}],"wp:featuredmedia":[{"embeddable":true,"href":"https:\/\/www.welovecycling.com\/wide\/wp-json\/wp\/v2\/media\/196318"}],"wp:attachment":[{"href":"https:\/\/www.welovecycling.com\/wide\/wp-json\/wp\/v2\/media?parent=196317"}],"wp:term":[{"taxonomy":"category","embeddable":true,"href":"https:\/\/www.welovecycling.com\/wide\/wp-json\/wp\/v2\/categories?post=196317"},{"taxonomy":"post_tag","embeddable":true,"href":"https:\/\/www.welovecycling.com\/wide\/wp-json\/wp\/v2\/tags?post=196317"},{"taxonomy":"global-categories","embeddable":true,"href":"https:\/\/www.welovecycling.com\/wide\/wp-json\/wp\/v2\/global-categories?post=196317"}],"curies":[{"name":"wp","href":"https:\/\/api.w.org\/{rel}","templated":true}]}}