{"id":196308,"date":"2024-07-18T06:32:18","date_gmt":"2024-07-18T06:32:18","guid":{"rendered":"https:\/\/www.welovecycling.com\/wide\/?p=196308"},"modified":"2024-07-25T06:43:48","modified_gmt":"2024-07-25T06:43:48","slug":"remco-evenepoel-i-have-to-be-happy-with-where-i-am","status":"publish","type":"post","link":"https:\/\/www.welovecycling.com\/wide\/2024\/07\/18\/remco-evenepoel-i-have-to-be-happy-with-where-i-am\/","title":{"rendered":"Remco Evenepoel:\u00a0\u2018I have to be happy with where I am\u2019"},"content":{"rendered":"<p><strong>Remco Evenepoel has not only maintained his position in third place during the Tour de France but has managed to outperform Jonas Vingegaard and Tadej Poga\u010dar in the 17th stage of the Tour.<\/strong><\/p>\n<p><!--more--><\/p>\n<p>Despite the continuous spotlight on the fierce rivalry between the top UAE Team Emirates and Visma-Lease a Bike competitors, Evenepoel (Soudal Quick-Step), has been making significant strides. From stage 14 onwards, he has held onto third place with a notable margin\u2014over seven minutes ahead of Jo\u00e3o Almeida in fourth place. Wearing the white jersey by an eight-minute lead, Evenepoel&#8217;s first Tour de France could have been a headline event if not overshadowed by the performances of Poga\u010dar and Vingegaard.<\/p>\n<p>A critical moment in stage 17 illustrated Evenepoel\u2019s edge over his closest competitors, when Almeida and Carlos Rodr\u00edguez of Ineos Grenadiers fell behind by over two minutes. Meanwhile, Evenepoel improved his time by 12 seconds against <a href=\"https:\/\/www.welovecycling.com\/wide\/2024\/07\/15\/pogacar-takes-control-as-vingegaard-falters-in-the-mountains\/\" target=\"_blank\" rel=\"noopener\">both Poga\u010dar and Vingegaard.<\/a><\/p>\n<p>Evenepoel shared his strategic insights post-stage, stating, &#8220;I did a recon of this course so I knew how everything looked like. I knew the climbs were pretty steep. It looked like it was going to be an easy finish for the GC favourites, but in the end, a little trick, fire it up. Tadej attacked 1.5km from the top of the penultimate climb, my legs were pretty good to react. Maybe I reacted a little bit too late again, and I was not on the wheel, but we came back on the descent, so that was good. I had a very strong Jan Hirt in the front group, that waited for me. I jumped towards him, and he dropped me off with 1km to go and I went all in.&#8221;<\/p>\n<div class=\"shortcode-ys-post-pinup\"><article class=\"loop-simple post-196292 post type-post status-publish format-standard has-post-thumbnail hentry category-road-cycling category-socialising-and-culture tag-martina-navratilova tag-tour-de-france tag-tour-de-france-photographer global-categories-concepts\" data-postid=\"196292\" role=\"article\" data-post-id=\"196292\" data-word-count=\"1263\" data-headline-length=\"102\" data-category=\"Road cycling\" data-global-category=\"Concepts\" data-author=\"Adam Marsal\" data-published=\"2024-07-16T14:19:10+00:00\" data-published-day=\"Tuesday\">\n    <div class=\"entry-thumbnail article-thumbnail\" content=\"https:\/\/d2p6e6u75xmxt8.cloudfront.net\/2\/2024\/07\/TdF-Froome-Navratilova-CVR-150x150.webp\"><a href=\"https:\/\/www.welovecycling.com\/wide\/2024\/07\/16\/capturing-the-tour-de-france-a-conversation-with-marketa-navratilova-cyclings-top-photographer\/\" class=\"image-holder\" target=\"_self\"><img decoding=\"async\" loading=\"lazy\" class=\"\" src=\"https:\/\/d2p6e6u75xmxt8.cloudfront.net\/2\/2024\/07\/TdF-Froome-Navratilova-CVR.webp\" srcset=\"https:\/\/d2p6e6u75xmxt8.cloudfront.net\/2\/2024\/07\/TdF-Froome-Navratilova-CVR.webp 990w, https:\/\/d2p6e6u75xmxt8.cloudfront.net\/2\/2024\/07\/TdF-Froome-Navratilova-CVR-300x200.webp 300w, https:\/\/d2p6e6u75xmxt8.cloudfront.net\/2\/2024\/07\/TdF-Froome-Navratilova-CVR-768x512.webp 768w, https:\/\/d2p6e6u75xmxt8.cloudfront.net\/2\/2024\/07\/TdF-Froome-Navratilova-CVR-400x267.webp 400w, https:\/\/d2p6e6u75xmxt8.cloudfront.net\/2\/2024\/07\/TdF-Froome-Navratilova-CVR-272x182.webp 272w\" width=\"990\" height=\"660\" sizes=\"auto, (min-width: 1200px) 300px, (min-width: 768px) 25vw, 100vw\" alt=\"capturing-the-tour-de-france-a-conversation-with-marketa-navratilova-cyclings-top-photographer\"\/><\/a><\/div>    <div class=\"entry-meta\">\n        <a class=\"label label-secondary post-category\" href=\"https:\/\/www.welovecycling.com\/wide\/category\/road-cycling\/\" title=\"Road cycling\">Road cycling<\/a>\n    <\/div>\n    <div class=\"entry-details\">\n        <a href=\"https:\/\/www.welovecycling.com\/wide\/2024\/07\/16\/capturing-the-tour-de-france-a-conversation-with-marketa-navratilova-cyclings-top-photographer\/\" class='entry-title-wrapper'>\n            <h3 class=\"entry-title\"><span>Capturing the Tour de France: A Conversation with Mark\u00e9ta Navr\u00e1tilov\u00e1, Cycling\u2019s Top Photographer<\/span><\/h3>\n        <\/a>\n    <\/div>\n    <\/article>\n<\/div>\n<p>He further commented on the stage&#8217;s outcome, &#8220;It showed that we were tactically strong today, the whole team was very good today. The first part with the crosswinds, we were always in the front, we had someone in the break, and then my legs were pretty good as well, so I&#8217;m satisfied with today&#8217;s stage.&#8221;<\/p>\n<p>Regarding the gains made, Evenepoel said, &#8220;It&#8217;s not that much time. My main goal is not to drop those guys, or to take as much time on them, my goal is to take as much time on the guys behind me. That mission was pretty much accomplished. I have to be happy with where I am, with the feeling, and I hope I can keep this level up, because I&#8217;ll need it on stage 19 and 20. I think for now, we can be super happy with what we&#8217;ve done today.&#8221;<\/p>\n<p>Evenepoel emphasized the importance of maintaining focus, &#8220;I think we have to stay focused on our main goal, and that&#8217;s the podium spot. I think what I did today was perfect, I was up there with the two best GC riders in the world. I could drop them for a bit on that last climb, and in the end, I&#8217;m a bit stronger in third. For the moment we&#8217;re doing very well, the whole team is very motivated. Everything is working well, and I hope it keeps going like this for another three days, and then it&#8217;s all by myself in the TT.&#8221;<\/p>\n<p>Looking ahead, Evenepoel noted the upcoming challenges, &#8220;There are still quite some mountains to go. An off day can always be there, but I think how everything is looking right now, I&#8217;m not going to have an off day. I&#8217;m confident, but feet on the ground and keep working.&#8221;<\/p>\n<p>Evenepoel, at 24 years old and already a two-time world champion, is navigating his debut <a href=\"http:\/\/letour.fr\">Tour de France<\/a> impressively. Will he manage to beat the main protagonists again?<\/p>\n","protected":false},"excerpt":{"rendered":"<p>Remco Evenepoel has not only maintained his position in third place during the Tour de France but has managed to [&hellip;]<\/p>\n","protected":false},"author":99,"featured_media":196309,"comment_status":"closed","ping_status":"open","sticky":false,"template":"","format":"standard","meta":{"footnotes":""},"categories":[329],"tags":[7807,4479,5450,3544,3415,433],"global-categories":[3366],"class_list":["post-196308","post","type-post","status-publish","format-standard","has-post-thumbnail","hentry","category-road-cycling","tag-2024-tour","tag-joao-almeida","tag-jonas-vingegaard","tag-remco-evenepoel","tag-tadej-pogacar","tag-tour-de-france","global-categories-cycling"],"yoast_head":"<!-- This site is optimized with the Yoast SEO Premium plugin v25.3 (Yoast SEO v25.9) - https:\/\/yoast.com\/wordpress\/plugins\/seo\/ -->\n<title>Remco Evenepoel:\u00a0\u2018I have to be happy with where I am\u2019 - \u0160koda We Love Cycling<\/title>\n<meta name=\"description\" content=\"Remco Evenepoel has not only maintained his position in third place during the Tour de France but has managed to outperform Jonas Vingegaard and Tadej\" \/>\n<meta name=\"robots\" content=\"index, follow, max-snippet:-1, max-image-preview:large, max-video-preview:-1\" \/>\n<link rel=\"canonical\" href=\"https:\/\/www.welovecycling.com\/wide\/2024\/07\/18\/remco-evenepoel-i-have-to-be-happy-with-where-i-am\/\" \/>\n<meta property=\"og:locale\" content=\"en_US\" \/>\n<meta property=\"og:type\" content=\"article\" \/>\n<meta property=\"og:title\" content=\"Remco Evenepoel:\u00a0\u2018I have to be happy with where I am\u2019\" \/>\n<meta property=\"og:description\" content=\"Remco Evenepoel has not only maintained his position in third place during the Tour de France but has managed to outperform Jonas Vingegaard and Tadej\" \/>\n<meta property=\"og:url\" content=\"https:\/\/www.welovecycling.com\/wide\/2024\/07\/18\/remco-evenepoel-i-have-to-be-happy-with-where-i-am\/\" \/>\n<meta property=\"og:site_name\" content=\"\u0160koda We Love Cycling\" \/>\n<meta property=\"article:published_time\" content=\"2024-07-18T06:32:18+00:00\" \/>\n<meta property=\"article:modified_time\" content=\"2024-07-25T06:43:48+00:00\" \/>\n<meta property=\"og:image\" content=\"https:\/\/d2p6e6u75xmxt8.cloudfront.net\/2\/2024\/07\/Remco-Evenepoel-2024-Tour-profimedia-0890083685-CVR.webp\" \/>\n\t<meta property=\"og:image:width\" content=\"990\" \/>\n\t<meta property=\"og:image:height\" content=\"660\" \/>\n\t<meta property=\"og:image:type\" content=\"image\/webp\" \/>\n<meta name=\"author\" content=\"tereza\" \/>\n<meta name=\"twitter:card\" content=\"summary_large_image\" \/>\n<meta name=\"twitter:label1\" content=\"Written by\" \/>\n\t<meta name=\"twitter:data1\" content=\"Adam Marsal\" \/>\n\t<meta name=\"twitter:label2\" content=\"Est. reading time\" \/>\n\t<meta name=\"twitter:data2\" content=\"6\" \/>\n<script type=\"application\/ld+json\" class=\"yoast-schema-graph\">{\"@context\":\"https:\/\/schema.org\",\"@graph\":[{\"@type\":\"WebPage\",\"@id\":\"https:\/\/www.welovecycling.com\/wide\/2024\/07\/18\/remco-evenepoel-i-have-to-be-happy-with-where-i-am\/\",\"url\":\"https:\/\/www.welovecycling.com\/wide\/2024\/07\/18\/remco-evenepoel-i-have-to-be-happy-with-where-i-am\/\",\"name\":\"Remco Evenepoel:\u00a0\u2018I have to be happy with where I am\u2019 - \u0160koda We Love Cycling\",\"isPartOf\":{\"@id\":\"https:\/\/www.welovecycling.com\/wide\/#website\"},\"primaryImageOfPage\":{\"@id\":\"https:\/\/www.welovecycling.com\/wide\/2024\/07\/18\/remco-evenepoel-i-have-to-be-happy-with-where-i-am\/#primaryimage\"},\"image\":{\"@id\":\"https:\/\/www.welovecycling.com\/wide\/2024\/07\/18\/remco-evenepoel-i-have-to-be-happy-with-where-i-am\/#primaryimage\"},\"thumbnailUrl\":\"https:\/\/d2p6e6u75xmxt8.cloudfront.net\/2\/2024\/07\/Remco-Evenepoel-2024-Tour-profimedia-0890083685-CVR.webp\",\"datePublished\":\"2024-07-18T06:32:18+00:00\",\"dateModified\":\"2024-07-25T06:43:48+00:00\",\"author\":{\"@id\":\"https:\/\/www.welovecycling.com\/wide\/#\/schema\/person\/50f01ecd18718d2333cf72e823c4f926\"},\"description\":\"Remco Evenepoel has not only maintained his position in third place during the Tour de France but has managed to outperform Jonas Vingegaard and Tadej\",\"breadcrumb\":{\"@id\":\"https:\/\/www.welovecycling.com\/wide\/2024\/07\/18\/remco-evenepoel-i-have-to-be-happy-with-where-i-am\/#breadcrumb\"},\"inLanguage\":\"en-US\",\"potentialAction\":[{\"@type\":\"ReadAction\",\"target\":[\"https:\/\/www.welovecycling.com\/wide\/2024\/07\/18\/remco-evenepoel-i-have-to-be-happy-with-where-i-am\/\"]}]},{\"@type\":\"ImageObject\",\"inLanguage\":\"en-US\",\"@id\":\"https:\/\/www.welovecycling.com\/wide\/2024\/07\/18\/remco-evenepoel-i-have-to-be-happy-with-where-i-am\/#primaryimage\",\"url\":\"https:\/\/d2p6e6u75xmxt8.cloudfront.net\/2\/2024\/07\/Remco-Evenepoel-2024-Tour-profimedia-0890083685-CVR.webp\",\"contentUrl\":\"https:\/\/d2p6e6u75xmxt8.cloudfront.net\/2\/2024\/07\/Remco-Evenepoel-2024-Tour-profimedia-0890083685-CVR.webp\",\"width\":990,\"height\":660,\"caption\":\"Remco Evenepoel\"},{\"@type\":\"BreadcrumbList\",\"@id\":\"https:\/\/www.welovecycling.com\/wide\/2024\/07\/18\/remco-evenepoel-i-have-to-be-happy-with-where-i-am\/#breadcrumb\",\"itemListElement\":[{\"@type\":\"ListItem\",\"position\":1,\"name\":\"Home\",\"item\":\"https:\/\/www.welovecycling.com\/wide\/\"},{\"@type\":\"ListItem\",\"position\":2,\"name\":\"Remco Evenepoel:\u00a0\u2018I have to be happy with where I am\u2019\"}]},{\"@type\":\"WebSite\",\"@id\":\"https:\/\/www.welovecycling.com\/wide\/#website\",\"url\":\"https:\/\/www.welovecycling.com\/wide\/\",\"name\":\"\u0160koda We Love Cycling\",\"description\":\"\u0160koda We Love Cycling magazine\",\"alternateName\":\"\u0160koda WLC\",\"potentialAction\":[{\"@type\":\"SearchAction\",\"target\":{\"@type\":\"EntryPoint\",\"urlTemplate\":\"https:\/\/www.welovecycling.com\/wide\/?s={search_term_string}\"},\"query-input\":{\"@type\":\"PropertyValueSpecification\",\"valueRequired\":true,\"valueName\":\"search_term_string\"}}],\"inLanguage\":\"en-US\"},{\"@type\":\"Person\",\"@id\":\"https:\/\/www.welovecycling.com\/wide\/#\/schema\/person\/50f01ecd18718d2333cf72e823c4f926\",\"name\":\"tereza\",\"image\":{\"@type\":\"ImageObject\",\"inLanguage\":\"en-US\",\"@id\":\"https:\/\/www.welovecycling.com\/wide\/#\/schema\/person\/image\/\",\"url\":\"https:\/\/secure.gravatar.com\/avatar\/1f9eb71be33845f0afabce3791bc1c58ecdb0a25c62964987e5dbcf7a20d2ec7?s=96&d=mm&r=g\",\"contentUrl\":\"https:\/\/secure.gravatar.com\/avatar\/1f9eb71be33845f0afabce3791bc1c58ecdb0a25c62964987e5dbcf7a20d2ec7?s=96&d=mm&r=g\",\"caption\":\"tereza\"},\"url\":\"https:\/\/www.welovecycling.com\/wide\/author\/tereza\/\"}]}<\/script>\n<!-- \/ Yoast SEO Premium plugin. -->","yoast_head_json":{"title":"Remco Evenepoel:\u00a0\u2018I have to be happy with where I am\u2019 - \u0160koda We Love Cycling","description":"Remco Evenepoel has not only maintained his position in third place during the Tour de France but has managed to outperform Jonas Vingegaard and Tadej","robots":{"index":"index","follow":"follow","max-snippet":"max-snippet:-1","max-image-preview":"max-image-preview:large","max-video-preview":"max-video-preview:-1"},"canonical":"https:\/\/www.welovecycling.com\/wide\/2024\/07\/18\/remco-evenepoel-i-have-to-be-happy-with-where-i-am\/","og_locale":"en_US","og_type":"article","og_title":"Remco Evenepoel:\u00a0\u2018I have to be happy with where I am\u2019","og_description":"Remco Evenepoel has not only maintained his position in third place during the Tour de France but has managed to outperform Jonas Vingegaard and Tadej","og_url":"https:\/\/www.welovecycling.com\/wide\/2024\/07\/18\/remco-evenepoel-i-have-to-be-happy-with-where-i-am\/","og_site_name":"\u0160koda We Love Cycling","article_published_time":"2024-07-18T06:32:18+00:00","article_modified_time":"2024-07-25T06:43:48+00:00","og_image":[{"width":990,"height":660,"url":"https:\/\/d2p6e6u75xmxt8.cloudfront.net\/2\/2024\/07\/Remco-Evenepoel-2024-Tour-profimedia-0890083685-CVR.webp","type":"image\/webp"}],"author":"tereza","twitter_card":"summary_large_image","twitter_misc":{"Written by":"Adam Marsal","Est. reading time":"6"},"schema":{"@context":"https:\/\/schema.org","@graph":[{"@type":"WebPage","@id":"https:\/\/www.welovecycling.com\/wide\/2024\/07\/18\/remco-evenepoel-i-have-to-be-happy-with-where-i-am\/","url":"https:\/\/www.welovecycling.com\/wide\/2024\/07\/18\/remco-evenepoel-i-have-to-be-happy-with-where-i-am\/","name":"Remco Evenepoel:\u00a0\u2018I have to be happy with where I am\u2019 - \u0160koda We Love Cycling","isPartOf":{"@id":"https:\/\/www.welovecycling.com\/wide\/#website"},"primaryImageOfPage":{"@id":"https:\/\/www.welovecycling.com\/wide\/2024\/07\/18\/remco-evenepoel-i-have-to-be-happy-with-where-i-am\/#primaryimage"},"image":{"@id":"https:\/\/www.welovecycling.com\/wide\/2024\/07\/18\/remco-evenepoel-i-have-to-be-happy-with-where-i-am\/#primaryimage"},"thumbnailUrl":"https:\/\/d2p6e6u75xmxt8.cloudfront.net\/2\/2024\/07\/Remco-Evenepoel-2024-Tour-profimedia-0890083685-CVR.webp","datePublished":"2024-07-18T06:32:18+00:00","dateModified":"2024-07-25T06:43:48+00:00","author":{"@id":"https:\/\/www.welovecycling.com\/wide\/#\/schema\/person\/50f01ecd18718d2333cf72e823c4f926"},"description":"Remco Evenepoel has not only maintained his position in third place during the Tour de France but has managed to outperform Jonas Vingegaard and Tadej","breadcrumb":{"@id":"https:\/\/www.welovecycling.com\/wide\/2024\/07\/18\/remco-evenepoel-i-have-to-be-happy-with-where-i-am\/#breadcrumb"},"inLanguage":"en-US","potentialAction":[{"@type":"ReadAction","target":["https:\/\/www.welovecycling.com\/wide\/2024\/07\/18\/remco-evenepoel-i-have-to-be-happy-with-where-i-am\/"]}]},{"@type":"ImageObject","inLanguage":"en-US","@id":"https:\/\/www.welovecycling.com\/wide\/2024\/07\/18\/remco-evenepoel-i-have-to-be-happy-with-where-i-am\/#primaryimage","url":"https:\/\/d2p6e6u75xmxt8.cloudfront.net\/2\/2024\/07\/Remco-Evenepoel-2024-Tour-profimedia-0890083685-CVR.webp","contentUrl":"https:\/\/d2p6e6u75xmxt8.cloudfront.net\/2\/2024\/07\/Remco-Evenepoel-2024-Tour-profimedia-0890083685-CVR.webp","width":990,"height":660,"caption":"Remco Evenepoel"},{"@type":"BreadcrumbList","@id":"https:\/\/www.welovecycling.com\/wide\/2024\/07\/18\/remco-evenepoel-i-have-to-be-happy-with-where-i-am\/#breadcrumb","itemListElement":[{"@type":"ListItem","position":1,"name":"Home","item":"https:\/\/www.welovecycling.com\/wide\/"},{"@type":"ListItem","position":2,"name":"Remco Evenepoel:\u00a0\u2018I have to be happy with where I am\u2019"}]},{"@type":"WebSite","@id":"https:\/\/www.welovecycling.com\/wide\/#website","url":"https:\/\/www.welovecycling.com\/wide\/","name":"\u0160koda We Love Cycling","description":"\u0160koda We Love Cycling magazine","alternateName":"\u0160koda WLC","potentialAction":[{"@type":"SearchAction","target":{"@type":"EntryPoint","urlTemplate":"https:\/\/www.welovecycling.com\/wide\/?s={search_term_string}"},"query-input":{"@type":"PropertyValueSpecification","valueRequired":true,"valueName":"search_term_string"}}],"inLanguage":"en-US"},{"@type":"Person","@id":"https:\/\/www.welovecycling.com\/wide\/#\/schema\/person\/50f01ecd18718d2333cf72e823c4f926","name":"tereza","image":{"@type":"ImageObject","inLanguage":"en-US","@id":"https:\/\/www.welovecycling.com\/wide\/#\/schema\/person\/image\/","url":"https:\/\/secure.gravatar.com\/avatar\/1f9eb71be33845f0afabce3791bc1c58ecdb0a25c62964987e5dbcf7a20d2ec7?s=96&d=mm&r=g","contentUrl":"https:\/\/secure.gravatar.com\/avatar\/1f9eb71be33845f0afabce3791bc1c58ecdb0a25c62964987e5dbcf7a20d2ec7?s=96&d=mm&r=g","caption":"tereza"},"url":"https:\/\/www.welovecycling.com\/wide\/author\/tereza\/"}]}},"_links":{"self":[{"href":"https:\/\/www.welovecycling.com\/wide\/wp-json\/wp\/v2\/posts\/196308","targetHints":{"allow":["GET"]}}],"collection":[{"href":"https:\/\/www.welovecycling.com\/wide\/wp-json\/wp\/v2\/posts"}],"about":[{"href":"https:\/\/www.welovecycling.com\/wide\/wp-json\/wp\/v2\/types\/post"}],"author":[{"embeddable":true,"href":"https:\/\/www.welovecycling.com\/wide\/wp-json\/wp\/v2\/users\/99"}],"replies":[{"embeddable":true,"href":"https:\/\/www.welovecycling.com\/wide\/wp-json\/wp\/v2\/comments?post=196308"}],"version-history":[{"count":2,"href":"https:\/\/www.welovecycling.com\/wide\/wp-json\/wp\/v2\/posts\/196308\/revisions"}],"predecessor-version":[{"id":196374,"href":"https:\/\/www.welovecycling.com\/wide\/wp-json\/wp\/v2\/posts\/196308\/revisions\/196374"}],"wp:featuredmedia":[{"embeddable":true,"href":"https:\/\/www.welovecycling.com\/wide\/wp-json\/wp\/v2\/media\/196309"}],"wp:attachment":[{"href":"https:\/\/www.welovecycling.com\/wide\/wp-json\/wp\/v2\/media?parent=196308"}],"wp:term":[{"taxonomy":"category","embeddable":true,"href":"https:\/\/www.welovecycling.com\/wide\/wp-json\/wp\/v2\/categories?post=196308"},{"taxonomy":"post_tag","embeddable":true,"href":"https:\/\/www.welovecycling.com\/wide\/wp-json\/wp\/v2\/tags?post=196308"},{"taxonomy":"global-categories","embeddable":true,"href":"https:\/\/www.welovecycling.com\/wide\/wp-json\/wp\/v2\/global-categories?post=196308"}],"curies":[{"name":"wp","href":"https:\/\/api.w.org\/{rel}","templated":true}]}}