{"id":196301,"date":"2024-07-17T14:34:41","date_gmt":"2024-07-17T14:34:41","guid":{"rendered":"https:\/\/www.welovecycling.com\/wide\/?p=196301"},"modified":"2024-07-17T14:34:41","modified_gmt":"2024-07-17T14:34:41","slug":"martin-jahn-of-skoda-auto-on-early-tour-de-france-memories","status":"publish","type":"post","link":"https:\/\/www.welovecycling.com\/wide\/2024\/07\/17\/martin-jahn-of-skoda-auto-on-early-tour-de-france-memories\/","title":{"rendered":"Martin Jahn of \u0160koda Auto on Early Tour de France Memories"},"content":{"rendered":"<div>\n<p><strong>The magic of the Tour de France, among other things, lies in bringing together people from all walks of life. Since \u0160koda has been a major partner of the Tour since 2004 and Tour de France Femmes avec Zwift since 2022, you don\u2019t have to go far to find a cycling enthusiast and Tour aficionado within the company. Martin Jahn, \u0160koda Auto Board Member for Sales and Marketing, shared with us a little slice of his cycling life, what does he admire the most about the riders taking part in the Tour or his thoughts on bike commuting. Read on!<\/strong><\/p>\n<\/div>\n<p><!--more--><\/p>\n<div>\n<p><b><span lang=\"EN-GB\">Can you still remember your first day on the bike?<\/span><\/b><\/p>\n<\/div>\n<div>\n<p><span lang=\"EN-GB\">I remember bits and pieces. I was four or five and rode the bike with stabilisers \u2013 it felt like a new sense of bravery and independence. What I remember much better, indeed, are the moments when my children started to ride a bike. Those are unforgettable moments of pride.<\/span><\/p>\n<\/div>\n<div>\n<p><b><span lang=\"EN-GB\">When did you first hear about the Tour de France?<\/span><\/b><\/p>\n<\/div>\n<div>\n<p><span lang=\"EN-GB\">I heard about it in my childhood, and it became even more fascinating in the 90s with legends like Indur\u00e1in, Ullrich, and Pantani.<\/span><\/p>\n<\/div>\n<div>\n<p><b><span lang=\"EN-GB\">What do you like most about the Tour de France?<\/span><\/b><\/p>\n<\/div>\n<div>\n<p><span lang=\"EN-GB\">I&#8217;m always amazed at what the top riders are capable of \u2013 riding in rain, hot weather, up hills, and still being ready for the next day\u2019s 200 km. Even if they have an accident, they mostly continue despite their injuries. They are like Iron Man. Then there are the beautiful scenes from France, combined with our <a href=\"https:\/\/www.welovecycling.com\/wide\/2020\/09\/08\/the-story-of-the-skoda-green-jersey-and-the-legend-of-peter-sagan\/\" target=\"_blank\" rel=\"noopener\">\u0160koda Green Jersey<\/a> and the elegant \u0160koda cars \u2013 like the red director&#8217;s car. This year, you&#8217;ll see either the Enyaq or the new Superb. I also appreciate how the Tour de Franc has evolved over time, and in recent years, the inclusion of the Tour de France Femmes avec Zwift was a bold and commendable move.<\/span><\/p>\n<figure id=\"attachment_196302\" aria-describedby=\"caption-attachment-196302\" style=\"width: 990px\" class=\"wp-caption alignnone\"><a href=\"https:\/\/d2p6e6u75xmxt8.cloudfront.net\/2\/2024\/07\/Martin-Jahn-Tour-de-France-1.webp\"><img loading=\"lazy\" decoding=\"async\" class=\"size-full wp-image-196302\" src=\"https:\/\/d2p6e6u75xmxt8.cloudfront.net\/2\/2024\/07\/Martin-Jahn-Tour-de-France-1.webp\" alt=\"Martin Jahn\" width=\"990\" height=\"660\" srcset=\"https:\/\/d2p6e6u75xmxt8.cloudfront.net\/2\/2024\/07\/Martin-Jahn-Tour-de-France-1.webp 990w, https:\/\/d2p6e6u75xmxt8.cloudfront.net\/2\/2024\/07\/Martin-Jahn-Tour-de-France-1-300x200.webp 300w, https:\/\/d2p6e6u75xmxt8.cloudfront.net\/2\/2024\/07\/Martin-Jahn-Tour-de-France-1-768x512.webp 768w, https:\/\/d2p6e6u75xmxt8.cloudfront.net\/2\/2024\/07\/Martin-Jahn-Tour-de-France-1-400x267.webp 400w, https:\/\/d2p6e6u75xmxt8.cloudfront.net\/2\/2024\/07\/Martin-Jahn-Tour-de-France-1-272x182.webp 272w\" sizes=\"auto, (max-width: 990px) 100vw, 990px\" \/><\/a><figcaption id=\"caption-attachment-196302\" class=\"wp-caption-text\">The magic of the Tour de France, among other things, lies in bringing together people from all walks of life.<\/figcaption><\/figure>\n<\/div>\n<div>\n<p><b><span lang=\"EN-GB\">How often do you go cycling?<\/span><\/b><\/p>\n<\/div>\n<div>\n<p><span lang=\"EN-GB\">Less than I\u2019d like, to be honest. I have a great passion for cycling but my work commitments don\u2019t allow me to ride as much as I want to. That said, I relish every opportunity I get to ride.<\/span><\/p>\n<\/div>\n<div>\n<p><b><span lang=\"EN-GB\">What do you enjoy most about cycling?<\/span><\/b><\/p>\n<\/div>\n<div>\n<p><span lang=\"EN-GB\">I enjoy the opportunity to spend some time alone, clear my head, and enjoy the nature and fresh air around me.<\/span><\/p>\n<\/div>\n<div>\n<p><b><span lang=\"EN-GB\">What is your favourite cycling destination?<\/span><\/b><\/p>\n<\/div>\n<div>\n<p><span lang=\"EN-GB\">Anywhere in the countryside or in the forest, mainly in the south of Czechia and Austria.<\/span><\/p>\n<\/div>\n<div>\n<p><b><span lang=\"EN-GB\">Nice or Paris?<\/span><\/b><\/p>\n<\/div>\n<div>\n<p><span lang=\"EN-GB\">Nice is a charming coastal city but in connection with the <a href=\"http:\/\/letour.fr\">Tour de France<\/a> it has to be Paris \u2013 it has always been the symbol of the Tour finals.<\/span><\/p>\n<\/div>\n<div>\n<p><b><span lang=\"EN-GB\">What are your thoughts on cycling as a mode of transportation in cities?<\/span><\/b><\/p>\n<\/div>\n<div>\n<p><span lang=\"EN-GB\">Especially in historic city centres, the future should include either cycling or electric cars\/electric public transportation. Good examples in Europe are cities like London, Copenhagen, and Amsterdam where many people already commute to the city centre by bike.<\/span><\/p>\n<\/div>\n<div>\n<p><b><span lang=\"EN-GB\">Road or mountain bike?<\/span><\/b><\/p>\n<\/div>\n<div>\n<p><span lang=\"EN-GB\">I proudly own a mountain bike from our \u0160koda cycling collection. So, even when I manage to sneak in some cycling time in my busy work schedule, I feel a strong connection to our brand.<b><\/b><\/span><\/p>\n<\/div>\n","protected":false},"excerpt":{"rendered":"<p>The magic of the Tour de France, among other things, lies in bringing together people from all walks of life. [&hellip;]<\/p>\n","protected":false},"author":99,"featured_media":196303,"comment_status":"closed","ping_status":"open","sticky":false,"template":"","format":"standard","meta":{"footnotes":""},"categories":[329],"tags":[7807,7750,433],"global-categories":[3366],"class_list":["post-196301","post","type-post","status-publish","format-standard","has-post-thumbnail","hentry","category-road-cycling","tag-2024-tour","tag-martin-jahn","tag-tour-de-france","global-categories-cycling"],"yoast_head":"<!-- This site is optimized with the Yoast SEO Premium plugin v25.3 (Yoast SEO v25.9) - https:\/\/yoast.com\/wordpress\/plugins\/seo\/ -->\n<title>Martin Jahn of \u0160koda Auto on Early Tour de France Memories - \u0160koda We Love Cycling<\/title>\n<meta name=\"description\" content=\"The magic of the Tour de France, among other things, lies in bringing together people from all walks of life. Since \u0160koda has been a major partner of the\" \/>\n<meta name=\"robots\" content=\"index, follow, max-snippet:-1, max-image-preview:large, max-video-preview:-1\" \/>\n<link rel=\"canonical\" href=\"https:\/\/www.welovecycling.com\/wide\/2024\/07\/17\/martin-jahn-of-skoda-auto-on-early-tour-de-france-memories\/\" \/>\n<meta property=\"og:locale\" content=\"en_US\" \/>\n<meta property=\"og:type\" content=\"article\" \/>\n<meta property=\"og:title\" content=\"Martin Jahn of \u0160koda Auto on Early Tour de France Memories\" \/>\n<meta property=\"og:description\" content=\"The magic of the Tour de France, among other things, lies in bringing together people from all walks of life. Since \u0160koda has been a major partner of the\" \/>\n<meta property=\"og:url\" content=\"https:\/\/www.welovecycling.com\/wide\/2024\/07\/17\/martin-jahn-of-skoda-auto-on-early-tour-de-france-memories\/\" \/>\n<meta property=\"og:site_name\" content=\"\u0160koda We Love Cycling\" \/>\n<meta property=\"article:published_time\" content=\"2024-07-17T14:34:41+00:00\" \/>\n<meta property=\"og:image\" content=\"https:\/\/d2p6e6u75xmxt8.cloudfront.net\/2\/2024\/07\/Martin-Jahn-CVR.webp\" \/>\n\t<meta property=\"og:image:width\" content=\"990\" \/>\n\t<meta property=\"og:image:height\" content=\"660\" \/>\n\t<meta property=\"og:image:type\" content=\"image\/webp\" \/>\n<meta name=\"author\" content=\"tereza\" \/>\n<meta name=\"twitter:card\" content=\"summary_large_image\" \/>\n<meta name=\"twitter:label1\" content=\"Written by\" \/>\n\t<meta name=\"twitter:data1\" content=\"Frantiska Blazkova\" \/>\n\t<meta name=\"twitter:label2\" content=\"Est. reading time\" \/>\n\t<meta name=\"twitter:data2\" content=\"3\" \/>\n<script type=\"application\/ld+json\" class=\"yoast-schema-graph\">{\"@context\":\"https:\/\/schema.org\",\"@graph\":[{\"@type\":\"WebPage\",\"@id\":\"https:\/\/www.welovecycling.com\/wide\/2024\/07\/17\/martin-jahn-of-skoda-auto-on-early-tour-de-france-memories\/\",\"url\":\"https:\/\/www.welovecycling.com\/wide\/2024\/07\/17\/martin-jahn-of-skoda-auto-on-early-tour-de-france-memories\/\",\"name\":\"Martin Jahn of \u0160koda Auto on Early Tour de France Memories - \u0160koda We Love Cycling\",\"isPartOf\":{\"@id\":\"https:\/\/www.welovecycling.com\/wide\/#website\"},\"primaryImageOfPage\":{\"@id\":\"https:\/\/www.welovecycling.com\/wide\/2024\/07\/17\/martin-jahn-of-skoda-auto-on-early-tour-de-france-memories\/#primaryimage\"},\"image\":{\"@id\":\"https:\/\/www.welovecycling.com\/wide\/2024\/07\/17\/martin-jahn-of-skoda-auto-on-early-tour-de-france-memories\/#primaryimage\"},\"thumbnailUrl\":\"https:\/\/d2p6e6u75xmxt8.cloudfront.net\/2\/2024\/07\/Martin-Jahn-CVR.webp\",\"datePublished\":\"2024-07-17T14:34:41+00:00\",\"author\":{\"@id\":\"https:\/\/www.welovecycling.com\/wide\/#\/schema\/person\/50f01ecd18718d2333cf72e823c4f926\"},\"description\":\"The magic of the Tour de France, among other things, lies in bringing together people from all walks of life. Since \u0160koda has been a major partner of the\",\"breadcrumb\":{\"@id\":\"https:\/\/www.welovecycling.com\/wide\/2024\/07\/17\/martin-jahn-of-skoda-auto-on-early-tour-de-france-memories\/#breadcrumb\"},\"inLanguage\":\"en-US\",\"potentialAction\":[{\"@type\":\"ReadAction\",\"target\":[\"https:\/\/www.welovecycling.com\/wide\/2024\/07\/17\/martin-jahn-of-skoda-auto-on-early-tour-de-france-memories\/\"]}]},{\"@type\":\"ImageObject\",\"inLanguage\":\"en-US\",\"@id\":\"https:\/\/www.welovecycling.com\/wide\/2024\/07\/17\/martin-jahn-of-skoda-auto-on-early-tour-de-france-memories\/#primaryimage\",\"url\":\"https:\/\/d2p6e6u75xmxt8.cloudfront.net\/2\/2024\/07\/Martin-Jahn-CVR.webp\",\"contentUrl\":\"https:\/\/d2p6e6u75xmxt8.cloudfront.net\/2\/2024\/07\/Martin-Jahn-CVR.webp\",\"width\":990,\"height\":660},{\"@type\":\"BreadcrumbList\",\"@id\":\"https:\/\/www.welovecycling.com\/wide\/2024\/07\/17\/martin-jahn-of-skoda-auto-on-early-tour-de-france-memories\/#breadcrumb\",\"itemListElement\":[{\"@type\":\"ListItem\",\"position\":1,\"name\":\"Home\",\"item\":\"https:\/\/www.welovecycling.com\/wide\/\"},{\"@type\":\"ListItem\",\"position\":2,\"name\":\"Martin Jahn of \u0160koda Auto on Early Tour de France Memories\"}]},{\"@type\":\"WebSite\",\"@id\":\"https:\/\/www.welovecycling.com\/wide\/#website\",\"url\":\"https:\/\/www.welovecycling.com\/wide\/\",\"name\":\"\u0160koda We Love Cycling\",\"description\":\"\u0160koda We Love Cycling magazine\",\"alternateName\":\"\u0160koda WLC\",\"potentialAction\":[{\"@type\":\"SearchAction\",\"target\":{\"@type\":\"EntryPoint\",\"urlTemplate\":\"https:\/\/www.welovecycling.com\/wide\/?s={search_term_string}\"},\"query-input\":{\"@type\":\"PropertyValueSpecification\",\"valueRequired\":true,\"valueName\":\"search_term_string\"}}],\"inLanguage\":\"en-US\"},{\"@type\":\"Person\",\"@id\":\"https:\/\/www.welovecycling.com\/wide\/#\/schema\/person\/50f01ecd18718d2333cf72e823c4f926\",\"name\":\"tereza\",\"image\":{\"@type\":\"ImageObject\",\"inLanguage\":\"en-US\",\"@id\":\"https:\/\/www.welovecycling.com\/wide\/#\/schema\/person\/image\/\",\"url\":\"https:\/\/secure.gravatar.com\/avatar\/1f9eb71be33845f0afabce3791bc1c58ecdb0a25c62964987e5dbcf7a20d2ec7?s=96&d=mm&r=g\",\"contentUrl\":\"https:\/\/secure.gravatar.com\/avatar\/1f9eb71be33845f0afabce3791bc1c58ecdb0a25c62964987e5dbcf7a20d2ec7?s=96&d=mm&r=g\",\"caption\":\"tereza\"},\"url\":\"https:\/\/www.welovecycling.com\/wide\/author\/tereza\/\"}]}<\/script>\n<!-- \/ Yoast SEO Premium plugin. -->","yoast_head_json":{"title":"Martin Jahn of \u0160koda Auto on Early Tour de France Memories - \u0160koda We Love Cycling","description":"The magic of the Tour de France, among other things, lies in bringing together people from all walks of life. Since \u0160koda has been a major partner of the","robots":{"index":"index","follow":"follow","max-snippet":"max-snippet:-1","max-image-preview":"max-image-preview:large","max-video-preview":"max-video-preview:-1"},"canonical":"https:\/\/www.welovecycling.com\/wide\/2024\/07\/17\/martin-jahn-of-skoda-auto-on-early-tour-de-france-memories\/","og_locale":"en_US","og_type":"article","og_title":"Martin Jahn of \u0160koda Auto on Early Tour de France Memories","og_description":"The magic of the Tour de France, among other things, lies in bringing together people from all walks of life. Since \u0160koda has been a major partner of the","og_url":"https:\/\/www.welovecycling.com\/wide\/2024\/07\/17\/martin-jahn-of-skoda-auto-on-early-tour-de-france-memories\/","og_site_name":"\u0160koda We Love Cycling","article_published_time":"2024-07-17T14:34:41+00:00","og_image":[{"width":990,"height":660,"url":"https:\/\/d2p6e6u75xmxt8.cloudfront.net\/2\/2024\/07\/Martin-Jahn-CVR.webp","type":"image\/webp"}],"author":"tereza","twitter_card":"summary_large_image","twitter_misc":{"Written by":"Frantiska Blazkova","Est. reading time":"3"},"schema":{"@context":"https:\/\/schema.org","@graph":[{"@type":"WebPage","@id":"https:\/\/www.welovecycling.com\/wide\/2024\/07\/17\/martin-jahn-of-skoda-auto-on-early-tour-de-france-memories\/","url":"https:\/\/www.welovecycling.com\/wide\/2024\/07\/17\/martin-jahn-of-skoda-auto-on-early-tour-de-france-memories\/","name":"Martin Jahn of \u0160koda Auto on Early Tour de France Memories - \u0160koda We Love Cycling","isPartOf":{"@id":"https:\/\/www.welovecycling.com\/wide\/#website"},"primaryImageOfPage":{"@id":"https:\/\/www.welovecycling.com\/wide\/2024\/07\/17\/martin-jahn-of-skoda-auto-on-early-tour-de-france-memories\/#primaryimage"},"image":{"@id":"https:\/\/www.welovecycling.com\/wide\/2024\/07\/17\/martin-jahn-of-skoda-auto-on-early-tour-de-france-memories\/#primaryimage"},"thumbnailUrl":"https:\/\/d2p6e6u75xmxt8.cloudfront.net\/2\/2024\/07\/Martin-Jahn-CVR.webp","datePublished":"2024-07-17T14:34:41+00:00","author":{"@id":"https:\/\/www.welovecycling.com\/wide\/#\/schema\/person\/50f01ecd18718d2333cf72e823c4f926"},"description":"The magic of the Tour de France, among other things, lies in bringing together people from all walks of life. Since \u0160koda has been a major partner of the","breadcrumb":{"@id":"https:\/\/www.welovecycling.com\/wide\/2024\/07\/17\/martin-jahn-of-skoda-auto-on-early-tour-de-france-memories\/#breadcrumb"},"inLanguage":"en-US","potentialAction":[{"@type":"ReadAction","target":["https:\/\/www.welovecycling.com\/wide\/2024\/07\/17\/martin-jahn-of-skoda-auto-on-early-tour-de-france-memories\/"]}]},{"@type":"ImageObject","inLanguage":"en-US","@id":"https:\/\/www.welovecycling.com\/wide\/2024\/07\/17\/martin-jahn-of-skoda-auto-on-early-tour-de-france-memories\/#primaryimage","url":"https:\/\/d2p6e6u75xmxt8.cloudfront.net\/2\/2024\/07\/Martin-Jahn-CVR.webp","contentUrl":"https:\/\/d2p6e6u75xmxt8.cloudfront.net\/2\/2024\/07\/Martin-Jahn-CVR.webp","width":990,"height":660},{"@type":"BreadcrumbList","@id":"https:\/\/www.welovecycling.com\/wide\/2024\/07\/17\/martin-jahn-of-skoda-auto-on-early-tour-de-france-memories\/#breadcrumb","itemListElement":[{"@type":"ListItem","position":1,"name":"Home","item":"https:\/\/www.welovecycling.com\/wide\/"},{"@type":"ListItem","position":2,"name":"Martin Jahn of \u0160koda Auto on Early Tour de France Memories"}]},{"@type":"WebSite","@id":"https:\/\/www.welovecycling.com\/wide\/#website","url":"https:\/\/www.welovecycling.com\/wide\/","name":"\u0160koda We Love Cycling","description":"\u0160koda We Love Cycling magazine","alternateName":"\u0160koda WLC","potentialAction":[{"@type":"SearchAction","target":{"@type":"EntryPoint","urlTemplate":"https:\/\/www.welovecycling.com\/wide\/?s={search_term_string}"},"query-input":{"@type":"PropertyValueSpecification","valueRequired":true,"valueName":"search_term_string"}}],"inLanguage":"en-US"},{"@type":"Person","@id":"https:\/\/www.welovecycling.com\/wide\/#\/schema\/person\/50f01ecd18718d2333cf72e823c4f926","name":"tereza","image":{"@type":"ImageObject","inLanguage":"en-US","@id":"https:\/\/www.welovecycling.com\/wide\/#\/schema\/person\/image\/","url":"https:\/\/secure.gravatar.com\/avatar\/1f9eb71be33845f0afabce3791bc1c58ecdb0a25c62964987e5dbcf7a20d2ec7?s=96&d=mm&r=g","contentUrl":"https:\/\/secure.gravatar.com\/avatar\/1f9eb71be33845f0afabce3791bc1c58ecdb0a25c62964987e5dbcf7a20d2ec7?s=96&d=mm&r=g","caption":"tereza"},"url":"https:\/\/www.welovecycling.com\/wide\/author\/tereza\/"}]}},"_links":{"self":[{"href":"https:\/\/www.welovecycling.com\/wide\/wp-json\/wp\/v2\/posts\/196301","targetHints":{"allow":["GET"]}}],"collection":[{"href":"https:\/\/www.welovecycling.com\/wide\/wp-json\/wp\/v2\/posts"}],"about":[{"href":"https:\/\/www.welovecycling.com\/wide\/wp-json\/wp\/v2\/types\/post"}],"author":[{"embeddable":true,"href":"https:\/\/www.welovecycling.com\/wide\/wp-json\/wp\/v2\/users\/99"}],"replies":[{"embeddable":true,"href":"https:\/\/www.welovecycling.com\/wide\/wp-json\/wp\/v2\/comments?post=196301"}],"version-history":[{"count":1,"href":"https:\/\/www.welovecycling.com\/wide\/wp-json\/wp\/v2\/posts\/196301\/revisions"}],"predecessor-version":[{"id":196304,"href":"https:\/\/www.welovecycling.com\/wide\/wp-json\/wp\/v2\/posts\/196301\/revisions\/196304"}],"wp:featuredmedia":[{"embeddable":true,"href":"https:\/\/www.welovecycling.com\/wide\/wp-json\/wp\/v2\/media\/196303"}],"wp:attachment":[{"href":"https:\/\/www.welovecycling.com\/wide\/wp-json\/wp\/v2\/media?parent=196301"}],"wp:term":[{"taxonomy":"category","embeddable":true,"href":"https:\/\/www.welovecycling.com\/wide\/wp-json\/wp\/v2\/categories?post=196301"},{"taxonomy":"post_tag","embeddable":true,"href":"https:\/\/www.welovecycling.com\/wide\/wp-json\/wp\/v2\/tags?post=196301"},{"taxonomy":"global-categories","embeddable":true,"href":"https:\/\/www.welovecycling.com\/wide\/wp-json\/wp\/v2\/global-categories?post=196301"}],"curies":[{"name":"wp","href":"https:\/\/api.w.org\/{rel}","templated":true}]}}