{"id":196272,"date":"2024-07-12T12:35:07","date_gmt":"2024-07-12T12:35:07","guid":{"rendered":"https:\/\/www.welovecycling.com\/wide\/?p=196272"},"modified":"2024-07-12T12:35:07","modified_gmt":"2024-07-12T12:35:07","slug":"girmay-takes-control-of-green-jersey-as-roglic-drops-out-of-tour","status":"publish","type":"post","link":"https:\/\/www.welovecycling.com\/wide\/2024\/07\/12\/girmay-takes-control-of-green-jersey-as-roglic-drops-out-of-tour\/","title":{"rendered":"Girmay Takes Control of Green Jersey as Rogli\u010d Drops out of Tour"},"content":{"rendered":"<p>Eritrea\u2019s Biniam Girmay unleashed another powerful sprint on Thursday\u2019s stage 12 of the 2024 Tour de France to win his third stage and take a stranglehold on the competition for the \u0160koda Green Jersey. After becoming the first Black African rider to win a Tour stage on stage 3, the 24-year-old Intermarch\u00e9-Wanty rider steadily increased his lead in the points classification, aided by the bad luck and questionable decisions of his main rival, last year\u2019s \u0160koda Green Jersey winner Jasper Philipsen (Alpecin-Deceuninck).<!--more--><br \/>\nThough he finally won a stage, on Tuesday\u2019s stage 10, the Belgian\u2019s miseries continued as his main lead-out rider, world champion Mathieu van der Poel, was held up by a mass crash with 11.9 km left in the stage and was never able to return to the front of the peloton and aid his teammate. Philipsen seemed to lose his way during the chaotic sprint and finished sixth.<\/p>\n<p>Girmay now leads the green jersey race with 328 points with Philipsen in second at a distant 217 points and Frenchman Anthony Turgis sitting third with 141. With only two flat stages left in the race, only accident, illness or the mountains can keep him from adding another milestone to his already impressive Palmares: the first Black African rider to win a jersey of any kind on a Grand Tour.<\/p>\n<p>\u201cFirst of all, I would say thank God for giving me a lot of strength and power,\u201d Girmay said after the win. \u201cWithout God, we cannot do anything so I&#8217;m super happy. Second, I want to say thanks to my teammates. Thank you for everyone, without them I cannot prove I am the fastest.\u201d<\/p>\n<p>He added that he came into the Tour feeling very confident. \u201cFrom the start of the Tour, I feel like I knew I can do good results if I have the right time and the right wheel. I proved in the last three sprints [that] if I&#8217;m in the right position, I am able to win, especially today. We didn&#8217;t have any stress. We think the break will arrive, don&#8217;t take risk but in the end, when everyone came together, I got on the radio and said I feel good. I&#8217;m super happy I can deliver.\u201d<\/p>\n<div class=\"shortcode-ys-post-pinup\"><article class=\"loop-simple post-196224 post type-post status-publish format-standard has-post-thumbnail hentry category-socialising-and-culture tag-2024-tour tag-love-stories-from-the-tour tag-tour-de-france tag-tour-de-love-story global-categories-cycling\" data-postid=\"196224\" role=\"article\" data-post-id=\"196224\" data-word-count=\"871\" data-headline-length=\"59\" data-category=\"Socialising and Culture\" data-global-category=\"Cycling\" data-author=\"Martin Atanasov\" data-published=\"2024-07-10T11:08:33+00:00\" data-published-day=\"Wednesday\">\n    <div class=\"entry-thumbnail article-thumbnail\" content=\"https:\/\/d2p6e6u75xmxt8.cloudfront.net\/2\/2024\/07\/Tour-de-Love-Story-CVR-150x150.webp\"><a href=\"https:\/\/www.welovecycling.com\/wide\/2024\/07\/10\/tour-de-love-story-delight-in-the-funniest-tour-love-tales\/\" class=\"image-holder\" target=\"_self\"><img decoding=\"async\" loading=\"lazy\" class=\"\" src=\"https:\/\/d2p6e6u75xmxt8.cloudfront.net\/2\/2024\/07\/Tour-de-Love-Story-CVR.webp\" srcset=\"https:\/\/d2p6e6u75xmxt8.cloudfront.net\/2\/2024\/07\/Tour-de-Love-Story-CVR.webp 990w, https:\/\/d2p6e6u75xmxt8.cloudfront.net\/2\/2024\/07\/Tour-de-Love-Story-CVR-300x200.webp 300w, https:\/\/d2p6e6u75xmxt8.cloudfront.net\/2\/2024\/07\/Tour-de-Love-Story-CVR-768x512.webp 768w, https:\/\/d2p6e6u75xmxt8.cloudfront.net\/2\/2024\/07\/Tour-de-Love-Story-CVR-400x267.webp 400w, https:\/\/d2p6e6u75xmxt8.cloudfront.net\/2\/2024\/07\/Tour-de-Love-Story-CVR-272x182.webp 272w\" width=\"990\" height=\"660\" sizes=\"auto, (min-width: 1200px) 300px, (min-width: 768px) 25vw, 100vw\" alt=\"tour-de-love-story-delight-in-the-funniest-tour-love-tales\"\/><\/a><\/div>    <div class=\"entry-meta\">\n        <a class=\"label label-secondary post-category\" href=\"https:\/\/www.welovecycling.com\/wide\/category\/socialising-and-culture\/\" title=\"Socialising and Culture\">Socialising and Culture<\/a>\n    <\/div>\n    <div class=\"entry-details\">\n        <a href=\"https:\/\/www.welovecycling.com\/wide\/2024\/07\/10\/tour-de-love-story-delight-in-the-funniest-tour-love-tales\/\" class='entry-title-wrapper'>\n            <h3 class=\"entry-title\"><span>Tour de Love Story: Delight in the Funniest Tour Love Tales<\/span><\/h3>\n        <\/a>\n    <\/div>\n    <\/article>\n<\/div>\n<p>He also made a plea for more diversity in the race, saying: \u201cThis year, I\u2019m the only Black rider in the peloton, it\u2019s not nice, to be honest, so I wish there were more Black riders in the peloton.\u201d He added that by having greater diversity, road racing could finally become a true global sport and that he was \u201csuper happy to show and deliver so that cycling can be more global.\u201d<\/p>\n<p>A resurgent Wout van Aert (Visma\u2013Lease a Bike) finished second in the sprint after nearly crashing into the barrier and being impeded by Arnaud D\u00e9mare (Ark\u00e9a-B&amp;B Hotels). D\u00e9mare finished third, behind van Aert but was later relegated to 67th place for \u201cDeviation from the chosen line that obstructs or endangers another rider or irregular sprint.\u201d New Tour-stage record-holder Mark Cavendish, who finished fifth, was relegated to 68th for the same reason. As a result, Pascal Ackerman (Israel \u2013 Premier Tech) was moved up to third and Philipsen to fourth.<\/p>\n<p>It was the second time van Aert has been impeded on this Tour. Philipsen was relegated from second to last in stage 6 for having changed his line and impeding the 2022 \u0160koda Green Jersey winner.<\/p>\n<p>The crash that impeded van der Poel also ended Primo\u017e Rogli\u010d\u2019s dream of a Tour de France championship, for this year at least. The Red Bull-BORA-hansgrohe leader took a hard tumble from his bike when Alexei Lutsenko (Astana Qazaqstan) inexplicably tried to change lanes over some road furniture and fell into the peloton, taking down about a dozen riders.<\/p>\n<figure id=\"attachment_196279\" aria-describedby=\"caption-attachment-196279\" style=\"width: 1080px\" class=\"wp-caption alignnone\"><a href=\"https:\/\/d2p6e6u75xmxt8.cloudfront.net\/2\/2024\/07\/profimedia-0889220559-copy.webp\"><img loading=\"lazy\" decoding=\"async\" class=\"size-full wp-image-196279\" src=\"https:\/\/d2p6e6u75xmxt8.cloudfront.net\/2\/2024\/07\/profimedia-0889220559-copy.webp\" alt=\"\" width=\"1080\" height=\"719\" srcset=\"https:\/\/d2p6e6u75xmxt8.cloudfront.net\/2\/2024\/07\/profimedia-0889220559-copy.webp 1080w, https:\/\/d2p6e6u75xmxt8.cloudfront.net\/2\/2024\/07\/profimedia-0889220559-copy-300x200.webp 300w, https:\/\/d2p6e6u75xmxt8.cloudfront.net\/2\/2024\/07\/profimedia-0889220559-copy-1024x682.webp 1024w, https:\/\/d2p6e6u75xmxt8.cloudfront.net\/2\/2024\/07\/profimedia-0889220559-copy-768x511.webp 768w, https:\/\/d2p6e6u75xmxt8.cloudfront.net\/2\/2024\/07\/profimedia-0889220559-copy-400x266.webp 400w, https:\/\/d2p6e6u75xmxt8.cloudfront.net\/2\/2024\/07\/profimedia-0889220559-copy-272x182.webp 272w\" sizes=\"auto, (max-width: 1080px) 100vw, 1080px\" \/><\/a><figcaption id=\"caption-attachment-196279\" class=\"wp-caption-text\">(FILES) Red Bull &#8211; BORA &#8211; hansgrohe team&#8217;s Slovenian rider Primoz Roglic, with visible injuries sustained in a crash in the final kilometers of the stage, cycles past the finish line of the 12th stage of the 111th edition of the Tour de France cycling race, 203,6 km between Aurillac and Villeneuve-sur-Lot, southwestern France, on July 11, 2024. Leading contender Primoz Roglic has withdrawn from the Tour de France before the start of stage 13, his team Red Bull Bora Hansgrohe said on July 12, 2024.<\/figcaption><\/figure>\n<p>Rogli\u010d quickly remounted but he seemed groggy. Though his entire team rode with him, they continuously lost ground to the hard-charging bunch, which was riding at speeds of up to 70 km\/h. The Slovenian crossed the finish line 2:27 behind the winner and sat down in sixth in the GC, 4:42 behind countryman Tadej Poga\u010dar (UAE Team Emirates), with his chances of even making the podium seriously compromised. As a result, his team announced Friday that the 34-year-old Rogli\u010d was dropping out of the Tour. That marks the third time, after 2021 and 2022, that he has abandoned the race following crashes.<\/p>\n<p>Rogli\u010d also crashed near the end of Wednesday\u2019s stage 11 but that incident occurred within 3 km of the finish, so he was given the time of Remco Evenepoel (Soudal\u2013Quick Step), with whom he\u2019d been riding. But that turned out to be only a temporary reprieve.<\/p>\n<h4>Stage 12 Rankings:<\/h4>\n<p>1. Biniam Girmay, Intermarch\u00e9-Wanty<br \/>\n2. Wout van Aert, Visma\u2013Lease a Bike<br \/>\n3. Pascal Ackerman, Israel-Premier Tech<br \/>\n4. Jasper Philipsen, Alpecin-Deceuninck<br \/>\n5. Arnaud de Lie, Lotto Dstny<br \/>\n6. Alexander Kristoff, Uno-X Mobility<br \/>\n7. Phil Bauhaus, Bahrain Victorious<br \/>\n8. Bryan Coquard, Cofidis<br \/>\n9. Dylan Groenewegen, Jayco-AlUla<br \/>\n10. Ryan Gibbons, Lidl-Trek<\/p>\n<h4>Skoda Green Jersey Standing:<\/h4>\n<p>1. Biniam Girmay, Intermarch\u00e9-Wanty, 328 points<br \/>\n2. Jasper Philipsen, Alpecin-Deceuninck, 221 points<br \/>\n3. Anthony Turgis, TotalEnergies, 141 points<br \/>\n4. Jonas Abrahamsen, Uno-X Mobility, 124 points<br \/>\n5. Bryan Coquard, Cofidis 117, points<\/p>\n","protected":false},"excerpt":{"rendered":"<p>Eritrea\u2019s Biniam Girmay unleashed another powerful sprint on Thursday\u2019s stage 12 of the 2024 Tour de France to win his [&hellip;]<\/p>\n","protected":false},"author":11,"featured_media":196278,"comment_status":"closed","ping_status":"open","sticky":false,"template":"","format":"standard","meta":{"footnotes":""},"categories":[329],"tags":[6356,2933,7911,1221,3453,433],"global-categories":[3366],"class_list":["post-196272","post","type-post","status-publish","format-standard","has-post-thumbnail","hentry","category-road-cycling","tag-biniam-girmay","tag-mathieu-van-der-poel","tag-philipsen","tag-primoz-roglic","tag-skoda-green-jersey","tag-tour-de-france","global-categories-cycling"],"yoast_head":"<!-- This site is optimized with the Yoast SEO Premium plugin v25.3 (Yoast SEO v25.9) - https:\/\/yoast.com\/wordpress\/plugins\/seo\/ -->\n<title>Girmay Takes Control of Green Jersey as Rogli\u010d Drops out of Tour - \u0160koda We Love Cycling<\/title>\n<meta name=\"description\" content=\"Eritrea\u2019s Biniam Girmay unleashed another powerful sprint on Thursday\u2019s stage 12 of the 2024 Tour de France to win his third stage and take a stranglehold\" \/>\n<meta name=\"robots\" content=\"index, follow, max-snippet:-1, max-image-preview:large, max-video-preview:-1\" \/>\n<link rel=\"canonical\" href=\"https:\/\/www.welovecycling.com\/wide\/2024\/07\/12\/girmay-takes-control-of-green-jersey-as-roglic-drops-out-of-tour\/\" \/>\n<meta property=\"og:locale\" content=\"en_US\" \/>\n<meta property=\"og:type\" content=\"article\" \/>\n<meta property=\"og:title\" content=\"Girmay Takes Control of Green Jersey as Rogli\u010d Drops out of Tour\" \/>\n<meta property=\"og:description\" content=\"Eritrea\u2019s Biniam Girmay unleashed another powerful sprint on Thursday\u2019s stage 12 of the 2024 Tour de France to win his third stage and take a stranglehold\" \/>\n<meta property=\"og:url\" content=\"https:\/\/www.welovecycling.com\/wide\/2024\/07\/12\/girmay-takes-control-of-green-jersey-as-roglic-drops-out-of-tour\/\" \/>\n<meta property=\"og:site_name\" content=\"\u0160koda We Love Cycling\" \/>\n<meta property=\"article:published_time\" content=\"2024-07-12T12:35:07+00:00\" \/>\n<meta property=\"og:image\" content=\"https:\/\/d2p6e6u75xmxt8.cloudfront.net\/2\/2024\/07\/cover.webp\" \/>\n\t<meta property=\"og:image:width\" content=\"1800\" \/>\n\t<meta property=\"og:image:height\" content=\"1199\" \/>\n\t<meta property=\"og:image:type\" content=\"image\/webp\" \/>\n<meta name=\"author\" content=\"ondrejfilgas\" \/>\n<meta name=\"twitter:card\" content=\"summary_large_image\" \/>\n<meta name=\"twitter:label1\" content=\"Written by\" \/>\n\t<meta name=\"twitter:data1\" content=\"Martin Atanasov\" \/>\n\t<meta name=\"twitter:label2\" content=\"Est. reading time\" \/>\n\t<meta name=\"twitter:data2\" content=\"5\" \/>\n<script type=\"application\/ld+json\" class=\"yoast-schema-graph\">{\"@context\":\"https:\/\/schema.org\",\"@graph\":[{\"@type\":\"WebPage\",\"@id\":\"https:\/\/www.welovecycling.com\/wide\/2024\/07\/12\/girmay-takes-control-of-green-jersey-as-roglic-drops-out-of-tour\/\",\"url\":\"https:\/\/www.welovecycling.com\/wide\/2024\/07\/12\/girmay-takes-control-of-green-jersey-as-roglic-drops-out-of-tour\/\",\"name\":\"Girmay Takes Control of Green Jersey as Rogli\u010d Drops out of Tour - \u0160koda We Love Cycling\",\"isPartOf\":{\"@id\":\"https:\/\/www.welovecycling.com\/wide\/#website\"},\"primaryImageOfPage\":{\"@id\":\"https:\/\/www.welovecycling.com\/wide\/2024\/07\/12\/girmay-takes-control-of-green-jersey-as-roglic-drops-out-of-tour\/#primaryimage\"},\"image\":{\"@id\":\"https:\/\/www.welovecycling.com\/wide\/2024\/07\/12\/girmay-takes-control-of-green-jersey-as-roglic-drops-out-of-tour\/#primaryimage\"},\"thumbnailUrl\":\"https:\/\/d2p6e6u75xmxt8.cloudfront.net\/2\/2024\/07\/cover.webp\",\"datePublished\":\"2024-07-12T12:35:07+00:00\",\"author\":{\"@id\":\"https:\/\/www.welovecycling.com\/wide\/#\/schema\/person\/9e2e86835e0bb27fb0d57ed5a91e76af\"},\"description\":\"Eritrea\u2019s Biniam Girmay unleashed another powerful sprint on Thursday\u2019s stage 12 of the 2024 Tour de France to win his third stage and take a stranglehold\",\"breadcrumb\":{\"@id\":\"https:\/\/www.welovecycling.com\/wide\/2024\/07\/12\/girmay-takes-control-of-green-jersey-as-roglic-drops-out-of-tour\/#breadcrumb\"},\"inLanguage\":\"en-US\",\"potentialAction\":[{\"@type\":\"ReadAction\",\"target\":[\"https:\/\/www.welovecycling.com\/wide\/2024\/07\/12\/girmay-takes-control-of-green-jersey-as-roglic-drops-out-of-tour\/\"]}]},{\"@type\":\"ImageObject\",\"inLanguage\":\"en-US\",\"@id\":\"https:\/\/www.welovecycling.com\/wide\/2024\/07\/12\/girmay-takes-control-of-green-jersey-as-roglic-drops-out-of-tour\/#primaryimage\",\"url\":\"https:\/\/d2p6e6u75xmxt8.cloudfront.net\/2\/2024\/07\/cover.webp\",\"contentUrl\":\"https:\/\/d2p6e6u75xmxt8.cloudfront.net\/2\/2024\/07\/cover.webp\",\"width\":1800,\"height\":1199},{\"@type\":\"BreadcrumbList\",\"@id\":\"https:\/\/www.welovecycling.com\/wide\/2024\/07\/12\/girmay-takes-control-of-green-jersey-as-roglic-drops-out-of-tour\/#breadcrumb\",\"itemListElement\":[{\"@type\":\"ListItem\",\"position\":1,\"name\":\"Home\",\"item\":\"https:\/\/www.welovecycling.com\/wide\/\"},{\"@type\":\"ListItem\",\"position\":2,\"name\":\"Girmay Takes Control of Green Jersey as Rogli\u010d Drops out of Tour\"}]},{\"@type\":\"WebSite\",\"@id\":\"https:\/\/www.welovecycling.com\/wide\/#website\",\"url\":\"https:\/\/www.welovecycling.com\/wide\/\",\"name\":\"\u0160koda We Love Cycling\",\"description\":\"\u0160koda We Love Cycling magazine\",\"alternateName\":\"\u0160koda WLC\",\"potentialAction\":[{\"@type\":\"SearchAction\",\"target\":{\"@type\":\"EntryPoint\",\"urlTemplate\":\"https:\/\/www.welovecycling.com\/wide\/?s={search_term_string}\"},\"query-input\":{\"@type\":\"PropertyValueSpecification\",\"valueRequired\":true,\"valueName\":\"search_term_string\"}}],\"inLanguage\":\"en-US\"},{\"@type\":\"Person\",\"@id\":\"https:\/\/www.welovecycling.com\/wide\/#\/schema\/person\/9e2e86835e0bb27fb0d57ed5a91e76af\",\"name\":\"ondrejfilgas\",\"image\":{\"@type\":\"ImageObject\",\"inLanguage\":\"en-US\",\"@id\":\"https:\/\/www.welovecycling.com\/wide\/#\/schema\/person\/image\/\",\"url\":\"https:\/\/secure.gravatar.com\/avatar\/02fc81aabb3935fbbc0730be0dad75bfa59dd0ad02d2945f9121c307ebd1bace?s=96&d=mm&r=g\",\"contentUrl\":\"https:\/\/secure.gravatar.com\/avatar\/02fc81aabb3935fbbc0730be0dad75bfa59dd0ad02d2945f9121c307ebd1bace?s=96&d=mm&r=g\",\"caption\":\"ondrejfilgas\"},\"url\":\"https:\/\/www.welovecycling.com\/wide\/author\/ondrejfilgas\/\"}]}<\/script>\n<!-- \/ Yoast SEO Premium plugin. -->","yoast_head_json":{"title":"Girmay Takes Control of Green Jersey as Rogli\u010d Drops out of Tour - \u0160koda We Love Cycling","description":"Eritrea\u2019s Biniam Girmay unleashed another powerful sprint on Thursday\u2019s stage 12 of the 2024 Tour de France to win his third stage and take a stranglehold","robots":{"index":"index","follow":"follow","max-snippet":"max-snippet:-1","max-image-preview":"max-image-preview:large","max-video-preview":"max-video-preview:-1"},"canonical":"https:\/\/www.welovecycling.com\/wide\/2024\/07\/12\/girmay-takes-control-of-green-jersey-as-roglic-drops-out-of-tour\/","og_locale":"en_US","og_type":"article","og_title":"Girmay Takes Control of Green Jersey as Rogli\u010d Drops out of Tour","og_description":"Eritrea\u2019s Biniam Girmay unleashed another powerful sprint on Thursday\u2019s stage 12 of the 2024 Tour de France to win his third stage and take a stranglehold","og_url":"https:\/\/www.welovecycling.com\/wide\/2024\/07\/12\/girmay-takes-control-of-green-jersey-as-roglic-drops-out-of-tour\/","og_site_name":"\u0160koda We Love Cycling","article_published_time":"2024-07-12T12:35:07+00:00","og_image":[{"width":1800,"height":1199,"url":"https:\/\/d2p6e6u75xmxt8.cloudfront.net\/2\/2024\/07\/cover.webp","type":"image\/webp"}],"author":"ondrejfilgas","twitter_card":"summary_large_image","twitter_misc":{"Written by":"Martin Atanasov","Est. reading time":"5"},"schema":{"@context":"https:\/\/schema.org","@graph":[{"@type":"WebPage","@id":"https:\/\/www.welovecycling.com\/wide\/2024\/07\/12\/girmay-takes-control-of-green-jersey-as-roglic-drops-out-of-tour\/","url":"https:\/\/www.welovecycling.com\/wide\/2024\/07\/12\/girmay-takes-control-of-green-jersey-as-roglic-drops-out-of-tour\/","name":"Girmay Takes Control of Green Jersey as Rogli\u010d Drops out of Tour - \u0160koda We Love Cycling","isPartOf":{"@id":"https:\/\/www.welovecycling.com\/wide\/#website"},"primaryImageOfPage":{"@id":"https:\/\/www.welovecycling.com\/wide\/2024\/07\/12\/girmay-takes-control-of-green-jersey-as-roglic-drops-out-of-tour\/#primaryimage"},"image":{"@id":"https:\/\/www.welovecycling.com\/wide\/2024\/07\/12\/girmay-takes-control-of-green-jersey-as-roglic-drops-out-of-tour\/#primaryimage"},"thumbnailUrl":"https:\/\/d2p6e6u75xmxt8.cloudfront.net\/2\/2024\/07\/cover.webp","datePublished":"2024-07-12T12:35:07+00:00","author":{"@id":"https:\/\/www.welovecycling.com\/wide\/#\/schema\/person\/9e2e86835e0bb27fb0d57ed5a91e76af"},"description":"Eritrea\u2019s Biniam Girmay unleashed another powerful sprint on Thursday\u2019s stage 12 of the 2024 Tour de France to win his third stage and take a stranglehold","breadcrumb":{"@id":"https:\/\/www.welovecycling.com\/wide\/2024\/07\/12\/girmay-takes-control-of-green-jersey-as-roglic-drops-out-of-tour\/#breadcrumb"},"inLanguage":"en-US","potentialAction":[{"@type":"ReadAction","target":["https:\/\/www.welovecycling.com\/wide\/2024\/07\/12\/girmay-takes-control-of-green-jersey-as-roglic-drops-out-of-tour\/"]}]},{"@type":"ImageObject","inLanguage":"en-US","@id":"https:\/\/www.welovecycling.com\/wide\/2024\/07\/12\/girmay-takes-control-of-green-jersey-as-roglic-drops-out-of-tour\/#primaryimage","url":"https:\/\/d2p6e6u75xmxt8.cloudfront.net\/2\/2024\/07\/cover.webp","contentUrl":"https:\/\/d2p6e6u75xmxt8.cloudfront.net\/2\/2024\/07\/cover.webp","width":1800,"height":1199},{"@type":"BreadcrumbList","@id":"https:\/\/www.welovecycling.com\/wide\/2024\/07\/12\/girmay-takes-control-of-green-jersey-as-roglic-drops-out-of-tour\/#breadcrumb","itemListElement":[{"@type":"ListItem","position":1,"name":"Home","item":"https:\/\/www.welovecycling.com\/wide\/"},{"@type":"ListItem","position":2,"name":"Girmay Takes Control of Green Jersey as Rogli\u010d Drops out of Tour"}]},{"@type":"WebSite","@id":"https:\/\/www.welovecycling.com\/wide\/#website","url":"https:\/\/www.welovecycling.com\/wide\/","name":"\u0160koda We Love Cycling","description":"\u0160koda We Love Cycling magazine","alternateName":"\u0160koda WLC","potentialAction":[{"@type":"SearchAction","target":{"@type":"EntryPoint","urlTemplate":"https:\/\/www.welovecycling.com\/wide\/?s={search_term_string}"},"query-input":{"@type":"PropertyValueSpecification","valueRequired":true,"valueName":"search_term_string"}}],"inLanguage":"en-US"},{"@type":"Person","@id":"https:\/\/www.welovecycling.com\/wide\/#\/schema\/person\/9e2e86835e0bb27fb0d57ed5a91e76af","name":"ondrejfilgas","image":{"@type":"ImageObject","inLanguage":"en-US","@id":"https:\/\/www.welovecycling.com\/wide\/#\/schema\/person\/image\/","url":"https:\/\/secure.gravatar.com\/avatar\/02fc81aabb3935fbbc0730be0dad75bfa59dd0ad02d2945f9121c307ebd1bace?s=96&d=mm&r=g","contentUrl":"https:\/\/secure.gravatar.com\/avatar\/02fc81aabb3935fbbc0730be0dad75bfa59dd0ad02d2945f9121c307ebd1bace?s=96&d=mm&r=g","caption":"ondrejfilgas"},"url":"https:\/\/www.welovecycling.com\/wide\/author\/ondrejfilgas\/"}]}},"_links":{"self":[{"href":"https:\/\/www.welovecycling.com\/wide\/wp-json\/wp\/v2\/posts\/196272","targetHints":{"allow":["GET"]}}],"collection":[{"href":"https:\/\/www.welovecycling.com\/wide\/wp-json\/wp\/v2\/posts"}],"about":[{"href":"https:\/\/www.welovecycling.com\/wide\/wp-json\/wp\/v2\/types\/post"}],"author":[{"embeddable":true,"href":"https:\/\/www.welovecycling.com\/wide\/wp-json\/wp\/v2\/users\/11"}],"replies":[{"embeddable":true,"href":"https:\/\/www.welovecycling.com\/wide\/wp-json\/wp\/v2\/comments?post=196272"}],"version-history":[{"count":6,"href":"https:\/\/www.welovecycling.com\/wide\/wp-json\/wp\/v2\/posts\/196272\/revisions"}],"predecessor-version":[{"id":196280,"href":"https:\/\/www.welovecycling.com\/wide\/wp-json\/wp\/v2\/posts\/196272\/revisions\/196280"}],"wp:featuredmedia":[{"embeddable":true,"href":"https:\/\/www.welovecycling.com\/wide\/wp-json\/wp\/v2\/media\/196278"}],"wp:attachment":[{"href":"https:\/\/www.welovecycling.com\/wide\/wp-json\/wp\/v2\/media?parent=196272"}],"wp:term":[{"taxonomy":"category","embeddable":true,"href":"https:\/\/www.welovecycling.com\/wide\/wp-json\/wp\/v2\/categories?post=196272"},{"taxonomy":"post_tag","embeddable":true,"href":"https:\/\/www.welovecycling.com\/wide\/wp-json\/wp\/v2\/tags?post=196272"},{"taxonomy":"global-categories","embeddable":true,"href":"https:\/\/www.welovecycling.com\/wide\/wp-json\/wp\/v2\/global-categories?post=196272"}],"curies":[{"name":"wp","href":"https:\/\/api.w.org\/{rel}","templated":true}]}}