{"id":196176,"date":"2024-07-02T16:33:45","date_gmt":"2024-07-02T16:33:45","guid":{"rendered":"https:\/\/www.welovecycling.com\/wide\/?p=196176"},"modified":"2024-07-02T16:37:19","modified_gmt":"2024-07-02T16:37:19","slug":"pogacar-takes-control-of-the-tour-with-blistering-solo-down-the-galibier","status":"publish","type":"post","link":"https:\/\/www.welovecycling.com\/wide\/2024\/07\/02\/pogacar-takes-control-of-the-tour-with-blistering-solo-down-the-galibier\/","title":{"rendered":"Poga\u010dar Takes Control of the Tour With Blistering Solo Down the Galibier"},"content":{"rendered":"<p style=\"font-weight: 400;\"><strong>The Pog giveth and the Pog taketh away. One day after \u201cgiving\u201d Richard Carapaz (EF Education\u2013EasyPost) the yellow jersey, Tour de France favorite Tadej Poga\u010dar took it back with a blistering 21km solo from the top of the daunting Col de Galibier (22.9km @ 5.1%) and struck the first significant blow in his battle to regain the Tour title.<\/strong><\/p>\n<p><!--more--><\/p>\n<p style=\"font-weight: 400;\">Aided on the Galibier ascent by his UAE Team Emirates superteam, notably <a href=\"https:\/\/www.procyclingstats.com\/rider\/joao-almeida\">Jo\u00e3o<\/a> Almeida and Juan Ayuso, who set a testing pace on the steep slopes of the climb, the 2020 and 2021 yellow jersey winner erupted out of the group of favorites 800m from the summit. When he crested the mountain, he had 7 seconds on his nearest pursuer, defending and two-time Tour champion Jonas Vingegaard (<em>Visma\u2013Lease a Bike). <\/em>The other co-favorites, <a href=\"https:\/\/www.welovecycling.com\/wide\/2024\/06\/24\/road-to-the-tour-evenepoels-illness-one-more-setback-for-hexed-tour\/\" target=\"_blank\" rel=\"noopener\">Remco Evenepoel<\/a> (Soudal\u2013Quick Step) and Primo\u017e Rogli\u010d (Red Bull-BORA-hansgrohe), were farther down the slope.<\/p>\n<p style=\"font-weight: 400;\">The 25-year-old Slovenian then used the Galibier descent and the ride to the finish line to put more distance between himself and his rivals. Vingegaard managed to stay within 10 seconds of the leader for much of the descent, but then weakened and was caught by Evenepoel, Rogli\u010d and Carlos Rodr\u00edguez. The four riders came together with about 3.5km left to ride and trailing Poga\u010dar by 38 seconds, and took off after him, accompanied by a passive Ayuso. But they made no headway.<\/p>\n<p style=\"font-weight: 400;\">Poga\u010dar crossed the finish line 35 seconds ahead of Evenepoel, Rogli\u010d and Ayuso, with Vingegaard and Rodr\u00edguez another 2 seconds behind. With the bonus points, he now leads Evenepoel by 45 seconds, with Vingegaard at 50 seconds. Rogli\u010d sits in fifth, already 1:14 adrift. As for Carapaz, he cracked badly on the Galibier and finished a well-beaten 5:10 behind the winner.<\/p>\n<p style=\"font-weight: 400;\">\u201cI&#8217;m super-happy, this was more or less the plan and we executed it really well,\u201d Poga\u010dar said after the stage. \u201cIt was like a dream stage and I finished it off solo. It&#8217;s incredible.\u201d He added that the winds lashing the slopes of the Galibier were the deciding factor in his plan of attack.<\/p>\n<div class=\"shortcode-ys-post-pinup\"><article class=\"loop-simple post-196176 post type-post status-publish format-standard has-post-thumbnail hentry category-road-cycling tag-2024-tour tag-tadej-pogacar tag-tour-de-france tag-wout-van-aert global-categories-cycling\" data-postid=\"196176\" role=\"article\" data-post-id=\"196176\" data-word-count=\"538\" data-headline-length=\"73\" data-category=\"Road cycling\" data-global-category=\"Cycling\" data-author=\"Siegfried Mortkowitz\" data-published=\"2024-07-02T16:33:45+00:00\" data-published-day=\"Tuesday\">\n    <div class=\"entry-thumbnail article-thumbnail\" content=\"https:\/\/d2p6e6u75xmxt8.cloudfront.net\/2\/2024\/07\/Pogacar-2024-Tour-profimedia-0886677396-CVR-150x150.webp\"><a href=\"https:\/\/www.welovecycling.com\/wide\/2024\/07\/02\/pogacar-takes-control-of-the-tour-with-blistering-solo-down-the-galibier\/\" class=\"image-holder\" target=\"_self\"><img decoding=\"async\" loading=\"lazy\" class=\"\" src=\"https:\/\/d2p6e6u75xmxt8.cloudfront.net\/2\/2024\/07\/Pogacar-2024-Tour-profimedia-0886677396-CVR.webp\" srcset=\"https:\/\/d2p6e6u75xmxt8.cloudfront.net\/2\/2024\/07\/Pogacar-2024-Tour-profimedia-0886677396-CVR.webp 990w, https:\/\/d2p6e6u75xmxt8.cloudfront.net\/2\/2024\/07\/Pogacar-2024-Tour-profimedia-0886677396-CVR-300x200.webp 300w, https:\/\/d2p6e6u75xmxt8.cloudfront.net\/2\/2024\/07\/Pogacar-2024-Tour-profimedia-0886677396-CVR-768x512.webp 768w, https:\/\/d2p6e6u75xmxt8.cloudfront.net\/2\/2024\/07\/Pogacar-2024-Tour-profimedia-0886677396-CVR-400x267.webp 400w, https:\/\/d2p6e6u75xmxt8.cloudfront.net\/2\/2024\/07\/Pogacar-2024-Tour-profimedia-0886677396-CVR-272x182.webp 272w\" width=\"990\" height=\"660\" sizes=\"auto, (min-width: 1200px) 300px, (min-width: 768px) 25vw, 100vw\" alt=\"pogacar-takes-control-of-the-tour-with-blistering-solo-down-the-galibier\"\/><\/a><\/div>    <div class=\"entry-meta\">\n        <a class=\"label label-secondary post-category\" href=\"https:\/\/www.welovecycling.com\/wide\/category\/road-cycling\/\" title=\"Road cycling\">Road cycling<\/a>\n    <\/div>\n    <div class=\"entry-details\">\n        <a href=\"https:\/\/www.welovecycling.com\/wide\/2024\/07\/02\/pogacar-takes-control-of-the-tour-with-blistering-solo-down-the-galibier\/\" class='entry-title-wrapper'>\n            <h3 class=\"entry-title\"><span>Poga\u010dar Takes Control of the Tour With Blistering Solo Down the Galibier<\/span><\/h3>\n        <\/a>\n    <\/div>\n    <\/article>\n<\/div>\n<p style=\"font-weight: 400;\">\u201cI didn&#8217;t want to go too early because of the wind and I had to do all the difference in the last few hundred metres. I know the downhill, but I was a little bit surprised to see wet road in the first few corners. So it was a bit scary. But this descent is super-fast and if you know the road also it helps.\u201d<\/p>\n<p style=\"font-weight: 400;\">Before the start of the stage, Vingegaard told <a href=\"https:\/\/www.eurosport.com\/cycling\/tour-de-france\/2024\/jonas-vingegaard-admits-he-could-be-most-vulnerable-on-galibier-at-tour-de-france_vid2173300\/video.shtml\">Eurosport<\/a> that he expected a big move from his rival today. \u201cIt\u2019s still in the first week. This might be the place where I\u2019m the most vulnerable,\u201d he said. \u201cI think we just have to defend here in the first week and then later on we will have a different mindset.\u201d<\/p>\n<p style=\"font-weight: 400;\">He is coming back after a horrific crash in the Tour of the Basque Country that put him into the hospital for 12 days and seriously compromised his preparation for the Tour.<\/p>\n<p style=\"font-weight: 400;\">He will be somewhat disappointed by his performance, but this was not the killer blow many had expected. There are many big climbs to go, and the 27-year-old Dane has at least a week to ride himself into form and the new mindset. Though it\u2019s still much too early to count them out, Evenepoel and, especially, Rogli\u010d need to find their climbing legs. However, I doubt that they brought them to this Tour.<\/p>\n<p style=\"font-weight: 400;\">So it&#8217;s up to Vingegaard, the best climber in the world when in form, to make a race of the Tour. But it will take a small miracle for him to make a fight of it.<\/p>\n<p style=\"font-weight: 400;\">Vingegaard\u2019s teammate Wout van Aert also looked to be well short of his best form. He was dropped twice, the last time on the gentler slopes of the Galibier, and appears not to have fully recovered from the injuries suffered in a late March crash. The question must be asked if, desperate for a good showing after a disastrous year, Visma\u2013Lease a Bike did not rush its superstars prematurely into battle.<\/p>\n","protected":false},"excerpt":{"rendered":"<p>The Pog giveth and the Pog taketh away. One day after \u201cgiving\u201d Richard Carapaz (EF Education\u2013EasyPost) the yellow jersey, Tour [&hellip;]<\/p>\n","protected":false},"author":99,"featured_media":196177,"comment_status":"closed","ping_status":"open","sticky":false,"template":"","format":"standard","meta":{"footnotes":""},"categories":[329],"tags":[7807,3415,433,831],"global-categories":[3366],"class_list":["post-196176","post","type-post","status-publish","format-standard","has-post-thumbnail","hentry","category-road-cycling","tag-2024-tour","tag-tadej-pogacar","tag-tour-de-france","tag-wout-van-aert","global-categories-cycling"],"yoast_head":"<!-- This site is optimized with the Yoast SEO Premium plugin v25.3 (Yoast SEO v25.9) - https:\/\/yoast.com\/wordpress\/plugins\/seo\/ -->\n<title>Poga\u010dar Takes Control of the Tour With Blistering Solo Down the Galibier - \u0160koda We Love Cycling<\/title>\n<meta name=\"description\" content=\"The Pog giveth and the Pog taketh away. One day after \u201cgiving\u201d Richard Carapaz (EF Education\u2013EasyPost) the yellow jersey, Tour de France favorite Tadej\" \/>\n<meta name=\"robots\" content=\"index, follow, max-snippet:-1, max-image-preview:large, max-video-preview:-1\" \/>\n<link rel=\"canonical\" href=\"https:\/\/www.welovecycling.com\/wide\/2024\/07\/02\/pogacar-takes-control-of-the-tour-with-blistering-solo-down-the-galibier\/\" \/>\n<meta property=\"og:locale\" content=\"en_US\" \/>\n<meta property=\"og:type\" content=\"article\" \/>\n<meta property=\"og:title\" content=\"Poga\u010dar Takes Control of the Tour With Blistering Solo Down the Galibier\" \/>\n<meta property=\"og:description\" content=\"The Pog giveth and the Pog taketh away. One day after \u201cgiving\u201d Richard Carapaz (EF Education\u2013EasyPost) the yellow jersey, Tour de France favorite Tadej\" \/>\n<meta property=\"og:url\" content=\"https:\/\/www.welovecycling.com\/wide\/2024\/07\/02\/pogacar-takes-control-of-the-tour-with-blistering-solo-down-the-galibier\/\" \/>\n<meta property=\"og:site_name\" content=\"\u0160koda We Love Cycling\" \/>\n<meta property=\"article:published_time\" content=\"2024-07-02T16:33:45+00:00\" \/>\n<meta property=\"article:modified_time\" content=\"2024-07-02T16:37:19+00:00\" \/>\n<meta property=\"og:image\" content=\"https:\/\/d2p6e6u75xmxt8.cloudfront.net\/2\/2024\/07\/Pogacar-2024-Tour-profimedia-0886677396-CVR.webp\" \/>\n\t<meta property=\"og:image:width\" content=\"990\" \/>\n\t<meta property=\"og:image:height\" content=\"660\" \/>\n\t<meta property=\"og:image:type\" content=\"image\/webp\" \/>\n<meta name=\"author\" content=\"tereza\" \/>\n<meta name=\"twitter:card\" content=\"summary_large_image\" \/>\n<meta name=\"twitter:label1\" content=\"Written by\" \/>\n\t<meta name=\"twitter:data1\" content=\"Siegfried Mortkowitz\" \/>\n\t<meta name=\"twitter:label2\" content=\"Est. reading time\" \/>\n\t<meta name=\"twitter:data2\" content=\"3\" \/>\n<script type=\"application\/ld+json\" class=\"yoast-schema-graph\">{\"@context\":\"https:\/\/schema.org\",\"@graph\":[{\"@type\":\"WebPage\",\"@id\":\"https:\/\/www.welovecycling.com\/wide\/2024\/07\/02\/pogacar-takes-control-of-the-tour-with-blistering-solo-down-the-galibier\/\",\"url\":\"https:\/\/www.welovecycling.com\/wide\/2024\/07\/02\/pogacar-takes-control-of-the-tour-with-blistering-solo-down-the-galibier\/\",\"name\":\"Poga\u010dar Takes Control of the Tour With Blistering Solo Down the Galibier - \u0160koda We Love Cycling\",\"isPartOf\":{\"@id\":\"https:\/\/www.welovecycling.com\/wide\/#website\"},\"primaryImageOfPage\":{\"@id\":\"https:\/\/www.welovecycling.com\/wide\/2024\/07\/02\/pogacar-takes-control-of-the-tour-with-blistering-solo-down-the-galibier\/#primaryimage\"},\"image\":{\"@id\":\"https:\/\/www.welovecycling.com\/wide\/2024\/07\/02\/pogacar-takes-control-of-the-tour-with-blistering-solo-down-the-galibier\/#primaryimage\"},\"thumbnailUrl\":\"https:\/\/d2p6e6u75xmxt8.cloudfront.net\/2\/2024\/07\/Pogacar-2024-Tour-profimedia-0886677396-CVR.webp\",\"datePublished\":\"2024-07-02T16:33:45+00:00\",\"dateModified\":\"2024-07-02T16:37:19+00:00\",\"author\":{\"@id\":\"https:\/\/www.welovecycling.com\/wide\/#\/schema\/person\/50f01ecd18718d2333cf72e823c4f926\"},\"description\":\"The Pog giveth and the Pog taketh away. One day after \u201cgiving\u201d Richard Carapaz (EF Education\u2013EasyPost) the yellow jersey, Tour de France favorite Tadej\",\"breadcrumb\":{\"@id\":\"https:\/\/www.welovecycling.com\/wide\/2024\/07\/02\/pogacar-takes-control-of-the-tour-with-blistering-solo-down-the-galibier\/#breadcrumb\"},\"inLanguage\":\"en-US\",\"potentialAction\":[{\"@type\":\"ReadAction\",\"target\":[\"https:\/\/www.welovecycling.com\/wide\/2024\/07\/02\/pogacar-takes-control-of-the-tour-with-blistering-solo-down-the-galibier\/\"]}]},{\"@type\":\"ImageObject\",\"inLanguage\":\"en-US\",\"@id\":\"https:\/\/www.welovecycling.com\/wide\/2024\/07\/02\/pogacar-takes-control-of-the-tour-with-blistering-solo-down-the-galibier\/#primaryimage\",\"url\":\"https:\/\/d2p6e6u75xmxt8.cloudfront.net\/2\/2024\/07\/Pogacar-2024-Tour-profimedia-0886677396-CVR.webp\",\"contentUrl\":\"https:\/\/d2p6e6u75xmxt8.cloudfront.net\/2\/2024\/07\/Pogacar-2024-Tour-profimedia-0886677396-CVR.webp\",\"width\":990,\"height\":660,\"caption\":\"Tadej Poga\u010dar\"},{\"@type\":\"BreadcrumbList\",\"@id\":\"https:\/\/www.welovecycling.com\/wide\/2024\/07\/02\/pogacar-takes-control-of-the-tour-with-blistering-solo-down-the-galibier\/#breadcrumb\",\"itemListElement\":[{\"@type\":\"ListItem\",\"position\":1,\"name\":\"Home\",\"item\":\"https:\/\/www.welovecycling.com\/wide\/\"},{\"@type\":\"ListItem\",\"position\":2,\"name\":\"Poga\u010dar Takes Control of the Tour With Blistering Solo Down the Galibier\"}]},{\"@type\":\"WebSite\",\"@id\":\"https:\/\/www.welovecycling.com\/wide\/#website\",\"url\":\"https:\/\/www.welovecycling.com\/wide\/\",\"name\":\"\u0160koda We Love Cycling\",\"description\":\"\u0160koda We Love Cycling magazine\",\"alternateName\":\"\u0160koda WLC\",\"potentialAction\":[{\"@type\":\"SearchAction\",\"target\":{\"@type\":\"EntryPoint\",\"urlTemplate\":\"https:\/\/www.welovecycling.com\/wide\/?s={search_term_string}\"},\"query-input\":{\"@type\":\"PropertyValueSpecification\",\"valueRequired\":true,\"valueName\":\"search_term_string\"}}],\"inLanguage\":\"en-US\"},{\"@type\":\"Person\",\"@id\":\"https:\/\/www.welovecycling.com\/wide\/#\/schema\/person\/50f01ecd18718d2333cf72e823c4f926\",\"name\":\"tereza\",\"image\":{\"@type\":\"ImageObject\",\"inLanguage\":\"en-US\",\"@id\":\"https:\/\/www.welovecycling.com\/wide\/#\/schema\/person\/image\/\",\"url\":\"https:\/\/secure.gravatar.com\/avatar\/1f9eb71be33845f0afabce3791bc1c58ecdb0a25c62964987e5dbcf7a20d2ec7?s=96&d=mm&r=g\",\"contentUrl\":\"https:\/\/secure.gravatar.com\/avatar\/1f9eb71be33845f0afabce3791bc1c58ecdb0a25c62964987e5dbcf7a20d2ec7?s=96&d=mm&r=g\",\"caption\":\"tereza\"},\"url\":\"https:\/\/www.welovecycling.com\/wide\/author\/tereza\/\"}]}<\/script>\n<!-- \/ Yoast SEO Premium plugin. -->","yoast_head_json":{"title":"Poga\u010dar Takes Control of the Tour With Blistering Solo Down the Galibier - \u0160koda We Love Cycling","description":"The Pog giveth and the Pog taketh away. One day after \u201cgiving\u201d Richard Carapaz (EF Education\u2013EasyPost) the yellow jersey, Tour de France favorite Tadej","robots":{"index":"index","follow":"follow","max-snippet":"max-snippet:-1","max-image-preview":"max-image-preview:large","max-video-preview":"max-video-preview:-1"},"canonical":"https:\/\/www.welovecycling.com\/wide\/2024\/07\/02\/pogacar-takes-control-of-the-tour-with-blistering-solo-down-the-galibier\/","og_locale":"en_US","og_type":"article","og_title":"Poga\u010dar Takes Control of the Tour With Blistering Solo Down the Galibier","og_description":"The Pog giveth and the Pog taketh away. One day after \u201cgiving\u201d Richard Carapaz (EF Education\u2013EasyPost) the yellow jersey, Tour de France favorite Tadej","og_url":"https:\/\/www.welovecycling.com\/wide\/2024\/07\/02\/pogacar-takes-control-of-the-tour-with-blistering-solo-down-the-galibier\/","og_site_name":"\u0160koda We Love Cycling","article_published_time":"2024-07-02T16:33:45+00:00","article_modified_time":"2024-07-02T16:37:19+00:00","og_image":[{"width":990,"height":660,"url":"https:\/\/d2p6e6u75xmxt8.cloudfront.net\/2\/2024\/07\/Pogacar-2024-Tour-profimedia-0886677396-CVR.webp","type":"image\/webp"}],"author":"tereza","twitter_card":"summary_large_image","twitter_misc":{"Written by":"Siegfried Mortkowitz","Est. reading time":"3"},"schema":{"@context":"https:\/\/schema.org","@graph":[{"@type":"WebPage","@id":"https:\/\/www.welovecycling.com\/wide\/2024\/07\/02\/pogacar-takes-control-of-the-tour-with-blistering-solo-down-the-galibier\/","url":"https:\/\/www.welovecycling.com\/wide\/2024\/07\/02\/pogacar-takes-control-of-the-tour-with-blistering-solo-down-the-galibier\/","name":"Poga\u010dar Takes Control of the Tour With Blistering Solo Down the Galibier - \u0160koda We Love Cycling","isPartOf":{"@id":"https:\/\/www.welovecycling.com\/wide\/#website"},"primaryImageOfPage":{"@id":"https:\/\/www.welovecycling.com\/wide\/2024\/07\/02\/pogacar-takes-control-of-the-tour-with-blistering-solo-down-the-galibier\/#primaryimage"},"image":{"@id":"https:\/\/www.welovecycling.com\/wide\/2024\/07\/02\/pogacar-takes-control-of-the-tour-with-blistering-solo-down-the-galibier\/#primaryimage"},"thumbnailUrl":"https:\/\/d2p6e6u75xmxt8.cloudfront.net\/2\/2024\/07\/Pogacar-2024-Tour-profimedia-0886677396-CVR.webp","datePublished":"2024-07-02T16:33:45+00:00","dateModified":"2024-07-02T16:37:19+00:00","author":{"@id":"https:\/\/www.welovecycling.com\/wide\/#\/schema\/person\/50f01ecd18718d2333cf72e823c4f926"},"description":"The Pog giveth and the Pog taketh away. One day after \u201cgiving\u201d Richard Carapaz (EF Education\u2013EasyPost) the yellow jersey, Tour de France favorite Tadej","breadcrumb":{"@id":"https:\/\/www.welovecycling.com\/wide\/2024\/07\/02\/pogacar-takes-control-of-the-tour-with-blistering-solo-down-the-galibier\/#breadcrumb"},"inLanguage":"en-US","potentialAction":[{"@type":"ReadAction","target":["https:\/\/www.welovecycling.com\/wide\/2024\/07\/02\/pogacar-takes-control-of-the-tour-with-blistering-solo-down-the-galibier\/"]}]},{"@type":"ImageObject","inLanguage":"en-US","@id":"https:\/\/www.welovecycling.com\/wide\/2024\/07\/02\/pogacar-takes-control-of-the-tour-with-blistering-solo-down-the-galibier\/#primaryimage","url":"https:\/\/d2p6e6u75xmxt8.cloudfront.net\/2\/2024\/07\/Pogacar-2024-Tour-profimedia-0886677396-CVR.webp","contentUrl":"https:\/\/d2p6e6u75xmxt8.cloudfront.net\/2\/2024\/07\/Pogacar-2024-Tour-profimedia-0886677396-CVR.webp","width":990,"height":660,"caption":"Tadej Poga\u010dar"},{"@type":"BreadcrumbList","@id":"https:\/\/www.welovecycling.com\/wide\/2024\/07\/02\/pogacar-takes-control-of-the-tour-with-blistering-solo-down-the-galibier\/#breadcrumb","itemListElement":[{"@type":"ListItem","position":1,"name":"Home","item":"https:\/\/www.welovecycling.com\/wide\/"},{"@type":"ListItem","position":2,"name":"Poga\u010dar Takes Control of the Tour With Blistering Solo Down the Galibier"}]},{"@type":"WebSite","@id":"https:\/\/www.welovecycling.com\/wide\/#website","url":"https:\/\/www.welovecycling.com\/wide\/","name":"\u0160koda We Love Cycling","description":"\u0160koda We Love Cycling magazine","alternateName":"\u0160koda WLC","potentialAction":[{"@type":"SearchAction","target":{"@type":"EntryPoint","urlTemplate":"https:\/\/www.welovecycling.com\/wide\/?s={search_term_string}"},"query-input":{"@type":"PropertyValueSpecification","valueRequired":true,"valueName":"search_term_string"}}],"inLanguage":"en-US"},{"@type":"Person","@id":"https:\/\/www.welovecycling.com\/wide\/#\/schema\/person\/50f01ecd18718d2333cf72e823c4f926","name":"tereza","image":{"@type":"ImageObject","inLanguage":"en-US","@id":"https:\/\/www.welovecycling.com\/wide\/#\/schema\/person\/image\/","url":"https:\/\/secure.gravatar.com\/avatar\/1f9eb71be33845f0afabce3791bc1c58ecdb0a25c62964987e5dbcf7a20d2ec7?s=96&d=mm&r=g","contentUrl":"https:\/\/secure.gravatar.com\/avatar\/1f9eb71be33845f0afabce3791bc1c58ecdb0a25c62964987e5dbcf7a20d2ec7?s=96&d=mm&r=g","caption":"tereza"},"url":"https:\/\/www.welovecycling.com\/wide\/author\/tereza\/"}]}},"_links":{"self":[{"href":"https:\/\/www.welovecycling.com\/wide\/wp-json\/wp\/v2\/posts\/196176","targetHints":{"allow":["GET"]}}],"collection":[{"href":"https:\/\/www.welovecycling.com\/wide\/wp-json\/wp\/v2\/posts"}],"about":[{"href":"https:\/\/www.welovecycling.com\/wide\/wp-json\/wp\/v2\/types\/post"}],"author":[{"embeddable":true,"href":"https:\/\/www.welovecycling.com\/wide\/wp-json\/wp\/v2\/users\/99"}],"replies":[{"embeddable":true,"href":"https:\/\/www.welovecycling.com\/wide\/wp-json\/wp\/v2\/comments?post=196176"}],"version-history":[{"count":3,"href":"https:\/\/www.welovecycling.com\/wide\/wp-json\/wp\/v2\/posts\/196176\/revisions"}],"predecessor-version":[{"id":196180,"href":"https:\/\/www.welovecycling.com\/wide\/wp-json\/wp\/v2\/posts\/196176\/revisions\/196180"}],"wp:featuredmedia":[{"embeddable":true,"href":"https:\/\/www.welovecycling.com\/wide\/wp-json\/wp\/v2\/media\/196177"}],"wp:attachment":[{"href":"https:\/\/www.welovecycling.com\/wide\/wp-json\/wp\/v2\/media?parent=196176"}],"wp:term":[{"taxonomy":"category","embeddable":true,"href":"https:\/\/www.welovecycling.com\/wide\/wp-json\/wp\/v2\/categories?post=196176"},{"taxonomy":"post_tag","embeddable":true,"href":"https:\/\/www.welovecycling.com\/wide\/wp-json\/wp\/v2\/tags?post=196176"},{"taxonomy":"global-categories","embeddable":true,"href":"https:\/\/www.welovecycling.com\/wide\/wp-json\/wp\/v2\/global-categories?post=196176"}],"curies":[{"name":"wp","href":"https:\/\/api.w.org\/{rel}","templated":true}]}}