{"id":196168,"date":"2024-07-02T08:26:59","date_gmt":"2024-07-02T08:26:59","guid":{"rendered":"https:\/\/www.welovecycling.com\/wide\/?p=196168"},"modified":"2024-07-02T08:26:59","modified_gmt":"2024-07-02T08:26:59","slug":"its-our-moment-its-our-time-its-for-all-africa-declares-biniam-girmay-after-historic-tour-de-france-stage-win","status":"publish","type":"post","link":"https:\/\/www.welovecycling.com\/wide\/2024\/07\/02\/its-our-moment-its-our-time-its-for-all-africa-declares-biniam-girmay-after-historic-tour-de-france-stage-win\/","title":{"rendered":"&#8220;It&#8217;s our moment, it&#8217;s our time. It&#8217;s for all Africa,&#8221; Declares Biniam Girmay After Historic Tour de France Stage Win"},"content":{"rendered":"<p class=\"-wm-MsoNormal\"><strong>Biniam Girmay achieved a monumental milestone by becoming the first black African to win a Tour de France stage, triumphing in a high-speed sprint during the third stage in Turin.<\/strong><\/p>\n<p><!--more--><\/p>\n<p class=\"-wm-MsoNormal\">This win adds to Girmay\u2019s groundbreaking achievements, having also been the first black African to claim a Grand Tour stage at the Giro d&#8217;Italia in 2022. The race&#8217;s journey across 230.8km of northern Italy, ending near the French border in Turin, was marked by straightforward roads and several roundabouts, culminating in a fierce sprint to the finish line.<\/p>\n<p class=\"-wm-MsoNormal\">Riding for Intermarch\u00e9-Wanty, the Eritrean cyclist managed to outpace some of the world\u2019s elite sprinters, such as Mads Pedersen (Lidl-Trek) and Fabio Jakobsen (dsm-firmenich PostNL). However, it was Fernando Gaviria (Movistar) and rookie Arnaud De Lie (Lotto-Dstny) who secured second and third places respectively.<\/p>\n<p class=\"-wm-MsoNormal\">Additionally, there was a significant shift in the General Classification standings as former Giro d&#8217;Italia champion Richard Carapaz (EF Education-EasyPost) climbed into the lead, tying with Tadej Poga\u010dar (UAE Team Emirates).<\/p>\n<div class=\"embed-controller-wrapper\">\n<blockquote class=\"twitter-tweet\" data-width=\"500\" data-dnt=\"true\">\n<p lang=\"ro\" dir=\"ltr\">\ud83d\udd25 \ud835\udc69\ud835\udc8a\ud835\udc8f\ud835\udc8a\ud835\udc82\ud835\udc8e \ud835\udc6e\ud835\udc8a\ud835\udc93\ud835\udc8e\ud835\udc82\ud835\udc9a, \ud835\udc8e\ud835\udc82\ud835\udc94\ud835\udc95\ud835\udc86\ud835\udc93 \ud835\udc90\ud835\udc87 \ud835\udc7b\ud835\udc90\ud835\udc93\ud835\udc8a\ud835\udc8f\ud835\udc90!<\/p>\n<p>\ud83d\udd25 \ud835\udc69\ud835\udc8a\ud835\udc8f\ud835\udc8a\ud835\udc82\ud835\udc8e \ud835\udc6e\ud835\udc8a\ud835\udc93\ud835\udc8e\ud835\udc82\ud835\udc9a, \ud835\udc8e\ud835\udc82\ud835\udc8a\u0302\ud835\udc95\ud835\udc93\ud835\udc86 \ud835\udc85\ud835\udc86 \ud835\udc7b\ud835\udc96\ud835\udc93\ud835\udc8a\ud835\udc8f !<a href=\"https:\/\/twitter.com\/hashtag\/TDF2024?src=hash&amp;ref_src=twsrc%5Etfw\">#TDF2024<\/a> <a href=\"https:\/\/t.co\/h9UzFY7c0T\">pic.twitter.com\/h9UzFY7c0T<\/a><\/p>\n<p>&mdash; Tour de France\u2122 (@LeTour) <a href=\"https:\/\/twitter.com\/LeTour\/status\/1807877995853492402?ref_src=twsrc%5Etfw\">July 1, 2024<\/a><\/p><\/blockquote>\n<p><script async data-src=\"https:\/\/platform.twitter.com\/widgets.js\" charset=\"utf-8\"><\/script><\/div>\n<p class=\"-wm-MsoNormal\">Despite not being his team&#8217;s primary sprinter for the day, Girmay made a solo break in the final kilometer. &#8220;Normally the plan would be to give a leadout for Gerben Thijssen,&#8221; he shared, &#8220;and if it&#8217;s the circumstances\u2026 I need to try for myself. We did a really good job but in the last kilometer I lost the wheel of Gerben and I just rode for myself.&#8221;<\/p>\n<p class=\"-wm-MsoNormal\">The victory was visibly moving for Girmay, who, in a tearful interview, expressed his gratitude: &#8220;I never dreamed of being part of the Tour de France, but now, I can believe it. To win at the Tour de France in a big bunch sprint for me was unbelievable.&#8221;<\/p>\n<p class=\"-wm-MsoNormal\">He further dedicated his win to his countrymen and the continent: &#8220;I thanked God and my family, and &#8216;all the Eritreans and Africans \u2013 we must be proud,&#8217; I said. &#8216;Now we&#8217;re really part of the big races, it&#8217;s our moment, it&#8217;s our time. It&#8217;s for all Africa.'&#8221;<\/p>\n<p class=\"-wm-MsoNormal\">Despite a severe crash within the final three kilometers, all competitors completed the stage, though Mark Cavendish (Astana Qazaqstan), chasing a historic 35th victory, finished in 113th place due to the incident.<\/p>\n<h4 class=\"-wm-MsoNormal\"><b>Stage 3 finishers<\/b><\/h4>\n<ol start=\"1\" type=\"1\">\n<li class=\"-wm-MsoNormal\"><b>Biniam Girmay (Eri)<\/b> &#8211; Intermarch\u00e9-Wanty, 5:25:48<\/li>\n<li class=\"-wm-MsoNormal\"><b>Fernando Gaviria (Col)<\/b> &#8211; Movistar<\/li>\n<li class=\"-wm-MsoNormal\"><b>Arnaud De Lie (Bel)<\/b> &#8211; Lotto-Dstny<\/li>\n<li class=\"-wm-MsoNormal\"><b>Mads Pedersen (Den)<\/b> &#8211; Lidl-Trek<\/li>\n<li class=\"-wm-MsoNormal\"><b>Dylan Groenewegen (Ned)<\/b> &#8211; Jayco-AlUla<\/li>\n<li class=\"-wm-MsoNormal\"><b>Phil Bauhaus (Ger)<\/b> &#8211; Bahrain Victorious<\/li>\n<li class=\"-wm-MsoNormal\"><b>Fabio Jakobsen (Ned)<\/b> &#8211; dsm-firmenich PostNL<\/li>\n<li class=\"-wm-MsoNormal\"><b>Davide Ballerini (Ita)<\/b> &#8211; Astana Qazaqstan<\/li>\n<li class=\"-wm-MsoNormal\"><b>Sam Bennett (Irl)<\/b> &#8211; Decathlon AG2R La Mondiale<\/li>\n<li class=\"-wm-MsoNormal\"><b>Bryan Coquard (Fra)<\/b> &#8211; Cofidis<\/li>\n<\/ol>\n<p class=\"-wm-MsoNormal\"><i>(All riders finished with the same time as the winner)<\/i><\/p>\n<h4 class=\"-wm-MsoNormal\"><b>General Classification After Stage 3:<\/b><\/h4>\n<ol start=\"1\" type=\"1\">\n<li class=\"-wm-MsoNormal\"><b>Richard Carapaz (ECU)<\/b> &#8211; EF Education-EasyPost, 15:20:18<\/li>\n<li class=\"-wm-MsoNormal\"><b>Tadej Poga\u010dar (SLO)<\/b> &#8211; UAE Team Emirates<\/li>\n<li class=\"-wm-MsoNormal\"><b>Remco Evenepoel (BEL)<\/b> &#8211; Soudal Quick-Step<\/li>\n<li class=\"-wm-MsoNormal\"><b>Jonas Vingegaard (DEN)<\/b> &#8211; Visma-Lease a Bike<\/li>\n<li class=\"-wm-MsoNormal\"><b>Romain Bardet (FRA)<\/b> &#8211; DSM-Firmenich-PostNL, +6 sec<\/li>\n<li class=\"-wm-MsoNormal\"><b>Pello Bilbao (ESP)<\/b> &#8211; Bahrain Victorious, +21 sec<\/li>\n<li class=\"-wm-MsoNormal\"><b>Guillaume Martin (FRA)<\/b> &#8211; Cofidis<\/li>\n<li class=\"-wm-MsoNormal\"><b>Egan Bernal (COL)<\/b> &#8211; INEOS Grenadiers<\/li>\n<li class=\"-wm-MsoNormal\"><b>Jai Hindley (AUS)<\/b> &#8211; Red Bull-Bora-Hansgrohe<\/li>\n<li class=\"-wm-MsoNormal\"><b>Alexandr Vlasov (RUS)<\/b> &#8211; Red Bull-Bora-Hansgrohe<\/li>\n<\/ol>\n","protected":false},"excerpt":{"rendered":"<p>Biniam Girmay achieved a monumental milestone by becoming the first black African to win a Tour de France stage, triumphing [&hellip;]<\/p>\n","protected":false},"author":99,"featured_media":196169,"comment_status":"closed","ping_status":"open","sticky":false,"template":"","format":"standard","meta":{"footnotes":""},"categories":[329],"tags":[7807,6356,433],"global-categories":[3366],"class_list":["post-196168","post","type-post","status-publish","format-standard","has-post-thumbnail","hentry","category-road-cycling","tag-2024-tour","tag-biniam-girmay","tag-tour-de-france","global-categories-cycling"],"yoast_head":"<!-- This site is optimized with the Yoast SEO Premium plugin v25.3 (Yoast SEO v25.9) - https:\/\/yoast.com\/wordpress\/plugins\/seo\/ -->\n<title>&quot;It&#039;s our moment, it&#039;s our time. It&#039;s for all Africa,&quot; Declares Biniam Girmay After Historic Tour de France Stage Win - \u0160koda We Love Cycling<\/title>\n<meta name=\"description\" content=\"Biniam Girmay achieved a monumental milestone by becoming the first black African to win a Tour de France stage, triumphing in a high-speed sprint during\" \/>\n<meta name=\"robots\" content=\"index, follow, max-snippet:-1, max-image-preview:large, max-video-preview:-1\" \/>\n<link rel=\"canonical\" href=\"https:\/\/www.welovecycling.com\/wide\/2024\/07\/02\/its-our-moment-its-our-time-its-for-all-africa-declares-biniam-girmay-after-historic-tour-de-france-stage-win\/\" \/>\n<meta property=\"og:locale\" content=\"en_US\" \/>\n<meta property=\"og:type\" content=\"article\" \/>\n<meta property=\"og:title\" content=\"&quot;It&#039;s our moment, it&#039;s our time. It&#039;s for all Africa,&quot; Declares Biniam Girmay After Historic Tour de France Stage Win\" \/>\n<meta property=\"og:description\" content=\"Biniam Girmay achieved a monumental milestone by becoming the first black African to win a Tour de France stage, triumphing in a high-speed sprint during\" \/>\n<meta property=\"og:url\" content=\"https:\/\/www.welovecycling.com\/wide\/2024\/07\/02\/its-our-moment-its-our-time-its-for-all-africa-declares-biniam-girmay-after-historic-tour-de-france-stage-win\/\" \/>\n<meta property=\"og:site_name\" content=\"\u0160koda We Love Cycling\" \/>\n<meta property=\"article:published_time\" content=\"2024-07-02T08:26:59+00:00\" \/>\n<meta property=\"og:image\" content=\"https:\/\/d2p6e6u75xmxt8.cloudfront.net\/2\/2024\/07\/Biniam-Girmay-profimedia-0886320524-CVR.webp\" \/>\n\t<meta property=\"og:image:width\" content=\"990\" \/>\n\t<meta property=\"og:image:height\" content=\"660\" \/>\n\t<meta property=\"og:image:type\" content=\"image\/webp\" \/>\n<meta name=\"author\" content=\"tereza\" \/>\n<meta name=\"twitter:card\" content=\"summary_large_image\" \/>\n<meta name=\"twitter:label1\" content=\"Written by\" \/>\n\t<meta name=\"twitter:data1\" content=\"Monica Buck\" \/>\n\t<meta name=\"twitter:label2\" content=\"Est. reading time\" \/>\n\t<meta name=\"twitter:data2\" content=\"3\" \/>\n<script type=\"application\/ld+json\" class=\"yoast-schema-graph\">{\"@context\":\"https:\/\/schema.org\",\"@graph\":[{\"@type\":\"WebPage\",\"@id\":\"https:\/\/www.welovecycling.com\/wide\/2024\/07\/02\/its-our-moment-its-our-time-its-for-all-africa-declares-biniam-girmay-after-historic-tour-de-france-stage-win\/\",\"url\":\"https:\/\/www.welovecycling.com\/wide\/2024\/07\/02\/its-our-moment-its-our-time-its-for-all-africa-declares-biniam-girmay-after-historic-tour-de-france-stage-win\/\",\"name\":\"\\\"It's our moment, it's our time. It's for all Africa,\\\" Declares Biniam Girmay After Historic Tour de France Stage Win - \u0160koda We Love Cycling\",\"isPartOf\":{\"@id\":\"https:\/\/www.welovecycling.com\/wide\/#website\"},\"primaryImageOfPage\":{\"@id\":\"https:\/\/www.welovecycling.com\/wide\/2024\/07\/02\/its-our-moment-its-our-time-its-for-all-africa-declares-biniam-girmay-after-historic-tour-de-france-stage-win\/#primaryimage\"},\"image\":{\"@id\":\"https:\/\/www.welovecycling.com\/wide\/2024\/07\/02\/its-our-moment-its-our-time-its-for-all-africa-declares-biniam-girmay-after-historic-tour-de-france-stage-win\/#primaryimage\"},\"thumbnailUrl\":\"https:\/\/d2p6e6u75xmxt8.cloudfront.net\/2\/2024\/07\/Biniam-Girmay-profimedia-0886320524-CVR.webp\",\"datePublished\":\"2024-07-02T08:26:59+00:00\",\"author\":{\"@id\":\"https:\/\/www.welovecycling.com\/wide\/#\/schema\/person\/50f01ecd18718d2333cf72e823c4f926\"},\"description\":\"Biniam Girmay achieved a monumental milestone by becoming the first black African to win a Tour de France stage, triumphing in a high-speed sprint during\",\"breadcrumb\":{\"@id\":\"https:\/\/www.welovecycling.com\/wide\/2024\/07\/02\/its-our-moment-its-our-time-its-for-all-africa-declares-biniam-girmay-after-historic-tour-de-france-stage-win\/#breadcrumb\"},\"inLanguage\":\"en-US\",\"potentialAction\":[{\"@type\":\"ReadAction\",\"target\":[\"https:\/\/www.welovecycling.com\/wide\/2024\/07\/02\/its-our-moment-its-our-time-its-for-all-africa-declares-biniam-girmay-after-historic-tour-de-france-stage-win\/\"]}]},{\"@type\":\"ImageObject\",\"inLanguage\":\"en-US\",\"@id\":\"https:\/\/www.welovecycling.com\/wide\/2024\/07\/02\/its-our-moment-its-our-time-its-for-all-africa-declares-biniam-girmay-after-historic-tour-de-france-stage-win\/#primaryimage\",\"url\":\"https:\/\/d2p6e6u75xmxt8.cloudfront.net\/2\/2024\/07\/Biniam-Girmay-profimedia-0886320524-CVR.webp\",\"contentUrl\":\"https:\/\/d2p6e6u75xmxt8.cloudfront.net\/2\/2024\/07\/Biniam-Girmay-profimedia-0886320524-CVR.webp\",\"width\":990,\"height\":660,\"caption\":\"Biniam Girmay\"},{\"@type\":\"BreadcrumbList\",\"@id\":\"https:\/\/www.welovecycling.com\/wide\/2024\/07\/02\/its-our-moment-its-our-time-its-for-all-africa-declares-biniam-girmay-after-historic-tour-de-france-stage-win\/#breadcrumb\",\"itemListElement\":[{\"@type\":\"ListItem\",\"position\":1,\"name\":\"Home\",\"item\":\"https:\/\/www.welovecycling.com\/wide\/\"},{\"@type\":\"ListItem\",\"position\":2,\"name\":\"&#8220;It&#8217;s our moment, it&#8217;s our time. It&#8217;s for all Africa,&#8221; Declares Biniam Girmay After Historic Tour de France Stage Win\"}]},{\"@type\":\"WebSite\",\"@id\":\"https:\/\/www.welovecycling.com\/wide\/#website\",\"url\":\"https:\/\/www.welovecycling.com\/wide\/\",\"name\":\"\u0160koda We Love Cycling\",\"description\":\"\u0160koda We Love Cycling magazine\",\"alternateName\":\"\u0160koda WLC\",\"potentialAction\":[{\"@type\":\"SearchAction\",\"target\":{\"@type\":\"EntryPoint\",\"urlTemplate\":\"https:\/\/www.welovecycling.com\/wide\/?s={search_term_string}\"},\"query-input\":{\"@type\":\"PropertyValueSpecification\",\"valueRequired\":true,\"valueName\":\"search_term_string\"}}],\"inLanguage\":\"en-US\"},{\"@type\":\"Person\",\"@id\":\"https:\/\/www.welovecycling.com\/wide\/#\/schema\/person\/50f01ecd18718d2333cf72e823c4f926\",\"name\":\"tereza\",\"image\":{\"@type\":\"ImageObject\",\"inLanguage\":\"en-US\",\"@id\":\"https:\/\/www.welovecycling.com\/wide\/#\/schema\/person\/image\/\",\"url\":\"https:\/\/secure.gravatar.com\/avatar\/1f9eb71be33845f0afabce3791bc1c58ecdb0a25c62964987e5dbcf7a20d2ec7?s=96&d=mm&r=g\",\"contentUrl\":\"https:\/\/secure.gravatar.com\/avatar\/1f9eb71be33845f0afabce3791bc1c58ecdb0a25c62964987e5dbcf7a20d2ec7?s=96&d=mm&r=g\",\"caption\":\"tereza\"},\"url\":\"https:\/\/www.welovecycling.com\/wide\/author\/tereza\/\"}]}<\/script>\n<!-- \/ Yoast SEO Premium plugin. -->","yoast_head_json":{"title":"\"It's our moment, it's our time. It's for all Africa,\" Declares Biniam Girmay After Historic Tour de France Stage Win - \u0160koda We Love Cycling","description":"Biniam Girmay achieved a monumental milestone by becoming the first black African to win a Tour de France stage, triumphing in a high-speed sprint during","robots":{"index":"index","follow":"follow","max-snippet":"max-snippet:-1","max-image-preview":"max-image-preview:large","max-video-preview":"max-video-preview:-1"},"canonical":"https:\/\/www.welovecycling.com\/wide\/2024\/07\/02\/its-our-moment-its-our-time-its-for-all-africa-declares-biniam-girmay-after-historic-tour-de-france-stage-win\/","og_locale":"en_US","og_type":"article","og_title":"\"It's our moment, it's our time. It's for all Africa,\" Declares Biniam Girmay After Historic Tour de France Stage Win","og_description":"Biniam Girmay achieved a monumental milestone by becoming the first black African to win a Tour de France stage, triumphing in a high-speed sprint during","og_url":"https:\/\/www.welovecycling.com\/wide\/2024\/07\/02\/its-our-moment-its-our-time-its-for-all-africa-declares-biniam-girmay-after-historic-tour-de-france-stage-win\/","og_site_name":"\u0160koda We Love Cycling","article_published_time":"2024-07-02T08:26:59+00:00","og_image":[{"width":990,"height":660,"url":"https:\/\/d2p6e6u75xmxt8.cloudfront.net\/2\/2024\/07\/Biniam-Girmay-profimedia-0886320524-CVR.webp","type":"image\/webp"}],"author":"tereza","twitter_card":"summary_large_image","twitter_misc":{"Written by":"Monica Buck","Est. reading time":"3"},"schema":{"@context":"https:\/\/schema.org","@graph":[{"@type":"WebPage","@id":"https:\/\/www.welovecycling.com\/wide\/2024\/07\/02\/its-our-moment-its-our-time-its-for-all-africa-declares-biniam-girmay-after-historic-tour-de-france-stage-win\/","url":"https:\/\/www.welovecycling.com\/wide\/2024\/07\/02\/its-our-moment-its-our-time-its-for-all-africa-declares-biniam-girmay-after-historic-tour-de-france-stage-win\/","name":"\"It's our moment, it's our time. It's for all Africa,\" Declares Biniam Girmay After Historic Tour de France Stage Win - \u0160koda We Love Cycling","isPartOf":{"@id":"https:\/\/www.welovecycling.com\/wide\/#website"},"primaryImageOfPage":{"@id":"https:\/\/www.welovecycling.com\/wide\/2024\/07\/02\/its-our-moment-its-our-time-its-for-all-africa-declares-biniam-girmay-after-historic-tour-de-france-stage-win\/#primaryimage"},"image":{"@id":"https:\/\/www.welovecycling.com\/wide\/2024\/07\/02\/its-our-moment-its-our-time-its-for-all-africa-declares-biniam-girmay-after-historic-tour-de-france-stage-win\/#primaryimage"},"thumbnailUrl":"https:\/\/d2p6e6u75xmxt8.cloudfront.net\/2\/2024\/07\/Biniam-Girmay-profimedia-0886320524-CVR.webp","datePublished":"2024-07-02T08:26:59+00:00","author":{"@id":"https:\/\/www.welovecycling.com\/wide\/#\/schema\/person\/50f01ecd18718d2333cf72e823c4f926"},"description":"Biniam Girmay achieved a monumental milestone by becoming the first black African to win a Tour de France stage, triumphing in a high-speed sprint during","breadcrumb":{"@id":"https:\/\/www.welovecycling.com\/wide\/2024\/07\/02\/its-our-moment-its-our-time-its-for-all-africa-declares-biniam-girmay-after-historic-tour-de-france-stage-win\/#breadcrumb"},"inLanguage":"en-US","potentialAction":[{"@type":"ReadAction","target":["https:\/\/www.welovecycling.com\/wide\/2024\/07\/02\/its-our-moment-its-our-time-its-for-all-africa-declares-biniam-girmay-after-historic-tour-de-france-stage-win\/"]}]},{"@type":"ImageObject","inLanguage":"en-US","@id":"https:\/\/www.welovecycling.com\/wide\/2024\/07\/02\/its-our-moment-its-our-time-its-for-all-africa-declares-biniam-girmay-after-historic-tour-de-france-stage-win\/#primaryimage","url":"https:\/\/d2p6e6u75xmxt8.cloudfront.net\/2\/2024\/07\/Biniam-Girmay-profimedia-0886320524-CVR.webp","contentUrl":"https:\/\/d2p6e6u75xmxt8.cloudfront.net\/2\/2024\/07\/Biniam-Girmay-profimedia-0886320524-CVR.webp","width":990,"height":660,"caption":"Biniam Girmay"},{"@type":"BreadcrumbList","@id":"https:\/\/www.welovecycling.com\/wide\/2024\/07\/02\/its-our-moment-its-our-time-its-for-all-africa-declares-biniam-girmay-after-historic-tour-de-france-stage-win\/#breadcrumb","itemListElement":[{"@type":"ListItem","position":1,"name":"Home","item":"https:\/\/www.welovecycling.com\/wide\/"},{"@type":"ListItem","position":2,"name":"&#8220;It&#8217;s our moment, it&#8217;s our time. It&#8217;s for all Africa,&#8221; Declares Biniam Girmay After Historic Tour de France Stage Win"}]},{"@type":"WebSite","@id":"https:\/\/www.welovecycling.com\/wide\/#website","url":"https:\/\/www.welovecycling.com\/wide\/","name":"\u0160koda We Love Cycling","description":"\u0160koda We Love Cycling magazine","alternateName":"\u0160koda WLC","potentialAction":[{"@type":"SearchAction","target":{"@type":"EntryPoint","urlTemplate":"https:\/\/www.welovecycling.com\/wide\/?s={search_term_string}"},"query-input":{"@type":"PropertyValueSpecification","valueRequired":true,"valueName":"search_term_string"}}],"inLanguage":"en-US"},{"@type":"Person","@id":"https:\/\/www.welovecycling.com\/wide\/#\/schema\/person\/50f01ecd18718d2333cf72e823c4f926","name":"tereza","image":{"@type":"ImageObject","inLanguage":"en-US","@id":"https:\/\/www.welovecycling.com\/wide\/#\/schema\/person\/image\/","url":"https:\/\/secure.gravatar.com\/avatar\/1f9eb71be33845f0afabce3791bc1c58ecdb0a25c62964987e5dbcf7a20d2ec7?s=96&d=mm&r=g","contentUrl":"https:\/\/secure.gravatar.com\/avatar\/1f9eb71be33845f0afabce3791bc1c58ecdb0a25c62964987e5dbcf7a20d2ec7?s=96&d=mm&r=g","caption":"tereza"},"url":"https:\/\/www.welovecycling.com\/wide\/author\/tereza\/"}]}},"_links":{"self":[{"href":"https:\/\/www.welovecycling.com\/wide\/wp-json\/wp\/v2\/posts\/196168","targetHints":{"allow":["GET"]}}],"collection":[{"href":"https:\/\/www.welovecycling.com\/wide\/wp-json\/wp\/v2\/posts"}],"about":[{"href":"https:\/\/www.welovecycling.com\/wide\/wp-json\/wp\/v2\/types\/post"}],"author":[{"embeddable":true,"href":"https:\/\/www.welovecycling.com\/wide\/wp-json\/wp\/v2\/users\/99"}],"replies":[{"embeddable":true,"href":"https:\/\/www.welovecycling.com\/wide\/wp-json\/wp\/v2\/comments?post=196168"}],"version-history":[{"count":1,"href":"https:\/\/www.welovecycling.com\/wide\/wp-json\/wp\/v2\/posts\/196168\/revisions"}],"predecessor-version":[{"id":196170,"href":"https:\/\/www.welovecycling.com\/wide\/wp-json\/wp\/v2\/posts\/196168\/revisions\/196170"}],"wp:featuredmedia":[{"embeddable":true,"href":"https:\/\/www.welovecycling.com\/wide\/wp-json\/wp\/v2\/media\/196169"}],"wp:attachment":[{"href":"https:\/\/www.welovecycling.com\/wide\/wp-json\/wp\/v2\/media?parent=196168"}],"wp:term":[{"taxonomy":"category","embeddable":true,"href":"https:\/\/www.welovecycling.com\/wide\/wp-json\/wp\/v2\/categories?post=196168"},{"taxonomy":"post_tag","embeddable":true,"href":"https:\/\/www.welovecycling.com\/wide\/wp-json\/wp\/v2\/tags?post=196168"},{"taxonomy":"global-categories","embeddable":true,"href":"https:\/\/www.welovecycling.com\/wide\/wp-json\/wp\/v2\/global-categories?post=196168"}],"curies":[{"name":"wp","href":"https:\/\/api.w.org\/{rel}","templated":true}]}}