{"id":195950,"date":"2024-06-18T16:21:20","date_gmt":"2024-06-18T16:21:20","guid":{"rendered":"https:\/\/www.welovecycling.com\/wide\/?p=195950"},"modified":"2024-06-18T16:21:20","modified_gmt":"2024-06-18T16:21:20","slug":"methylated-vitamins-who-should-supplement-them","status":"publish","type":"post","link":"https:\/\/www.welovecycling.com\/wide\/2024\/06\/18\/methylated-vitamins-who-should-supplement-them\/","title":{"rendered":"Methylated Vitamins \u2013 Who Should Supplement Them?"},"content":{"rendered":"<p style=\"font-weight: 400;\"><strong>Methylated vitamins play a key role in many aspects of health. If you\u2019ve been following this series, you know how beneficial they are compared to their non-methylated counterparts. But are they for everyone? Let\u2019s take a look at who would benefit the most from supplementing methylated vitamins.<\/strong><\/p>\n<p><!--more--><\/p>\n<h2><strong>Should you take methylated vitamins?<\/strong><\/h2>\n<p style=\"font-weight: 400;\"><a href=\"https:\/\/www.welovecycling.com\/wide\/series\/methylated-vitamins\/\" target=\"_blank\" rel=\"noopener\">Methylated vitamins<\/a> are more easily absorbed and utilized by the body than non-methylated forms, which need to be converted to their active forms in the body. It can seem like everyone should be able to benefit from supplementing with methylated vitamins. And if you don\u2019t experience any side effects after taking them, you can certainly can. But it\u2019s good to keep in mind that healthy adults can turn non-methylated vitamins to methylated ones without issues. So, whether you should do it depends on whether one or more of the following characteristics apply to you.<\/p>\n<h2><strong>People with MTHFR gene mutations<\/strong><\/h2>\n<p style=\"font-weight: 400;\">The most important group of people who have to consider supplementation with methylated vitamin are those with mutations in the MTHFR gene. This is because this condition reduces their ability to convert folic acid, a non-methylated version of vitamin B9, into its active form, methylfolate. Since methylated vitamins are already in their active form, they bypass this conversion step, making them easier for individuals with this genetic condition\u200b to get enough of B9.<\/p>\n<h2><strong>Those with poor absorption<\/strong><\/h2>\n<p style=\"font-weight: 400;\">Anyone who is suffering with a gastrointestinal condition such as celiac disease, <a href=\"https:\/\/www.mayoclinic.org\/diseases-conditions\/crohns-disease\/symptoms-causes\/syc-20353304#:~:text=Crohn's%20disease%20is%20an%20inflammatory,deeper%20layers%20of%20the%20bowel.\">Crohn&#8217;s disease,<\/a> or any other malabsorption issues should give methylated vitamins a try. People with poor absorption typically have difficulty absorbing vitamins in their inactive, non-methylated forms. Methylated vitamins are more readily absorbed and utilized by the body, making them a better choice in this scenario.<\/p>\n<h2><strong>Older adults<\/strong><\/h2>\n<p style=\"font-weight: 400;\">As people age, the efficiency of vitamin absorption and conversion tends to decline. This is why older adults are also a group that may benefit from methylated vitamins because they are more bioavailable and require less metabolic processing\u200b.<\/p>\n<h2><strong>Individuals with high homocysteine levels<\/strong><\/h2>\n<p style=\"font-weight: 400;\">Another group of people who could benefit from supplementing with methylated vitamins are those with elevated homocysteine levels, which is a risk factor for cardiovascular disease. Methylated vitamins, especially B9, B12, B6, and B2 help convert homocysteine into methionine in the methylation cycle. Lowering homocysteine levels this way is one less risk factor for cardiovascular disease\u200b.<\/p>\n<h2><strong>People with neurological issues<\/strong><\/h2>\n<p style=\"font-weight: 400;\">Individuals struggling with neurological conditions such as peripheral neuropathy or cognitive decline, may benefit from supplementing with the methylated version of vitamin B12, methylcobalamin, which has been shown to support nerve health and cognitive function more effectively than non-methylated forms\u200b.<\/p>\n<h2><strong>Pregnant women<\/strong><\/h2>\n<p style=\"font-weight: 400;\">Pregnant women require higher amounts of folate, vitamin B9, to support fetal development. Getting enough vitamin B9, whether through diet or supplementation is key. There is good reason to think that even supplementing with the inactive version of B9 should be enough. But the methylated version of vitamin B9, methylfolate, is more readily utilized by the body which could be beneficial in some cases. Definitely consult with your doctor whether methylated vitamin supplementation would be right for you if you\u2019re pregnant.<\/p>\n<h2><strong>Side effects of methylated vitamins<\/strong><\/h2>\n<p style=\"font-weight: 400;\">One more important reason to consider when deciding whether to supplement with methylated vitamins are the side effects. Methylated vitamins are generally tolerated well and most people have no issues when supplementing them. But some unfortunately do. The most commonly reported ones are digestive issues, fatigues, headaches, and anxiety, especially in people with pre-existing anxiety disorders.<\/p>\n<p style=\"font-weight: 400;\">If you think supplementing may not be for you, there\u2019s another way. You can get methylated vitamins straight from your diet. We will take a look at that in the next article.<\/p>\n","protected":false},"excerpt":{"rendered":"<p>Methylated vitamins play a key role in many aspects of health. If you\u2019ve been following this series, you know how [&hellip;]<\/p>\n","protected":false},"author":99,"featured_media":195951,"comment_status":"closed","ping_status":"open","sticky":false,"template":"","format":"standard","meta":{"footnotes":""},"categories":[332],"tags":[7876,7836,7839,7875,7874,802],"global-categories":[3366],"class_list":["post-195950","post","type-post","status-publish","format-standard","has-post-thumbnail","hentry","category-health-and-training","tag-b12","tag-methylated-vitamins","tag-methylfolate","tag-side-effects-of-methylated-vitamins","tag-vitamin-b","tag-vitamins","global-categories-cycling"],"yoast_head":"<!-- This site is optimized with the Yoast SEO Premium plugin v25.3 (Yoast SEO v25.9) - https:\/\/yoast.com\/wordpress\/plugins\/seo\/ -->\n<title>Methylated Vitamins \u2013 Who Should Supplement Them? - \u0160koda We Love Cycling<\/title>\n<meta name=\"description\" content=\"Methylated vitamins play a key role in many aspects of health. If you\u2019ve been following this series, you know how beneficial they are compared to their\" \/>\n<meta name=\"robots\" content=\"index, follow, max-snippet:-1, max-image-preview:large, max-video-preview:-1\" \/>\n<link rel=\"canonical\" href=\"https:\/\/www.welovecycling.com\/wide\/2024\/06\/18\/methylated-vitamins-who-should-supplement-them\/\" \/>\n<meta property=\"og:locale\" content=\"en_US\" \/>\n<meta property=\"og:type\" content=\"article\" \/>\n<meta property=\"og:title\" content=\"Methylated Vitamins \u2013 Who Should Supplement Them?\" \/>\n<meta property=\"og:description\" content=\"Methylated vitamins play a key role in many aspects of health. If you\u2019ve been following this series, you know how beneficial they are compared to their\" \/>\n<meta property=\"og:url\" content=\"https:\/\/www.welovecycling.com\/wide\/2024\/06\/18\/methylated-vitamins-who-should-supplement-them\/\" \/>\n<meta property=\"og:site_name\" content=\"\u0160koda We Love Cycling\" \/>\n<meta property=\"article:published_time\" content=\"2024-06-18T16:21:20+00:00\" \/>\n<meta property=\"og:image\" content=\"https:\/\/d2p6e6u75xmxt8.cloudfront.net\/2\/2024\/06\/Methylated-Vitamins-Pills-profimedia-0881793442-CVR.webp\" \/>\n\t<meta property=\"og:image:width\" content=\"990\" \/>\n\t<meta property=\"og:image:height\" content=\"660\" \/>\n\t<meta property=\"og:image:type\" content=\"image\/webp\" \/>\n<meta name=\"author\" content=\"tereza\" \/>\n<meta name=\"twitter:card\" content=\"summary_large_image\" \/>\n<meta name=\"twitter:label1\" content=\"Written by\" \/>\n\t<meta name=\"twitter:data1\" content=\"Jiri Kaloc\" \/>\n\t<meta name=\"twitter:label2\" content=\"Est. reading time\" \/>\n\t<meta name=\"twitter:data2\" content=\"4\" \/>\n<script type=\"application\/ld+json\" class=\"yoast-schema-graph\">{\"@context\":\"https:\/\/schema.org\",\"@graph\":[{\"@type\":\"WebPage\",\"@id\":\"https:\/\/www.welovecycling.com\/wide\/2024\/06\/18\/methylated-vitamins-who-should-supplement-them\/\",\"url\":\"https:\/\/www.welovecycling.com\/wide\/2024\/06\/18\/methylated-vitamins-who-should-supplement-them\/\",\"name\":\"Methylated Vitamins \u2013 Who Should Supplement Them? - \u0160koda We Love Cycling\",\"isPartOf\":{\"@id\":\"https:\/\/www.welovecycling.com\/wide\/#website\"},\"primaryImageOfPage\":{\"@id\":\"https:\/\/www.welovecycling.com\/wide\/2024\/06\/18\/methylated-vitamins-who-should-supplement-them\/#primaryimage\"},\"image\":{\"@id\":\"https:\/\/www.welovecycling.com\/wide\/2024\/06\/18\/methylated-vitamins-who-should-supplement-them\/#primaryimage\"},\"thumbnailUrl\":\"https:\/\/d2p6e6u75xmxt8.cloudfront.net\/2\/2024\/06\/Methylated-Vitamins-Pills-profimedia-0881793442-CVR.webp\",\"datePublished\":\"2024-06-18T16:21:20+00:00\",\"author\":{\"@id\":\"https:\/\/www.welovecycling.com\/wide\/#\/schema\/person\/50f01ecd18718d2333cf72e823c4f926\"},\"description\":\"Methylated vitamins play a key role in many aspects of health. If you\u2019ve been following this series, you know how beneficial they are compared to their\",\"breadcrumb\":{\"@id\":\"https:\/\/www.welovecycling.com\/wide\/2024\/06\/18\/methylated-vitamins-who-should-supplement-them\/#breadcrumb\"},\"inLanguage\":\"en-US\",\"potentialAction\":[{\"@type\":\"ReadAction\",\"target\":[\"https:\/\/www.welovecycling.com\/wide\/2024\/06\/18\/methylated-vitamins-who-should-supplement-them\/\"]}]},{\"@type\":\"ImageObject\",\"inLanguage\":\"en-US\",\"@id\":\"https:\/\/www.welovecycling.com\/wide\/2024\/06\/18\/methylated-vitamins-who-should-supplement-them\/#primaryimage\",\"url\":\"https:\/\/d2p6e6u75xmxt8.cloudfront.net\/2\/2024\/06\/Methylated-Vitamins-Pills-profimedia-0881793442-CVR.webp\",\"contentUrl\":\"https:\/\/d2p6e6u75xmxt8.cloudfront.net\/2\/2024\/06\/Methylated-Vitamins-Pills-profimedia-0881793442-CVR.webp\",\"width\":990,\"height\":660,\"caption\":\"Methylated vitamins\"},{\"@type\":\"BreadcrumbList\",\"@id\":\"https:\/\/www.welovecycling.com\/wide\/2024\/06\/18\/methylated-vitamins-who-should-supplement-them\/#breadcrumb\",\"itemListElement\":[{\"@type\":\"ListItem\",\"position\":1,\"name\":\"Home\",\"item\":\"https:\/\/www.welovecycling.com\/wide\/\"},{\"@type\":\"ListItem\",\"position\":2,\"name\":\"Methylated Vitamins \u2013 Who Should Supplement Them?\"}]},{\"@type\":\"WebSite\",\"@id\":\"https:\/\/www.welovecycling.com\/wide\/#website\",\"url\":\"https:\/\/www.welovecycling.com\/wide\/\",\"name\":\"\u0160koda We Love Cycling\",\"description\":\"\u0160koda We Love Cycling magazine\",\"alternateName\":\"\u0160koda WLC\",\"potentialAction\":[{\"@type\":\"SearchAction\",\"target\":{\"@type\":\"EntryPoint\",\"urlTemplate\":\"https:\/\/www.welovecycling.com\/wide\/?s={search_term_string}\"},\"query-input\":{\"@type\":\"PropertyValueSpecification\",\"valueRequired\":true,\"valueName\":\"search_term_string\"}}],\"inLanguage\":\"en-US\"},{\"@type\":\"Person\",\"@id\":\"https:\/\/www.welovecycling.com\/wide\/#\/schema\/person\/50f01ecd18718d2333cf72e823c4f926\",\"name\":\"tereza\",\"image\":{\"@type\":\"ImageObject\",\"inLanguage\":\"en-US\",\"@id\":\"https:\/\/www.welovecycling.com\/wide\/#\/schema\/person\/image\/\",\"url\":\"https:\/\/secure.gravatar.com\/avatar\/1f9eb71be33845f0afabce3791bc1c58ecdb0a25c62964987e5dbcf7a20d2ec7?s=96&d=mm&r=g\",\"contentUrl\":\"https:\/\/secure.gravatar.com\/avatar\/1f9eb71be33845f0afabce3791bc1c58ecdb0a25c62964987e5dbcf7a20d2ec7?s=96&d=mm&r=g\",\"caption\":\"tereza\"},\"url\":\"https:\/\/www.welovecycling.com\/wide\/author\/tereza\/\"}]}<\/script>\n<!-- \/ Yoast SEO Premium plugin. -->","yoast_head_json":{"title":"Methylated Vitamins \u2013 Who Should Supplement Them? - \u0160koda We Love Cycling","description":"Methylated vitamins play a key role in many aspects of health. If you\u2019ve been following this series, you know how beneficial they are compared to their","robots":{"index":"index","follow":"follow","max-snippet":"max-snippet:-1","max-image-preview":"max-image-preview:large","max-video-preview":"max-video-preview:-1"},"canonical":"https:\/\/www.welovecycling.com\/wide\/2024\/06\/18\/methylated-vitamins-who-should-supplement-them\/","og_locale":"en_US","og_type":"article","og_title":"Methylated Vitamins \u2013 Who Should Supplement Them?","og_description":"Methylated vitamins play a key role in many aspects of health. If you\u2019ve been following this series, you know how beneficial they are compared to their","og_url":"https:\/\/www.welovecycling.com\/wide\/2024\/06\/18\/methylated-vitamins-who-should-supplement-them\/","og_site_name":"\u0160koda We Love Cycling","article_published_time":"2024-06-18T16:21:20+00:00","og_image":[{"width":990,"height":660,"url":"https:\/\/d2p6e6u75xmxt8.cloudfront.net\/2\/2024\/06\/Methylated-Vitamins-Pills-profimedia-0881793442-CVR.webp","type":"image\/webp"}],"author":"tereza","twitter_card":"summary_large_image","twitter_misc":{"Written by":"Jiri Kaloc","Est. reading time":"4"},"schema":{"@context":"https:\/\/schema.org","@graph":[{"@type":"WebPage","@id":"https:\/\/www.welovecycling.com\/wide\/2024\/06\/18\/methylated-vitamins-who-should-supplement-them\/","url":"https:\/\/www.welovecycling.com\/wide\/2024\/06\/18\/methylated-vitamins-who-should-supplement-them\/","name":"Methylated Vitamins \u2013 Who Should Supplement Them? - \u0160koda We Love Cycling","isPartOf":{"@id":"https:\/\/www.welovecycling.com\/wide\/#website"},"primaryImageOfPage":{"@id":"https:\/\/www.welovecycling.com\/wide\/2024\/06\/18\/methylated-vitamins-who-should-supplement-them\/#primaryimage"},"image":{"@id":"https:\/\/www.welovecycling.com\/wide\/2024\/06\/18\/methylated-vitamins-who-should-supplement-them\/#primaryimage"},"thumbnailUrl":"https:\/\/d2p6e6u75xmxt8.cloudfront.net\/2\/2024\/06\/Methylated-Vitamins-Pills-profimedia-0881793442-CVR.webp","datePublished":"2024-06-18T16:21:20+00:00","author":{"@id":"https:\/\/www.welovecycling.com\/wide\/#\/schema\/person\/50f01ecd18718d2333cf72e823c4f926"},"description":"Methylated vitamins play a key role in many aspects of health. If you\u2019ve been following this series, you know how beneficial they are compared to their","breadcrumb":{"@id":"https:\/\/www.welovecycling.com\/wide\/2024\/06\/18\/methylated-vitamins-who-should-supplement-them\/#breadcrumb"},"inLanguage":"en-US","potentialAction":[{"@type":"ReadAction","target":["https:\/\/www.welovecycling.com\/wide\/2024\/06\/18\/methylated-vitamins-who-should-supplement-them\/"]}]},{"@type":"ImageObject","inLanguage":"en-US","@id":"https:\/\/www.welovecycling.com\/wide\/2024\/06\/18\/methylated-vitamins-who-should-supplement-them\/#primaryimage","url":"https:\/\/d2p6e6u75xmxt8.cloudfront.net\/2\/2024\/06\/Methylated-Vitamins-Pills-profimedia-0881793442-CVR.webp","contentUrl":"https:\/\/d2p6e6u75xmxt8.cloudfront.net\/2\/2024\/06\/Methylated-Vitamins-Pills-profimedia-0881793442-CVR.webp","width":990,"height":660,"caption":"Methylated vitamins"},{"@type":"BreadcrumbList","@id":"https:\/\/www.welovecycling.com\/wide\/2024\/06\/18\/methylated-vitamins-who-should-supplement-them\/#breadcrumb","itemListElement":[{"@type":"ListItem","position":1,"name":"Home","item":"https:\/\/www.welovecycling.com\/wide\/"},{"@type":"ListItem","position":2,"name":"Methylated Vitamins \u2013 Who Should Supplement Them?"}]},{"@type":"WebSite","@id":"https:\/\/www.welovecycling.com\/wide\/#website","url":"https:\/\/www.welovecycling.com\/wide\/","name":"\u0160koda We Love Cycling","description":"\u0160koda We Love Cycling magazine","alternateName":"\u0160koda WLC","potentialAction":[{"@type":"SearchAction","target":{"@type":"EntryPoint","urlTemplate":"https:\/\/www.welovecycling.com\/wide\/?s={search_term_string}"},"query-input":{"@type":"PropertyValueSpecification","valueRequired":true,"valueName":"search_term_string"}}],"inLanguage":"en-US"},{"@type":"Person","@id":"https:\/\/www.welovecycling.com\/wide\/#\/schema\/person\/50f01ecd18718d2333cf72e823c4f926","name":"tereza","image":{"@type":"ImageObject","inLanguage":"en-US","@id":"https:\/\/www.welovecycling.com\/wide\/#\/schema\/person\/image\/","url":"https:\/\/secure.gravatar.com\/avatar\/1f9eb71be33845f0afabce3791bc1c58ecdb0a25c62964987e5dbcf7a20d2ec7?s=96&d=mm&r=g","contentUrl":"https:\/\/secure.gravatar.com\/avatar\/1f9eb71be33845f0afabce3791bc1c58ecdb0a25c62964987e5dbcf7a20d2ec7?s=96&d=mm&r=g","caption":"tereza"},"url":"https:\/\/www.welovecycling.com\/wide\/author\/tereza\/"}]}},"_links":{"self":[{"href":"https:\/\/www.welovecycling.com\/wide\/wp-json\/wp\/v2\/posts\/195950","targetHints":{"allow":["GET"]}}],"collection":[{"href":"https:\/\/www.welovecycling.com\/wide\/wp-json\/wp\/v2\/posts"}],"about":[{"href":"https:\/\/www.welovecycling.com\/wide\/wp-json\/wp\/v2\/types\/post"}],"author":[{"embeddable":true,"href":"https:\/\/www.welovecycling.com\/wide\/wp-json\/wp\/v2\/users\/99"}],"replies":[{"embeddable":true,"href":"https:\/\/www.welovecycling.com\/wide\/wp-json\/wp\/v2\/comments?post=195950"}],"version-history":[{"count":2,"href":"https:\/\/www.welovecycling.com\/wide\/wp-json\/wp\/v2\/posts\/195950\/revisions"}],"predecessor-version":[{"id":195956,"href":"https:\/\/www.welovecycling.com\/wide\/wp-json\/wp\/v2\/posts\/195950\/revisions\/195956"}],"wp:featuredmedia":[{"embeddable":true,"href":"https:\/\/www.welovecycling.com\/wide\/wp-json\/wp\/v2\/media\/195951"}],"wp:attachment":[{"href":"https:\/\/www.welovecycling.com\/wide\/wp-json\/wp\/v2\/media?parent=195950"}],"wp:term":[{"taxonomy":"category","embeddable":true,"href":"https:\/\/www.welovecycling.com\/wide\/wp-json\/wp\/v2\/categories?post=195950"},{"taxonomy":"post_tag","embeddable":true,"href":"https:\/\/www.welovecycling.com\/wide\/wp-json\/wp\/v2\/tags?post=195950"},{"taxonomy":"global-categories","embeddable":true,"href":"https:\/\/www.welovecycling.com\/wide\/wp-json\/wp\/v2\/global-categories?post=195950"}],"curies":[{"name":"wp","href":"https:\/\/api.w.org\/{rel}","templated":true}]}}