{"id":195855,"date":"2024-06-05T16:46:50","date_gmt":"2024-06-05T16:46:50","guid":{"rendered":"https:\/\/www.welovecycling.com\/wide\/?p=195855"},"modified":"2024-06-05T16:46:50","modified_gmt":"2024-06-05T16:46:50","slug":"wheelsroundup-evenepoel-wins-dauphine-time-trial-no-olympics-for-vingegaard-and-sagan","status":"publish","type":"post","link":"https:\/\/www.welovecycling.com\/wide\/2024\/06\/05\/wheelsroundup-evenepoel-wins-dauphine-time-trial-no-olympics-for-vingegaard-and-sagan\/","title":{"rendered":"WheelsRoundup: Evenepoel Wins Dauphin\u00e9 Time Trial; No Olympics for Vingegaard and Sagan"},"content":{"rendered":"<p style=\"font-weight: 400;\"><strong>\u00a0Game on!<\/strong><\/p>\n<p><!--more--><\/p>\n<p style=\"font-weight: 400;\">World time trial champion Remco Evenepoel showed that he has fully recovered from the injuries he sustained in the Itzulia Basque Country by winning Wednesday\u2019s time trial in the Crit\u00e9rium du Dauphin\u00e9 by 17 seconds over the European ITT champion Josh Tarling (INEOS Grenadiers).<\/p>\n<p style=\"font-weight: 400;\">But he might have wished to put more time between himself and his main rival for the Dauphin\u00e9 GC, Primo\u017e Rogli\u010d (BORA-hansgrohe), who finished third at 39 seconds. Evenepoel now leads the GC race by 33 seconds over the Slovenian, with three difficult mountain stages to come. Visma\u2013Lease a Bike\u2019s impressive 24-year-old American Matteo Jorgenson finished fourth in the ITT and sits in third in the GC, 1:04 adrift.<\/p>\n<p style=\"font-weight: 400;\">Both Evenepoel and Rogli\u010d (who was also injured in the Itzulia) will be riding in the Tour de France, which starts on June 29. The Dauphin\u00e9 has always been seen as a warmup for the Tour and an indication of the form of its prospective riders. If so, it looks as if both Evenepoel and Rogli\u010d have left their Itzulia injuries behind and are rounding into form nicely.<\/p>\n<p style=\"font-weight: 400;\">Evenepoel was of course delighted with his performance. \u201cIt has been quite a long way, three weeks almost with no bike and then only four weeks of training,\u201d he told Eurosport after the stage. \u201cBeing on this level already is a good sign towards the Tour and also in my preparations. I can only be happy and proud of what I did today.&#8221;<\/p>\n<p style=\"font-weight: 400;\">Giro d\u2019Italia winner Tadej Poga\u010dar (UAE Team Emirates) and defending Tour champion Jonas Vingegaard (Visma\u2013Lease a Bike) will have watched this race with interest. If the Dane \u2013 who suffered the worst injuries in the crash that also brought down Evenepooel and Rogli\u010d \u2013 is given the green light for the Tour, it may yet be the Super Bowl of road racing all cycling fans have been dreaming about.<\/p>\n<h2 style=\"font-weight: 400;\"><strong>Vingegaard not included in Denmark\u2019s Olympics team<\/strong><\/h2>\n<figure id=\"attachment_195342\" aria-describedby=\"caption-attachment-195342\" style=\"width: 990px\" class=\"wp-caption alignnone\"><a href=\"https:\/\/d2p6e6u75xmxt8.cloudfront.net\/2\/2024\/04\/Jonas-Vingegaard-Itzulia-Basque-Helmet-profimedia-0861715976-CVR.webp\"><img loading=\"lazy\" decoding=\"async\" class=\"wp-image-195342 size-full\" src=\"https:\/\/d2p6e6u75xmxt8.cloudfront.net\/2\/2024\/04\/Jonas-Vingegaard-Itzulia-Basque-Helmet-profimedia-0861715976-CVR.webp\" alt=\"Jonas Vingegaard\" width=\"990\" height=\"660\" srcset=\"https:\/\/d2p6e6u75xmxt8.cloudfront.net\/2\/2024\/04\/Jonas-Vingegaard-Itzulia-Basque-Helmet-profimedia-0861715976-CVR.webp 990w, https:\/\/d2p6e6u75xmxt8.cloudfront.net\/2\/2024\/04\/Jonas-Vingegaard-Itzulia-Basque-Helmet-profimedia-0861715976-CVR-300x200.webp 300w, https:\/\/d2p6e6u75xmxt8.cloudfront.net\/2\/2024\/04\/Jonas-Vingegaard-Itzulia-Basque-Helmet-profimedia-0861715976-CVR-768x512.webp 768w, https:\/\/d2p6e6u75xmxt8.cloudfront.net\/2\/2024\/04\/Jonas-Vingegaard-Itzulia-Basque-Helmet-profimedia-0861715976-CVR-400x267.webp 400w, https:\/\/d2p6e6u75xmxt8.cloudfront.net\/2\/2024\/04\/Jonas-Vingegaard-Itzulia-Basque-Helmet-profimedia-0861715976-CVR-272x182.webp 272w\" sizes=\"auto, (max-width: 990px) 100vw, 990px\" \/><\/a><figcaption id=\"caption-attachment-195342\" class=\"wp-caption-text\">Vingegaard will skip the 2024 Olympic Games. \u00a9 Profimedia<\/figcaption><\/figure>\n<p style=\"font-weight: 400;\">Jonas Vingegaard will not be riding in the Paris Olympics this time around. The Danish Olympic Committee did not include the two-time Tour de France champion in its four-man team, preferring instead Mikkel Bjerg (UAE Team Emirates), Michael M\u00f8rk\u00f8v (Astana Qazaqstan), and <a href=\"https:\/\/www.bicycling.com\/racing\/a60288247\/ghent-wevelgem-2024-results\/\">Mads Pedersen<\/a>\u00a0and Mattias Skjelmose (both from Lidl-Trek). All four will represent Denmark in the road race on August 3. Bjerg will also race in the time trial on July 27.<\/p>\n<p style=\"font-weight: 400;\">Though Vingegaard may be disappointed, he was not surprised. Last November he already said, \u201cI hope that I will be selected, but it will not surprise me if I am not. It may well be that the national coach chooses four others instead.\u201d The reason for his pessimism was, as he admitted, \u201cI don&#8217;t think the route suits me particularly well. There are so many good riders in Denmark, and when there are only four places, nothing is certain.\u201d<\/p>\n<p style=\"font-weight: 400;\">The 27-year-old Visma\u2013Lease a Bike leader is known for his unrivalled ability on long, steep climbs. But while the 273km Olympics course has plenty of climbing, its 11 ascents are all short and steep and better suited to a strong all-around rider like Pedersen.<\/p>\n<p style=\"font-weight: 400;\">But Vingegaard is not giving up hope. \u201cI still have a dream of riding the Olympics at some point,\u201d he said last year.<\/p>\n<h2 style=\"font-weight: 400;\"><strong>Sagan\u2019s Olympics dream also ends \u2013 for now<\/strong><\/h2>\n<p style=\"font-weight: 400;\">Seven-time Tour de France green jersey winner <a href=\"https:\/\/www.welovecycling.com\/wide\/2023\/10\/02\/peter-sagan-ends-fabulous-road-racing-career\/\" target=\"_blank\" rel=\"noopener\">Peter Sagan famously retired from road racing<\/a> in the hope of representing Slovakia at the Olympics in his first cycling love, mountain biking. A lot of elements had to align themselves for him to realize his Olympics dream, with both Slovakia and Sagan needing to accumulate enough points in the discipline to be allowed to compete in France this year.<\/p>\n<p style=\"font-weight: 400;\">Unfortunately, neither goal was attained, due in large part to Sagan\u2019s health. He was diagnosed with a form of cardiac arrythmia, or irregular heartbeat, in February and had to undergo two surgical interventions, in February and March. As a result, he was unable to ride in subsequent MTB events, including the final qualifying event, at the Nov\u00e9 M\u0115sto World Cup. As a result, both he and his national team did not amass enough points to be invited to the Olympics.<\/p>\n<p style=\"font-weight: 400;\">Sagan has not yet commented on the disappointing result. But, knowing his tenacity, he may already be looking ahead to the 2028 Summer Olympics in Los Angeles. He will be 38 then, and no doubt eager to give it a last shot.<\/p>\n","protected":false},"excerpt":{"rendered":"<p>\u00a0Game on!<\/p>\n","protected":false},"author":99,"featured_media":195857,"comment_status":"closed","ping_status":"open","sticky":false,"template":"","format":"standard","meta":{"footnotes":""},"categories":[329],"tags":[7832,438,5450,381,3544],"global-categories":[3366],"class_list":["post-195855","post","type-post","status-publish","format-standard","has-post-thumbnail","hentry","category-road-cycling","tag-2024-criterium-du-dauphine","tag-criterium-du-dauphine","tag-jonas-vingegaard","tag-peter-sagan","tag-remco-evenepoel","global-categories-cycling"],"yoast_head":"<!-- This site is optimized with the Yoast SEO Premium plugin v25.3 (Yoast SEO v25.9) - https:\/\/yoast.com\/wordpress\/plugins\/seo\/ -->\n<title>Evenepoel Wins Dauphin\u00e9 Time Trial, No Olympics for Vingegaard<\/title>\n<meta name=\"description\" content=\"\u00a0Game on! World time trial champion Remco Evenepoel showed that he has fully recovered from the injuries he sustained in the Itzulia Basque Country by\" \/>\n<meta name=\"robots\" content=\"index, follow, max-snippet:-1, max-image-preview:large, max-video-preview:-1\" \/>\n<link rel=\"canonical\" href=\"https:\/\/www.welovecycling.com\/wide\/2024\/06\/05\/wheelsroundup-evenepoel-wins-dauphine-time-trial-no-olympics-for-vingegaard-and-sagan\/\" \/>\n<meta property=\"og:locale\" content=\"en_US\" \/>\n<meta property=\"og:type\" content=\"article\" \/>\n<meta property=\"og:title\" content=\"WheelsRoundup: Evenepoel Wins Dauphin\u00e9 Time Trial; No Olympics for Vingegaard and Sagan\" \/>\n<meta property=\"og:description\" content=\"\u00a0Game on! World time trial champion Remco Evenepoel showed that he has fully recovered from the injuries he sustained in the Itzulia Basque Country by\" \/>\n<meta property=\"og:url\" content=\"https:\/\/www.welovecycling.com\/wide\/2024\/06\/05\/wheelsroundup-evenepoel-wins-dauphine-time-trial-no-olympics-for-vingegaard-and-sagan\/\" \/>\n<meta property=\"og:site_name\" content=\"\u0160koda We Love Cycling\" \/>\n<meta property=\"article:published_time\" content=\"2024-06-05T16:46:50+00:00\" \/>\n<meta property=\"og:image\" content=\"https:\/\/d2p6e6u75xmxt8.cloudfront.net\/2\/2024\/06\/Remco-Evenepoel-Criterium-profimedia-0878521635-CVR.webp\" \/>\n\t<meta property=\"og:image:width\" content=\"990\" \/>\n\t<meta property=\"og:image:height\" content=\"660\" \/>\n\t<meta property=\"og:image:type\" content=\"image\/webp\" \/>\n<meta name=\"author\" content=\"tereza\" \/>\n<meta name=\"twitter:card\" content=\"summary_large_image\" \/>\n<meta name=\"twitter:label1\" content=\"Written by\" \/>\n\t<meta name=\"twitter:data1\" content=\"Siegfried Mortkowitz\" \/>\n\t<meta name=\"twitter:label2\" content=\"Est. reading time\" \/>\n\t<meta name=\"twitter:data2\" content=\"4\" \/>\n<script type=\"application\/ld+json\" class=\"yoast-schema-graph\">{\"@context\":\"https:\/\/schema.org\",\"@graph\":[{\"@type\":\"WebPage\",\"@id\":\"https:\/\/www.welovecycling.com\/wide\/2024\/06\/05\/wheelsroundup-evenepoel-wins-dauphine-time-trial-no-olympics-for-vingegaard-and-sagan\/\",\"url\":\"https:\/\/www.welovecycling.com\/wide\/2024\/06\/05\/wheelsroundup-evenepoel-wins-dauphine-time-trial-no-olympics-for-vingegaard-and-sagan\/\",\"name\":\"Evenepoel Wins Dauphin\u00e9 Time Trial, No Olympics for Vingegaard\",\"isPartOf\":{\"@id\":\"https:\/\/www.welovecycling.com\/wide\/#website\"},\"primaryImageOfPage\":{\"@id\":\"https:\/\/www.welovecycling.com\/wide\/2024\/06\/05\/wheelsroundup-evenepoel-wins-dauphine-time-trial-no-olympics-for-vingegaard-and-sagan\/#primaryimage\"},\"image\":{\"@id\":\"https:\/\/www.welovecycling.com\/wide\/2024\/06\/05\/wheelsroundup-evenepoel-wins-dauphine-time-trial-no-olympics-for-vingegaard-and-sagan\/#primaryimage\"},\"thumbnailUrl\":\"https:\/\/d2p6e6u75xmxt8.cloudfront.net\/2\/2024\/06\/Remco-Evenepoel-Criterium-profimedia-0878521635-CVR.webp\",\"datePublished\":\"2024-06-05T16:46:50+00:00\",\"author\":{\"@id\":\"https:\/\/www.welovecycling.com\/wide\/#\/schema\/person\/50f01ecd18718d2333cf72e823c4f926\"},\"description\":\"\u00a0Game on! World time trial champion Remco Evenepoel showed that he has fully recovered from the injuries he sustained in the Itzulia Basque Country by\",\"breadcrumb\":{\"@id\":\"https:\/\/www.welovecycling.com\/wide\/2024\/06\/05\/wheelsroundup-evenepoel-wins-dauphine-time-trial-no-olympics-for-vingegaard-and-sagan\/#breadcrumb\"},\"inLanguage\":\"en-US\",\"potentialAction\":[{\"@type\":\"ReadAction\",\"target\":[\"https:\/\/www.welovecycling.com\/wide\/2024\/06\/05\/wheelsroundup-evenepoel-wins-dauphine-time-trial-no-olympics-for-vingegaard-and-sagan\/\"]}]},{\"@type\":\"ImageObject\",\"inLanguage\":\"en-US\",\"@id\":\"https:\/\/www.welovecycling.com\/wide\/2024\/06\/05\/wheelsroundup-evenepoel-wins-dauphine-time-trial-no-olympics-for-vingegaard-and-sagan\/#primaryimage\",\"url\":\"https:\/\/d2p6e6u75xmxt8.cloudfront.net\/2\/2024\/06\/Remco-Evenepoel-Criterium-profimedia-0878521635-CVR.webp\",\"contentUrl\":\"https:\/\/d2p6e6u75xmxt8.cloudfront.net\/2\/2024\/06\/Remco-Evenepoel-Criterium-profimedia-0878521635-CVR.webp\",\"width\":990,\"height\":660,\"caption\":\"Remco Evenepoel\"},{\"@type\":\"BreadcrumbList\",\"@id\":\"https:\/\/www.welovecycling.com\/wide\/2024\/06\/05\/wheelsroundup-evenepoel-wins-dauphine-time-trial-no-olympics-for-vingegaard-and-sagan\/#breadcrumb\",\"itemListElement\":[{\"@type\":\"ListItem\",\"position\":1,\"name\":\"Home\",\"item\":\"https:\/\/www.welovecycling.com\/wide\/\"},{\"@type\":\"ListItem\",\"position\":2,\"name\":\"WheelsRoundup: Evenepoel Wins Dauphin\u00e9 Time Trial; No Olympics for Vingegaard and Sagan\"}]},{\"@type\":\"WebSite\",\"@id\":\"https:\/\/www.welovecycling.com\/wide\/#website\",\"url\":\"https:\/\/www.welovecycling.com\/wide\/\",\"name\":\"\u0160koda We Love Cycling\",\"description\":\"\u0160koda We Love Cycling magazine\",\"alternateName\":\"\u0160koda WLC\",\"potentialAction\":[{\"@type\":\"SearchAction\",\"target\":{\"@type\":\"EntryPoint\",\"urlTemplate\":\"https:\/\/www.welovecycling.com\/wide\/?s={search_term_string}\"},\"query-input\":{\"@type\":\"PropertyValueSpecification\",\"valueRequired\":true,\"valueName\":\"search_term_string\"}}],\"inLanguage\":\"en-US\"},{\"@type\":\"Person\",\"@id\":\"https:\/\/www.welovecycling.com\/wide\/#\/schema\/person\/50f01ecd18718d2333cf72e823c4f926\",\"name\":\"tereza\",\"image\":{\"@type\":\"ImageObject\",\"inLanguage\":\"en-US\",\"@id\":\"https:\/\/www.welovecycling.com\/wide\/#\/schema\/person\/image\/\",\"url\":\"https:\/\/secure.gravatar.com\/avatar\/1f9eb71be33845f0afabce3791bc1c58ecdb0a25c62964987e5dbcf7a20d2ec7?s=96&d=mm&r=g\",\"contentUrl\":\"https:\/\/secure.gravatar.com\/avatar\/1f9eb71be33845f0afabce3791bc1c58ecdb0a25c62964987e5dbcf7a20d2ec7?s=96&d=mm&r=g\",\"caption\":\"tereza\"},\"url\":\"https:\/\/www.welovecycling.com\/wide\/author\/tereza\/\"}]}<\/script>\n<!-- \/ Yoast SEO Premium plugin. -->","yoast_head_json":{"title":"Evenepoel Wins Dauphin\u00e9 Time Trial, No Olympics for Vingegaard","description":"\u00a0Game on! World time trial champion Remco Evenepoel showed that he has fully recovered from the injuries he sustained in the Itzulia Basque Country by","robots":{"index":"index","follow":"follow","max-snippet":"max-snippet:-1","max-image-preview":"max-image-preview:large","max-video-preview":"max-video-preview:-1"},"canonical":"https:\/\/www.welovecycling.com\/wide\/2024\/06\/05\/wheelsroundup-evenepoel-wins-dauphine-time-trial-no-olympics-for-vingegaard-and-sagan\/","og_locale":"en_US","og_type":"article","og_title":"WheelsRoundup: Evenepoel Wins Dauphin\u00e9 Time Trial; No Olympics for Vingegaard and Sagan","og_description":"\u00a0Game on! World time trial champion Remco Evenepoel showed that he has fully recovered from the injuries he sustained in the Itzulia Basque Country by","og_url":"https:\/\/www.welovecycling.com\/wide\/2024\/06\/05\/wheelsroundup-evenepoel-wins-dauphine-time-trial-no-olympics-for-vingegaard-and-sagan\/","og_site_name":"\u0160koda We Love Cycling","article_published_time":"2024-06-05T16:46:50+00:00","og_image":[{"width":990,"height":660,"url":"https:\/\/d2p6e6u75xmxt8.cloudfront.net\/2\/2024\/06\/Remco-Evenepoel-Criterium-profimedia-0878521635-CVR.webp","type":"image\/webp"}],"author":"tereza","twitter_card":"summary_large_image","twitter_misc":{"Written by":"Siegfried Mortkowitz","Est. reading time":"4"},"schema":{"@context":"https:\/\/schema.org","@graph":[{"@type":"WebPage","@id":"https:\/\/www.welovecycling.com\/wide\/2024\/06\/05\/wheelsroundup-evenepoel-wins-dauphine-time-trial-no-olympics-for-vingegaard-and-sagan\/","url":"https:\/\/www.welovecycling.com\/wide\/2024\/06\/05\/wheelsroundup-evenepoel-wins-dauphine-time-trial-no-olympics-for-vingegaard-and-sagan\/","name":"Evenepoel Wins Dauphin\u00e9 Time Trial, No Olympics for Vingegaard","isPartOf":{"@id":"https:\/\/www.welovecycling.com\/wide\/#website"},"primaryImageOfPage":{"@id":"https:\/\/www.welovecycling.com\/wide\/2024\/06\/05\/wheelsroundup-evenepoel-wins-dauphine-time-trial-no-olympics-for-vingegaard-and-sagan\/#primaryimage"},"image":{"@id":"https:\/\/www.welovecycling.com\/wide\/2024\/06\/05\/wheelsroundup-evenepoel-wins-dauphine-time-trial-no-olympics-for-vingegaard-and-sagan\/#primaryimage"},"thumbnailUrl":"https:\/\/d2p6e6u75xmxt8.cloudfront.net\/2\/2024\/06\/Remco-Evenepoel-Criterium-profimedia-0878521635-CVR.webp","datePublished":"2024-06-05T16:46:50+00:00","author":{"@id":"https:\/\/www.welovecycling.com\/wide\/#\/schema\/person\/50f01ecd18718d2333cf72e823c4f926"},"description":"\u00a0Game on! World time trial champion Remco Evenepoel showed that he has fully recovered from the injuries he sustained in the Itzulia Basque Country by","breadcrumb":{"@id":"https:\/\/www.welovecycling.com\/wide\/2024\/06\/05\/wheelsroundup-evenepoel-wins-dauphine-time-trial-no-olympics-for-vingegaard-and-sagan\/#breadcrumb"},"inLanguage":"en-US","potentialAction":[{"@type":"ReadAction","target":["https:\/\/www.welovecycling.com\/wide\/2024\/06\/05\/wheelsroundup-evenepoel-wins-dauphine-time-trial-no-olympics-for-vingegaard-and-sagan\/"]}]},{"@type":"ImageObject","inLanguage":"en-US","@id":"https:\/\/www.welovecycling.com\/wide\/2024\/06\/05\/wheelsroundup-evenepoel-wins-dauphine-time-trial-no-olympics-for-vingegaard-and-sagan\/#primaryimage","url":"https:\/\/d2p6e6u75xmxt8.cloudfront.net\/2\/2024\/06\/Remco-Evenepoel-Criterium-profimedia-0878521635-CVR.webp","contentUrl":"https:\/\/d2p6e6u75xmxt8.cloudfront.net\/2\/2024\/06\/Remco-Evenepoel-Criterium-profimedia-0878521635-CVR.webp","width":990,"height":660,"caption":"Remco Evenepoel"},{"@type":"BreadcrumbList","@id":"https:\/\/www.welovecycling.com\/wide\/2024\/06\/05\/wheelsroundup-evenepoel-wins-dauphine-time-trial-no-olympics-for-vingegaard-and-sagan\/#breadcrumb","itemListElement":[{"@type":"ListItem","position":1,"name":"Home","item":"https:\/\/www.welovecycling.com\/wide\/"},{"@type":"ListItem","position":2,"name":"WheelsRoundup: Evenepoel Wins Dauphin\u00e9 Time Trial; No Olympics for Vingegaard and Sagan"}]},{"@type":"WebSite","@id":"https:\/\/www.welovecycling.com\/wide\/#website","url":"https:\/\/www.welovecycling.com\/wide\/","name":"\u0160koda We Love Cycling","description":"\u0160koda We Love Cycling magazine","alternateName":"\u0160koda WLC","potentialAction":[{"@type":"SearchAction","target":{"@type":"EntryPoint","urlTemplate":"https:\/\/www.welovecycling.com\/wide\/?s={search_term_string}"},"query-input":{"@type":"PropertyValueSpecification","valueRequired":true,"valueName":"search_term_string"}}],"inLanguage":"en-US"},{"@type":"Person","@id":"https:\/\/www.welovecycling.com\/wide\/#\/schema\/person\/50f01ecd18718d2333cf72e823c4f926","name":"tereza","image":{"@type":"ImageObject","inLanguage":"en-US","@id":"https:\/\/www.welovecycling.com\/wide\/#\/schema\/person\/image\/","url":"https:\/\/secure.gravatar.com\/avatar\/1f9eb71be33845f0afabce3791bc1c58ecdb0a25c62964987e5dbcf7a20d2ec7?s=96&d=mm&r=g","contentUrl":"https:\/\/secure.gravatar.com\/avatar\/1f9eb71be33845f0afabce3791bc1c58ecdb0a25c62964987e5dbcf7a20d2ec7?s=96&d=mm&r=g","caption":"tereza"},"url":"https:\/\/www.welovecycling.com\/wide\/author\/tereza\/"}]}},"_links":{"self":[{"href":"https:\/\/www.welovecycling.com\/wide\/wp-json\/wp\/v2\/posts\/195855","targetHints":{"allow":["GET"]}}],"collection":[{"href":"https:\/\/www.welovecycling.com\/wide\/wp-json\/wp\/v2\/posts"}],"about":[{"href":"https:\/\/www.welovecycling.com\/wide\/wp-json\/wp\/v2\/types\/post"}],"author":[{"embeddable":true,"href":"https:\/\/www.welovecycling.com\/wide\/wp-json\/wp\/v2\/users\/99"}],"replies":[{"embeddable":true,"href":"https:\/\/www.welovecycling.com\/wide\/wp-json\/wp\/v2\/comments?post=195855"}],"version-history":[{"count":2,"href":"https:\/\/www.welovecycling.com\/wide\/wp-json\/wp\/v2\/posts\/195855\/revisions"}],"predecessor-version":[{"id":195858,"href":"https:\/\/www.welovecycling.com\/wide\/wp-json\/wp\/v2\/posts\/195855\/revisions\/195858"}],"wp:featuredmedia":[{"embeddable":true,"href":"https:\/\/www.welovecycling.com\/wide\/wp-json\/wp\/v2\/media\/195857"}],"wp:attachment":[{"href":"https:\/\/www.welovecycling.com\/wide\/wp-json\/wp\/v2\/media?parent=195855"}],"wp:term":[{"taxonomy":"category","embeddable":true,"href":"https:\/\/www.welovecycling.com\/wide\/wp-json\/wp\/v2\/categories?post=195855"},{"taxonomy":"post_tag","embeddable":true,"href":"https:\/\/www.welovecycling.com\/wide\/wp-json\/wp\/v2\/tags?post=195855"},{"taxonomy":"global-categories","embeddable":true,"href":"https:\/\/www.welovecycling.com\/wide\/wp-json\/wp\/v2\/global-categories?post=195855"}],"curies":[{"name":"wp","href":"https:\/\/api.w.org\/{rel}","templated":true}]}}