{"id":195623,"date":"2024-05-06T09:27:25","date_gmt":"2024-05-06T09:27:25","guid":{"rendered":"https:\/\/www.welovecycling.com\/wide\/?p=195623"},"modified":"2024-05-06T11:19:44","modified_gmt":"2024-05-06T11:19:44","slug":"pogacar-takes-giro-lead-but-it-wasnt-easy","status":"publish","type":"post","link":"https:\/\/www.welovecycling.com\/wide\/2024\/05\/06\/pogacar-takes-giro-lead-but-it-wasnt-easy\/","title":{"rendered":"Poga\u010dar Takes Giro Lead \u2013 But It Wasn\u2019t Easy"},"content":{"rendered":"<p style=\"font-weight: 400;\"><strong>A funny thing happened to Tadej Poga\u010dar on his first step on the road to a crushing victory in the Giro d\u2019Italia: he lost. The overwhelming favourite to win the first Grand Tour of the year was upset in stage 1 by a cyclist most, if not all, commentators had not seen coming, the Ecuadorian INEOS Grenadiers rider Jhonatan Narv\u00e1ez.<\/strong><\/p>\n<p><!--more--><\/p>\n<p style=\"font-weight: 400;\">When the UAE Team Emirates leader made his expected move on the final climb of the 140 km stage, the steep but uncategorised 4 km Bivio di San Vito, he must have been surprised to find that he could not shake off the determined Narv\u00e1ez who seemed very comfortable in resisting the Slovenian\u2019s attacks. Not only that, a rejuvenated Maximillian Schachmann (BORA-hansgrohe) was also hot on his wheel. Three times Poga\u010dar tried to rid himself of his pesky pursuers and while he did distance Schachmann temporarily, Narv\u00e1ez stuck to him like a coat of paint.<\/p>\n<p style=\"font-weight: 400;\">The three riders came into the final 500 m together, with Poga\u010dar in the lead and Narv\u00e1ez clearly poised to attack. And when he did, the two-time Tour de France winner had no response, apparently fatigued by his repeated attacks. To add insult to injury, he was even pipped at the line by Schachmann.<\/p>\n<p style=\"font-weight: 400;\">Poga\u010dar had clearly planned to take the pink jersey on the first day of the Giro and hold it for the remainder of the race. So he was clearly disappointed by his defeat, the more so because he\u2019d planned to dedicate the stage win to a member of his junior Pogi team who had died on Friday in a kayaking accident. This was the reason he wore a black armband during the stage.<\/p>\n<p style=\"font-weight: 400;\">\u201cUnfortunately, on the last climb, I had to attack from the foot where Narv\u00e1ez was also very strong and could follow my wheel,\u201d he said after the stage and blamed his loss on the fact that he had been forced to chase the breakaway. \u201cThe gap to the group in front of us was too big and I had to give everything to close it,\u201d he said.<\/p>\n<p style=\"font-weight: 400;\">That only tells part of the story, however. The real reason he did not take the race leader\u2019s jersey was overconfidence, both his own and his team\u2019s. As a result, most of his support riders had been used up in driving the peloton for much of the stage, on the assumption that he would blow everyone away on the final climb. And so, after Rafal Majka eased up on the pedals, Poga\u010dar was alone on that final ascent.<\/p>\n<div class=\"embed-controller-wrapper\">\n<blockquote class=\"twitter-tweet\" data-width=\"500\" data-dnt=\"true\">\n<p lang=\"en\" dir=\"ltr\">Goodnight friends, see you tomorrow\ud83c\udf1c<\/p>\n<p>\ud83d\udcf8 Zac Williams<a href=\"https:\/\/twitter.com\/hashtag\/GirodItalia?src=hash&amp;ref_src=twsrc%5Etfw\">#GirodItalia<\/a> | <a href=\"https:\/\/twitter.com\/ENIT_italia?ref_src=twsrc%5Etfw\">@ENIT_italia<\/a> <a href=\"https:\/\/t.co\/D8poJdB0nO\">pic.twitter.com\/D8poJdB0nO<\/a><\/p>\n<p>&mdash; Giro d&#39;Italia (@giroditalia) <a href=\"https:\/\/twitter.com\/giroditalia\/status\/1787233742601306551?ref_src=twsrc%5Etfw\">May 5, 2024<\/a><\/p><\/blockquote>\n<p><script async data-src=\"https:\/\/platform.twitter.com\/widgets.js\" charset=\"utf-8\"><\/script><\/div>\n<p style=\"font-weight: 400;\">However, otherwise, it was a very good stage for the Slovenian as he managed to put important time between himself and his main rivals for the pink jersey. He led Geraint Thomas (INEOS Grenadiers) and several other GC contenders by 14 seconds after stage 1, with Romain Bardet (dsm-firmenich PostNL) more than a minute adrift.<\/p>\n<p style=\"font-weight: 400;\">\u201cThe fact that I managed to drop all the GC riders is a good signal from my legs,\u201d \u00a0Poga\u010dar said \u2013 no doubt already thinking about how to take the pink jersey on stage 2.<\/p>\n<p style=\"font-weight: 400;\">Whatever he and the team had planned, it worked \u2013 though for a brief moment, everyone had their hearts in their mouths. With 11 km left to race in stage 2, and the peloton approaching the decisive Category 1 final climb to a summit finish at the Santuario di Oropa (11.8 km @ 6.1%), his front tyre went flat, he hit a small hole and crashed. Fortunately, he was unhurt and then quickly given a new bike and helped back to the peloton by his teammates.<\/p>\n<p style=\"font-weight: 400;\">Poga\u010dar said after the stage that he wasn\u2019t unsettled by the crash. \u201cI was quite calm. I hit a hole in the city. I just had a super-fast flat tyre, I think I broke the wheel also\u2026 And then I also crashed but it was nothing serious. And I was feeling good. The team was super good today. So they bring me back to the front and then we set the pace that we like and it was perfect.\u201d<\/p>\n<p style=\"font-weight: 400;\">Halfway up that ascent, with 4.5 km to the finish line, after his last support rider, the dependable Majka, eased up, Poga\u010dar burst away from the peloton. Ben O\u2019Connor (Decathlon AG2R La Mondiale) reacted first and stayed with him for a few pedal strokes, before losing ground. The Australian was eventually joined by Thomas and led him up the mountain, as Poga\u010dar\u2019s lead slowly grew.<\/p>\n<p style=\"font-weight: 400;\">A pursuing group of about eight riders joined them and, led by a strong ride by the young German BORA-hansgrohe rider Florian Lipowitz, not only limited their losses but actually made up a few seconds on the winner. But the early effort by O\u2019Connor cost him as he was dropped from the group, ended up losing more than a minute and fell off the podium.<\/p>\n<p style=\"font-weight: 400;\">So did race leader Narv\u00e1ez. He was dropped quite early on the climb and finished 30th, 2:03 adrift. Dani Mart\u00ednez (BORA-hansgrohe) finished second in the stage, at 27 seconds, just ahead of the steady Thomas. The impressive Lipowitz finished fifth, in the same time. Poga\u010dar now leads the GC by a hefty 45 seconds over Thomas who has the same time as Mart\u00ednez in third.<\/p>\n<p style=\"font-weight: 400;\">Clearly, Poga\u010dar was relieved by the win and by finally taking the race leader\u2019s pink jersey. \u201cI just wanted a stage win today and some gap, to test the legs a little bit,\u201d he said. \u201cAnd, yeah, the dream was to take the pink jersey. Now, I can relax a little bit the next few days with the team, and we\u2019ll stay safe in the sprints.\u201d<\/p>\n<p style=\"font-weight: 400;\">Stages 3 and 4 will almost certainly come down to bunch sprints while the two subsequent stages could be taken by enterprising breakaways or sprinters with some climbing ability. In any case, Poga\u010dar\u2019s lead shouldn\u2019t be challenged until stage 8, which has another Category 1 summit finish.<\/p>\n<p style=\"font-weight: 400;\">I know that it isn\u2019t over until it\u2019s over but, realistically, unless he has a very bad day in the mountains, no rider should come close to the UAE Team Emirates leader again until they stand together on the podium in Rome on May 26.<\/p>\n","protected":false},"excerpt":{"rendered":"<p>A funny thing happened to Tadej Poga\u010dar on his first step on the road to a crushing victory in the [&hellip;]<\/p>\n","protected":false},"author":99,"featured_media":195624,"comment_status":"closed","ping_status":"open","sticky":false,"template":"","format":"standard","meta":{"footnotes":""},"categories":[329],"tags":[7527,5445,4352,1080,402,473,3415],"global-categories":[3366],"class_list":["post-195623","post","type-post","status-publish","format-standard","has-post-thumbnail","hentry","category-road-cycling","tag-2024-giro","tag-ben-oconnor","tag-dani-martinez","tag-geraint-thomas","tag-giro-ditalia","tag-romain-bardet","tag-tadej-pogacar","global-categories-cycling"],"yoast_head":"<!-- This site is optimized with the Yoast SEO Premium plugin v25.3 (Yoast SEO v25.9) - https:\/\/yoast.com\/wordpress\/plugins\/seo\/ -->\n<title>Poga\u010dar Takes Giro Lead \u2013 But It Wasn\u2019t Easy - \u0160koda We Love Cycling<\/title>\n<meta name=\"description\" content=\"A funny thing happened to Tadej Poga\u010dar on his first step on the road to a crushing victory in the Giro d\u2019Italia: he lost. The overwhelming favourite to\" \/>\n<meta name=\"robots\" content=\"index, follow, max-snippet:-1, max-image-preview:large, max-video-preview:-1\" \/>\n<link rel=\"canonical\" href=\"https:\/\/www.welovecycling.com\/wide\/2024\/05\/06\/pogacar-takes-giro-lead-but-it-wasnt-easy\/\" \/>\n<meta property=\"og:locale\" content=\"en_US\" \/>\n<meta property=\"og:type\" content=\"article\" \/>\n<meta property=\"og:title\" content=\"Poga\u010dar Takes Giro Lead \u2013 But It Wasn\u2019t Easy\" \/>\n<meta property=\"og:description\" content=\"A funny thing happened to Tadej Poga\u010dar on his first step on the road to a crushing victory in the Giro d\u2019Italia: he lost. The overwhelming favourite to\" \/>\n<meta property=\"og:url\" content=\"https:\/\/www.welovecycling.com\/wide\/2024\/05\/06\/pogacar-takes-giro-lead-but-it-wasnt-easy\/\" \/>\n<meta property=\"og:site_name\" content=\"\u0160koda We Love Cycling\" \/>\n<meta property=\"article:published_time\" content=\"2024-05-06T09:27:25+00:00\" \/>\n<meta property=\"article:modified_time\" content=\"2024-05-06T11:19:44+00:00\" \/>\n<meta property=\"og:image\" content=\"https:\/\/d2p6e6u75xmxt8.cloudfront.net\/2\/2024\/05\/Tadej-Pogacar-Giro-2024-profimedia-0870485564-CVR.webp\" \/>\n\t<meta property=\"og:image:width\" content=\"990\" \/>\n\t<meta property=\"og:image:height\" content=\"660\" \/>\n\t<meta property=\"og:image:type\" content=\"image\/webp\" \/>\n<meta name=\"author\" content=\"tereza\" \/>\n<meta name=\"twitter:card\" content=\"summary_large_image\" \/>\n<meta name=\"twitter:label1\" content=\"Written by\" \/>\n\t<meta name=\"twitter:data1\" content=\"Siegfried Mortkowitz\" \/>\n\t<meta name=\"twitter:label2\" content=\"Est. reading time\" \/>\n\t<meta name=\"twitter:data2\" content=\"4\" \/>\n<script type=\"application\/ld+json\" class=\"yoast-schema-graph\">{\"@context\":\"https:\/\/schema.org\",\"@graph\":[{\"@type\":\"WebPage\",\"@id\":\"https:\/\/www.welovecycling.com\/wide\/2024\/05\/06\/pogacar-takes-giro-lead-but-it-wasnt-easy\/\",\"url\":\"https:\/\/www.welovecycling.com\/wide\/2024\/05\/06\/pogacar-takes-giro-lead-but-it-wasnt-easy\/\",\"name\":\"Poga\u010dar Takes Giro Lead \u2013 But It Wasn\u2019t Easy - \u0160koda We Love Cycling\",\"isPartOf\":{\"@id\":\"https:\/\/www.welovecycling.com\/wide\/#website\"},\"primaryImageOfPage\":{\"@id\":\"https:\/\/www.welovecycling.com\/wide\/2024\/05\/06\/pogacar-takes-giro-lead-but-it-wasnt-easy\/#primaryimage\"},\"image\":{\"@id\":\"https:\/\/www.welovecycling.com\/wide\/2024\/05\/06\/pogacar-takes-giro-lead-but-it-wasnt-easy\/#primaryimage\"},\"thumbnailUrl\":\"https:\/\/d2p6e6u75xmxt8.cloudfront.net\/2\/2024\/05\/Tadej-Pogacar-Giro-2024-profimedia-0870485564-CVR.webp\",\"datePublished\":\"2024-05-06T09:27:25+00:00\",\"dateModified\":\"2024-05-06T11:19:44+00:00\",\"author\":{\"@id\":\"https:\/\/www.welovecycling.com\/wide\/#\/schema\/person\/50f01ecd18718d2333cf72e823c4f926\"},\"description\":\"A funny thing happened to Tadej Poga\u010dar on his first step on the road to a crushing victory in the Giro d\u2019Italia: he lost. The overwhelming favourite to\",\"breadcrumb\":{\"@id\":\"https:\/\/www.welovecycling.com\/wide\/2024\/05\/06\/pogacar-takes-giro-lead-but-it-wasnt-easy\/#breadcrumb\"},\"inLanguage\":\"en-US\",\"potentialAction\":[{\"@type\":\"ReadAction\",\"target\":[\"https:\/\/www.welovecycling.com\/wide\/2024\/05\/06\/pogacar-takes-giro-lead-but-it-wasnt-easy\/\"]}]},{\"@type\":\"ImageObject\",\"inLanguage\":\"en-US\",\"@id\":\"https:\/\/www.welovecycling.com\/wide\/2024\/05\/06\/pogacar-takes-giro-lead-but-it-wasnt-easy\/#primaryimage\",\"url\":\"https:\/\/d2p6e6u75xmxt8.cloudfront.net\/2\/2024\/05\/Tadej-Pogacar-Giro-2024-profimedia-0870485564-CVR.webp\",\"contentUrl\":\"https:\/\/d2p6e6u75xmxt8.cloudfront.net\/2\/2024\/05\/Tadej-Pogacar-Giro-2024-profimedia-0870485564-CVR.webp\",\"width\":990,\"height\":660,\"caption\":\"Tadej Poga\u010dar\"},{\"@type\":\"BreadcrumbList\",\"@id\":\"https:\/\/www.welovecycling.com\/wide\/2024\/05\/06\/pogacar-takes-giro-lead-but-it-wasnt-easy\/#breadcrumb\",\"itemListElement\":[{\"@type\":\"ListItem\",\"position\":1,\"name\":\"Home\",\"item\":\"https:\/\/www.welovecycling.com\/wide\/\"},{\"@type\":\"ListItem\",\"position\":2,\"name\":\"Poga\u010dar Takes Giro Lead \u2013 But It Wasn\u2019t Easy\"}]},{\"@type\":\"WebSite\",\"@id\":\"https:\/\/www.welovecycling.com\/wide\/#website\",\"url\":\"https:\/\/www.welovecycling.com\/wide\/\",\"name\":\"\u0160koda We Love Cycling\",\"description\":\"\u0160koda We Love Cycling magazine\",\"alternateName\":\"\u0160koda WLC\",\"potentialAction\":[{\"@type\":\"SearchAction\",\"target\":{\"@type\":\"EntryPoint\",\"urlTemplate\":\"https:\/\/www.welovecycling.com\/wide\/?s={search_term_string}\"},\"query-input\":{\"@type\":\"PropertyValueSpecification\",\"valueRequired\":true,\"valueName\":\"search_term_string\"}}],\"inLanguage\":\"en-US\"},{\"@type\":\"Person\",\"@id\":\"https:\/\/www.welovecycling.com\/wide\/#\/schema\/person\/50f01ecd18718d2333cf72e823c4f926\",\"name\":\"tereza\",\"image\":{\"@type\":\"ImageObject\",\"inLanguage\":\"en-US\",\"@id\":\"https:\/\/www.welovecycling.com\/wide\/#\/schema\/person\/image\/\",\"url\":\"https:\/\/secure.gravatar.com\/avatar\/1f9eb71be33845f0afabce3791bc1c58ecdb0a25c62964987e5dbcf7a20d2ec7?s=96&d=mm&r=g\",\"contentUrl\":\"https:\/\/secure.gravatar.com\/avatar\/1f9eb71be33845f0afabce3791bc1c58ecdb0a25c62964987e5dbcf7a20d2ec7?s=96&d=mm&r=g\",\"caption\":\"tereza\"},\"url\":\"https:\/\/www.welovecycling.com\/wide\/author\/tereza\/\"}]}<\/script>\n<!-- \/ Yoast SEO Premium plugin. -->","yoast_head_json":{"title":"Poga\u010dar Takes Giro Lead \u2013 But It Wasn\u2019t Easy - \u0160koda We Love Cycling","description":"A funny thing happened to Tadej Poga\u010dar on his first step on the road to a crushing victory in the Giro d\u2019Italia: he lost. The overwhelming favourite to","robots":{"index":"index","follow":"follow","max-snippet":"max-snippet:-1","max-image-preview":"max-image-preview:large","max-video-preview":"max-video-preview:-1"},"canonical":"https:\/\/www.welovecycling.com\/wide\/2024\/05\/06\/pogacar-takes-giro-lead-but-it-wasnt-easy\/","og_locale":"en_US","og_type":"article","og_title":"Poga\u010dar Takes Giro Lead \u2013 But It Wasn\u2019t Easy","og_description":"A funny thing happened to Tadej Poga\u010dar on his first step on the road to a crushing victory in the Giro d\u2019Italia: he lost. The overwhelming favourite to","og_url":"https:\/\/www.welovecycling.com\/wide\/2024\/05\/06\/pogacar-takes-giro-lead-but-it-wasnt-easy\/","og_site_name":"\u0160koda We Love Cycling","article_published_time":"2024-05-06T09:27:25+00:00","article_modified_time":"2024-05-06T11:19:44+00:00","og_image":[{"width":990,"height":660,"url":"https:\/\/d2p6e6u75xmxt8.cloudfront.net\/2\/2024\/05\/Tadej-Pogacar-Giro-2024-profimedia-0870485564-CVR.webp","type":"image\/webp"}],"author":"tereza","twitter_card":"summary_large_image","twitter_misc":{"Written by":"Siegfried Mortkowitz","Est. reading time":"4"},"schema":{"@context":"https:\/\/schema.org","@graph":[{"@type":"WebPage","@id":"https:\/\/www.welovecycling.com\/wide\/2024\/05\/06\/pogacar-takes-giro-lead-but-it-wasnt-easy\/","url":"https:\/\/www.welovecycling.com\/wide\/2024\/05\/06\/pogacar-takes-giro-lead-but-it-wasnt-easy\/","name":"Poga\u010dar Takes Giro Lead \u2013 But It Wasn\u2019t Easy - \u0160koda We Love Cycling","isPartOf":{"@id":"https:\/\/www.welovecycling.com\/wide\/#website"},"primaryImageOfPage":{"@id":"https:\/\/www.welovecycling.com\/wide\/2024\/05\/06\/pogacar-takes-giro-lead-but-it-wasnt-easy\/#primaryimage"},"image":{"@id":"https:\/\/www.welovecycling.com\/wide\/2024\/05\/06\/pogacar-takes-giro-lead-but-it-wasnt-easy\/#primaryimage"},"thumbnailUrl":"https:\/\/d2p6e6u75xmxt8.cloudfront.net\/2\/2024\/05\/Tadej-Pogacar-Giro-2024-profimedia-0870485564-CVR.webp","datePublished":"2024-05-06T09:27:25+00:00","dateModified":"2024-05-06T11:19:44+00:00","author":{"@id":"https:\/\/www.welovecycling.com\/wide\/#\/schema\/person\/50f01ecd18718d2333cf72e823c4f926"},"description":"A funny thing happened to Tadej Poga\u010dar on his first step on the road to a crushing victory in the Giro d\u2019Italia: he lost. The overwhelming favourite to","breadcrumb":{"@id":"https:\/\/www.welovecycling.com\/wide\/2024\/05\/06\/pogacar-takes-giro-lead-but-it-wasnt-easy\/#breadcrumb"},"inLanguage":"en-US","potentialAction":[{"@type":"ReadAction","target":["https:\/\/www.welovecycling.com\/wide\/2024\/05\/06\/pogacar-takes-giro-lead-but-it-wasnt-easy\/"]}]},{"@type":"ImageObject","inLanguage":"en-US","@id":"https:\/\/www.welovecycling.com\/wide\/2024\/05\/06\/pogacar-takes-giro-lead-but-it-wasnt-easy\/#primaryimage","url":"https:\/\/d2p6e6u75xmxt8.cloudfront.net\/2\/2024\/05\/Tadej-Pogacar-Giro-2024-profimedia-0870485564-CVR.webp","contentUrl":"https:\/\/d2p6e6u75xmxt8.cloudfront.net\/2\/2024\/05\/Tadej-Pogacar-Giro-2024-profimedia-0870485564-CVR.webp","width":990,"height":660,"caption":"Tadej Poga\u010dar"},{"@type":"BreadcrumbList","@id":"https:\/\/www.welovecycling.com\/wide\/2024\/05\/06\/pogacar-takes-giro-lead-but-it-wasnt-easy\/#breadcrumb","itemListElement":[{"@type":"ListItem","position":1,"name":"Home","item":"https:\/\/www.welovecycling.com\/wide\/"},{"@type":"ListItem","position":2,"name":"Poga\u010dar Takes Giro Lead \u2013 But It Wasn\u2019t Easy"}]},{"@type":"WebSite","@id":"https:\/\/www.welovecycling.com\/wide\/#website","url":"https:\/\/www.welovecycling.com\/wide\/","name":"\u0160koda We Love Cycling","description":"\u0160koda We Love Cycling magazine","alternateName":"\u0160koda WLC","potentialAction":[{"@type":"SearchAction","target":{"@type":"EntryPoint","urlTemplate":"https:\/\/www.welovecycling.com\/wide\/?s={search_term_string}"},"query-input":{"@type":"PropertyValueSpecification","valueRequired":true,"valueName":"search_term_string"}}],"inLanguage":"en-US"},{"@type":"Person","@id":"https:\/\/www.welovecycling.com\/wide\/#\/schema\/person\/50f01ecd18718d2333cf72e823c4f926","name":"tereza","image":{"@type":"ImageObject","inLanguage":"en-US","@id":"https:\/\/www.welovecycling.com\/wide\/#\/schema\/person\/image\/","url":"https:\/\/secure.gravatar.com\/avatar\/1f9eb71be33845f0afabce3791bc1c58ecdb0a25c62964987e5dbcf7a20d2ec7?s=96&d=mm&r=g","contentUrl":"https:\/\/secure.gravatar.com\/avatar\/1f9eb71be33845f0afabce3791bc1c58ecdb0a25c62964987e5dbcf7a20d2ec7?s=96&d=mm&r=g","caption":"tereza"},"url":"https:\/\/www.welovecycling.com\/wide\/author\/tereza\/"}]}},"_links":{"self":[{"href":"https:\/\/www.welovecycling.com\/wide\/wp-json\/wp\/v2\/posts\/195623","targetHints":{"allow":["GET"]}}],"collection":[{"href":"https:\/\/www.welovecycling.com\/wide\/wp-json\/wp\/v2\/posts"}],"about":[{"href":"https:\/\/www.welovecycling.com\/wide\/wp-json\/wp\/v2\/types\/post"}],"author":[{"embeddable":true,"href":"https:\/\/www.welovecycling.com\/wide\/wp-json\/wp\/v2\/users\/99"}],"replies":[{"embeddable":true,"href":"https:\/\/www.welovecycling.com\/wide\/wp-json\/wp\/v2\/comments?post=195623"}],"version-history":[{"count":2,"href":"https:\/\/www.welovecycling.com\/wide\/wp-json\/wp\/v2\/posts\/195623\/revisions"}],"predecessor-version":[{"id":195630,"href":"https:\/\/www.welovecycling.com\/wide\/wp-json\/wp\/v2\/posts\/195623\/revisions\/195630"}],"wp:featuredmedia":[{"embeddable":true,"href":"https:\/\/www.welovecycling.com\/wide\/wp-json\/wp\/v2\/media\/195624"}],"wp:attachment":[{"href":"https:\/\/www.welovecycling.com\/wide\/wp-json\/wp\/v2\/media?parent=195623"}],"wp:term":[{"taxonomy":"category","embeddable":true,"href":"https:\/\/www.welovecycling.com\/wide\/wp-json\/wp\/v2\/categories?post=195623"},{"taxonomy":"post_tag","embeddable":true,"href":"https:\/\/www.welovecycling.com\/wide\/wp-json\/wp\/v2\/tags?post=195623"},{"taxonomy":"global-categories","embeddable":true,"href":"https:\/\/www.welovecycling.com\/wide\/wp-json\/wp\/v2\/global-categories?post=195623"}],"curies":[{"name":"wp","href":"https:\/\/api.w.org\/{rel}","templated":true}]}}