{"id":195583,"date":"2024-04-30T13:13:22","date_gmt":"2024-04-30T13:13:22","guid":{"rendered":"https:\/\/www.welovecycling.com\/wide\/?p=195583"},"modified":"2024-04-30T13:13:22","modified_gmt":"2024-04-30T13:13:22","slug":"top-bike-shops-owned-by-an-ex-professional","status":"publish","type":"post","link":"https:\/\/www.welovecycling.com\/wide\/2024\/04\/30\/top-bike-shops-owned-by-an-ex-professional\/","title":{"rendered":"Top Bike Shops Owned by an Ex-Professional"},"content":{"rendered":"<p><strong>I don\u2019t know about you, but one of my favourite things is visiting bike shops wherever I go. From the cobbled streets of Europe to North America and beyond, cycling isn\u2019t just a sport for many of us, but a profound part of our lives. The same holds true to some former pros who took their passion for the sport post-retirement a step further by opening their own bike shop.<\/strong><\/p>\n<p><!--more--><\/p>\n<p>With vast experience and renowned names behind them, these establishments give visitors a glimpse of cycling history while offering high-quality products, expert advice, and more. Let&#8217;s explore some of the best bicycle shops owned by former pros.<\/p>\n<h2><strong>The Service Course &#8211; Chris Meier, Girona, Spain<\/strong><\/h2>\n<p><a href=\"https:\/\/theservicecoursegirona.com\/\">The Service Course<\/a> in Girona, Spain, is the brainchild of Canadian cyclist Chris Meier and his wife Amber. Chris came to Girona as a budding pro and never left. He rode in all three Grand Tours as a professional from 2005 to 2016, ending his last four years in the pro-peloton with the GreenEDGE team.<\/p>\n<p>Girona has grown into a place where many pros live and train thanks to its geographic location and surrounding quiet roads. As a result, it has become an international destination for serious cyclists of every nationality. At its inception, The Service Course filled a gap in the local market that catered to these professionals and visiting cyclists.<\/p>\n<p>Rent a high-end road bike, fix yours, buy a new cycling kit, get a massage, find lodging, book a full-service cycling camp for groups and more. Their success was obvious and caught the attention of outside investors who helped take the brand international. It\u2019s a roadies only shop if that saves any dirt-lovers a trip.<\/p>\n<blockquote class=\"instagram-media\" style=\"background: #FFF; border: 0; border-radius: 3px; box-shadow: 0 0 1px 0 rgba(0,0,0,0.5),0 1px 10px 0 rgba(0,0,0,0.15); margin: 1px; max-width: 540px; min-width: 326px; padding: 0; width: calc(100% - 2px);\" data-instgrm-permalink=\"https:\/\/www.instagram.com\/p\/C5IvqUGNdOl\/?utm_source=ig_embed&amp;utm_campaign=loading\" data-instgrm-version=\"14\">\n<div style=\"padding: 16px;\">\n<p>&nbsp;<\/p>\n<div style=\"display: flex; flex-direction: row; align-items: center;\">\n<div style=\"background-color: #f4f4f4; border-radius: 50%; flex-grow: 0; height: 40px; margin-right: 14px; width: 40px;\"><\/div>\n<div style=\"display: flex; flex-direction: column; flex-grow: 1; justify-content: center;\">\n<div style=\"background-color: #f4f4f4; border-radius: 4px; flex-grow: 0; height: 14px; margin-bottom: 6px; width: 100px;\"><\/div>\n<div style=\"background-color: #f4f4f4; border-radius: 4px; flex-grow: 0; height: 14px; width: 60px;\"><\/div>\n<\/div>\n<\/div>\n<div style=\"padding: 19% 0;\"><\/div>\n<div style=\"display: block; height: 50px; margin: 0 auto 12px; width: 50px;\"><\/div>\n<div style=\"padding-top: 8px;\">\n<div style=\"color: #3897f0; font-family: Arial,sans-serif; font-size: 14px; font-style: normal; font-weight: 550; line-height: 18px;\">Zobrazit p\u0159\u00edsp\u011bvek na Instagramu<\/div>\n<\/div>\n<div style=\"padding: 12.5% 0;\"><\/div>\n<div style=\"display: flex; flex-direction: row; margin-bottom: 14px; align-items: center;\">\n<div>\n<div style=\"background-color: #f4f4f4; border-radius: 50%; height: 12.5px; width: 12.5px; transform: translateX(0px) translateY(7px);\"><\/div>\n<div style=\"background-color: #f4f4f4; height: 12.5px; transform: rotate(-45deg) translateX(3px) translateY(1px); width: 12.5px; flex-grow: 0; margin-right: 14px; margin-left: 2px;\"><\/div>\n<div style=\"background-color: #f4f4f4; border-radius: 50%; height: 12.5px; width: 12.5px; transform: translateX(9px) translateY(-18px);\"><\/div>\n<\/div>\n<div style=\"margin-left: 8px;\">\n<div style=\"background-color: #f4f4f4; border-radius: 50%; flex-grow: 0; height: 20px; width: 20px;\"><\/div>\n<div style=\"width: 0; height: 0; border-top: 2px solid transparent; border-left: 6px solid #f4f4f4; border-bottom: 2px solid transparent; transform: translateX(16px) translateY(-4px) rotate(30deg);\"><\/div>\n<\/div>\n<div style=\"margin-left: auto;\">\n<div style=\"width: 0px; border-top: 8px solid #F4F4F4; border-right: 8px solid transparent; transform: translateY(16px);\"><\/div>\n<div style=\"background-color: #f4f4f4; flex-grow: 0; height: 12px; width: 16px; transform: translateY(-4px);\"><\/div>\n<div style=\"width: 0; height: 0; border-top: 8px solid #F4F4F4; border-left: 8px solid transparent; transform: translateY(-4px) translateX(8px);\"><\/div>\n<\/div>\n<\/div>\n<div style=\"display: flex; flex-direction: column; flex-grow: 1; justify-content: center; margin-bottom: 24px;\">\n<div style=\"background-color: #f4f4f4; border-radius: 4px; flex-grow: 0; height: 14px; margin-bottom: 6px; width: 224px;\"><\/div>\n<div style=\"background-color: #f4f4f4; border-radius: 4px; flex-grow: 0; height: 14px; width: 144px;\"><\/div>\n<\/div>\n<p>&nbsp;<\/p>\n<p style=\"color: #c9c8cd; font-family: Arial,sans-serif; font-size: 14px; line-height: 17px; margin-bottom: 0; margin-top: 8px; overflow: hidden; padding: 8px 0 7px; text-align: center; text-overflow: ellipsis; white-space: nowrap;\"><a style=\"color: #c9c8cd; font-family: Arial,sans-serif; font-size: 14px; font-style: normal; font-weight: normal; line-height: 17px; text-decoration: none;\" href=\"https:\/\/www.instagram.com\/p\/C5IvqUGNdOl\/?utm_source=ig_embed&amp;utm_campaign=loading\" target=\"_blank\" rel=\"noopener\">P\u0159\u00edsp\u011bvek sd\u00edlen\u00fd The Service Course (@theservicecourse)<\/a><\/p>\n<\/div>\n<\/blockquote>\n<p><script async src=\"\/\/www.instagram.com\/embed.js\"><\/script><\/p>\n<h2><strong>Andy Schleck Cycles &#8211; Itzig and Mertert, Luxembourg<\/strong><\/h2>\n<p>The Luxembourger <a href=\"https:\/\/www.welovecycling.com\/wide\/2021\/02\/18\/andy-schleck-how-to-help-your-kid-become-a-pro-cyclist\/\" target=\"_blank\" rel=\"noopener\">Andy Schleck<\/a> was a professional between 2005 and 2014. During that time, he won the Tour de France (2010) and earned the distinctive White Jersey for the best young rider three times. He has multiple TDF stage victories too, finished second in the 2007 Giro d\u2019Italia and stood on the top step of the podium of the 2009 Li\u00e8ge-Bastogne-Li\u00e8ge. Andy was a TDF runner-up twice in 2009 and 2011. He comes from a cycling family. His brother Fr\u00e4nk was also a pro, and their father before them.<\/p>\n<p>Andy announced his retirement in 2014 and founded <a href=\"https:\/\/andyschleckcycles.lu\/\">Andy Schleck Cycles<\/a> in Itzig, Luxembourg in 2016. There is now a second location in Mertert, Luxembourg that opened in 2022. They offer many leading brands, accessories, and service for every type of two-wheel discipline. Andy even shares his knowledge through workshops he occasionally holds during the year called \u201cBody\/Mind\/Bike\u201d. While you\u2019re there, visit the museum that showcases some of Andy\u2019s famous awards and bikes.<\/p>\n<blockquote class=\"instagram-media\" style=\"background: #FFF; border: 0; border-radius: 3px; box-shadow: 0 0 1px 0 rgba(0,0,0,0.5),0 1px 10px 0 rgba(0,0,0,0.15); margin: 1px; max-width: 540px; min-width: 326px; padding: 0; width: calc(100% - 2px);\" data-instgrm-permalink=\"https:\/\/www.instagram.com\/p\/C2-ypSvMxlJ\/?utm_source=ig_embed&amp;utm_campaign=loading\" data-instgrm-version=\"14\">\n<div style=\"padding: 16px;\">\n<p>&nbsp;<\/p>\n<div style=\"display: flex; flex-direction: row; align-items: center;\">\n<div style=\"background-color: #f4f4f4; border-radius: 50%; flex-grow: 0; height: 40px; margin-right: 14px; width: 40px;\"><\/div>\n<div style=\"display: flex; flex-direction: column; flex-grow: 1; justify-content: center;\">\n<div style=\"background-color: #f4f4f4; border-radius: 4px; flex-grow: 0; height: 14px; margin-bottom: 6px; width: 100px;\"><\/div>\n<div style=\"background-color: #f4f4f4; border-radius: 4px; flex-grow: 0; height: 14px; width: 60px;\"><\/div>\n<\/div>\n<\/div>\n<div style=\"padding: 19% 0;\"><\/div>\n<div style=\"display: block; height: 50px; margin: 0 auto 12px; width: 50px;\"><\/div>\n<div style=\"padding-top: 8px;\">\n<div style=\"color: #3897f0; font-family: Arial,sans-serif; font-size: 14px; font-style: normal; font-weight: 550; line-height: 18px;\">Zobrazit p\u0159\u00edsp\u011bvek na Instagramu<\/div>\n<\/div>\n<div style=\"padding: 12.5% 0;\"><\/div>\n<div style=\"display: flex; flex-direction: row; margin-bottom: 14px; align-items: center;\">\n<div>\n<div style=\"background-color: #f4f4f4; border-radius: 50%; height: 12.5px; width: 12.5px; transform: translateX(0px) translateY(7px);\"><\/div>\n<div style=\"background-color: #f4f4f4; height: 12.5px; transform: rotate(-45deg) translateX(3px) translateY(1px); width: 12.5px; flex-grow: 0; margin-right: 14px; margin-left: 2px;\"><\/div>\n<div style=\"background-color: #f4f4f4; border-radius: 50%; height: 12.5px; width: 12.5px; transform: translateX(9px) translateY(-18px);\"><\/div>\n<\/div>\n<div style=\"margin-left: 8px;\">\n<div style=\"background-color: #f4f4f4; border-radius: 50%; flex-grow: 0; height: 20px; width: 20px;\"><\/div>\n<div style=\"width: 0; height: 0; border-top: 2px solid transparent; border-left: 6px solid #f4f4f4; border-bottom: 2px solid transparent; transform: translateX(16px) translateY(-4px) rotate(30deg);\"><\/div>\n<\/div>\n<div style=\"margin-left: auto;\">\n<div style=\"width: 0px; border-top: 8px solid #F4F4F4; border-right: 8px solid transparent; transform: translateY(16px);\"><\/div>\n<div style=\"background-color: #f4f4f4; flex-grow: 0; height: 12px; width: 16px; transform: translateY(-4px);\"><\/div>\n<div style=\"width: 0; height: 0; border-top: 8px solid #F4F4F4; border-left: 8px solid transparent; transform: translateY(-4px) translateX(8px);\"><\/div>\n<\/div>\n<\/div>\n<div style=\"display: flex; flex-direction: column; flex-grow: 1; justify-content: center; margin-bottom: 24px;\">\n<div style=\"background-color: #f4f4f4; border-radius: 4px; flex-grow: 0; height: 14px; margin-bottom: 6px; width: 224px;\"><\/div>\n<div style=\"background-color: #f4f4f4; border-radius: 4px; flex-grow: 0; height: 14px; width: 144px;\"><\/div>\n<\/div>\n<p>&nbsp;<\/p>\n<p style=\"color: #c9c8cd; font-family: Arial,sans-serif; font-size: 14px; line-height: 17px; margin-bottom: 0; margin-top: 8px; overflow: hidden; padding: 8px 0 7px; text-align: center; text-overflow: ellipsis; white-space: nowrap;\"><a style=\"color: #c9c8cd; font-family: Arial,sans-serif; font-size: 14px; font-style: normal; font-weight: normal; line-height: 17px; text-decoration: none;\" href=\"https:\/\/www.instagram.com\/p\/C2-ypSvMxlJ\/?utm_source=ig_embed&amp;utm_campaign=loading\" target=\"_blank\" rel=\"noopener\">P\u0159\u00edsp\u011bvek sd\u00edlen\u00fd Andy Schleck&#8217;s Bike Shops in Itzig &amp; Mertert LUXEMBOURG (@andyschleckcycles)<\/a><\/p>\n<\/div>\n<\/blockquote>\n<p><script async src=\"\/\/www.instagram.com\/embed.js\"><\/script><\/p>\n<h2><strong>The Bike Shop &#8211; Philippe Gilbert, Monaco<\/strong><\/h2>\n<p>With an extensive list of major wins to his name, including the 2012 World Road Race Championship title, the Belgian classics and one-day specialist rider Philippe Gilbert doesn\u2019t need much of an introduction. He\u2019s one of only two pros to have won the three Ardennes classics, Amstel Gold, La Fl\u00e8che Wallonne, and Li\u00e8ge-Bastogne-Li\u00e8ge in a single season (2011).<\/p>\n<p>A resident of Monaco, he\u2019s turned some of his time and attention to <a href=\"https:\/\/www.thebikeshop.mc\/about\">The Bike Shop Monaco.<\/a> They offer e- and rental bikes, nutrition, clothing, accessories, bike fitting, maintenance and simple advice! So whether you\u2019re a seasoned rider or a novice, the next time, or the first, you\u2019re in Monaco, stop by. Even just a visit is worth some cool bragging points at your next local ride.<\/p>\n<blockquote class=\"instagram-media\" style=\"background: #FFF; border: 0; border-radius: 3px; box-shadow: 0 0 1px 0 rgba(0,0,0,0.5),0 1px 10px 0 rgba(0,0,0,0.15); margin: 1px; max-width: 540px; min-width: 326px; padding: 0; width: calc(100% - 2px);\" data-instgrm-permalink=\"https:\/\/www.instagram.com\/p\/CHAsGv6FcMI\/?utm_source=ig_embed&amp;utm_campaign=loading\" data-instgrm-version=\"14\">\n<div style=\"padding: 16px;\">\n<p>&nbsp;<\/p>\n<div style=\"display: flex; flex-direction: row; align-items: center;\">\n<div style=\"background-color: #f4f4f4; border-radius: 50%; flex-grow: 0; height: 40px; margin-right: 14px; width: 40px;\"><\/div>\n<div style=\"display: flex; flex-direction: column; flex-grow: 1; justify-content: center;\">\n<div style=\"background-color: #f4f4f4; border-radius: 4px; flex-grow: 0; height: 14px; margin-bottom: 6px; width: 100px;\"><\/div>\n<div style=\"background-color: #f4f4f4; border-radius: 4px; flex-grow: 0; height: 14px; width: 60px;\"><\/div>\n<\/div>\n<\/div>\n<div style=\"padding: 19% 0;\"><\/div>\n<div style=\"display: block; height: 50px; margin: 0 auto 12px; width: 50px;\"><\/div>\n<div style=\"padding-top: 8px;\">\n<div style=\"color: #3897f0; font-family: Arial,sans-serif; font-size: 14px; font-style: normal; font-weight: 550; line-height: 18px;\">Zobrazit p\u0159\u00edsp\u011bvek na Instagramu<\/div>\n<\/div>\n<div style=\"padding: 12.5% 0;\"><\/div>\n<div style=\"display: flex; flex-direction: row; margin-bottom: 14px; align-items: center;\">\n<div>\n<div style=\"background-color: #f4f4f4; border-radius: 50%; height: 12.5px; width: 12.5px; transform: translateX(0px) translateY(7px);\"><\/div>\n<div style=\"background-color: #f4f4f4; height: 12.5px; transform: rotate(-45deg) translateX(3px) translateY(1px); width: 12.5px; flex-grow: 0; margin-right: 14px; margin-left: 2px;\"><\/div>\n<div style=\"background-color: #f4f4f4; border-radius: 50%; height: 12.5px; width: 12.5px; transform: translateX(9px) translateY(-18px);\"><\/div>\n<\/div>\n<div style=\"margin-left: 8px;\">\n<div style=\"background-color: #f4f4f4; border-radius: 50%; flex-grow: 0; height: 20px; width: 20px;\"><\/div>\n<div style=\"width: 0; height: 0; border-top: 2px solid transparent; border-left: 6px solid #f4f4f4; border-bottom: 2px solid transparent; transform: translateX(16px) translateY(-4px) rotate(30deg);\"><\/div>\n<\/div>\n<div style=\"margin-left: auto;\">\n<div style=\"width: 0px; border-top: 8px solid #F4F4F4; border-right: 8px solid transparent; transform: translateY(16px);\"><\/div>\n<div style=\"background-color: #f4f4f4; flex-grow: 0; height: 12px; width: 16px; transform: translateY(-4px);\"><\/div>\n<div style=\"width: 0; height: 0; border-top: 8px solid #F4F4F4; border-left: 8px solid transparent; transform: translateY(-4px) translateX(8px);\"><\/div>\n<\/div>\n<\/div>\n<div style=\"display: flex; flex-direction: column; flex-grow: 1; justify-content: center; margin-bottom: 24px;\">\n<div style=\"background-color: #f4f4f4; border-radius: 4px; flex-grow: 0; height: 14px; margin-bottom: 6px; width: 224px;\"><\/div>\n<div style=\"background-color: #f4f4f4; border-radius: 4px; flex-grow: 0; height: 14px; width: 144px;\"><\/div>\n<\/div>\n<p>&nbsp;<\/p>\n<p style=\"color: #c9c8cd; font-family: Arial,sans-serif; font-size: 14px; line-height: 17px; margin-bottom: 0; margin-top: 8px; overflow: hidden; padding: 8px 0 7px; text-align: center; text-overflow: ellipsis; white-space: nowrap;\"><a style=\"color: #c9c8cd; font-family: Arial,sans-serif; font-size: 14px; font-style: normal; font-weight: normal; line-height: 17px; text-decoration: none;\" href=\"https:\/\/www.instagram.com\/p\/CHAsGv6FcMI\/?utm_source=ig_embed&amp;utm_campaign=loading\" target=\"_blank\" rel=\"noopener\">P\u0159\u00edsp\u011bvek sd\u00edlen\u00fd The Bike Shop by Phil Gilbert (@thebikeshopmonaco)<\/a><\/p>\n<\/div>\n<\/blockquote>\n<p><script async src=\"\/\/www.instagram.com\/embed.js\"><\/script><\/p>\n<h2><strong>The Bike Tailor &#8211; Stephen Roche, Brighton and London, England<\/strong><\/h2>\n<p>Irishman Stephen Roche spent 13 years in the pro peloton between 1980 and 1993 with 58 career wins to his palmares. His best year was 1987 when he became the second cyclist, the first being Eddy Merckx, to win the coveted Triple Crown of the Tour de France, the Giro d\u2019Italia and the World Road Race Championship in the same year. Stephen suffered from chronic knee pain in future seasons that kept him out of the Grand Tours. Stephen\u2019s son, Nicolas Roche, was a pro too, and his nephew is now retired pro, Dan Martin.<\/p>\n<p><a href=\"https:\/\/thebiketailor.com\/\">The Bike Tailor<\/a> is more than a traditional bike shop. It also offers the important service of a professional bike fit at three price points. Whether you\u2019re into road, track, cyclo-cross, triathlon or mountain biking, the shop uses Velogic 3D video capture to find your ideal position and cleat placement. A proper bike fit helps riders find their next bike size and model, before purchase. The Bike Tailor partners with a handful of high-end bespoke brands to get you on the bike of your dreams that fits! They even offer aerodynamic wind tunnel testing in the nearby Silverstone Racecourse complex to dial in your sweet spot for those important marginal gains.<\/p>\n<p>Owned by an ex-pro or not, bike shops offer more than just a place to buy bikes and gear. Someone behind the scene has a passion for the sport they want to share. Whether you&#8217;re seeking expert advice, premium products, or a sense of community, bike shops have something to offer every cyclist. So, the next time you find yourself near the ones listed here, or your favourite local shop, take the time to stop by and support yours. Where would we be without bike shops?<\/p>\n","protected":false},"excerpt":{"rendered":"<p>I don\u2019t know about you, but one of my favourite things is visiting bike shops wherever I go. From the [&hellip;]<\/p>\n","protected":false},"author":99,"featured_media":195586,"comment_status":"closed","ping_status":"open","sticky":false,"template":"","format":"standard","meta":{"footnotes":""},"categories":[334],"tags":[7776,7777,7775],"global-categories":[3366],"class_list":["post-195583","post","type-post","status-publish","format-standard","has-post-thumbnail","hentry","category-socialising-and-culture","tag-bike-shops-owned-by-pros","tag-pro-owned-bike-shops","tag-top-bike-shops","global-categories-cycling"],"yoast_head":"<!-- This site is optimized with the Yoast SEO Premium plugin v25.3 (Yoast SEO v25.9) - https:\/\/yoast.com\/wordpress\/plugins\/seo\/ -->\n<title>Top Bike Shops Owned by an Ex-Professional - \u0160koda We Love Cycling<\/title>\n<meta name=\"description\" content=\"I don\u2019t know about you, but one of my favourite things is visiting bike shops wherever I go. From the cobbled streets of Europe to North America and\" \/>\n<meta name=\"robots\" content=\"index, follow, max-snippet:-1, max-image-preview:large, max-video-preview:-1\" \/>\n<link rel=\"canonical\" href=\"https:\/\/www.welovecycling.com\/wide\/2024\/04\/30\/top-bike-shops-owned-by-an-ex-professional\/\" \/>\n<meta property=\"og:locale\" content=\"en_US\" \/>\n<meta property=\"og:type\" content=\"article\" \/>\n<meta property=\"og:title\" content=\"Top Bike Shops Owned by an Ex-Professional\" \/>\n<meta property=\"og:description\" content=\"I don\u2019t know about you, but one of my favourite things is visiting bike shops wherever I go. From the cobbled streets of Europe to North America and\" \/>\n<meta property=\"og:url\" content=\"https:\/\/www.welovecycling.com\/wide\/2024\/04\/30\/top-bike-shops-owned-by-an-ex-professional\/\" \/>\n<meta property=\"og:site_name\" content=\"\u0160koda We Love Cycling\" \/>\n<meta property=\"article:published_time\" content=\"2024-04-30T13:13:22+00:00\" \/>\n<meta property=\"og:image\" content=\"https:\/\/d2p6e6u75xmxt8.cloudfront.net\/2\/2024\/04\/Bike-Shop-profimedia-0813848136-CVR.webp\" \/>\n\t<meta property=\"og:image:width\" content=\"990\" \/>\n\t<meta property=\"og:image:height\" content=\"660\" \/>\n\t<meta property=\"og:image:type\" content=\"image\/webp\" \/>\n<meta name=\"author\" content=\"tereza\" \/>\n<meta name=\"twitter:card\" content=\"summary_large_image\" \/>\n<meta name=\"twitter:label1\" content=\"Written by\" \/>\n\t<meta name=\"twitter:data1\" content=\"Andrea Champredonde\" \/>\n\t<meta name=\"twitter:label2\" content=\"Est. reading time\" \/>\n\t<meta name=\"twitter:data2\" content=\"5\" \/>\n<script type=\"application\/ld+json\" class=\"yoast-schema-graph\">{\"@context\":\"https:\/\/schema.org\",\"@graph\":[{\"@type\":\"WebPage\",\"@id\":\"https:\/\/www.welovecycling.com\/wide\/2024\/04\/30\/top-bike-shops-owned-by-an-ex-professional\/\",\"url\":\"https:\/\/www.welovecycling.com\/wide\/2024\/04\/30\/top-bike-shops-owned-by-an-ex-professional\/\",\"name\":\"Top Bike Shops Owned by an Ex-Professional - \u0160koda We Love Cycling\",\"isPartOf\":{\"@id\":\"https:\/\/www.welovecycling.com\/wide\/#website\"},\"primaryImageOfPage\":{\"@id\":\"https:\/\/www.welovecycling.com\/wide\/2024\/04\/30\/top-bike-shops-owned-by-an-ex-professional\/#primaryimage\"},\"image\":{\"@id\":\"https:\/\/www.welovecycling.com\/wide\/2024\/04\/30\/top-bike-shops-owned-by-an-ex-professional\/#primaryimage\"},\"thumbnailUrl\":\"https:\/\/d2p6e6u75xmxt8.cloudfront.net\/2\/2024\/04\/Bike-Shop-profimedia-0813848136-CVR.webp\",\"datePublished\":\"2024-04-30T13:13:22+00:00\",\"author\":{\"@id\":\"https:\/\/www.welovecycling.com\/wide\/#\/schema\/person\/50f01ecd18718d2333cf72e823c4f926\"},\"description\":\"I don\u2019t know about you, but one of my favourite things is visiting bike shops wherever I go. From the cobbled streets of Europe to North America and\",\"breadcrumb\":{\"@id\":\"https:\/\/www.welovecycling.com\/wide\/2024\/04\/30\/top-bike-shops-owned-by-an-ex-professional\/#breadcrumb\"},\"inLanguage\":\"en-US\",\"potentialAction\":[{\"@type\":\"ReadAction\",\"target\":[\"https:\/\/www.welovecycling.com\/wide\/2024\/04\/30\/top-bike-shops-owned-by-an-ex-professional\/\"]}]},{\"@type\":\"ImageObject\",\"inLanguage\":\"en-US\",\"@id\":\"https:\/\/www.welovecycling.com\/wide\/2024\/04\/30\/top-bike-shops-owned-by-an-ex-professional\/#primaryimage\",\"url\":\"https:\/\/d2p6e6u75xmxt8.cloudfront.net\/2\/2024\/04\/Bike-Shop-profimedia-0813848136-CVR.webp\",\"contentUrl\":\"https:\/\/d2p6e6u75xmxt8.cloudfront.net\/2\/2024\/04\/Bike-Shop-profimedia-0813848136-CVR.webp\",\"width\":990,\"height\":660,\"caption\":\"A bicycle shop\"},{\"@type\":\"BreadcrumbList\",\"@id\":\"https:\/\/www.welovecycling.com\/wide\/2024\/04\/30\/top-bike-shops-owned-by-an-ex-professional\/#breadcrumb\",\"itemListElement\":[{\"@type\":\"ListItem\",\"position\":1,\"name\":\"Home\",\"item\":\"https:\/\/www.welovecycling.com\/wide\/\"},{\"@type\":\"ListItem\",\"position\":2,\"name\":\"Top Bike Shops Owned by an Ex-Professional\"}]},{\"@type\":\"WebSite\",\"@id\":\"https:\/\/www.welovecycling.com\/wide\/#website\",\"url\":\"https:\/\/www.welovecycling.com\/wide\/\",\"name\":\"\u0160koda We Love Cycling\",\"description\":\"\u0160koda We Love Cycling magazine\",\"alternateName\":\"\u0160koda WLC\",\"potentialAction\":[{\"@type\":\"SearchAction\",\"target\":{\"@type\":\"EntryPoint\",\"urlTemplate\":\"https:\/\/www.welovecycling.com\/wide\/?s={search_term_string}\"},\"query-input\":{\"@type\":\"PropertyValueSpecification\",\"valueRequired\":true,\"valueName\":\"search_term_string\"}}],\"inLanguage\":\"en-US\"},{\"@type\":\"Person\",\"@id\":\"https:\/\/www.welovecycling.com\/wide\/#\/schema\/person\/50f01ecd18718d2333cf72e823c4f926\",\"name\":\"tereza\",\"image\":{\"@type\":\"ImageObject\",\"inLanguage\":\"en-US\",\"@id\":\"https:\/\/www.welovecycling.com\/wide\/#\/schema\/person\/image\/\",\"url\":\"https:\/\/secure.gravatar.com\/avatar\/1f9eb71be33845f0afabce3791bc1c58ecdb0a25c62964987e5dbcf7a20d2ec7?s=96&d=mm&r=g\",\"contentUrl\":\"https:\/\/secure.gravatar.com\/avatar\/1f9eb71be33845f0afabce3791bc1c58ecdb0a25c62964987e5dbcf7a20d2ec7?s=96&d=mm&r=g\",\"caption\":\"tereza\"},\"url\":\"https:\/\/www.welovecycling.com\/wide\/author\/tereza\/\"}]}<\/script>\n<!-- \/ Yoast SEO Premium plugin. -->","yoast_head_json":{"title":"Top Bike Shops Owned by an Ex-Professional - \u0160koda We Love Cycling","description":"I don\u2019t know about you, but one of my favourite things is visiting bike shops wherever I go. From the cobbled streets of Europe to North America and","robots":{"index":"index","follow":"follow","max-snippet":"max-snippet:-1","max-image-preview":"max-image-preview:large","max-video-preview":"max-video-preview:-1"},"canonical":"https:\/\/www.welovecycling.com\/wide\/2024\/04\/30\/top-bike-shops-owned-by-an-ex-professional\/","og_locale":"en_US","og_type":"article","og_title":"Top Bike Shops Owned by an Ex-Professional","og_description":"I don\u2019t know about you, but one of my favourite things is visiting bike shops wherever I go. From the cobbled streets of Europe to North America and","og_url":"https:\/\/www.welovecycling.com\/wide\/2024\/04\/30\/top-bike-shops-owned-by-an-ex-professional\/","og_site_name":"\u0160koda We Love Cycling","article_published_time":"2024-04-30T13:13:22+00:00","og_image":[{"width":990,"height":660,"url":"https:\/\/d2p6e6u75xmxt8.cloudfront.net\/2\/2024\/04\/Bike-Shop-profimedia-0813848136-CVR.webp","type":"image\/webp"}],"author":"tereza","twitter_card":"summary_large_image","twitter_misc":{"Written by":"Andrea Champredonde","Est. reading time":"5"},"schema":{"@context":"https:\/\/schema.org","@graph":[{"@type":"WebPage","@id":"https:\/\/www.welovecycling.com\/wide\/2024\/04\/30\/top-bike-shops-owned-by-an-ex-professional\/","url":"https:\/\/www.welovecycling.com\/wide\/2024\/04\/30\/top-bike-shops-owned-by-an-ex-professional\/","name":"Top Bike Shops Owned by an Ex-Professional - \u0160koda We Love Cycling","isPartOf":{"@id":"https:\/\/www.welovecycling.com\/wide\/#website"},"primaryImageOfPage":{"@id":"https:\/\/www.welovecycling.com\/wide\/2024\/04\/30\/top-bike-shops-owned-by-an-ex-professional\/#primaryimage"},"image":{"@id":"https:\/\/www.welovecycling.com\/wide\/2024\/04\/30\/top-bike-shops-owned-by-an-ex-professional\/#primaryimage"},"thumbnailUrl":"https:\/\/d2p6e6u75xmxt8.cloudfront.net\/2\/2024\/04\/Bike-Shop-profimedia-0813848136-CVR.webp","datePublished":"2024-04-30T13:13:22+00:00","author":{"@id":"https:\/\/www.welovecycling.com\/wide\/#\/schema\/person\/50f01ecd18718d2333cf72e823c4f926"},"description":"I don\u2019t know about you, but one of my favourite things is visiting bike shops wherever I go. From the cobbled streets of Europe to North America and","breadcrumb":{"@id":"https:\/\/www.welovecycling.com\/wide\/2024\/04\/30\/top-bike-shops-owned-by-an-ex-professional\/#breadcrumb"},"inLanguage":"en-US","potentialAction":[{"@type":"ReadAction","target":["https:\/\/www.welovecycling.com\/wide\/2024\/04\/30\/top-bike-shops-owned-by-an-ex-professional\/"]}]},{"@type":"ImageObject","inLanguage":"en-US","@id":"https:\/\/www.welovecycling.com\/wide\/2024\/04\/30\/top-bike-shops-owned-by-an-ex-professional\/#primaryimage","url":"https:\/\/d2p6e6u75xmxt8.cloudfront.net\/2\/2024\/04\/Bike-Shop-profimedia-0813848136-CVR.webp","contentUrl":"https:\/\/d2p6e6u75xmxt8.cloudfront.net\/2\/2024\/04\/Bike-Shop-profimedia-0813848136-CVR.webp","width":990,"height":660,"caption":"A bicycle shop"},{"@type":"BreadcrumbList","@id":"https:\/\/www.welovecycling.com\/wide\/2024\/04\/30\/top-bike-shops-owned-by-an-ex-professional\/#breadcrumb","itemListElement":[{"@type":"ListItem","position":1,"name":"Home","item":"https:\/\/www.welovecycling.com\/wide\/"},{"@type":"ListItem","position":2,"name":"Top Bike Shops Owned by an Ex-Professional"}]},{"@type":"WebSite","@id":"https:\/\/www.welovecycling.com\/wide\/#website","url":"https:\/\/www.welovecycling.com\/wide\/","name":"\u0160koda We Love Cycling","description":"\u0160koda We Love Cycling magazine","alternateName":"\u0160koda WLC","potentialAction":[{"@type":"SearchAction","target":{"@type":"EntryPoint","urlTemplate":"https:\/\/www.welovecycling.com\/wide\/?s={search_term_string}"},"query-input":{"@type":"PropertyValueSpecification","valueRequired":true,"valueName":"search_term_string"}}],"inLanguage":"en-US"},{"@type":"Person","@id":"https:\/\/www.welovecycling.com\/wide\/#\/schema\/person\/50f01ecd18718d2333cf72e823c4f926","name":"tereza","image":{"@type":"ImageObject","inLanguage":"en-US","@id":"https:\/\/www.welovecycling.com\/wide\/#\/schema\/person\/image\/","url":"https:\/\/secure.gravatar.com\/avatar\/1f9eb71be33845f0afabce3791bc1c58ecdb0a25c62964987e5dbcf7a20d2ec7?s=96&d=mm&r=g","contentUrl":"https:\/\/secure.gravatar.com\/avatar\/1f9eb71be33845f0afabce3791bc1c58ecdb0a25c62964987e5dbcf7a20d2ec7?s=96&d=mm&r=g","caption":"tereza"},"url":"https:\/\/www.welovecycling.com\/wide\/author\/tereza\/"}]}},"_links":{"self":[{"href":"https:\/\/www.welovecycling.com\/wide\/wp-json\/wp\/v2\/posts\/195583","targetHints":{"allow":["GET"]}}],"collection":[{"href":"https:\/\/www.welovecycling.com\/wide\/wp-json\/wp\/v2\/posts"}],"about":[{"href":"https:\/\/www.welovecycling.com\/wide\/wp-json\/wp\/v2\/types\/post"}],"author":[{"embeddable":true,"href":"https:\/\/www.welovecycling.com\/wide\/wp-json\/wp\/v2\/users\/99"}],"replies":[{"embeddable":true,"href":"https:\/\/www.welovecycling.com\/wide\/wp-json\/wp\/v2\/comments?post=195583"}],"version-history":[{"count":4,"href":"https:\/\/www.welovecycling.com\/wide\/wp-json\/wp\/v2\/posts\/195583\/revisions"}],"predecessor-version":[{"id":195588,"href":"https:\/\/www.welovecycling.com\/wide\/wp-json\/wp\/v2\/posts\/195583\/revisions\/195588"}],"wp:featuredmedia":[{"embeddable":true,"href":"https:\/\/www.welovecycling.com\/wide\/wp-json\/wp\/v2\/media\/195586"}],"wp:attachment":[{"href":"https:\/\/www.welovecycling.com\/wide\/wp-json\/wp\/v2\/media?parent=195583"}],"wp:term":[{"taxonomy":"category","embeddable":true,"href":"https:\/\/www.welovecycling.com\/wide\/wp-json\/wp\/v2\/categories?post=195583"},{"taxonomy":"post_tag","embeddable":true,"href":"https:\/\/www.welovecycling.com\/wide\/wp-json\/wp\/v2\/tags?post=195583"},{"taxonomy":"global-categories","embeddable":true,"href":"https:\/\/www.welovecycling.com\/wide\/wp-json\/wp\/v2\/global-categories?post=195583"}],"curies":[{"name":"wp","href":"https:\/\/api.w.org\/{rel}","templated":true}]}}