{"id":195536,"date":"2024-04-22T13:55:40","date_gmt":"2024-04-22T13:55:40","guid":{"rendered":"https:\/\/www.welovecycling.com\/wide\/?p=195536"},"modified":"2024-04-22T13:55:40","modified_gmt":"2024-04-22T13:55:40","slug":"level-up-your-eco-friendly-cycling-practices-for-earth-day","status":"publish","type":"post","link":"https:\/\/www.welovecycling.com\/wide\/2024\/04\/22\/level-up-your-eco-friendly-cycling-practices-for-earth-day\/","title":{"rendered":"Level Up Your Eco-Friendly Cycling Practices for Earth Day"},"content":{"rendered":"<p><strong>It&#8217;s Earth Day today and we think it\u2019s a good time to reflect on sustainability and environmental friendliness in relation to our cycling habits. Cycling has long been recognised as an environmentally responsible mode of transportation. Still, in recent years, there has been a growing emphasis on the need to adopt more comprehensive eco-conscious practices within the cycling industry and community.<\/strong><\/p>\n<p><!--more--><\/p>\n<p>Today, we\u2019d like to focus on what you can do (in big ways and small) to ensure that the time you spend in the saddle contributes to a greener future for all of us.<\/p>\n<h2><strong>The intersection of cycling and climate change<\/strong><\/h2>\n<p>In the realm of sustainability within the bike industry, progress has been gradual, marked by a hesitancy to fully embrace eco-conscious practices. This reluctance can often leave companies uncertain where to begin their sustainability journey. While some companies are making significant strides towards sustainability, others are dragging their feet, displaying a reluctance to integrate eco-friendly practices into their operations.<\/p>\n<p>The road to sustainability also comes with financial considerations. With the bike industry experiencing periods of upheaval, including the COVID-induced cycling surge followed by significant losses for major brands, allocating resources to sustainability initiatives requires careful reevaluation of priorities.<\/p>\n<p>Despite the challenges, there&#8217;s an optimistic outlook for the industry. <a href=\"https:\/\/discerningcyclist.com\/bicycle-industry-statistics\/\">Globally valued at about $64.6 billion in 2022,<\/a> the bike industry is projected to double in value by 2030. This growth coincides with many companies setting ambitious targets for emissions reduction by that same year.<\/p>\n<p>However, achieving sustainability goals goes beyond mere financial investment. It requires a holistic approach, ensuring that companies allocate the necessary resources to drive meaningful innovation and foster resilience in the face of evolving market dynamics. As<a href=\"https:\/\/cyclingindustries.com\/what-we-do\/expert-groups\/csr-and-sustainability\"> industry experts emphasise,<\/a> sustainability efforts should not be treated as mere checkboxes but as opportunities to transform and strengthen businesses for the future.<\/p>\n<p>It does look promising, though.The cycling community, both at the grassroots level and within professional circles, is increasingly coming into its role as a steward in combating climate change. Major cycling events like the Tour de France and the Giro d&#8217;Italia have started implementing sustainability measures, including waste reduction, carbon offsetting, and eco-friendly transportation options. Additionally, cycling teams and sponsors are investing in green initiatives, from using recycled materials in team kits to supporting reforestation projects. This is a hugely important step if the sport we all love will be able to hold on to its sustainability badge of honour.<\/p>\n<figure id=\"attachment_193526\" aria-describedby=\"caption-attachment-193526\" style=\"width: 990px\" class=\"wp-caption alignnone\"><a href=\"https:\/\/d2p6e6u75xmxt8.cloudfront.net\/2\/2023\/07\/2023-Tour-de-France-Femmes-profimedia-0791636801-CVR.webp\"><img loading=\"lazy\" decoding=\"async\" class=\"wp-image-193526 size-full\" src=\"https:\/\/d2p6e6u75xmxt8.cloudfront.net\/2\/2023\/07\/2023-Tour-de-France-Femmes-profimedia-0791636801-CVR.webp\" alt=\"Tour de France Femmes\" width=\"990\" height=\"660\" srcset=\"https:\/\/d2p6e6u75xmxt8.cloudfront.net\/2\/2023\/07\/2023-Tour-de-France-Femmes-profimedia-0791636801-CVR.webp 990w, https:\/\/d2p6e6u75xmxt8.cloudfront.net\/2\/2023\/07\/2023-Tour-de-France-Femmes-profimedia-0791636801-CVR-300x200.webp 300w, https:\/\/d2p6e6u75xmxt8.cloudfront.net\/2\/2023\/07\/2023-Tour-de-France-Femmes-profimedia-0791636801-CVR-768x512.webp 768w, https:\/\/d2p6e6u75xmxt8.cloudfront.net\/2\/2023\/07\/2023-Tour-de-France-Femmes-profimedia-0791636801-CVR-400x267.webp 400w, https:\/\/d2p6e6u75xmxt8.cloudfront.net\/2\/2023\/07\/2023-Tour-de-France-Femmes-profimedia-0791636801-CVR-272x182.webp 272w\" sizes=\"auto, (max-width: 990px) 100vw, 990px\" \/><\/a><figcaption id=\"caption-attachment-193526\" class=\"wp-caption-text\">Major cycling events like the Tour de France and the Giro d&#8217;Italia have started implementing sustainability measures. \u00a9 Profimedia<\/figcaption><\/figure>\n<h2><strong>Eco-friendly practices for cyclists<\/strong><\/h2>\n<p>Of course, on a smaller scale \u2014 there are little things we can all do to indicate that we care about climate change. As an individual cyclist, there are simple yet impactful practices that can contribute to a greener planet:<\/p>\n<p><strong>1. Commuting by bike<\/strong> (even once or twice a week): You don\u2019t have to become a die-hard commuter to make a difference. Opting to cycle instead of driving for daily commutes significantly reduces carbon emissions and traffic congestion. Investing in a reliable commuter bike utilising bike lanes and paths and reading up on some best practices can make the transition much more accessible.<\/p>\n<p><strong>2. Choosing sustainable gear:<\/strong> The textile industry has a long and unmistakable connection to climate change and remains one of the largest polluters in the world. When you see what goes into manufacturing a product, development, fabrics, manufacturing, packaging, shipping, retail, more shipping, the thought of even one of those products being wasted just seems unthinkable. And yet, this is the core business model of pretty much every apparel brand on the market. What we are seeing right now \u2014 perpetual discounting, companies posting massive losses and even going bust \u2014 is a direct result.<\/p>\n<p>So, when purchasing cycling gear, it is crucial to look for brands that prioritise sustainability. Search out apparel made with recycled materials and companies offering warranties or free product repairs. Investing in quality will undoubtedly pay dividends in terms of comfort and sustainability\u2014it will also save you money in the long run!<\/p>\n<p><strong>3. Maintenance and repairs:<\/strong> Likewise, remember that regular bike maintenance not only extends the lifespan of your bike but also reduces the need for new purchases, ultimately lowering your carbon footprint (and saving you cash). Even major brands such as <a href=\"https:\/\/www.trekbikes.com\/us\/en_US\/red-barn-refresh-bikes\/c\/RBR100\/\">Trek offer recycled bikes now.<\/a> So, when you can, consider buying from brands that manufacture close to you and be sure to learn the basic bike repair skills.<\/p>\n<h2><strong>Supporting sustainable initiatives<\/strong><\/h2>\n<p>In addition to individual actions, cyclists can also make a difference by supporting companies and initiatives that prioritise sustainability:<\/p>\n<p><strong>1. Demand transparency:<\/strong> Advocate for greater transparency regarding the environmental practices and policies of cycling teams, sponsors, and event organisers. Encourage the adoption of sustainability reporting standards and hold organisations accountable for their environmental impact. Likewise, choose bike brands that use ethical practices like fair labour conditions and environmentally friendly production processes. Look for certifications like Fair Trade or B Corp to ensure your purchases align with your values.<\/p>\n<p><strong>2. Educate yourself about carbon offsetting:<\/strong> Flying halfway across the world for a bike trip? Consider offsetting the carbon emissions associated with your cycling activities by supporting reforestation projects or investing in carbon offset programs. Many organisations offer carbon calculators tailored explicitly to cyclists, allowing you to measure and offset your carbon footprint accurately.<\/p>\n<p><strong>3. Attend green events:<\/strong> Support cycling events and races that promote sustainability by implementing eco-friendly practices, such as waste reduction, recycling programs, and carbon offsetting initiatives. By attending and participating in green events, you enjoy the thrill of cycling and contribute to positive environmental outcomes.<\/p>\n<h2><strong>Get out there and pedal towards a greener future<\/strong><\/h2>\n<p>So, by supporting the Earth Day mission to diversify, educate and activate the environmental movement worldwide \u2014 let\u2019s all consider how we can make a difference. The cycling industry, faces a pivotal moment. The road to sustainability demands not only financial investment but also a profound shift in mindset, viewing eco-conscious practices not as mere obligations but as opportunities for growth and resilience.<\/p>\n","protected":false},"excerpt":{"rendered":"<p>It&#8217;s Earth Day today and we think it\u2019s a good time to reflect on sustainability and environmental friendliness in relation [&hellip;]<\/p>\n","protected":false},"author":99,"featured_media":195537,"comment_status":"closed","ping_status":"open","sticky":false,"template":"","format":"standard","meta":{"footnotes":""},"categories":[334],"tags":[7762,7764,7763,7765,1749],"global-categories":[3366],"class_list":["post-195536","post","type-post","status-publish","format-standard","has-post-thumbnail","hentry","category-socialising-and-culture","tag-earth-day","tag-eco-friendly-practices","tag-eco-friendly-practices-for-cyclisty","tag-recycled-bikes","tag-trek","global-categories-cycling"],"yoast_head":"<!-- This site is optimized with the Yoast SEO Premium plugin v25.3 (Yoast SEO v25.9) - https:\/\/yoast.com\/wordpress\/plugins\/seo\/ -->\n<title>Level Up Your Eco-Friendly Cycling Practices for Earth Day - \u0160koda We Love Cycling<\/title>\n<meta name=\"description\" content=\"It&#039;s Earth Day today and we think it\u2019s a good time to reflect on sustainability and environmental friendliness in relation to our cycling habits. Cycling\" \/>\n<meta name=\"robots\" content=\"index, follow, max-snippet:-1, max-image-preview:large, max-video-preview:-1\" \/>\n<link rel=\"canonical\" href=\"https:\/\/www.welovecycling.com\/wide\/2024\/04\/22\/level-up-your-eco-friendly-cycling-practices-for-earth-day\/\" \/>\n<meta property=\"og:locale\" content=\"en_US\" \/>\n<meta property=\"og:type\" content=\"article\" \/>\n<meta property=\"og:title\" content=\"Level Up Your Eco-Friendly Cycling Practices for Earth Day\" \/>\n<meta property=\"og:description\" content=\"It&#039;s Earth Day today and we think it\u2019s a good time to reflect on sustainability and environmental friendliness in relation to our cycling habits. Cycling\" \/>\n<meta property=\"og:url\" content=\"https:\/\/www.welovecycling.com\/wide\/2024\/04\/22\/level-up-your-eco-friendly-cycling-practices-for-earth-day\/\" \/>\n<meta property=\"og:site_name\" content=\"\u0160koda We Love Cycling\" \/>\n<meta property=\"article:published_time\" content=\"2024-04-22T13:55:40+00:00\" \/>\n<meta property=\"og:image\" content=\"https:\/\/d2p6e6u75xmxt8.cloudfront.net\/2\/2024\/04\/Cyclist-Sunset-Earth-Day-profimedia-0776044839-CVR.webp\" \/>\n\t<meta property=\"og:image:width\" content=\"990\" \/>\n\t<meta property=\"og:image:height\" content=\"660\" \/>\n\t<meta property=\"og:image:type\" content=\"image\/webp\" \/>\n<meta name=\"author\" content=\"tereza\" \/>\n<meta name=\"twitter:card\" content=\"summary_large_image\" \/>\n<meta name=\"twitter:label1\" content=\"Written by\" \/>\n\t<meta name=\"twitter:data1\" content=\"Megan Flottorp\" \/>\n\t<meta name=\"twitter:label2\" content=\"Est. reading time\" \/>\n\t<meta name=\"twitter:data2\" content=\"4\" \/>\n<script type=\"application\/ld+json\" class=\"yoast-schema-graph\">{\"@context\":\"https:\/\/schema.org\",\"@graph\":[{\"@type\":\"WebPage\",\"@id\":\"https:\/\/www.welovecycling.com\/wide\/2024\/04\/22\/level-up-your-eco-friendly-cycling-practices-for-earth-day\/\",\"url\":\"https:\/\/www.welovecycling.com\/wide\/2024\/04\/22\/level-up-your-eco-friendly-cycling-practices-for-earth-day\/\",\"name\":\"Level Up Your Eco-Friendly Cycling Practices for Earth Day - \u0160koda We Love Cycling\",\"isPartOf\":{\"@id\":\"https:\/\/www.welovecycling.com\/wide\/#website\"},\"primaryImageOfPage\":{\"@id\":\"https:\/\/www.welovecycling.com\/wide\/2024\/04\/22\/level-up-your-eco-friendly-cycling-practices-for-earth-day\/#primaryimage\"},\"image\":{\"@id\":\"https:\/\/www.welovecycling.com\/wide\/2024\/04\/22\/level-up-your-eco-friendly-cycling-practices-for-earth-day\/#primaryimage\"},\"thumbnailUrl\":\"https:\/\/d2p6e6u75xmxt8.cloudfront.net\/2\/2024\/04\/Cyclist-Sunset-Earth-Day-profimedia-0776044839-CVR.webp\",\"datePublished\":\"2024-04-22T13:55:40+00:00\",\"author\":{\"@id\":\"https:\/\/www.welovecycling.com\/wide\/#\/schema\/person\/50f01ecd18718d2333cf72e823c4f926\"},\"description\":\"It's Earth Day today and we think it\u2019s a good time to reflect on sustainability and environmental friendliness in relation to our cycling habits. Cycling\",\"breadcrumb\":{\"@id\":\"https:\/\/www.welovecycling.com\/wide\/2024\/04\/22\/level-up-your-eco-friendly-cycling-practices-for-earth-day\/#breadcrumb\"},\"inLanguage\":\"en-US\",\"potentialAction\":[{\"@type\":\"ReadAction\",\"target\":[\"https:\/\/www.welovecycling.com\/wide\/2024\/04\/22\/level-up-your-eco-friendly-cycling-practices-for-earth-day\/\"]}]},{\"@type\":\"ImageObject\",\"inLanguage\":\"en-US\",\"@id\":\"https:\/\/www.welovecycling.com\/wide\/2024\/04\/22\/level-up-your-eco-friendly-cycling-practices-for-earth-day\/#primaryimage\",\"url\":\"https:\/\/d2p6e6u75xmxt8.cloudfront.net\/2\/2024\/04\/Cyclist-Sunset-Earth-Day-profimedia-0776044839-CVR.webp\",\"contentUrl\":\"https:\/\/d2p6e6u75xmxt8.cloudfront.net\/2\/2024\/04\/Cyclist-Sunset-Earth-Day-profimedia-0776044839-CVR.webp\",\"width\":990,\"height\":660,\"caption\":\"MTB in sunset\"},{\"@type\":\"BreadcrumbList\",\"@id\":\"https:\/\/www.welovecycling.com\/wide\/2024\/04\/22\/level-up-your-eco-friendly-cycling-practices-for-earth-day\/#breadcrumb\",\"itemListElement\":[{\"@type\":\"ListItem\",\"position\":1,\"name\":\"Home\",\"item\":\"https:\/\/www.welovecycling.com\/wide\/\"},{\"@type\":\"ListItem\",\"position\":2,\"name\":\"Level Up Your Eco-Friendly Cycling Practices for Earth Day\"}]},{\"@type\":\"WebSite\",\"@id\":\"https:\/\/www.welovecycling.com\/wide\/#website\",\"url\":\"https:\/\/www.welovecycling.com\/wide\/\",\"name\":\"\u0160koda We Love Cycling\",\"description\":\"\u0160koda We Love Cycling magazine\",\"alternateName\":\"\u0160koda WLC\",\"potentialAction\":[{\"@type\":\"SearchAction\",\"target\":{\"@type\":\"EntryPoint\",\"urlTemplate\":\"https:\/\/www.welovecycling.com\/wide\/?s={search_term_string}\"},\"query-input\":{\"@type\":\"PropertyValueSpecification\",\"valueRequired\":true,\"valueName\":\"search_term_string\"}}],\"inLanguage\":\"en-US\"},{\"@type\":\"Person\",\"@id\":\"https:\/\/www.welovecycling.com\/wide\/#\/schema\/person\/50f01ecd18718d2333cf72e823c4f926\",\"name\":\"tereza\",\"image\":{\"@type\":\"ImageObject\",\"inLanguage\":\"en-US\",\"@id\":\"https:\/\/www.welovecycling.com\/wide\/#\/schema\/person\/image\/\",\"url\":\"https:\/\/secure.gravatar.com\/avatar\/1f9eb71be33845f0afabce3791bc1c58ecdb0a25c62964987e5dbcf7a20d2ec7?s=96&d=mm&r=g\",\"contentUrl\":\"https:\/\/secure.gravatar.com\/avatar\/1f9eb71be33845f0afabce3791bc1c58ecdb0a25c62964987e5dbcf7a20d2ec7?s=96&d=mm&r=g\",\"caption\":\"tereza\"},\"url\":\"https:\/\/www.welovecycling.com\/wide\/author\/tereza\/\"}]}<\/script>\n<!-- \/ Yoast SEO Premium plugin. -->","yoast_head_json":{"title":"Level Up Your Eco-Friendly Cycling Practices for Earth Day - \u0160koda We Love Cycling","description":"It's Earth Day today and we think it\u2019s a good time to reflect on sustainability and environmental friendliness in relation to our cycling habits. Cycling","robots":{"index":"index","follow":"follow","max-snippet":"max-snippet:-1","max-image-preview":"max-image-preview:large","max-video-preview":"max-video-preview:-1"},"canonical":"https:\/\/www.welovecycling.com\/wide\/2024\/04\/22\/level-up-your-eco-friendly-cycling-practices-for-earth-day\/","og_locale":"en_US","og_type":"article","og_title":"Level Up Your Eco-Friendly Cycling Practices for Earth Day","og_description":"It's Earth Day today and we think it\u2019s a good time to reflect on sustainability and environmental friendliness in relation to our cycling habits. Cycling","og_url":"https:\/\/www.welovecycling.com\/wide\/2024\/04\/22\/level-up-your-eco-friendly-cycling-practices-for-earth-day\/","og_site_name":"\u0160koda We Love Cycling","article_published_time":"2024-04-22T13:55:40+00:00","og_image":[{"width":990,"height":660,"url":"https:\/\/d2p6e6u75xmxt8.cloudfront.net\/2\/2024\/04\/Cyclist-Sunset-Earth-Day-profimedia-0776044839-CVR.webp","type":"image\/webp"}],"author":"tereza","twitter_card":"summary_large_image","twitter_misc":{"Written by":"Megan Flottorp","Est. reading time":"4"},"schema":{"@context":"https:\/\/schema.org","@graph":[{"@type":"WebPage","@id":"https:\/\/www.welovecycling.com\/wide\/2024\/04\/22\/level-up-your-eco-friendly-cycling-practices-for-earth-day\/","url":"https:\/\/www.welovecycling.com\/wide\/2024\/04\/22\/level-up-your-eco-friendly-cycling-practices-for-earth-day\/","name":"Level Up Your Eco-Friendly Cycling Practices for Earth Day - \u0160koda We Love Cycling","isPartOf":{"@id":"https:\/\/www.welovecycling.com\/wide\/#website"},"primaryImageOfPage":{"@id":"https:\/\/www.welovecycling.com\/wide\/2024\/04\/22\/level-up-your-eco-friendly-cycling-practices-for-earth-day\/#primaryimage"},"image":{"@id":"https:\/\/www.welovecycling.com\/wide\/2024\/04\/22\/level-up-your-eco-friendly-cycling-practices-for-earth-day\/#primaryimage"},"thumbnailUrl":"https:\/\/d2p6e6u75xmxt8.cloudfront.net\/2\/2024\/04\/Cyclist-Sunset-Earth-Day-profimedia-0776044839-CVR.webp","datePublished":"2024-04-22T13:55:40+00:00","author":{"@id":"https:\/\/www.welovecycling.com\/wide\/#\/schema\/person\/50f01ecd18718d2333cf72e823c4f926"},"description":"It's Earth Day today and we think it\u2019s a good time to reflect on sustainability and environmental friendliness in relation to our cycling habits. Cycling","breadcrumb":{"@id":"https:\/\/www.welovecycling.com\/wide\/2024\/04\/22\/level-up-your-eco-friendly-cycling-practices-for-earth-day\/#breadcrumb"},"inLanguage":"en-US","potentialAction":[{"@type":"ReadAction","target":["https:\/\/www.welovecycling.com\/wide\/2024\/04\/22\/level-up-your-eco-friendly-cycling-practices-for-earth-day\/"]}]},{"@type":"ImageObject","inLanguage":"en-US","@id":"https:\/\/www.welovecycling.com\/wide\/2024\/04\/22\/level-up-your-eco-friendly-cycling-practices-for-earth-day\/#primaryimage","url":"https:\/\/d2p6e6u75xmxt8.cloudfront.net\/2\/2024\/04\/Cyclist-Sunset-Earth-Day-profimedia-0776044839-CVR.webp","contentUrl":"https:\/\/d2p6e6u75xmxt8.cloudfront.net\/2\/2024\/04\/Cyclist-Sunset-Earth-Day-profimedia-0776044839-CVR.webp","width":990,"height":660,"caption":"MTB in sunset"},{"@type":"BreadcrumbList","@id":"https:\/\/www.welovecycling.com\/wide\/2024\/04\/22\/level-up-your-eco-friendly-cycling-practices-for-earth-day\/#breadcrumb","itemListElement":[{"@type":"ListItem","position":1,"name":"Home","item":"https:\/\/www.welovecycling.com\/wide\/"},{"@type":"ListItem","position":2,"name":"Level Up Your Eco-Friendly Cycling Practices for Earth Day"}]},{"@type":"WebSite","@id":"https:\/\/www.welovecycling.com\/wide\/#website","url":"https:\/\/www.welovecycling.com\/wide\/","name":"\u0160koda We Love Cycling","description":"\u0160koda We Love Cycling magazine","alternateName":"\u0160koda WLC","potentialAction":[{"@type":"SearchAction","target":{"@type":"EntryPoint","urlTemplate":"https:\/\/www.welovecycling.com\/wide\/?s={search_term_string}"},"query-input":{"@type":"PropertyValueSpecification","valueRequired":true,"valueName":"search_term_string"}}],"inLanguage":"en-US"},{"@type":"Person","@id":"https:\/\/www.welovecycling.com\/wide\/#\/schema\/person\/50f01ecd18718d2333cf72e823c4f926","name":"tereza","image":{"@type":"ImageObject","inLanguage":"en-US","@id":"https:\/\/www.welovecycling.com\/wide\/#\/schema\/person\/image\/","url":"https:\/\/secure.gravatar.com\/avatar\/1f9eb71be33845f0afabce3791bc1c58ecdb0a25c62964987e5dbcf7a20d2ec7?s=96&d=mm&r=g","contentUrl":"https:\/\/secure.gravatar.com\/avatar\/1f9eb71be33845f0afabce3791bc1c58ecdb0a25c62964987e5dbcf7a20d2ec7?s=96&d=mm&r=g","caption":"tereza"},"url":"https:\/\/www.welovecycling.com\/wide\/author\/tereza\/"}]}},"_links":{"self":[{"href":"https:\/\/www.welovecycling.com\/wide\/wp-json\/wp\/v2\/posts\/195536","targetHints":{"allow":["GET"]}}],"collection":[{"href":"https:\/\/www.welovecycling.com\/wide\/wp-json\/wp\/v2\/posts"}],"about":[{"href":"https:\/\/www.welovecycling.com\/wide\/wp-json\/wp\/v2\/types\/post"}],"author":[{"embeddable":true,"href":"https:\/\/www.welovecycling.com\/wide\/wp-json\/wp\/v2\/users\/99"}],"replies":[{"embeddable":true,"href":"https:\/\/www.welovecycling.com\/wide\/wp-json\/wp\/v2\/comments?post=195536"}],"version-history":[{"count":1,"href":"https:\/\/www.welovecycling.com\/wide\/wp-json\/wp\/v2\/posts\/195536\/revisions"}],"predecessor-version":[{"id":195538,"href":"https:\/\/www.welovecycling.com\/wide\/wp-json\/wp\/v2\/posts\/195536\/revisions\/195538"}],"wp:featuredmedia":[{"embeddable":true,"href":"https:\/\/www.welovecycling.com\/wide\/wp-json\/wp\/v2\/media\/195537"}],"wp:attachment":[{"href":"https:\/\/www.welovecycling.com\/wide\/wp-json\/wp\/v2\/media?parent=195536"}],"wp:term":[{"taxonomy":"category","embeddable":true,"href":"https:\/\/www.welovecycling.com\/wide\/wp-json\/wp\/v2\/categories?post=195536"},{"taxonomy":"post_tag","embeddable":true,"href":"https:\/\/www.welovecycling.com\/wide\/wp-json\/wp\/v2\/tags?post=195536"},{"taxonomy":"global-categories","embeddable":true,"href":"https:\/\/www.welovecycling.com\/wide\/wp-json\/wp\/v2\/global-categories?post=195536"}],"curies":[{"name":"wp","href":"https:\/\/api.w.org\/{rel}","templated":true}]}}