{"id":195339,"date":"2024-04-03T16:07:48","date_gmt":"2024-04-03T16:07:48","guid":{"rendered":"https:\/\/www.welovecycling.com\/wide\/?p=195339"},"modified":"2024-04-03T16:12:28","modified_gmt":"2024-04-03T16:12:28","slug":"ucis-confusing-head-sock-ban-has-evenepoel-fuming","status":"publish","type":"post","link":"https:\/\/www.welovecycling.com\/wide\/2024\/04\/03\/ucis-confusing-head-sock-ban-has-evenepoel-fuming\/","title":{"rendered":"UCI\u2019s Confusing Head Sock Ban Has Evenepoel Fuming"},"content":{"rendered":"<p style=\"font-weight: 400;\"><strong>UCI\u2019s controversial helmet saga, which began a month ago when cycling\u2019s governing body said that a number of time trial helmets and helmet accessories, such as head socks, were illegal because they were being used to improve performance rather than safety, has again erupted in controversy.<\/strong><\/p>\n<p><!--more--><\/p>\n<p style=\"font-weight: 400;\">At the time, the UCI said it would make an \u201cin-depth analysis of the regulations governing the design and use of time trial helmets\u201d and deemed the head sock \u201ca non-essential component\u201d and banned its use \u201cat events on the UCI International Calendar, effective from 2 April 2024.\u201d Take note of the date. Two weeks later, the body <a href=\"https:\/\/www.welovecycling.com\/wide\/2024\/03\/19\/wheelsroundup-another-heart-operation-for-sagan-uci-approves-vismas-star-wars-helmet\/\">approved<\/a> the use of Visma\u2013Lease a Bike\u2019s startling Giro time trial helmet \u2013 aka the \u201cStar Wars helmet\u201d \u2013 until 2025 but maintained the head sock ban.<\/p>\n<p style=\"font-weight: 400;\">The new controversy regarding the use of head socks features Soudal\u2013Quick Step\u2019s quick-tempered superstar Remco Evenepoel. Soudal was one of the teams who had been using the head sock as was the BORA-hansgrohe of Primo\u017e Rogli\u010d. Evenepoel and Rogli\u010d are facing off in this week\u2019s high-profile Itzulia Basque Country along with a third elite rider, Jonas Vingegaard of Visma\u2013Lease a Bike.<\/p>\n<p style=\"font-weight: 400;\">Their meeting was in the stage 1 10 km time trial, run on April 1, which was won by Rogli\u010d despite his taking a wrong turn near the finish line and having to double back. Evenepoel finished fourth, 11 seconds behind the Slovenian, with Vingegaard, riding in his Star Wars helmet, finishing fifth at 16 seconds.<\/p>\n<figure id=\"attachment_195162\" aria-describedby=\"caption-attachment-195162\" style=\"width: 990px\" class=\"wp-caption alignnone\"><a href=\"https:\/\/d2p6e6u75xmxt8.cloudfront.net\/2\/2024\/03\/Jonas-Vingegaard-Helmet-Tirreno-profimedia-0853535574-CVR.webp\"><img loading=\"lazy\" decoding=\"async\" class=\"wp-image-195162 size-full\" src=\"https:\/\/d2p6e6u75xmxt8.cloudfront.net\/2\/2024\/03\/Jonas-Vingegaard-Helmet-Tirreno-profimedia-0853535574-CVR.webp\" alt=\"Jonas Vingeegaard\" width=\"990\" height=\"660\" srcset=\"https:\/\/d2p6e6u75xmxt8.cloudfront.net\/2\/2024\/03\/Jonas-Vingegaard-Helmet-Tirreno-profimedia-0853535574-CVR.webp 990w, https:\/\/d2p6e6u75xmxt8.cloudfront.net\/2\/2024\/03\/Jonas-Vingegaard-Helmet-Tirreno-profimedia-0853535574-CVR-300x200.webp 300w, https:\/\/d2p6e6u75xmxt8.cloudfront.net\/2\/2024\/03\/Jonas-Vingegaard-Helmet-Tirreno-profimedia-0853535574-CVR-768x512.webp 768w, https:\/\/d2p6e6u75xmxt8.cloudfront.net\/2\/2024\/03\/Jonas-Vingegaard-Helmet-Tirreno-profimedia-0853535574-CVR-400x267.webp 400w, https:\/\/d2p6e6u75xmxt8.cloudfront.net\/2\/2024\/03\/Jonas-Vingegaard-Helmet-Tirreno-profimedia-0853535574-CVR-272x182.webp 272w\" sizes=\"auto, (max-width: 990px) 100vw, 990px\" \/><\/a><figcaption id=\"caption-attachment-195162\" class=\"wp-caption-text\">The helmet saga continues. \u00a9 Profimedia<\/figcaption><\/figure>\n<p style=\"font-weight: 400;\">After the stage, Evenepoel complained about the fact that Rogli\u010d had raced in a head sock and he hadn\u2019t, thereby giving the winner an unfair aerodynamic advantage. \u201cWe were not allowed to use it. Bora-Hansgrohe did,\u201d the reigning ITT world champion <a href=\"https:\/\/sporza.be\/nl\/2024\/04\/01\/vroege-val-verpest-de-baskische-openingstijdrit-van-remco-evenepoel-mijn-eigen-schuld~1711975956615\/\">told <em>Sporza<\/em>.<\/a> \u201cOn the UCI website, it says that it is banned from April 2. The UCI sent us an email that it would be banned from April 1. They don&#8217;t know themselves, I think. We were already told in Paris-Nice that it would be the last time.\u201d<\/p>\n<p style=\"font-weight: 400;\">Later, <a href=\"https:\/\/www.globalcyclingnetwork.com\/racing\/news\/legal-or-not-confusion-reigns-over-uci-head-sock-rule-at-itzulia-basque-country\">speaking in English<\/a> to journalists, he was a bit more conciliatory. \u201cSo how exactly did we get here and why the confusion?\u201d he asked. \u201cIt appears that the UCI has been guilty of sending mixed messages.\u201d<\/p>\n<p style=\"font-weight: 400;\">Evenepoel had roundly criticized the UCI\u2019s decision to ban the head sock when it was made in March, saying at the time: \u201cTwo years ago, they authorised our helmet, and now they\u2019re banning it. I kind of feel like they want to [mess with us],\u201d Evenepoel said. \u201cIt&#8217;s not very friendly what they&#8217;re doing. There are other teams that are riding with a time trial helmet in the peloton. I\u2019m thinking of EF Education-EasyPost. They [the UCI] are dragging cycling into the ridiculous and they\u2019re making all the riders turn against the UCI.\u201d<\/p>\n<p style=\"font-weight: 400;\">In a move that may or may not be related, the UCI\u2019s Head of Road Cycling and Innovation, former rider Michael Rogers, announced he was resigning from his post. Rogers was responsible for the regulations regarding new technology, such as the head sock, and had either been against the new ITT helmet innovations or he had approved them but was overruled. He refuses to discuss it. \u201cI will no longer work for the UCI at the end of March,\u201d Rogers <a href=\"https:\/\/www.nieuwsblad.be\/cnt\/dmf20240401_96890652\">told <em>Nieuwsblad<\/em><\/a>. \u201cI therefore do not think it is appropriate to speak out [about the helmet controversy].\u201d<\/p>\n<p style=\"font-weight: 400;\">Somebody from the UCI probably should say a few words, just to calm the stormy waters.<\/p>\n","protected":false},"excerpt":{"rendered":"<p>UCI\u2019s controversial helmet saga, which began a month ago when cycling\u2019s governing body said that a number of time trial [&hellip;]<\/p>\n","protected":false},"author":99,"featured_media":195342,"comment_status":"closed","ping_status":"open","sticky":false,"template":"","format":"standard","meta":{"footnotes":""},"categories":[329],"tags":[5450,1221,3544,443,7674],"global-categories":[3366],"class_list":["post-195339","post","type-post","status-publish","format-standard","has-post-thumbnail","hentry","category-road-cycling","tag-jonas-vingegaard","tag-primoz-roglic","tag-remco-evenepoel","tag-uci","tag-uci-helmet-ban","global-categories-cycling"],"yoast_head":"<!-- This site is optimized with the Yoast SEO Premium plugin v25.3 (Yoast SEO v25.9) - https:\/\/yoast.com\/wordpress\/plugins\/seo\/ -->\n<title>UCI\u2019s Confusing Head Sock Ban Has Evenepoel Fuming - \u0160koda We Love Cycling<\/title>\n<meta name=\"description\" content=\"UCI\u2019s controversial helmet saga, which began a month ago when cycling\u2019s governing body said that a number of time trial helmets and helmet accessories,\" \/>\n<meta name=\"robots\" content=\"index, follow, max-snippet:-1, max-image-preview:large, max-video-preview:-1\" \/>\n<link rel=\"canonical\" href=\"https:\/\/www.welovecycling.com\/wide\/2024\/04\/03\/ucis-confusing-head-sock-ban-has-evenepoel-fuming\/\" \/>\n<meta property=\"og:locale\" content=\"en_US\" \/>\n<meta property=\"og:type\" content=\"article\" \/>\n<meta property=\"og:title\" content=\"UCI\u2019s Confusing Head Sock Ban Has Evenepoel Fuming\" \/>\n<meta property=\"og:description\" content=\"UCI\u2019s controversial helmet saga, which began a month ago when cycling\u2019s governing body said that a number of time trial helmets and helmet accessories,\" \/>\n<meta property=\"og:url\" content=\"https:\/\/www.welovecycling.com\/wide\/2024\/04\/03\/ucis-confusing-head-sock-ban-has-evenepoel-fuming\/\" \/>\n<meta property=\"og:site_name\" content=\"\u0160koda We Love Cycling\" \/>\n<meta property=\"article:published_time\" content=\"2024-04-03T16:07:48+00:00\" \/>\n<meta property=\"article:modified_time\" content=\"2024-04-03T16:12:28+00:00\" \/>\n<meta property=\"og:image\" content=\"https:\/\/d2p6e6u75xmxt8.cloudfront.net\/2\/2024\/04\/Jonas-Vingegaard-Itzulia-Basque-Helmet-profimedia-0861715976-CVR.webp\" \/>\n\t<meta property=\"og:image:width\" content=\"990\" \/>\n\t<meta property=\"og:image:height\" content=\"660\" \/>\n\t<meta property=\"og:image:type\" content=\"image\/webp\" \/>\n<meta name=\"author\" content=\"tereza\" \/>\n<meta name=\"twitter:card\" content=\"summary_large_image\" \/>\n<meta name=\"twitter:label1\" content=\"Written by\" \/>\n\t<meta name=\"twitter:data1\" content=\"Siegfried Mortkowitz\" \/>\n\t<meta name=\"twitter:label2\" content=\"Est. reading time\" \/>\n\t<meta name=\"twitter:data2\" content=\"3\" \/>\n<script type=\"application\/ld+json\" class=\"yoast-schema-graph\">{\"@context\":\"https:\/\/schema.org\",\"@graph\":[{\"@type\":\"WebPage\",\"@id\":\"https:\/\/www.welovecycling.com\/wide\/2024\/04\/03\/ucis-confusing-head-sock-ban-has-evenepoel-fuming\/\",\"url\":\"https:\/\/www.welovecycling.com\/wide\/2024\/04\/03\/ucis-confusing-head-sock-ban-has-evenepoel-fuming\/\",\"name\":\"UCI\u2019s Confusing Head Sock Ban Has Evenepoel Fuming - \u0160koda We Love Cycling\",\"isPartOf\":{\"@id\":\"https:\/\/www.welovecycling.com\/wide\/#website\"},\"primaryImageOfPage\":{\"@id\":\"https:\/\/www.welovecycling.com\/wide\/2024\/04\/03\/ucis-confusing-head-sock-ban-has-evenepoel-fuming\/#primaryimage\"},\"image\":{\"@id\":\"https:\/\/www.welovecycling.com\/wide\/2024\/04\/03\/ucis-confusing-head-sock-ban-has-evenepoel-fuming\/#primaryimage\"},\"thumbnailUrl\":\"https:\/\/d2p6e6u75xmxt8.cloudfront.net\/2\/2024\/04\/Jonas-Vingegaard-Itzulia-Basque-Helmet-profimedia-0861715976-CVR.webp\",\"datePublished\":\"2024-04-03T16:07:48+00:00\",\"dateModified\":\"2024-04-03T16:12:28+00:00\",\"author\":{\"@id\":\"https:\/\/www.welovecycling.com\/wide\/#\/schema\/person\/50f01ecd18718d2333cf72e823c4f926\"},\"description\":\"UCI\u2019s controversial helmet saga, which began a month ago when cycling\u2019s governing body said that a number of time trial helmets and helmet accessories,\",\"breadcrumb\":{\"@id\":\"https:\/\/www.welovecycling.com\/wide\/2024\/04\/03\/ucis-confusing-head-sock-ban-has-evenepoel-fuming\/#breadcrumb\"},\"inLanguage\":\"en-US\",\"potentialAction\":[{\"@type\":\"ReadAction\",\"target\":[\"https:\/\/www.welovecycling.com\/wide\/2024\/04\/03\/ucis-confusing-head-sock-ban-has-evenepoel-fuming\/\"]}]},{\"@type\":\"ImageObject\",\"inLanguage\":\"en-US\",\"@id\":\"https:\/\/www.welovecycling.com\/wide\/2024\/04\/03\/ucis-confusing-head-sock-ban-has-evenepoel-fuming\/#primaryimage\",\"url\":\"https:\/\/d2p6e6u75xmxt8.cloudfront.net\/2\/2024\/04\/Jonas-Vingegaard-Itzulia-Basque-Helmet-profimedia-0861715976-CVR.webp\",\"contentUrl\":\"https:\/\/d2p6e6u75xmxt8.cloudfront.net\/2\/2024\/04\/Jonas-Vingegaard-Itzulia-Basque-Helmet-profimedia-0861715976-CVR.webp\",\"width\":990,\"height\":660,\"caption\":\"Jonas Vingegaard\"},{\"@type\":\"BreadcrumbList\",\"@id\":\"https:\/\/www.welovecycling.com\/wide\/2024\/04\/03\/ucis-confusing-head-sock-ban-has-evenepoel-fuming\/#breadcrumb\",\"itemListElement\":[{\"@type\":\"ListItem\",\"position\":1,\"name\":\"Home\",\"item\":\"https:\/\/www.welovecycling.com\/wide\/\"},{\"@type\":\"ListItem\",\"position\":2,\"name\":\"UCI\u2019s Confusing Head Sock Ban Has Evenepoel Fuming\"}]},{\"@type\":\"WebSite\",\"@id\":\"https:\/\/www.welovecycling.com\/wide\/#website\",\"url\":\"https:\/\/www.welovecycling.com\/wide\/\",\"name\":\"\u0160koda We Love Cycling\",\"description\":\"\u0160koda We Love Cycling magazine\",\"alternateName\":\"\u0160koda WLC\",\"potentialAction\":[{\"@type\":\"SearchAction\",\"target\":{\"@type\":\"EntryPoint\",\"urlTemplate\":\"https:\/\/www.welovecycling.com\/wide\/?s={search_term_string}\"},\"query-input\":{\"@type\":\"PropertyValueSpecification\",\"valueRequired\":true,\"valueName\":\"search_term_string\"}}],\"inLanguage\":\"en-US\"},{\"@type\":\"Person\",\"@id\":\"https:\/\/www.welovecycling.com\/wide\/#\/schema\/person\/50f01ecd18718d2333cf72e823c4f926\",\"name\":\"tereza\",\"image\":{\"@type\":\"ImageObject\",\"inLanguage\":\"en-US\",\"@id\":\"https:\/\/www.welovecycling.com\/wide\/#\/schema\/person\/image\/\",\"url\":\"https:\/\/secure.gravatar.com\/avatar\/1f9eb71be33845f0afabce3791bc1c58ecdb0a25c62964987e5dbcf7a20d2ec7?s=96&d=mm&r=g\",\"contentUrl\":\"https:\/\/secure.gravatar.com\/avatar\/1f9eb71be33845f0afabce3791bc1c58ecdb0a25c62964987e5dbcf7a20d2ec7?s=96&d=mm&r=g\",\"caption\":\"tereza\"},\"url\":\"https:\/\/www.welovecycling.com\/wide\/author\/tereza\/\"}]}<\/script>\n<!-- \/ Yoast SEO Premium plugin. -->","yoast_head_json":{"title":"UCI\u2019s Confusing Head Sock Ban Has Evenepoel Fuming - \u0160koda We Love Cycling","description":"UCI\u2019s controversial helmet saga, which began a month ago when cycling\u2019s governing body said that a number of time trial helmets and helmet accessories,","robots":{"index":"index","follow":"follow","max-snippet":"max-snippet:-1","max-image-preview":"max-image-preview:large","max-video-preview":"max-video-preview:-1"},"canonical":"https:\/\/www.welovecycling.com\/wide\/2024\/04\/03\/ucis-confusing-head-sock-ban-has-evenepoel-fuming\/","og_locale":"en_US","og_type":"article","og_title":"UCI\u2019s Confusing Head Sock Ban Has Evenepoel Fuming","og_description":"UCI\u2019s controversial helmet saga, which began a month ago when cycling\u2019s governing body said that a number of time trial helmets and helmet accessories,","og_url":"https:\/\/www.welovecycling.com\/wide\/2024\/04\/03\/ucis-confusing-head-sock-ban-has-evenepoel-fuming\/","og_site_name":"\u0160koda We Love Cycling","article_published_time":"2024-04-03T16:07:48+00:00","article_modified_time":"2024-04-03T16:12:28+00:00","og_image":[{"width":990,"height":660,"url":"https:\/\/d2p6e6u75xmxt8.cloudfront.net\/2\/2024\/04\/Jonas-Vingegaard-Itzulia-Basque-Helmet-profimedia-0861715976-CVR.webp","type":"image\/webp"}],"author":"tereza","twitter_card":"summary_large_image","twitter_misc":{"Written by":"Siegfried Mortkowitz","Est. reading time":"3"},"schema":{"@context":"https:\/\/schema.org","@graph":[{"@type":"WebPage","@id":"https:\/\/www.welovecycling.com\/wide\/2024\/04\/03\/ucis-confusing-head-sock-ban-has-evenepoel-fuming\/","url":"https:\/\/www.welovecycling.com\/wide\/2024\/04\/03\/ucis-confusing-head-sock-ban-has-evenepoel-fuming\/","name":"UCI\u2019s Confusing Head Sock Ban Has Evenepoel Fuming - \u0160koda We Love Cycling","isPartOf":{"@id":"https:\/\/www.welovecycling.com\/wide\/#website"},"primaryImageOfPage":{"@id":"https:\/\/www.welovecycling.com\/wide\/2024\/04\/03\/ucis-confusing-head-sock-ban-has-evenepoel-fuming\/#primaryimage"},"image":{"@id":"https:\/\/www.welovecycling.com\/wide\/2024\/04\/03\/ucis-confusing-head-sock-ban-has-evenepoel-fuming\/#primaryimage"},"thumbnailUrl":"https:\/\/d2p6e6u75xmxt8.cloudfront.net\/2\/2024\/04\/Jonas-Vingegaard-Itzulia-Basque-Helmet-profimedia-0861715976-CVR.webp","datePublished":"2024-04-03T16:07:48+00:00","dateModified":"2024-04-03T16:12:28+00:00","author":{"@id":"https:\/\/www.welovecycling.com\/wide\/#\/schema\/person\/50f01ecd18718d2333cf72e823c4f926"},"description":"UCI\u2019s controversial helmet saga, which began a month ago when cycling\u2019s governing body said that a number of time trial helmets and helmet accessories,","breadcrumb":{"@id":"https:\/\/www.welovecycling.com\/wide\/2024\/04\/03\/ucis-confusing-head-sock-ban-has-evenepoel-fuming\/#breadcrumb"},"inLanguage":"en-US","potentialAction":[{"@type":"ReadAction","target":["https:\/\/www.welovecycling.com\/wide\/2024\/04\/03\/ucis-confusing-head-sock-ban-has-evenepoel-fuming\/"]}]},{"@type":"ImageObject","inLanguage":"en-US","@id":"https:\/\/www.welovecycling.com\/wide\/2024\/04\/03\/ucis-confusing-head-sock-ban-has-evenepoel-fuming\/#primaryimage","url":"https:\/\/d2p6e6u75xmxt8.cloudfront.net\/2\/2024\/04\/Jonas-Vingegaard-Itzulia-Basque-Helmet-profimedia-0861715976-CVR.webp","contentUrl":"https:\/\/d2p6e6u75xmxt8.cloudfront.net\/2\/2024\/04\/Jonas-Vingegaard-Itzulia-Basque-Helmet-profimedia-0861715976-CVR.webp","width":990,"height":660,"caption":"Jonas Vingegaard"},{"@type":"BreadcrumbList","@id":"https:\/\/www.welovecycling.com\/wide\/2024\/04\/03\/ucis-confusing-head-sock-ban-has-evenepoel-fuming\/#breadcrumb","itemListElement":[{"@type":"ListItem","position":1,"name":"Home","item":"https:\/\/www.welovecycling.com\/wide\/"},{"@type":"ListItem","position":2,"name":"UCI\u2019s Confusing Head Sock Ban Has Evenepoel Fuming"}]},{"@type":"WebSite","@id":"https:\/\/www.welovecycling.com\/wide\/#website","url":"https:\/\/www.welovecycling.com\/wide\/","name":"\u0160koda We Love Cycling","description":"\u0160koda We Love Cycling magazine","alternateName":"\u0160koda WLC","potentialAction":[{"@type":"SearchAction","target":{"@type":"EntryPoint","urlTemplate":"https:\/\/www.welovecycling.com\/wide\/?s={search_term_string}"},"query-input":{"@type":"PropertyValueSpecification","valueRequired":true,"valueName":"search_term_string"}}],"inLanguage":"en-US"},{"@type":"Person","@id":"https:\/\/www.welovecycling.com\/wide\/#\/schema\/person\/50f01ecd18718d2333cf72e823c4f926","name":"tereza","image":{"@type":"ImageObject","inLanguage":"en-US","@id":"https:\/\/www.welovecycling.com\/wide\/#\/schema\/person\/image\/","url":"https:\/\/secure.gravatar.com\/avatar\/1f9eb71be33845f0afabce3791bc1c58ecdb0a25c62964987e5dbcf7a20d2ec7?s=96&d=mm&r=g","contentUrl":"https:\/\/secure.gravatar.com\/avatar\/1f9eb71be33845f0afabce3791bc1c58ecdb0a25c62964987e5dbcf7a20d2ec7?s=96&d=mm&r=g","caption":"tereza"},"url":"https:\/\/www.welovecycling.com\/wide\/author\/tereza\/"}]}},"_links":{"self":[{"href":"https:\/\/www.welovecycling.com\/wide\/wp-json\/wp\/v2\/posts\/195339","targetHints":{"allow":["GET"]}}],"collection":[{"href":"https:\/\/www.welovecycling.com\/wide\/wp-json\/wp\/v2\/posts"}],"about":[{"href":"https:\/\/www.welovecycling.com\/wide\/wp-json\/wp\/v2\/types\/post"}],"author":[{"embeddable":true,"href":"https:\/\/www.welovecycling.com\/wide\/wp-json\/wp\/v2\/users\/99"}],"replies":[{"embeddable":true,"href":"https:\/\/www.welovecycling.com\/wide\/wp-json\/wp\/v2\/comments?post=195339"}],"version-history":[{"count":3,"href":"https:\/\/www.welovecycling.com\/wide\/wp-json\/wp\/v2\/posts\/195339\/revisions"}],"predecessor-version":[{"id":195343,"href":"https:\/\/www.welovecycling.com\/wide\/wp-json\/wp\/v2\/posts\/195339\/revisions\/195343"}],"wp:featuredmedia":[{"embeddable":true,"href":"https:\/\/www.welovecycling.com\/wide\/wp-json\/wp\/v2\/media\/195342"}],"wp:attachment":[{"href":"https:\/\/www.welovecycling.com\/wide\/wp-json\/wp\/v2\/media?parent=195339"}],"wp:term":[{"taxonomy":"category","embeddable":true,"href":"https:\/\/www.welovecycling.com\/wide\/wp-json\/wp\/v2\/categories?post=195339"},{"taxonomy":"post_tag","embeddable":true,"href":"https:\/\/www.welovecycling.com\/wide\/wp-json\/wp\/v2\/tags?post=195339"},{"taxonomy":"global-categories","embeddable":true,"href":"https:\/\/www.welovecycling.com\/wide\/wp-json\/wp\/v2\/global-categories?post=195339"}],"curies":[{"name":"wp","href":"https:\/\/api.w.org\/{rel}","templated":true}]}}