{"id":195304,"date":"2024-03-28T09:59:38","date_gmt":"2024-03-28T09:59:38","guid":{"rendered":"https:\/\/www.welovecycling.com\/wide\/?p=195304"},"modified":"2024-03-28T09:59:38","modified_gmt":"2024-03-28T09:59:38","slug":"crash-ends-van-aerts-spring-ambitions-and-perhaps-more","status":"publish","type":"post","link":"https:\/\/www.welovecycling.com\/wide\/2024\/03\/28\/crash-ends-van-aerts-spring-ambitions-and-perhaps-more\/","title":{"rendered":"Crash Ends Van Aert\u2019s Spring Ambitions \u2013 And Perhaps More"},"content":{"rendered":"<p style=\"font-weight: 400;\"><strong>Wout van Aert\u2019s Classics season ended in a split second on the road from Roeselare to Waregem in Wednesday\u2019s Dwars door Vlaanderen, when the Visma\u2013Lease a Bike rider was involved in a high-speed crash and suffered a broken collarbone and fractured ribs. The crash occurred with about 70km to ride in the race, which is a warmup for Sunday\u2019s prestigious Tour of Flanders. As a result of the accident, van Aert will miss that race, which had been his main goal this spring, as well as next week\u2019s Paris-Roubaix.<\/strong><\/p>\n<p><!--more--><\/p>\n<p style=\"font-weight: 400;\">\u201cIt is unclear how long his recovery will take,\u201d Visma said in a <a href=\"https:\/\/www.teamvismaleaseabike.com\/news\/news\/update-wout-van-aert\/\">statement<\/a>, \u201cbut he will miss at least the Tour of Flanders, Paris-Roubaix and the Amstel Gold Race.\u201d His planned start at the Giro d\u2019Italia, which begins on May 4, also seems doubtful. Last year, Tadej Poga\u010dar (UAE Team Emirates) broke his wrist in the Li\u00e8ge-Bastogne-Li\u00e8ge and did not race again for a full two months. If van Aert does recover from his injuries in time, he will still have missed considerable training time, making a Giro start highly unlikely.<\/p>\n<p style=\"font-weight: 400;\">The crash occurred as the leading group of riders approached speeds of up to 60kph. According to fellow Belgian Jasper Stuyven (Lidle-Trek), who also broke his collarbone in the crash, van Aert provoked the accident by riding into the rear wheel of another rider. <a href=\"https:\/\/www.hln.be\/wielrennen\/jasper-stuyven-doet-z-n-verhaal-over-vreselijke-crash-misschien-kunnen-wout-en-ik-samen-koffie-drinken-op-ons-ziekenbed~a09f2a17\/?referrer=https%3A%2F%2Fwww.google.com%2F\">Speaking to HLN<\/a> from the ambulance that took him to hospital, Stuyven said, \u201cI saw it happening in front of me, but I couldn&#8217;t move. Wout tapped the rear wheel of a teammate, was thrown off balance and collided with my teammate Alex Kirsch. The two fell, and since I was just behind Kirsch, there was no way to avoid it. I went over my bike with my head and took a serious tumble, ending up on my left shoulder.&#8221;<\/p>\n<p style=\"font-weight: 400;\">Van Aert was one of the favorites for the race, as was Stuyven. Two other riders with chances for the victory, Biniam Girmay (Intermarch\u00e9-Wanty) and Mads Pedersen (Lidl-Trek), were also involved in the crash and dropped out of the race. However, they suffered no serious injuries. The race was won by van Aert\u2019s promising young teammate, Matteo Jorgenson. The 24-year-old American was part of a group of five riders that had the race to themselves with 10km to go. Jorgenson outsmarted them all by becoming the last rider to make a break for the finish, and he rode the final 8km alone, crossing the finish line 29 seconds ahead of Jonas Abrahamsen (UnoX Mobility) and Stefan K\u00fcng (Groupama-FDJ).<\/p>\n<div class=\"embed-controller-wrapper\">\n<blockquote class=\"twitter-tweet\" data-width=\"500\" data-dnt=\"true\">\n<p lang=\"en\" dir=\"ltr\">Just a very deep bow to our Wout, who has made all kinds of sacrifices over the past few months to be at his best in the spring classics. The shape was there, but unfortunately luck was not on his side. \u2764\ufe0f\u200d\ud83e\ude79<\/p>\n<p>Cycling is a wonderful sport. But at the same time, top sport is also so\u2026 <a href=\"https:\/\/t.co\/Ci9yaCfJ7q\">pic.twitter.com\/Ci9yaCfJ7q<\/a><\/p>\n<p>&mdash; Team Visma | Lease a Bike (@vismaleaseabike) <a href=\"https:\/\/twitter.com\/vismaleaseabike\/status\/1773063081263849956?ref_src=twsrc%5Etfw\">March 27, 2024<\/a><\/p><\/blockquote>\n<p><script async data-src=\"https:\/\/platform.twitter.com\/widgets.js\" charset=\"utf-8\"><\/script><\/div>\n<p style=\"font-weight: 400;\">This is the second race in a row in which the 29-year-old van Aert has crashed. He fell on a climb in the E3 Saxo Classic on March 22, but came out of it unhurt. However, it effectively ended his chances of winning the race, as he finished third behind Mathieu van der Poel (Alpecin-Deceunick) and Stuyven. Such misfortune is rare in a rider with van Aert\u2019s experience and bike-handling skills. He is a three-time cyclocross world champion, a winner of the Tour de France green jersey and nine Tour stages, and has won the E3 Saxo Classic twice as well as Milan\u2013San Remo, Strade Bianche and Gent-Wevelgem.<\/p>\n<p style=\"font-weight: 400;\">But lately he has come under pressure for his losses to arch-rival van der Poel and his inability to win more Classics. According to the Belgian former rider and team sports director Johan Bruyneel, van Aert has become a target of Belgian former riders become commentators who cannot forgive him losing. \u201cIt is so difficult to be Wout van Aert in Belgium,\u201d <a href=\"https:\/\/cyclinguptodate.com\/cycling\/it-is-so-difficult-to-be-wout-van-aert-in-belgium-johan-bruyneel-shocked-with-amount-of-criticism-that-classics-specialist-gets\">he said<\/a> in his podcast. \u201cEspecially if he doesn&#8217;t win. It&#8217;s crazy how much criticism he gets.&#8221;\u00a0For example, in 2023 Boonen and Belgian cycling legend Eddy Merckx <a href=\"https:\/\/cyclingmagazine.ca\/sections\/news\/eddy-merckx-and-tom-boonen-criticize-wout-van-aert-for-gifting-gent-wevelgem\/\">slammed van Aert<\/a> for gifting the victory of the Gent-Wevelgem to teammate Christophe Laporte, who is French.<\/p>\n<p style=\"font-weight: 400;\">Van Aert is obviously aware of what is written about him. In a recent interview, he said about his lack of success in the Classics, \u201cIt has not worked out a few times already. That makes me an underdog. Some people like that and are therefore fans of mine. Others are disappointed and criticize. If Tom Boonen or Rik Van Looy have given an interview, I don&#8217;t have to read it to know what it says. No one is immune to criticism, including me.\u201d<\/p>\n<p style=\"font-weight: 400;\">In the same interview, van Aert talked about his disappointing 2023 and his ambition to make up for it this year. \u201cI want to reverse and correct last year&#8217;s dissatisfaction,&#8221; he said. \u201cEveryone knows me as someone who never gives up, but above all my goal is for them to know me as a winner. I work very hard for that.\u201d<\/p>\n<p style=\"font-weight: 400;\">One has to wonder if the criticism and the recent lack of success has piled so much pressure on his shoulders that he has become self-conscious and tense, which can certainly affect performance. A more important question is how long it will take him to recover from his injuries and if there will be consequences for his other main goal for 2024, the Paris Olympics. Fingers crossed.<\/p>\n","protected":false},"excerpt":{"rendered":"<p>Wout van Aert\u2019s Classics season ended in a split second on the road from Roeselare to Waregem in Wednesday\u2019s Dwars [&hellip;]<\/p>\n","protected":false},"author":99,"featured_media":195305,"comment_status":"closed","ping_status":"open","sticky":false,"template":"","format":"standard","meta":{"footnotes":""},"categories":[329],"tags":[6356,7712,3559,831,7711],"global-categories":[3366],"class_list":["post-195304","post","type-post","status-publish","format-standard","has-post-thumbnail","hentry","category-road-cycling","tag-biniam-girmay","tag-dwars-door-vlaanderem","tag-mads-pedersen","tag-wout-van-aert","tag-wout-van-aert-crash","global-categories-cycling"],"yoast_head":"<!-- This site is optimized with the Yoast SEO Premium plugin v25.3 (Yoast SEO v25.9) - https:\/\/yoast.com\/wordpress\/plugins\/seo\/ -->\n<title>Crash Ends Van Aert\u2019s Spring Ambitions \u2013 And Perhaps More - \u0160koda We Love Cycling<\/title>\n<meta name=\"description\" content=\"Wout van Aert\u2019s Classics season ended in a split second on the road from Roeselare to Waregem in Wednesday\u2019s Dwars door Vlaanderen, when the Visma\u2013Lease a\" \/>\n<meta name=\"robots\" content=\"index, follow, max-snippet:-1, max-image-preview:large, max-video-preview:-1\" \/>\n<link rel=\"canonical\" href=\"https:\/\/www.welovecycling.com\/wide\/2024\/03\/28\/crash-ends-van-aerts-spring-ambitions-and-perhaps-more\/\" \/>\n<meta property=\"og:locale\" content=\"en_US\" \/>\n<meta property=\"og:type\" content=\"article\" \/>\n<meta property=\"og:title\" content=\"Crash Ends Van Aert\u2019s Spring Ambitions \u2013 And Perhaps More\" \/>\n<meta property=\"og:description\" content=\"Wout van Aert\u2019s Classics season ended in a split second on the road from Roeselare to Waregem in Wednesday\u2019s Dwars door Vlaanderen, when the Visma\u2013Lease a\" \/>\n<meta property=\"og:url\" content=\"https:\/\/www.welovecycling.com\/wide\/2024\/03\/28\/crash-ends-van-aerts-spring-ambitions-and-perhaps-more\/\" \/>\n<meta property=\"og:site_name\" content=\"\u0160koda We Love Cycling\" \/>\n<meta property=\"article:published_time\" content=\"2024-03-28T09:59:38+00:00\" \/>\n<meta property=\"og:image\" content=\"https:\/\/d2p6e6u75xmxt8.cloudfront.net\/2\/2024\/03\/Wout-van-Aert-profimedia-0860077470-CVR.webp\" \/>\n\t<meta property=\"og:image:width\" content=\"990\" \/>\n\t<meta property=\"og:image:height\" content=\"660\" \/>\n\t<meta property=\"og:image:type\" content=\"image\/webp\" \/>\n<meta name=\"author\" content=\"tereza\" \/>\n<meta name=\"twitter:card\" content=\"summary_large_image\" \/>\n<meta name=\"twitter:label1\" content=\"Written by\" \/>\n\t<meta name=\"twitter:data1\" content=\"Siegfried Mortkowitz\" \/>\n\t<meta name=\"twitter:label2\" content=\"Est. reading time\" \/>\n\t<meta name=\"twitter:data2\" content=\"4\" \/>\n<script type=\"application\/ld+json\" class=\"yoast-schema-graph\">{\"@context\":\"https:\/\/schema.org\",\"@graph\":[{\"@type\":\"WebPage\",\"@id\":\"https:\/\/www.welovecycling.com\/wide\/2024\/03\/28\/crash-ends-van-aerts-spring-ambitions-and-perhaps-more\/\",\"url\":\"https:\/\/www.welovecycling.com\/wide\/2024\/03\/28\/crash-ends-van-aerts-spring-ambitions-and-perhaps-more\/\",\"name\":\"Crash Ends Van Aert\u2019s Spring Ambitions \u2013 And Perhaps More - \u0160koda We Love Cycling\",\"isPartOf\":{\"@id\":\"https:\/\/www.welovecycling.com\/wide\/#website\"},\"primaryImageOfPage\":{\"@id\":\"https:\/\/www.welovecycling.com\/wide\/2024\/03\/28\/crash-ends-van-aerts-spring-ambitions-and-perhaps-more\/#primaryimage\"},\"image\":{\"@id\":\"https:\/\/www.welovecycling.com\/wide\/2024\/03\/28\/crash-ends-van-aerts-spring-ambitions-and-perhaps-more\/#primaryimage\"},\"thumbnailUrl\":\"https:\/\/d2p6e6u75xmxt8.cloudfront.net\/2\/2024\/03\/Wout-van-Aert-profimedia-0860077470-CVR.webp\",\"datePublished\":\"2024-03-28T09:59:38+00:00\",\"author\":{\"@id\":\"https:\/\/www.welovecycling.com\/wide\/#\/schema\/person\/50f01ecd18718d2333cf72e823c4f926\"},\"description\":\"Wout van Aert\u2019s Classics season ended in a split second on the road from Roeselare to Waregem in Wednesday\u2019s Dwars door Vlaanderen, when the Visma\u2013Lease a\",\"breadcrumb\":{\"@id\":\"https:\/\/www.welovecycling.com\/wide\/2024\/03\/28\/crash-ends-van-aerts-spring-ambitions-and-perhaps-more\/#breadcrumb\"},\"inLanguage\":\"en-US\",\"potentialAction\":[{\"@type\":\"ReadAction\",\"target\":[\"https:\/\/www.welovecycling.com\/wide\/2024\/03\/28\/crash-ends-van-aerts-spring-ambitions-and-perhaps-more\/\"]}]},{\"@type\":\"ImageObject\",\"inLanguage\":\"en-US\",\"@id\":\"https:\/\/www.welovecycling.com\/wide\/2024\/03\/28\/crash-ends-van-aerts-spring-ambitions-and-perhaps-more\/#primaryimage\",\"url\":\"https:\/\/d2p6e6u75xmxt8.cloudfront.net\/2\/2024\/03\/Wout-van-Aert-profimedia-0860077470-CVR.webp\",\"contentUrl\":\"https:\/\/d2p6e6u75xmxt8.cloudfront.net\/2\/2024\/03\/Wout-van-Aert-profimedia-0860077470-CVR.webp\",\"width\":990,\"height\":660,\"caption\":\"Wout van Aert\"},{\"@type\":\"BreadcrumbList\",\"@id\":\"https:\/\/www.welovecycling.com\/wide\/2024\/03\/28\/crash-ends-van-aerts-spring-ambitions-and-perhaps-more\/#breadcrumb\",\"itemListElement\":[{\"@type\":\"ListItem\",\"position\":1,\"name\":\"Home\",\"item\":\"https:\/\/www.welovecycling.com\/wide\/\"},{\"@type\":\"ListItem\",\"position\":2,\"name\":\"Crash Ends Van Aert\u2019s Spring Ambitions \u2013 And Perhaps More\"}]},{\"@type\":\"WebSite\",\"@id\":\"https:\/\/www.welovecycling.com\/wide\/#website\",\"url\":\"https:\/\/www.welovecycling.com\/wide\/\",\"name\":\"\u0160koda We Love Cycling\",\"description\":\"\u0160koda We Love Cycling magazine\",\"alternateName\":\"\u0160koda WLC\",\"potentialAction\":[{\"@type\":\"SearchAction\",\"target\":{\"@type\":\"EntryPoint\",\"urlTemplate\":\"https:\/\/www.welovecycling.com\/wide\/?s={search_term_string}\"},\"query-input\":{\"@type\":\"PropertyValueSpecification\",\"valueRequired\":true,\"valueName\":\"search_term_string\"}}],\"inLanguage\":\"en-US\"},{\"@type\":\"Person\",\"@id\":\"https:\/\/www.welovecycling.com\/wide\/#\/schema\/person\/50f01ecd18718d2333cf72e823c4f926\",\"name\":\"tereza\",\"image\":{\"@type\":\"ImageObject\",\"inLanguage\":\"en-US\",\"@id\":\"https:\/\/www.welovecycling.com\/wide\/#\/schema\/person\/image\/\",\"url\":\"https:\/\/secure.gravatar.com\/avatar\/1f9eb71be33845f0afabce3791bc1c58ecdb0a25c62964987e5dbcf7a20d2ec7?s=96&d=mm&r=g\",\"contentUrl\":\"https:\/\/secure.gravatar.com\/avatar\/1f9eb71be33845f0afabce3791bc1c58ecdb0a25c62964987e5dbcf7a20d2ec7?s=96&d=mm&r=g\",\"caption\":\"tereza\"},\"url\":\"https:\/\/www.welovecycling.com\/wide\/author\/tereza\/\"}]}<\/script>\n<!-- \/ Yoast SEO Premium plugin. -->","yoast_head_json":{"title":"Crash Ends Van Aert\u2019s Spring Ambitions \u2013 And Perhaps More - \u0160koda We Love Cycling","description":"Wout van Aert\u2019s Classics season ended in a split second on the road from Roeselare to Waregem in Wednesday\u2019s Dwars door Vlaanderen, when the Visma\u2013Lease a","robots":{"index":"index","follow":"follow","max-snippet":"max-snippet:-1","max-image-preview":"max-image-preview:large","max-video-preview":"max-video-preview:-1"},"canonical":"https:\/\/www.welovecycling.com\/wide\/2024\/03\/28\/crash-ends-van-aerts-spring-ambitions-and-perhaps-more\/","og_locale":"en_US","og_type":"article","og_title":"Crash Ends Van Aert\u2019s Spring Ambitions \u2013 And Perhaps More","og_description":"Wout van Aert\u2019s Classics season ended in a split second on the road from Roeselare to Waregem in Wednesday\u2019s Dwars door Vlaanderen, when the Visma\u2013Lease a","og_url":"https:\/\/www.welovecycling.com\/wide\/2024\/03\/28\/crash-ends-van-aerts-spring-ambitions-and-perhaps-more\/","og_site_name":"\u0160koda We Love Cycling","article_published_time":"2024-03-28T09:59:38+00:00","og_image":[{"width":990,"height":660,"url":"https:\/\/d2p6e6u75xmxt8.cloudfront.net\/2\/2024\/03\/Wout-van-Aert-profimedia-0860077470-CVR.webp","type":"image\/webp"}],"author":"tereza","twitter_card":"summary_large_image","twitter_misc":{"Written by":"Siegfried Mortkowitz","Est. reading time":"4"},"schema":{"@context":"https:\/\/schema.org","@graph":[{"@type":"WebPage","@id":"https:\/\/www.welovecycling.com\/wide\/2024\/03\/28\/crash-ends-van-aerts-spring-ambitions-and-perhaps-more\/","url":"https:\/\/www.welovecycling.com\/wide\/2024\/03\/28\/crash-ends-van-aerts-spring-ambitions-and-perhaps-more\/","name":"Crash Ends Van Aert\u2019s Spring Ambitions \u2013 And Perhaps More - \u0160koda We Love Cycling","isPartOf":{"@id":"https:\/\/www.welovecycling.com\/wide\/#website"},"primaryImageOfPage":{"@id":"https:\/\/www.welovecycling.com\/wide\/2024\/03\/28\/crash-ends-van-aerts-spring-ambitions-and-perhaps-more\/#primaryimage"},"image":{"@id":"https:\/\/www.welovecycling.com\/wide\/2024\/03\/28\/crash-ends-van-aerts-spring-ambitions-and-perhaps-more\/#primaryimage"},"thumbnailUrl":"https:\/\/d2p6e6u75xmxt8.cloudfront.net\/2\/2024\/03\/Wout-van-Aert-profimedia-0860077470-CVR.webp","datePublished":"2024-03-28T09:59:38+00:00","author":{"@id":"https:\/\/www.welovecycling.com\/wide\/#\/schema\/person\/50f01ecd18718d2333cf72e823c4f926"},"description":"Wout van Aert\u2019s Classics season ended in a split second on the road from Roeselare to Waregem in Wednesday\u2019s Dwars door Vlaanderen, when the Visma\u2013Lease a","breadcrumb":{"@id":"https:\/\/www.welovecycling.com\/wide\/2024\/03\/28\/crash-ends-van-aerts-spring-ambitions-and-perhaps-more\/#breadcrumb"},"inLanguage":"en-US","potentialAction":[{"@type":"ReadAction","target":["https:\/\/www.welovecycling.com\/wide\/2024\/03\/28\/crash-ends-van-aerts-spring-ambitions-and-perhaps-more\/"]}]},{"@type":"ImageObject","inLanguage":"en-US","@id":"https:\/\/www.welovecycling.com\/wide\/2024\/03\/28\/crash-ends-van-aerts-spring-ambitions-and-perhaps-more\/#primaryimage","url":"https:\/\/d2p6e6u75xmxt8.cloudfront.net\/2\/2024\/03\/Wout-van-Aert-profimedia-0860077470-CVR.webp","contentUrl":"https:\/\/d2p6e6u75xmxt8.cloudfront.net\/2\/2024\/03\/Wout-van-Aert-profimedia-0860077470-CVR.webp","width":990,"height":660,"caption":"Wout van Aert"},{"@type":"BreadcrumbList","@id":"https:\/\/www.welovecycling.com\/wide\/2024\/03\/28\/crash-ends-van-aerts-spring-ambitions-and-perhaps-more\/#breadcrumb","itemListElement":[{"@type":"ListItem","position":1,"name":"Home","item":"https:\/\/www.welovecycling.com\/wide\/"},{"@type":"ListItem","position":2,"name":"Crash Ends Van Aert\u2019s Spring Ambitions \u2013 And Perhaps More"}]},{"@type":"WebSite","@id":"https:\/\/www.welovecycling.com\/wide\/#website","url":"https:\/\/www.welovecycling.com\/wide\/","name":"\u0160koda We Love Cycling","description":"\u0160koda We Love Cycling magazine","alternateName":"\u0160koda WLC","potentialAction":[{"@type":"SearchAction","target":{"@type":"EntryPoint","urlTemplate":"https:\/\/www.welovecycling.com\/wide\/?s={search_term_string}"},"query-input":{"@type":"PropertyValueSpecification","valueRequired":true,"valueName":"search_term_string"}}],"inLanguage":"en-US"},{"@type":"Person","@id":"https:\/\/www.welovecycling.com\/wide\/#\/schema\/person\/50f01ecd18718d2333cf72e823c4f926","name":"tereza","image":{"@type":"ImageObject","inLanguage":"en-US","@id":"https:\/\/www.welovecycling.com\/wide\/#\/schema\/person\/image\/","url":"https:\/\/secure.gravatar.com\/avatar\/1f9eb71be33845f0afabce3791bc1c58ecdb0a25c62964987e5dbcf7a20d2ec7?s=96&d=mm&r=g","contentUrl":"https:\/\/secure.gravatar.com\/avatar\/1f9eb71be33845f0afabce3791bc1c58ecdb0a25c62964987e5dbcf7a20d2ec7?s=96&d=mm&r=g","caption":"tereza"},"url":"https:\/\/www.welovecycling.com\/wide\/author\/tereza\/"}]}},"_links":{"self":[{"href":"https:\/\/www.welovecycling.com\/wide\/wp-json\/wp\/v2\/posts\/195304","targetHints":{"allow":["GET"]}}],"collection":[{"href":"https:\/\/www.welovecycling.com\/wide\/wp-json\/wp\/v2\/posts"}],"about":[{"href":"https:\/\/www.welovecycling.com\/wide\/wp-json\/wp\/v2\/types\/post"}],"author":[{"embeddable":true,"href":"https:\/\/www.welovecycling.com\/wide\/wp-json\/wp\/v2\/users\/99"}],"replies":[{"embeddable":true,"href":"https:\/\/www.welovecycling.com\/wide\/wp-json\/wp\/v2\/comments?post=195304"}],"version-history":[{"count":1,"href":"https:\/\/www.welovecycling.com\/wide\/wp-json\/wp\/v2\/posts\/195304\/revisions"}],"predecessor-version":[{"id":195306,"href":"https:\/\/www.welovecycling.com\/wide\/wp-json\/wp\/v2\/posts\/195304\/revisions\/195306"}],"wp:featuredmedia":[{"embeddable":true,"href":"https:\/\/www.welovecycling.com\/wide\/wp-json\/wp\/v2\/media\/195305"}],"wp:attachment":[{"href":"https:\/\/www.welovecycling.com\/wide\/wp-json\/wp\/v2\/media?parent=195304"}],"wp:term":[{"taxonomy":"category","embeddable":true,"href":"https:\/\/www.welovecycling.com\/wide\/wp-json\/wp\/v2\/categories?post=195304"},{"taxonomy":"post_tag","embeddable":true,"href":"https:\/\/www.welovecycling.com\/wide\/wp-json\/wp\/v2\/tags?post=195304"},{"taxonomy":"global-categories","embeddable":true,"href":"https:\/\/www.welovecycling.com\/wide\/wp-json\/wp\/v2\/global-categories?post=195304"}],"curies":[{"name":"wp","href":"https:\/\/api.w.org\/{rel}","templated":true}]}}