{"id":195274,"date":"2024-03-22T13:08:51","date_gmt":"2024-03-22T13:08:51","guid":{"rendered":"https:\/\/www.welovecycling.com\/wide\/?p=195274"},"modified":"2024-03-22T13:14:54","modified_gmt":"2024-03-22T13:14:54","slug":"wheels-roundup-philipsen-bullies-to-win-classic-brugge-de-panne-concern-over-cavendish","status":"publish","type":"post","link":"https:\/\/www.welovecycling.com\/wide\/2024\/03\/22\/wheels-roundup-philipsen-bullies-to-win-classic-brugge-de-panne-concern-over-cavendish\/","title":{"rendered":"Wheels Roundup: Concern Over Cavendish, Philipsen Bullies to Win Classic Brugge-De Panne"},"content":{"rendered":"<p style=\"font-weight: 400;\"><strong>Four days after his sensational Milan\u2013San Remo victory, Jasper Philipsen (Alpecin Deceuninck) elbowed his way to a controversial win in the Classic Brugge-De Panne.\u00a0The race was run over a mostly flat 198.9 km course that favoured a bunch sprint finish and in the end, it came down to a mano a mano between the two best sprinters on the road currently, Philipsen and Soudal Quick-Step\u2019s Tim Merlier who already had six wins under his belt.<\/strong><!--more--><\/p>\n<p style=\"font-weight: 400;\">But Philipsen\u2019s win was far from easy and not without incident. When the sprint kicked off, with BORA-hansgrohe\u2019s Danny van Poppel in the lead, Philipsen came up on Merlier\u2019s left and appeared to lean into his fellow Belgian just as he was building up speed. That appeared to halt Merlier\u2019s momentum as Philipsen surged past him and held on to a narrow victory. After the finish, Merlier was visibly angry and appeared to make his feelings known to his rival [see the video of the finish <a href=\"https:\/\/www.youtube.com\/watch?v=3e4OJ6Gv0zs\">HERE<\/a>].<\/p>\n<p style=\"font-weight: 400;\">In a post-race <a href=\"https:\/\/www.youtube.com\/watch?v=YGZ36f5o7MM\">interview<\/a>, Philipsen said, \u201cI see a gap on the left side. Tim wanted to take this gap but, of course, there\u2019s space for only one guy in this gap and I\u2019m happy we stayed upright.\u201d<\/p>\n<p style=\"font-weight: 400;\">Understandably, Merlier was less calm. \u201cJasper was coming and I felt something in my back and at that moment I stopped pedalling,\u201d he said. \u201cI\u2019m blocked behind the wheel of Danny [van Poppel] and my sprint was done. I was in a good position, the team did a great job. I wanted to do a good sprint today but I didn\u2019t do a sprint so, of course, I\u2019m disappointed.\u201d He went on to say that he and Philipsen shook hands after the race.<\/p>\n<p style=\"font-weight: 400;\">It looks like we are building up to a very hot sprint season.<\/p>\n<figure id=\"attachment_195276\" aria-describedby=\"caption-attachment-195276\" style=\"width: 1400px\" class=\"wp-caption alignnone\"><a href=\"https:\/\/d2p6e6u75xmxt8.cloudfront.net\/2\/2024\/03\/Jasper-Philipsen-profimedia-0858313697.webp\"><img loading=\"lazy\" decoding=\"async\" class=\"wp-image-195276 size-full\" src=\"https:\/\/d2p6e6u75xmxt8.cloudfront.net\/2\/2024\/03\/Jasper-Philipsen-profimedia-0858313697.webp\" alt=\"Jasper Philipsen\" width=\"1400\" height=\"855\" srcset=\"https:\/\/d2p6e6u75xmxt8.cloudfront.net\/2\/2024\/03\/Jasper-Philipsen-profimedia-0858313697.webp 1400w, https:\/\/d2p6e6u75xmxt8.cloudfront.net\/2\/2024\/03\/Jasper-Philipsen-profimedia-0858313697-300x183.webp 300w, https:\/\/d2p6e6u75xmxt8.cloudfront.net\/2\/2024\/03\/Jasper-Philipsen-profimedia-0858313697-1024x625.webp 1024w, https:\/\/d2p6e6u75xmxt8.cloudfront.net\/2\/2024\/03\/Jasper-Philipsen-profimedia-0858313697-768x469.webp 768w, https:\/\/d2p6e6u75xmxt8.cloudfront.net\/2\/2024\/03\/Jasper-Philipsen-profimedia-0858313697-400x244.webp 400w\" sizes=\"auto, (max-width: 1400px) 100vw, 1400px\" \/><\/a><figcaption id=\"caption-attachment-195276\" class=\"wp-caption-text\">Four days after his sensational Milan\u2013San Remo victory, Jasper Philipsen (Alpecin Deceuninck) elbowed his way to a controversial win in the Classic Brugge-De Panne. \u00a9 Profimedia<\/figcaption><\/figure>\n<h2 style=\"font-weight: 400;\"><strong>Cavendish\u2019s season thrown into doubt by fitness questions<\/strong><\/h2>\n<p style=\"font-weight: 400;\"><a href=\"https:\/\/www.welovecycling.com\/wide\/2023\/10\/04\/mark-cavendish-sets-sights-on-2024-aiming-for-historic-tour-de-france-victory\/\" target=\"_blank\" rel=\"noopener\">Mark Cavendish\u2019s quest<\/a> to become the first rider to win 35 Tour de France stages was thrown into doubt this week as his Astana Qazaqstan team said there was no known timeline for his return to racing. The 38-year-old Briton had been scheduled to start the Classic Brugge-De Panne this week but was scratched at the last minute due to illness.<\/p>\n<p style=\"font-weight: 400;\">\u201cHe\u2019s sick, so it was not possible to take to the start,\u201d Astana Qazaqstan director Stefano Zanini <a href=\"https:\/\/www.globalcyclingnetwork.com\/racing\/news\/mark-cavendishs-sickness-problems-continue-after-being-ruled-out-of-classic-brugge-de-panne\">told\u00a0GCN\u00a0<\/a>in Bruges. \u201cIt\u2019s not easy riding Milano-Torino when you are sick but here it\u2019s impossible. The Belgian races are very different. They are hard when you are in 100% condition. For sure, it was impossible to take the start here.\u201d<\/p>\n<p style=\"font-weight: 400;\">After a disappointing spring, with only a stage victory in the Tour Colombia in February, Cavendish pulled out midway through the Milano-Torino because he felt ill. Since then his best finish was 17th place in stage 5 of the UAE Tour, a race he did not finish. He then failed to make the time cutoff of stage 5 of the Tirreno-Adriatico before he abandoned the Milano-Torino.<\/p>\n<p style=\"font-weight: 400;\">Confusion surrounds the exact nature of his illness. The team said at the Milano-Torino that he was suffering from \u201cgastrointestinal discomfort\u201d but Cavendish said at the start of that race that he was coming down with a cold. This week, at the Classic Brugge-De Panne, Zanini said that it was a respiratory problem but \u201cnothing special.\u201d<\/p>\n<p style=\"font-weight: 400;\">Cavendish unretired this year to try again to break the Tour\u2019s stage victories record, which he holds jointly with Eddy Merckx. The race is still more than three months away, but Cavendish will be 39 when the Tour kicks off and the race will be loaded with young, hungry and in-form sprinters, so it will be an uphill battle for the rider considered the GOAT. Fingers crossed.<\/p>\n<p style=\"font-weight: 400;\">[GOAT = greatest of all time]<\/p>\n","protected":false},"excerpt":{"rendered":"<p>Four days after his sensational Milan\u2013San Remo victory, Jasper Philipsen (Alpecin Deceuninck) elbowed his way to a controversial win in [&hellip;]<\/p>\n","protected":false},"author":99,"featured_media":195275,"comment_status":"closed","ping_status":"open","sticky":false,"template":"","format":"standard","meta":{"footnotes":""},"categories":[329],"tags":[7704,5436,461,4970],"global-categories":[3366],"class_list":["post-195274","post","type-post","status-publish","format-standard","has-post-thumbnail","hentry","category-road-cycling","tag-brugge-de-panne","tag-jasper-philipsen","tag-mark-cavendish","tag-tim-merlier","global-categories-cycling"],"yoast_head":"<!-- This site is optimized with the Yoast SEO Premium plugin v25.3 (Yoast SEO v25.9) - https:\/\/yoast.com\/wordpress\/plugins\/seo\/ -->\n<title>Concern Over Cavendish,\u00a0Philipsen Won Classic Brugge-De Panne<\/title>\n<meta name=\"description\" content=\"Four days after his sensational Milan\u2013San Remo victory, Jasper Philipsen (Alpecin Deceuninck) elbowed his way to a controversial win in the Classic\" \/>\n<meta name=\"robots\" content=\"index, follow, max-snippet:-1, max-image-preview:large, max-video-preview:-1\" \/>\n<link rel=\"canonical\" href=\"https:\/\/www.welovecycling.com\/wide\/2024\/03\/22\/wheels-roundup-philipsen-bullies-to-win-classic-brugge-de-panne-concern-over-cavendish\/\" \/>\n<meta property=\"og:locale\" content=\"en_US\" \/>\n<meta property=\"og:type\" content=\"article\" \/>\n<meta property=\"og:title\" content=\"Wheels Roundup: Concern Over Cavendish, Philipsen Bullies to Win Classic Brugge-De Panne\" \/>\n<meta property=\"og:description\" content=\"Four days after his sensational Milan\u2013San Remo victory, Jasper Philipsen (Alpecin Deceuninck) elbowed his way to a controversial win in the Classic\" \/>\n<meta property=\"og:url\" content=\"https:\/\/www.welovecycling.com\/wide\/2024\/03\/22\/wheels-roundup-philipsen-bullies-to-win-classic-brugge-de-panne-concern-over-cavendish\/\" \/>\n<meta property=\"og:site_name\" content=\"\u0160koda We Love Cycling\" \/>\n<meta property=\"article:published_time\" content=\"2024-03-22T13:08:51+00:00\" \/>\n<meta property=\"article:modified_time\" content=\"2024-03-22T13:14:54+00:00\" \/>\n<meta property=\"og:image\" content=\"https:\/\/d2p6e6u75xmxt8.cloudfront.net\/2\/2024\/03\/Mark-Cavendish-profimedia-0856496461-CVR.webp\" \/>\n\t<meta property=\"og:image:width\" content=\"990\" \/>\n\t<meta property=\"og:image:height\" content=\"660\" \/>\n\t<meta property=\"og:image:type\" content=\"image\/webp\" \/>\n<meta name=\"author\" content=\"tereza\" \/>\n<meta name=\"twitter:card\" content=\"summary_large_image\" \/>\n<meta name=\"twitter:label1\" content=\"Written by\" \/>\n\t<meta name=\"twitter:data1\" content=\"Siegfried Mortkowitz\" \/>\n\t<meta name=\"twitter:label2\" content=\"Est. reading time\" \/>\n\t<meta name=\"twitter:data2\" content=\"3\" \/>\n<script type=\"application\/ld+json\" class=\"yoast-schema-graph\">{\"@context\":\"https:\/\/schema.org\",\"@graph\":[{\"@type\":\"WebPage\",\"@id\":\"https:\/\/www.welovecycling.com\/wide\/2024\/03\/22\/wheels-roundup-philipsen-bullies-to-win-classic-brugge-de-panne-concern-over-cavendish\/\",\"url\":\"https:\/\/www.welovecycling.com\/wide\/2024\/03\/22\/wheels-roundup-philipsen-bullies-to-win-classic-brugge-de-panne-concern-over-cavendish\/\",\"name\":\"Concern Over Cavendish,\u00a0Philipsen Won Classic Brugge-De Panne\",\"isPartOf\":{\"@id\":\"https:\/\/www.welovecycling.com\/wide\/#website\"},\"primaryImageOfPage\":{\"@id\":\"https:\/\/www.welovecycling.com\/wide\/2024\/03\/22\/wheels-roundup-philipsen-bullies-to-win-classic-brugge-de-panne-concern-over-cavendish\/#primaryimage\"},\"image\":{\"@id\":\"https:\/\/www.welovecycling.com\/wide\/2024\/03\/22\/wheels-roundup-philipsen-bullies-to-win-classic-brugge-de-panne-concern-over-cavendish\/#primaryimage\"},\"thumbnailUrl\":\"https:\/\/d2p6e6u75xmxt8.cloudfront.net\/2\/2024\/03\/Mark-Cavendish-profimedia-0856496461-CVR.webp\",\"datePublished\":\"2024-03-22T13:08:51+00:00\",\"dateModified\":\"2024-03-22T13:14:54+00:00\",\"author\":{\"@id\":\"https:\/\/www.welovecycling.com\/wide\/#\/schema\/person\/50f01ecd18718d2333cf72e823c4f926\"},\"description\":\"Four days after his sensational Milan\u2013San Remo victory, Jasper Philipsen (Alpecin Deceuninck) elbowed his way to a controversial win in the Classic\",\"breadcrumb\":{\"@id\":\"https:\/\/www.welovecycling.com\/wide\/2024\/03\/22\/wheels-roundup-philipsen-bullies-to-win-classic-brugge-de-panne-concern-over-cavendish\/#breadcrumb\"},\"inLanguage\":\"en-US\",\"potentialAction\":[{\"@type\":\"ReadAction\",\"target\":[\"https:\/\/www.welovecycling.com\/wide\/2024\/03\/22\/wheels-roundup-philipsen-bullies-to-win-classic-brugge-de-panne-concern-over-cavendish\/\"]}]},{\"@type\":\"ImageObject\",\"inLanguage\":\"en-US\",\"@id\":\"https:\/\/www.welovecycling.com\/wide\/2024\/03\/22\/wheels-roundup-philipsen-bullies-to-win-classic-brugge-de-panne-concern-over-cavendish\/#primaryimage\",\"url\":\"https:\/\/d2p6e6u75xmxt8.cloudfront.net\/2\/2024\/03\/Mark-Cavendish-profimedia-0856496461-CVR.webp\",\"contentUrl\":\"https:\/\/d2p6e6u75xmxt8.cloudfront.net\/2\/2024\/03\/Mark-Cavendish-profimedia-0856496461-CVR.webp\",\"width\":990,\"height\":660,\"caption\":\"Mark Cavendish\"},{\"@type\":\"BreadcrumbList\",\"@id\":\"https:\/\/www.welovecycling.com\/wide\/2024\/03\/22\/wheels-roundup-philipsen-bullies-to-win-classic-brugge-de-panne-concern-over-cavendish\/#breadcrumb\",\"itemListElement\":[{\"@type\":\"ListItem\",\"position\":1,\"name\":\"Home\",\"item\":\"https:\/\/www.welovecycling.com\/wide\/\"},{\"@type\":\"ListItem\",\"position\":2,\"name\":\"Wheels Roundup: Concern Over Cavendish, Philipsen Bullies to Win Classic Brugge-De Panne\"}]},{\"@type\":\"WebSite\",\"@id\":\"https:\/\/www.welovecycling.com\/wide\/#website\",\"url\":\"https:\/\/www.welovecycling.com\/wide\/\",\"name\":\"\u0160koda We Love Cycling\",\"description\":\"\u0160koda We Love Cycling magazine\",\"alternateName\":\"\u0160koda WLC\",\"potentialAction\":[{\"@type\":\"SearchAction\",\"target\":{\"@type\":\"EntryPoint\",\"urlTemplate\":\"https:\/\/www.welovecycling.com\/wide\/?s={search_term_string}\"},\"query-input\":{\"@type\":\"PropertyValueSpecification\",\"valueRequired\":true,\"valueName\":\"search_term_string\"}}],\"inLanguage\":\"en-US\"},{\"@type\":\"Person\",\"@id\":\"https:\/\/www.welovecycling.com\/wide\/#\/schema\/person\/50f01ecd18718d2333cf72e823c4f926\",\"name\":\"tereza\",\"image\":{\"@type\":\"ImageObject\",\"inLanguage\":\"en-US\",\"@id\":\"https:\/\/www.welovecycling.com\/wide\/#\/schema\/person\/image\/\",\"url\":\"https:\/\/secure.gravatar.com\/avatar\/1f9eb71be33845f0afabce3791bc1c58ecdb0a25c62964987e5dbcf7a20d2ec7?s=96&d=mm&r=g\",\"contentUrl\":\"https:\/\/secure.gravatar.com\/avatar\/1f9eb71be33845f0afabce3791bc1c58ecdb0a25c62964987e5dbcf7a20d2ec7?s=96&d=mm&r=g\",\"caption\":\"tereza\"},\"url\":\"https:\/\/www.welovecycling.com\/wide\/author\/tereza\/\"}]}<\/script>\n<!-- \/ Yoast SEO Premium plugin. -->","yoast_head_json":{"title":"Concern Over Cavendish,\u00a0Philipsen Won Classic Brugge-De Panne","description":"Four days after his sensational Milan\u2013San Remo victory, Jasper Philipsen (Alpecin Deceuninck) elbowed his way to a controversial win in the Classic","robots":{"index":"index","follow":"follow","max-snippet":"max-snippet:-1","max-image-preview":"max-image-preview:large","max-video-preview":"max-video-preview:-1"},"canonical":"https:\/\/www.welovecycling.com\/wide\/2024\/03\/22\/wheels-roundup-philipsen-bullies-to-win-classic-brugge-de-panne-concern-over-cavendish\/","og_locale":"en_US","og_type":"article","og_title":"Wheels Roundup: Concern Over Cavendish, Philipsen Bullies to Win Classic Brugge-De Panne","og_description":"Four days after his sensational Milan\u2013San Remo victory, Jasper Philipsen (Alpecin Deceuninck) elbowed his way to a controversial win in the Classic","og_url":"https:\/\/www.welovecycling.com\/wide\/2024\/03\/22\/wheels-roundup-philipsen-bullies-to-win-classic-brugge-de-panne-concern-over-cavendish\/","og_site_name":"\u0160koda We Love Cycling","article_published_time":"2024-03-22T13:08:51+00:00","article_modified_time":"2024-03-22T13:14:54+00:00","og_image":[{"width":990,"height":660,"url":"https:\/\/d2p6e6u75xmxt8.cloudfront.net\/2\/2024\/03\/Mark-Cavendish-profimedia-0856496461-CVR.webp","type":"image\/webp"}],"author":"tereza","twitter_card":"summary_large_image","twitter_misc":{"Written by":"Siegfried Mortkowitz","Est. reading time":"3"},"schema":{"@context":"https:\/\/schema.org","@graph":[{"@type":"WebPage","@id":"https:\/\/www.welovecycling.com\/wide\/2024\/03\/22\/wheels-roundup-philipsen-bullies-to-win-classic-brugge-de-panne-concern-over-cavendish\/","url":"https:\/\/www.welovecycling.com\/wide\/2024\/03\/22\/wheels-roundup-philipsen-bullies-to-win-classic-brugge-de-panne-concern-over-cavendish\/","name":"Concern Over Cavendish,\u00a0Philipsen Won Classic Brugge-De Panne","isPartOf":{"@id":"https:\/\/www.welovecycling.com\/wide\/#website"},"primaryImageOfPage":{"@id":"https:\/\/www.welovecycling.com\/wide\/2024\/03\/22\/wheels-roundup-philipsen-bullies-to-win-classic-brugge-de-panne-concern-over-cavendish\/#primaryimage"},"image":{"@id":"https:\/\/www.welovecycling.com\/wide\/2024\/03\/22\/wheels-roundup-philipsen-bullies-to-win-classic-brugge-de-panne-concern-over-cavendish\/#primaryimage"},"thumbnailUrl":"https:\/\/d2p6e6u75xmxt8.cloudfront.net\/2\/2024\/03\/Mark-Cavendish-profimedia-0856496461-CVR.webp","datePublished":"2024-03-22T13:08:51+00:00","dateModified":"2024-03-22T13:14:54+00:00","author":{"@id":"https:\/\/www.welovecycling.com\/wide\/#\/schema\/person\/50f01ecd18718d2333cf72e823c4f926"},"description":"Four days after his sensational Milan\u2013San Remo victory, Jasper Philipsen (Alpecin Deceuninck) elbowed his way to a controversial win in the Classic","breadcrumb":{"@id":"https:\/\/www.welovecycling.com\/wide\/2024\/03\/22\/wheels-roundup-philipsen-bullies-to-win-classic-brugge-de-panne-concern-over-cavendish\/#breadcrumb"},"inLanguage":"en-US","potentialAction":[{"@type":"ReadAction","target":["https:\/\/www.welovecycling.com\/wide\/2024\/03\/22\/wheels-roundup-philipsen-bullies-to-win-classic-brugge-de-panne-concern-over-cavendish\/"]}]},{"@type":"ImageObject","inLanguage":"en-US","@id":"https:\/\/www.welovecycling.com\/wide\/2024\/03\/22\/wheels-roundup-philipsen-bullies-to-win-classic-brugge-de-panne-concern-over-cavendish\/#primaryimage","url":"https:\/\/d2p6e6u75xmxt8.cloudfront.net\/2\/2024\/03\/Mark-Cavendish-profimedia-0856496461-CVR.webp","contentUrl":"https:\/\/d2p6e6u75xmxt8.cloudfront.net\/2\/2024\/03\/Mark-Cavendish-profimedia-0856496461-CVR.webp","width":990,"height":660,"caption":"Mark Cavendish"},{"@type":"BreadcrumbList","@id":"https:\/\/www.welovecycling.com\/wide\/2024\/03\/22\/wheels-roundup-philipsen-bullies-to-win-classic-brugge-de-panne-concern-over-cavendish\/#breadcrumb","itemListElement":[{"@type":"ListItem","position":1,"name":"Home","item":"https:\/\/www.welovecycling.com\/wide\/"},{"@type":"ListItem","position":2,"name":"Wheels Roundup: Concern Over Cavendish, Philipsen Bullies to Win Classic Brugge-De Panne"}]},{"@type":"WebSite","@id":"https:\/\/www.welovecycling.com\/wide\/#website","url":"https:\/\/www.welovecycling.com\/wide\/","name":"\u0160koda We Love Cycling","description":"\u0160koda We Love Cycling magazine","alternateName":"\u0160koda WLC","potentialAction":[{"@type":"SearchAction","target":{"@type":"EntryPoint","urlTemplate":"https:\/\/www.welovecycling.com\/wide\/?s={search_term_string}"},"query-input":{"@type":"PropertyValueSpecification","valueRequired":true,"valueName":"search_term_string"}}],"inLanguage":"en-US"},{"@type":"Person","@id":"https:\/\/www.welovecycling.com\/wide\/#\/schema\/person\/50f01ecd18718d2333cf72e823c4f926","name":"tereza","image":{"@type":"ImageObject","inLanguage":"en-US","@id":"https:\/\/www.welovecycling.com\/wide\/#\/schema\/person\/image\/","url":"https:\/\/secure.gravatar.com\/avatar\/1f9eb71be33845f0afabce3791bc1c58ecdb0a25c62964987e5dbcf7a20d2ec7?s=96&d=mm&r=g","contentUrl":"https:\/\/secure.gravatar.com\/avatar\/1f9eb71be33845f0afabce3791bc1c58ecdb0a25c62964987e5dbcf7a20d2ec7?s=96&d=mm&r=g","caption":"tereza"},"url":"https:\/\/www.welovecycling.com\/wide\/author\/tereza\/"}]}},"_links":{"self":[{"href":"https:\/\/www.welovecycling.com\/wide\/wp-json\/wp\/v2\/posts\/195274","targetHints":{"allow":["GET"]}}],"collection":[{"href":"https:\/\/www.welovecycling.com\/wide\/wp-json\/wp\/v2\/posts"}],"about":[{"href":"https:\/\/www.welovecycling.com\/wide\/wp-json\/wp\/v2\/types\/post"}],"author":[{"embeddable":true,"href":"https:\/\/www.welovecycling.com\/wide\/wp-json\/wp\/v2\/users\/99"}],"replies":[{"embeddable":true,"href":"https:\/\/www.welovecycling.com\/wide\/wp-json\/wp\/v2\/comments?post=195274"}],"version-history":[{"count":2,"href":"https:\/\/www.welovecycling.com\/wide\/wp-json\/wp\/v2\/posts\/195274\/revisions"}],"predecessor-version":[{"id":195278,"href":"https:\/\/www.welovecycling.com\/wide\/wp-json\/wp\/v2\/posts\/195274\/revisions\/195278"}],"wp:featuredmedia":[{"embeddable":true,"href":"https:\/\/www.welovecycling.com\/wide\/wp-json\/wp\/v2\/media\/195275"}],"wp:attachment":[{"href":"https:\/\/www.welovecycling.com\/wide\/wp-json\/wp\/v2\/media?parent=195274"}],"wp:term":[{"taxonomy":"category","embeddable":true,"href":"https:\/\/www.welovecycling.com\/wide\/wp-json\/wp\/v2\/categories?post=195274"},{"taxonomy":"post_tag","embeddable":true,"href":"https:\/\/www.welovecycling.com\/wide\/wp-json\/wp\/v2\/tags?post=195274"},{"taxonomy":"global-categories","embeddable":true,"href":"https:\/\/www.welovecycling.com\/wide\/wp-json\/wp\/v2\/global-categories?post=195274"}],"curies":[{"name":"wp","href":"https:\/\/api.w.org\/{rel}","templated":true}]}}