{"id":195179,"date":"2024-03-11T12:33:02","date_gmt":"2024-03-11T12:33:02","guid":{"rendered":"https:\/\/www.welovecycling.com\/wide\/?p=195179"},"modified":"2024-03-11T12:33:02","modified_gmt":"2024-03-11T12:33:02","slug":"road-to-the-tour-vingegaard-is-tops-in-tirreno-adriatico-roglic-flops-in-paris-nice","status":"publish","type":"post","link":"https:\/\/www.welovecycling.com\/wide\/2024\/03\/11\/road-to-the-tour-vingegaard-is-tops-in-tirreno-adriatico-roglic-flops-in-paris-nice\/","title":{"rendered":"Road to the Tour: Vingegaard Is Tops in Tirreno-Adriatico, Rogli\u010d Flops in Paris-Nice"},"content":{"rendered":"<p style=\"font-weight: 400;\"><strong>Three of the four favourites for this year\u2019s Tour de France \u2013 Jonas Vingegaard (Visma\u2013Lease a Bike), Primo\u017e Rogli\u010d (BORA-hansgrohe) and Remco Evenepoel (Soudal\u2013Quick-Step) \u2013 took part in two high-quality stage races this week, the Tirreno-Adriatico and Paris-Nice, as preparations for the year\u2019s marquee event jumped into gear. How did they do? Long story short: Vingegaard dominated, Evenepoel looked very good but not yet great, and Rogli\u010d has a long way to go.<\/strong><\/p>\n<p><!--more--><\/p>\n<h2 style=\"font-weight: 400;\"><strong>Vingegaard is still the undisputed king of the mountains<\/strong><\/h2>\n<p style=\"font-weight: 400;\">The Tirreno-Adriatico was effectively over with 28.9 km to go in Friday\u2019s stage 5 when the two-time Tour winner pulled away from a small group of elite riders on the climb of San Giacomo (11,9 km @ 6.2%) and left no one with the ghost of a chance. After the stage, his lead in the GC was 54 seconds over second-place Juan Ayuso (UAE Team Emirates).<\/p>\n<p style=\"font-weight: 400;\">On Saturday\u2019s sixth stage, the Dane waited until there was only 6 km left in the final climb to the finish line on the summit of Monte Pedrano (10.2 km @ 7.9 km), and it was d\u00e9j\u00e0 vu all over again. His lead at the end of the race\u2019s penultimate stage was 1:24 over Ayuso and 1:52 over Jai Hindley (BORA-hansgrohe), which was also how it stood after Sunday\u2019s final stage, which was won in a bunch sprint by the excellent Jonathan Milan (Lidl-Trek). Ayuso and Hindley are excellent climbers but it was no contest once Vingegaard stepped on the gas.<\/p>\n<p style=\"font-weight: 400;\">Just in case his three Tour de France rivals didn\u2019t understand the meaning of his performance, Vingegaard explained. \u201cI think I&#8217;m in better shape now than I was in the last two years,\u201d he said after the stage. \u201cI&#8217;m very happy with how things went here. I can also be happy and satisfied with how we rode as a team. It\u2019s been a super-good week.\u201d<\/p>\n<p style=\"font-weight: 400;\">It\u2019s actually been a couple of super-good weeks for Vingegaard because he also won all three mountain stages of O Gran Cami\u00f1o in the last week of February. The only sour note in his performance was his ninth place in the Tirreno time trial when he finished 22 seconds behind Ayuso. But Vingegaard has always registered so-so time trials before the Tour only to spring a monster ITT on his rivals in the big race, as he did last year.<\/p>\n<h2 style=\"font-weight: 400;\"><strong>Good news for Evenepoel, bad news for Rogli\u010d in Paris-Nice<\/strong><\/h2>\n<p style=\"font-weight: 400;\">Remco Evenepoel is maturing as a rider and a person. Even though he reverted to his usual blame game after his team finished fourth in the Paris-Nice stage 3 team time trial, though it was the rain that foiled Soudal, and he blamed UAE Team Emirates\u2019 strategy for letting Santiago Buitrago (Bahrain Victorious) and Luke Plapp (Jayco AlUla) ride away with the win on Wednesday\u2019s stage 4, he took responsibility for losing nearly a minute \u2013 and therefore the race \u2013 on the decisive stage 6. The three-rider breakaway was initiated by the surprising winner of the race, Matteo Jorgenson (Visma\u2013Lease a Bike). \u201cPerhaps I could have responded to Matteo Jorgenson\u2019s attack,\u201d Evenepoel said after the stage. I made a small tactical mistake. No, a big tactical mistake.\u201d<\/p>\n<div class=\"embed-controller-wrapper\">\n<blockquote class=\"twitter-tweet\" data-width=\"500\" data-dnt=\"true\">\n<p lang=\"en\" dir=\"ltr\">Leaving <a href=\"https:\/\/twitter.com\/ParisNice?ref_src=twsrc%5Etfw\">@ParisNice<\/a> in style!\ud83d\udcde\ud83d\udd25\ud83e\udee1<\/p>\n<p>This is why I love racing, going all-in\ud83e\udef6\ud83c\udffb\ud83d\ude80<\/p>\n<p>2nd in the GC, a stage win, the KOM and points jersey\ud83e\udd48\u26aa\ufe0f\ud83d\udd34\ud83d\udfe2<\/p>\n<p>Can&#39;t thank my team enough for the incredible work they do every day after day\ud83d\udc3a\ud83d\udc99<\/p>\n<p>Congrats to Matteo on a strong week and the yellow\ud83d\udc4f\ud83c\udffb <a href=\"https:\/\/t.co\/bnqhDBBQBb\">pic.twitter.com\/bnqhDBBQBb<\/a><\/p>\n<p>&mdash; Remco Evenepoel (@EvenepoelRemco) <a href=\"https:\/\/twitter.com\/EvenepoelRemco\/status\/1766880157950730612?ref_src=twsrc%5Etfw\">March 10, 2024<\/a><\/p><\/blockquote>\n<p><script async data-src=\"https:\/\/platform.twitter.com\/widgets.js\" charset=\"utf-8\"><\/script><\/div>\n<p style=\"font-weight: 400;\">Big or small, it was a mistake he could never rectify. He tried to fix it on Sunday\u2019s final stage when he attempted three times to escape from the small group he was riding with on the ascent of the C\u00f4te de Peille (6.5 km @ 6.9%) but could shake neither Jorgenson nor stage 7 winner Aleksandr Vlasov (BORA-hansgrohe). He was able to drop Vlasov on the next climb, the steep Col des Quatre Chemins (3.8 km @ 8.1%, with ramps of 16%), but Jorgenson remained on his wheel all the way to the end of the stage.<\/p>\n<p style=\"font-weight: 400;\">Evenepoel won the stage but Jorgenson scored a watershed victory in his career. It was a very impressive performance by the 24-year-old American. He rode intelligently and was equal to everything Evenepoel threw at him. He finished 30 seconds ahead of the Belgian in the final GC standings with another American, Brandon McNulty (UAE Team Emirates), in third, 1:47 adrift. Evenepoel was gracious in defeat, saying: \u201cI went three times all in [on the climb] and [Jorgenson] was the only one to follow, so he deserved to win. I should be more than happy with this beautiful week.\u201d<\/p>\n<p style=\"font-weight: 400;\">While this has been a terrific week for Visma\u2013Lease a Bike who won both of the week\u2019s big races, it was not a great week for BORA-hansgrohe who floundered badly in the Paris-Nice time trial and whose new star, Rogli\u010d, disappeared from view in the race\u2019s mountainous final stage, unable to keep up with the leaders and was eventually dropped by the pursuing groups. He finished 10th in the final GC standings, a staggering 5:33 behind the winner.<\/p>\n<p style=\"font-weight: 400;\">One wonders if he is beginning to regret his move to BORA. Last year, with Jumbo-Visma, he was unstoppable in his early-season races, winning the Tirreno-Adriatico and beating Evenepoel in the Volta a Catalunya. There are nearly four months until the Tour so it\u2019s much too early to panic. And perhaps BORA have a different plan than Jumbo-Visma did. But from what Vingegaard, Evenepoel and Tadej Poga\u010dar have shown so far, Rogli\u010d has a lot of work to do.<\/p>\n<p style=\"font-weight: 400;\">But his disappointing showing did not seem to trouble him. \u201cMy life doesn\u2019t really change if I don\u2019t win Paris-Nice,\u201d he said in an <a href=\"https:\/\/www.youtube.com\/watch?v=1ef8mK_tWJk\">interview<\/a>. \u201cI have to give myself time. I want to give myself time for all the [new team] processes around and not to push them. And it was my first race [of the year]. Obviously, I really needed it.\u201d<\/p>\n<h4 style=\"font-weight: 400;\"><strong>Paris-Nice Results:<\/strong><\/h4>\n<ol>\n<li>Matteo Jorgenson, Visma \u2013 Lease a Bike 27:50:23<\/li>\n<li>Remco Evenepoel, Soudal\u2013Quick-Step 0:30<\/li>\n<li>Brandon McNulty, UAE Team Emirates 1:47<\/li>\n<li>Mattias Skjelmose, Lidl-Trek 2:22<\/li>\n<li>Aleksandr Vlasov, BORA-hansgrohe\u00a0\u00a0\u00a0\u00a0\u00a0\u00a0\u00a0\u00a0\u00a0\u00a0\u00a0\u00a0\u00a0\u00a0\u00a0\u00a0\u00a0\u00a0\u00a0\u00a0\u00a0\u00a0\u00a0\u00a0\u00a0\u00a0\u00a0\u00a0\u00a0\u00a0\u00a0\u00a0 2:57<\/li>\n<\/ol>\n<h4 style=\"font-weight: 400;\"><strong>Tirreno-Adriatico Results:<\/strong><\/h4>\n<ol>\n<li>Jonas Vingegaard, Visma \u2013 Lease a Bike 26:22:23<\/li>\n<li>Juan Ayuso, UAE Team Emirates 1:24<\/li>\n<li>Jai Hindley, BORA-hansgrohe 1:52<\/li>\n<li>Isaac del Toro, UAE Team Emirates 2:20<\/li>\n<li>Ben O\u2019Connor, Decathlon AG2R La Mondiale 2:24<\/li>\n<\/ol>\n","protected":false},"excerpt":{"rendered":"<p>Three of the four favourites for this year\u2019s Tour de France \u2013 Jonas Vingegaard (Visma\u2013Lease a Bike), Primo\u017e Rogli\u010d (BORA-hansgrohe) [&hellip;]<\/p>\n","protected":false},"author":99,"featured_media":195181,"comment_status":"closed","ping_status":"open","sticky":false,"template":"","format":"standard","meta":{"footnotes":""},"categories":[329],"tags":[7685,7684,6403,5450,6699,1221],"global-categories":[3366],"class_list":["post-195179","post","type-post","status-publish","format-standard","has-post-thumbnail","hentry","category-road-cycling","tag-2024-paris-nice","tag-2024-tirreno-adriatico","tag-jai-hindley","tag-jonas-vingegaard","tag-juan-ayuso","tag-primoz-roglic","global-categories-cycling"],"yoast_head":"<!-- This site is optimized with the Yoast SEO Premium plugin v25.3 (Yoast SEO v25.9) - https:\/\/yoast.com\/wordpress\/plugins\/seo\/ -->\n<title>Vingegaard Is Tops in Tirreno-Adriatico, Rogli\u010d Flops in Paris-Nice<\/title>\n<meta name=\"description\" content=\"Three of the four favourites for this year\u2019s Tour de France \u2013 Jonas Vingegaard (Visma\u2013Lease a Bike), Primo\u017e Rogli\u010d (BORA-hansgrohe) and Remco Evenepoel\" \/>\n<meta name=\"robots\" content=\"index, follow, max-snippet:-1, max-image-preview:large, max-video-preview:-1\" \/>\n<link rel=\"canonical\" href=\"https:\/\/www.welovecycling.com\/wide\/2024\/03\/11\/road-to-the-tour-vingegaard-is-tops-in-tirreno-adriatico-roglic-flops-in-paris-nice\/\" \/>\n<meta property=\"og:locale\" content=\"en_US\" \/>\n<meta property=\"og:type\" content=\"article\" \/>\n<meta property=\"og:title\" content=\"Road to the Tour: Vingegaard Is Tops in Tirreno-Adriatico, Rogli\u010d Flops in Paris-Nice\" \/>\n<meta property=\"og:description\" content=\"Three of the four favourites for this year\u2019s Tour de France \u2013 Jonas Vingegaard (Visma\u2013Lease a Bike), Primo\u017e Rogli\u010d (BORA-hansgrohe) and Remco Evenepoel\" \/>\n<meta property=\"og:url\" content=\"https:\/\/www.welovecycling.com\/wide\/2024\/03\/11\/road-to-the-tour-vingegaard-is-tops-in-tirreno-adriatico-roglic-flops-in-paris-nice\/\" \/>\n<meta property=\"og:site_name\" content=\"\u0160koda We Love Cycling\" \/>\n<meta property=\"article:published_time\" content=\"2024-03-11T12:33:02+00:00\" \/>\n<meta property=\"og:image\" content=\"https:\/\/d2p6e6u75xmxt8.cloudfront.net\/2\/2024\/03\/Jonas-Vingegaard-Tirreno-Adriatico-profimedia-0855575583-CVR.webp\" \/>\n\t<meta property=\"og:image:width\" content=\"990\" \/>\n\t<meta property=\"og:image:height\" content=\"660\" \/>\n\t<meta property=\"og:image:type\" content=\"image\/webp\" \/>\n<meta name=\"author\" content=\"tereza\" \/>\n<meta name=\"twitter:card\" content=\"summary_large_image\" \/>\n<meta name=\"twitter:label1\" content=\"Written by\" \/>\n\t<meta name=\"twitter:data1\" content=\"Siegfried Mortkowitz\" \/>\n\t<meta name=\"twitter:label2\" content=\"Est. reading time\" \/>\n\t<meta name=\"twitter:data2\" content=\"4\" \/>\n<script type=\"application\/ld+json\" class=\"yoast-schema-graph\">{\"@context\":\"https:\/\/schema.org\",\"@graph\":[{\"@type\":\"WebPage\",\"@id\":\"https:\/\/www.welovecycling.com\/wide\/2024\/03\/11\/road-to-the-tour-vingegaard-is-tops-in-tirreno-adriatico-roglic-flops-in-paris-nice\/\",\"url\":\"https:\/\/www.welovecycling.com\/wide\/2024\/03\/11\/road-to-the-tour-vingegaard-is-tops-in-tirreno-adriatico-roglic-flops-in-paris-nice\/\",\"name\":\"Vingegaard Is Tops in Tirreno-Adriatico, Rogli\u010d Flops in Paris-Nice\",\"isPartOf\":{\"@id\":\"https:\/\/www.welovecycling.com\/wide\/#website\"},\"primaryImageOfPage\":{\"@id\":\"https:\/\/www.welovecycling.com\/wide\/2024\/03\/11\/road-to-the-tour-vingegaard-is-tops-in-tirreno-adriatico-roglic-flops-in-paris-nice\/#primaryimage\"},\"image\":{\"@id\":\"https:\/\/www.welovecycling.com\/wide\/2024\/03\/11\/road-to-the-tour-vingegaard-is-tops-in-tirreno-adriatico-roglic-flops-in-paris-nice\/#primaryimage\"},\"thumbnailUrl\":\"https:\/\/d2p6e6u75xmxt8.cloudfront.net\/2\/2024\/03\/Jonas-Vingegaard-Tirreno-Adriatico-profimedia-0855575583-CVR.webp\",\"datePublished\":\"2024-03-11T12:33:02+00:00\",\"author\":{\"@id\":\"https:\/\/www.welovecycling.com\/wide\/#\/schema\/person\/50f01ecd18718d2333cf72e823c4f926\"},\"description\":\"Three of the four favourites for this year\u2019s Tour de France \u2013 Jonas Vingegaard (Visma\u2013Lease a Bike), Primo\u017e Rogli\u010d (BORA-hansgrohe) and Remco Evenepoel\",\"breadcrumb\":{\"@id\":\"https:\/\/www.welovecycling.com\/wide\/2024\/03\/11\/road-to-the-tour-vingegaard-is-tops-in-tirreno-adriatico-roglic-flops-in-paris-nice\/#breadcrumb\"},\"inLanguage\":\"en-US\",\"potentialAction\":[{\"@type\":\"ReadAction\",\"target\":[\"https:\/\/www.welovecycling.com\/wide\/2024\/03\/11\/road-to-the-tour-vingegaard-is-tops-in-tirreno-adriatico-roglic-flops-in-paris-nice\/\"]}]},{\"@type\":\"ImageObject\",\"inLanguage\":\"en-US\",\"@id\":\"https:\/\/www.welovecycling.com\/wide\/2024\/03\/11\/road-to-the-tour-vingegaard-is-tops-in-tirreno-adriatico-roglic-flops-in-paris-nice\/#primaryimage\",\"url\":\"https:\/\/d2p6e6u75xmxt8.cloudfront.net\/2\/2024\/03\/Jonas-Vingegaard-Tirreno-Adriatico-profimedia-0855575583-CVR.webp\",\"contentUrl\":\"https:\/\/d2p6e6u75xmxt8.cloudfront.net\/2\/2024\/03\/Jonas-Vingegaard-Tirreno-Adriatico-profimedia-0855575583-CVR.webp\",\"width\":990,\"height\":660,\"caption\":\"Jonas Vingegaard\"},{\"@type\":\"BreadcrumbList\",\"@id\":\"https:\/\/www.welovecycling.com\/wide\/2024\/03\/11\/road-to-the-tour-vingegaard-is-tops-in-tirreno-adriatico-roglic-flops-in-paris-nice\/#breadcrumb\",\"itemListElement\":[{\"@type\":\"ListItem\",\"position\":1,\"name\":\"Home\",\"item\":\"https:\/\/www.welovecycling.com\/wide\/\"},{\"@type\":\"ListItem\",\"position\":2,\"name\":\"Road to the Tour: Vingegaard Is Tops in Tirreno-Adriatico, Rogli\u010d Flops in Paris-Nice\"}]},{\"@type\":\"WebSite\",\"@id\":\"https:\/\/www.welovecycling.com\/wide\/#website\",\"url\":\"https:\/\/www.welovecycling.com\/wide\/\",\"name\":\"\u0160koda We Love Cycling\",\"description\":\"\u0160koda We Love Cycling magazine\",\"alternateName\":\"\u0160koda WLC\",\"potentialAction\":[{\"@type\":\"SearchAction\",\"target\":{\"@type\":\"EntryPoint\",\"urlTemplate\":\"https:\/\/www.welovecycling.com\/wide\/?s={search_term_string}\"},\"query-input\":{\"@type\":\"PropertyValueSpecification\",\"valueRequired\":true,\"valueName\":\"search_term_string\"}}],\"inLanguage\":\"en-US\"},{\"@type\":\"Person\",\"@id\":\"https:\/\/www.welovecycling.com\/wide\/#\/schema\/person\/50f01ecd18718d2333cf72e823c4f926\",\"name\":\"tereza\",\"image\":{\"@type\":\"ImageObject\",\"inLanguage\":\"en-US\",\"@id\":\"https:\/\/www.welovecycling.com\/wide\/#\/schema\/person\/image\/\",\"url\":\"https:\/\/secure.gravatar.com\/avatar\/1f9eb71be33845f0afabce3791bc1c58ecdb0a25c62964987e5dbcf7a20d2ec7?s=96&d=mm&r=g\",\"contentUrl\":\"https:\/\/secure.gravatar.com\/avatar\/1f9eb71be33845f0afabce3791bc1c58ecdb0a25c62964987e5dbcf7a20d2ec7?s=96&d=mm&r=g\",\"caption\":\"tereza\"},\"url\":\"https:\/\/www.welovecycling.com\/wide\/author\/tereza\/\"}]}<\/script>\n<!-- \/ Yoast SEO Premium plugin. -->","yoast_head_json":{"title":"Vingegaard Is Tops in Tirreno-Adriatico, Rogli\u010d Flops in Paris-Nice","description":"Three of the four favourites for this year\u2019s Tour de France \u2013 Jonas Vingegaard (Visma\u2013Lease a Bike), Primo\u017e Rogli\u010d (BORA-hansgrohe) and Remco Evenepoel","robots":{"index":"index","follow":"follow","max-snippet":"max-snippet:-1","max-image-preview":"max-image-preview:large","max-video-preview":"max-video-preview:-1"},"canonical":"https:\/\/www.welovecycling.com\/wide\/2024\/03\/11\/road-to-the-tour-vingegaard-is-tops-in-tirreno-adriatico-roglic-flops-in-paris-nice\/","og_locale":"en_US","og_type":"article","og_title":"Road to the Tour: Vingegaard Is Tops in Tirreno-Adriatico, Rogli\u010d Flops in Paris-Nice","og_description":"Three of the four favourites for this year\u2019s Tour de France \u2013 Jonas Vingegaard (Visma\u2013Lease a Bike), Primo\u017e Rogli\u010d (BORA-hansgrohe) and Remco Evenepoel","og_url":"https:\/\/www.welovecycling.com\/wide\/2024\/03\/11\/road-to-the-tour-vingegaard-is-tops-in-tirreno-adriatico-roglic-flops-in-paris-nice\/","og_site_name":"\u0160koda We Love Cycling","article_published_time":"2024-03-11T12:33:02+00:00","og_image":[{"width":990,"height":660,"url":"https:\/\/d2p6e6u75xmxt8.cloudfront.net\/2\/2024\/03\/Jonas-Vingegaard-Tirreno-Adriatico-profimedia-0855575583-CVR.webp","type":"image\/webp"}],"author":"tereza","twitter_card":"summary_large_image","twitter_misc":{"Written by":"Siegfried Mortkowitz","Est. reading time":"4"},"schema":{"@context":"https:\/\/schema.org","@graph":[{"@type":"WebPage","@id":"https:\/\/www.welovecycling.com\/wide\/2024\/03\/11\/road-to-the-tour-vingegaard-is-tops-in-tirreno-adriatico-roglic-flops-in-paris-nice\/","url":"https:\/\/www.welovecycling.com\/wide\/2024\/03\/11\/road-to-the-tour-vingegaard-is-tops-in-tirreno-adriatico-roglic-flops-in-paris-nice\/","name":"Vingegaard Is Tops in Tirreno-Adriatico, Rogli\u010d Flops in Paris-Nice","isPartOf":{"@id":"https:\/\/www.welovecycling.com\/wide\/#website"},"primaryImageOfPage":{"@id":"https:\/\/www.welovecycling.com\/wide\/2024\/03\/11\/road-to-the-tour-vingegaard-is-tops-in-tirreno-adriatico-roglic-flops-in-paris-nice\/#primaryimage"},"image":{"@id":"https:\/\/www.welovecycling.com\/wide\/2024\/03\/11\/road-to-the-tour-vingegaard-is-tops-in-tirreno-adriatico-roglic-flops-in-paris-nice\/#primaryimage"},"thumbnailUrl":"https:\/\/d2p6e6u75xmxt8.cloudfront.net\/2\/2024\/03\/Jonas-Vingegaard-Tirreno-Adriatico-profimedia-0855575583-CVR.webp","datePublished":"2024-03-11T12:33:02+00:00","author":{"@id":"https:\/\/www.welovecycling.com\/wide\/#\/schema\/person\/50f01ecd18718d2333cf72e823c4f926"},"description":"Three of the four favourites for this year\u2019s Tour de France \u2013 Jonas Vingegaard (Visma\u2013Lease a Bike), Primo\u017e Rogli\u010d (BORA-hansgrohe) and Remco Evenepoel","breadcrumb":{"@id":"https:\/\/www.welovecycling.com\/wide\/2024\/03\/11\/road-to-the-tour-vingegaard-is-tops-in-tirreno-adriatico-roglic-flops-in-paris-nice\/#breadcrumb"},"inLanguage":"en-US","potentialAction":[{"@type":"ReadAction","target":["https:\/\/www.welovecycling.com\/wide\/2024\/03\/11\/road-to-the-tour-vingegaard-is-tops-in-tirreno-adriatico-roglic-flops-in-paris-nice\/"]}]},{"@type":"ImageObject","inLanguage":"en-US","@id":"https:\/\/www.welovecycling.com\/wide\/2024\/03\/11\/road-to-the-tour-vingegaard-is-tops-in-tirreno-adriatico-roglic-flops-in-paris-nice\/#primaryimage","url":"https:\/\/d2p6e6u75xmxt8.cloudfront.net\/2\/2024\/03\/Jonas-Vingegaard-Tirreno-Adriatico-profimedia-0855575583-CVR.webp","contentUrl":"https:\/\/d2p6e6u75xmxt8.cloudfront.net\/2\/2024\/03\/Jonas-Vingegaard-Tirreno-Adriatico-profimedia-0855575583-CVR.webp","width":990,"height":660,"caption":"Jonas Vingegaard"},{"@type":"BreadcrumbList","@id":"https:\/\/www.welovecycling.com\/wide\/2024\/03\/11\/road-to-the-tour-vingegaard-is-tops-in-tirreno-adriatico-roglic-flops-in-paris-nice\/#breadcrumb","itemListElement":[{"@type":"ListItem","position":1,"name":"Home","item":"https:\/\/www.welovecycling.com\/wide\/"},{"@type":"ListItem","position":2,"name":"Road to the Tour: Vingegaard Is Tops in Tirreno-Adriatico, Rogli\u010d Flops in Paris-Nice"}]},{"@type":"WebSite","@id":"https:\/\/www.welovecycling.com\/wide\/#website","url":"https:\/\/www.welovecycling.com\/wide\/","name":"\u0160koda We Love Cycling","description":"\u0160koda We Love Cycling magazine","alternateName":"\u0160koda WLC","potentialAction":[{"@type":"SearchAction","target":{"@type":"EntryPoint","urlTemplate":"https:\/\/www.welovecycling.com\/wide\/?s={search_term_string}"},"query-input":{"@type":"PropertyValueSpecification","valueRequired":true,"valueName":"search_term_string"}}],"inLanguage":"en-US"},{"@type":"Person","@id":"https:\/\/www.welovecycling.com\/wide\/#\/schema\/person\/50f01ecd18718d2333cf72e823c4f926","name":"tereza","image":{"@type":"ImageObject","inLanguage":"en-US","@id":"https:\/\/www.welovecycling.com\/wide\/#\/schema\/person\/image\/","url":"https:\/\/secure.gravatar.com\/avatar\/1f9eb71be33845f0afabce3791bc1c58ecdb0a25c62964987e5dbcf7a20d2ec7?s=96&d=mm&r=g","contentUrl":"https:\/\/secure.gravatar.com\/avatar\/1f9eb71be33845f0afabce3791bc1c58ecdb0a25c62964987e5dbcf7a20d2ec7?s=96&d=mm&r=g","caption":"tereza"},"url":"https:\/\/www.welovecycling.com\/wide\/author\/tereza\/"}]}},"_links":{"self":[{"href":"https:\/\/www.welovecycling.com\/wide\/wp-json\/wp\/v2\/posts\/195179","targetHints":{"allow":["GET"]}}],"collection":[{"href":"https:\/\/www.welovecycling.com\/wide\/wp-json\/wp\/v2\/posts"}],"about":[{"href":"https:\/\/www.welovecycling.com\/wide\/wp-json\/wp\/v2\/types\/post"}],"author":[{"embeddable":true,"href":"https:\/\/www.welovecycling.com\/wide\/wp-json\/wp\/v2\/users\/99"}],"replies":[{"embeddable":true,"href":"https:\/\/www.welovecycling.com\/wide\/wp-json\/wp\/v2\/comments?post=195179"}],"version-history":[{"count":2,"href":"https:\/\/www.welovecycling.com\/wide\/wp-json\/wp\/v2\/posts\/195179\/revisions"}],"predecessor-version":[{"id":195182,"href":"https:\/\/www.welovecycling.com\/wide\/wp-json\/wp\/v2\/posts\/195179\/revisions\/195182"}],"wp:featuredmedia":[{"embeddable":true,"href":"https:\/\/www.welovecycling.com\/wide\/wp-json\/wp\/v2\/media\/195181"}],"wp:attachment":[{"href":"https:\/\/www.welovecycling.com\/wide\/wp-json\/wp\/v2\/media?parent=195179"}],"wp:term":[{"taxonomy":"category","embeddable":true,"href":"https:\/\/www.welovecycling.com\/wide\/wp-json\/wp\/v2\/categories?post=195179"},{"taxonomy":"post_tag","embeddable":true,"href":"https:\/\/www.welovecycling.com\/wide\/wp-json\/wp\/v2\/tags?post=195179"},{"taxonomy":"global-categories","embeddable":true,"href":"https:\/\/www.welovecycling.com\/wide\/wp-json\/wp\/v2\/global-categories?post=195179"}],"curies":[{"name":"wp","href":"https:\/\/api.w.org\/{rel}","templated":true}]}}