{"id":195175,"date":"2024-03-08T17:24:12","date_gmt":"2024-03-08T17:24:12","guid":{"rendered":"https:\/\/www.welovecycling.com\/wide\/?p=195175"},"modified":"2024-03-08T17:24:12","modified_gmt":"2024-03-08T17:24:12","slug":"the-road-to-the-tour-episode-1-the-weather-and-vingegaard-dominate","status":"publish","type":"post","link":"https:\/\/www.welovecycling.com\/wide\/2024\/03\/08\/the-road-to-the-tour-episode-1-the-weather-and-vingegaard-dominate\/","title":{"rendered":"The Road to the Tour\u2014Episode 1: The Weather and Vingegaard Dominate"},"content":{"rendered":"<p style=\"font-weight: 400;\"><strong>The Road to the Tour is a new series that will follow the four favourites for the 2024 Tour de France \u2013 Tadej Poga\u010dar, Jonas Vingegaard, Remco Evenepoel and Primo\u017e Rogli\u010d \u2013 on their progress to what could be the greatest road race ever.<\/strong><\/p>\n<p><!--more--><\/p>\n<p style=\"font-weight: 400;\">This week features two major stepping stones en route to the Tour de France, the Tirreno-Adriatico and Paris-Nice. The Paris-Nice is being especially scrutinised as it features two of the four Tour favourites, Primo\u017e Rogli\u010d (BORA-hansgrohe) and Remco Evenepoel Soudal\u2013Quick-Step). The Tirreno has two-time Tour winner Jonas Vingegaard (Visma\u2013Lease a Bike) who is not facing a direct Tour rival but is riding against the very strong 21-year-old Spaniard Juan Ayuso (UAE Team Emirates) who may be entered in the Tour to aid his team leader, Tadej Poga\u010dar.<\/p>\n<h2 style=\"font-weight: 400;\"><strong>Vingegaard climbs to dominant stage win<\/strong><\/h2>\n<p style=\"font-weight: 400;\">Vingegaard had the most impressive performance of the week when, in Friday\u2019s stage 5 of the Tirreno-Adriatico, he accelerated out of a small, elite group of riders with 28.9 km to go in the 144 km stage, and 5.3 km remaining on the ascent of San Giacomo (11,9 km @ 6.2%), and left everyone in his wake. He led by 56 seconds when he crested the mountain, and his pursuers, who included Ayuso, the race leader at that point, never drew closer than 51 seconds. His winning margin at the finish over Ayuso and the third-place Jai Hindley (BORA-hansgrohe) was 1:12.<\/p>\n<p style=\"font-weight: 400;\">The Dane had a less than impressive performance in the first-stage time trial when he finished ninth, 22 seconds behind the Spaniard. But Vingegaard always seems to leave his time trial training for late in the season. He now leads the race by 54 seconds over Ayuso, with Hindley in third, at 1:20.<\/p>\n<h2 style=\"font-weight: 400;\"><strong>Weather dampens Rogli\u010d and Evenepoel<\/strong><\/h2>\n<p style=\"font-weight: 400;\">The weather has played a part in both races but especially in Paris-Nice. Rain began falling midway through the 26.9 km stage 3 team time trial and had a significant impact on its outcome. Evenepoel\u2019s Soudal\u2013Quick-Step team had the fastest time midway through the 26.9 km race but then hit the wet roadway and lost about 40 seconds to the eventual winners, UAE Team Emirates, which had dry sailing throughout. Soudal finished fourth, 22 seconds adrift.<\/p>\n<p style=\"font-weight: 400;\">The adverse weather also affected Rogli\u010d\u2019s BORA-hansgrohe who were close to Soudal at the halfway point but then faded badly on the slick roads to finish 11th, 54 seconds behind the winners. That disappointing result was not down to only the weather, however. BORA raced the second half of the stage with only three riders, while Soudal and UAE both had six riders for most of the stage. The time for the stage was taken from the first rider from each team to cross the finish line but the more riders you have riding with you, the longer each rider can rest in the slipstream of the others and the stronger each rider will be in the latter stages of the stage.<\/p>\n<figure id=\"attachment_195177\" aria-describedby=\"caption-attachment-195177\" style=\"width: 1400px\" class=\"wp-caption alignnone\"><a href=\"https:\/\/d2p6e6u75xmxt8.cloudfront.net\/2\/2024\/03\/Primoz-Roglic-profimedia-0854927628.webp\"><img loading=\"lazy\" decoding=\"async\" class=\"wp-image-195177 size-full\" src=\"https:\/\/d2p6e6u75xmxt8.cloudfront.net\/2\/2024\/03\/Primoz-Roglic-profimedia-0854927628.webp\" alt=\"Primo\u017e Rogli\u010d\" width=\"1400\" height=\"887\" srcset=\"https:\/\/d2p6e6u75xmxt8.cloudfront.net\/2\/2024\/03\/Primoz-Roglic-profimedia-0854927628.webp 1400w, https:\/\/d2p6e6u75xmxt8.cloudfront.net\/2\/2024\/03\/Primoz-Roglic-profimedia-0854927628-300x190.webp 300w, https:\/\/d2p6e6u75xmxt8.cloudfront.net\/2\/2024\/03\/Primoz-Roglic-profimedia-0854927628-1024x649.webp 1024w, https:\/\/d2p6e6u75xmxt8.cloudfront.net\/2\/2024\/03\/Primoz-Roglic-profimedia-0854927628-768x487.webp 768w, https:\/\/d2p6e6u75xmxt8.cloudfront.net\/2\/2024\/03\/Primoz-Roglic-profimedia-0854927628-400x253.webp 400w\" sizes=\"auto, (max-width: 1400px) 100vw, 1400px\" \/><\/a><figcaption id=\"caption-attachment-195177\" class=\"wp-caption-text\">Roglic of Bora-Hansgrohe pictured at the start of the sixth stage of the Paris-Nice. \u00a9 Profimedia<\/figcaption><\/figure>\n<p style=\"font-weight: 400;\">\u201cIt is not my habit to make excuses,\u201d Rogli\u010d <a href=\"https:\/\/cyclinguptodate.com\/cycling\/it-is-not-my-habit-to-make-excuses-primoz-roglic-quickly-moves-on-from-disappointing-paris-nice-team-time-trial\">told<\/a> Slovenian radio station Val 202. \u201cIt was wet and the wind came up but that doesn&#8217;t change the fact that we had to go to the finish with only three people. That wasn&#8217;t enough to do what we wanted.\u201d<\/p>\n<p style=\"font-weight: 400;\">As for Evenepoel, he also lost out at the finish of the final climb of stage 4 when he was nipped at the line by Mattias Skjelmose (Lidl-Trek), depriving the Belgian of a place on the stage podium. The stage was won by Santiago Buitrago (Bahrain Victorious), with Australian Luke Plapp (Jayco AlUla) finishing third and taking the race lead.<\/p>\n<p style=\"font-weight: 400;\">Evenepoel later criticised UAE Team Emirates for their strategy: \u201cSome of the tactics from\u00a0<a href=\"https:\/\/cyclinguptodate.com\/uae-team-emirates\">UAE Team Emirates<\/a>\u00a0were a bit strange, letting the guys [Plapp and Buitrago] go, especially if you&#8217;ve got four guys at the top of the classification. You could have taken one guy out and made him work like they started to do. But in the end, Jay Vine stopped riding so that was a bit unfortunate for the whole bunch that Buitrago and Plapp, two dangerous guys, could stay away.\u201d<\/p>\n<p style=\"font-weight: 400;\">Earlier, Evenepoel had blamed former Soudal teammate\u00a0<a href=\"https:\/\/cyclinguptodate.com\/tim-declercq\">Tim Declercq<\/a> (now Lidl-Trek) for his team\u2019s disappointing showing in the time trial, telling <a href=\"https:\/\/sporza.be\/nl\/2024\/03\/05\/evenepoel-neemt-gas-terug-na-sneer-aan-ex-ploegmaat-tim-declercq-ik-was-een-beetje-overhyped~1709654229824\/\"><em>Sporza<\/em><\/a>: \u201cHe stayed ahead of us in a technical corner and didn&#8217;t move out of the way. A thank you to him. That was really nasty. Tim may have been an ex-teammate but you don&#8217;t do something like that. Did he do it on purpose? I hope not but it is possible.&#8221; He later apologised to Declercq on <a href=\"https:\/\/twitter.com\/EvenepoelRemco\/status\/1765071329009811704?ref_src=twsrc%5Etfw%7Ctwcamp%5Etweetembed%7Ctwterm%5E1765071329009811704%7Ctwgr%5Eab208cb8943717f57deb9dbffb66175058e58a48%7Ctwcon%5Es1_&amp;ref_url=https%3A%2F%2Fcyclinguptodate.com%2Fcycling%2Fi-didnt-mean-to-blame-tim-declercq-it-was-just-an-unfortunate-event-in-the-race-remco-evenepoel-apologises-after-post-paris-nice-stage-3-outburst\">social media<\/a>.<\/p>\n<p style=\"font-weight: 400;\">Both Evenepoel and Rogli\u010d lost nearly a minute on Friday\u2019s stage 6, which was won by Skjelmose who was part of a late three-rider breakaway. Brandon McNulty (UAE Team Emirates) now leads the race by 23 seconds over Matteo Jorgenson (Visma\u2013Lease a Bike), with Plapp sitting third at 34 seconds. Evenepoel is fifth, at 1:03, with Rogli\u010d in 11th, 1:44 behind the leader. As usual, the decisive stages in the Paris-Nice will be run this weekend, with a big final climb to a summit finish on Saturday, in a stage shortened because of snow, and six steep climbs to come on Sunday, weather permitting.<\/p>\n","protected":false},"excerpt":{"rendered":"<p>The Road to the Tour is a new series that will follow the four favourites for the 2024 Tour de [&hellip;]<\/p>\n","protected":false},"author":99,"featured_media":195176,"comment_status":"closed","ping_status":"open","sticky":false,"template":"","format":"standard","meta":{"footnotes":""},"categories":[329],"tags":[5450,6699,1221,3544,3415],"global-categories":[3366],"class_list":["post-195175","post","type-post","status-publish","format-standard","has-post-thumbnail","hentry","category-road-cycling","tag-jonas-vingegaard","tag-juan-ayuso","tag-primoz-roglic","tag-remco-evenepoel","tag-tadej-pogacar","global-categories-cycling"],"yoast_head":"<!-- This site is optimized with the Yoast SEO Premium plugin v25.3 (Yoast SEO v25.9) - https:\/\/yoast.com\/wordpress\/plugins\/seo\/ -->\n<title>The Road to the Tour de France<\/title>\n<meta name=\"description\" content=\"The Road to the Tour is a new series that will follow the four favourites for the 2024 Tour de France \u2013 Tadej Poga\u010dar, Jonas Vingegaard, Remco Evenepoel\" \/>\n<meta name=\"robots\" content=\"index, follow, max-snippet:-1, max-image-preview:large, max-video-preview:-1\" \/>\n<link rel=\"canonical\" href=\"https:\/\/www.welovecycling.com\/wide\/2024\/03\/08\/the-road-to-the-tour-episode-1-the-weather-and-vingegaard-dominate\/\" \/>\n<meta property=\"og:locale\" content=\"en_US\" \/>\n<meta property=\"og:type\" content=\"article\" \/>\n<meta property=\"og:title\" content=\"The Road to the Tour\u2014Episode 1: The Weather and Vingegaard Dominate\" \/>\n<meta property=\"og:description\" content=\"The Road to the Tour is a new series that will follow the four favourites for the 2024 Tour de France \u2013 Tadej Poga\u010dar, Jonas Vingegaard, Remco Evenepoel\" \/>\n<meta property=\"og:url\" content=\"https:\/\/www.welovecycling.com\/wide\/2024\/03\/08\/the-road-to-the-tour-episode-1-the-weather-and-vingegaard-dominate\/\" \/>\n<meta property=\"og:site_name\" content=\"\u0160koda We Love Cycling\" \/>\n<meta property=\"article:published_time\" content=\"2024-03-08T17:24:12+00:00\" \/>\n<meta property=\"og:image\" content=\"https:\/\/d2p6e6u75xmxt8.cloudfront.net\/2\/2024\/03\/Jonas-Vingegaard-profimedia-0855007094-CVR.webp\" \/>\n\t<meta property=\"og:image:width\" content=\"990\" \/>\n\t<meta property=\"og:image:height\" content=\"660\" \/>\n\t<meta property=\"og:image:type\" content=\"image\/webp\" \/>\n<meta name=\"author\" content=\"tereza\" \/>\n<meta name=\"twitter:card\" content=\"summary_large_image\" \/>\n<meta name=\"twitter:label1\" content=\"Written by\" \/>\n\t<meta name=\"twitter:data1\" content=\"Siegfried Mortkowitz\" \/>\n\t<meta name=\"twitter:label2\" content=\"Est. reading time\" \/>\n\t<meta name=\"twitter:data2\" content=\"4\" \/>\n<script type=\"application\/ld+json\" class=\"yoast-schema-graph\">{\"@context\":\"https:\/\/schema.org\",\"@graph\":[{\"@type\":\"WebPage\",\"@id\":\"https:\/\/www.welovecycling.com\/wide\/2024\/03\/08\/the-road-to-the-tour-episode-1-the-weather-and-vingegaard-dominate\/\",\"url\":\"https:\/\/www.welovecycling.com\/wide\/2024\/03\/08\/the-road-to-the-tour-episode-1-the-weather-and-vingegaard-dominate\/\",\"name\":\"The Road to the Tour de France\",\"isPartOf\":{\"@id\":\"https:\/\/www.welovecycling.com\/wide\/#website\"},\"primaryImageOfPage\":{\"@id\":\"https:\/\/www.welovecycling.com\/wide\/2024\/03\/08\/the-road-to-the-tour-episode-1-the-weather-and-vingegaard-dominate\/#primaryimage\"},\"image\":{\"@id\":\"https:\/\/www.welovecycling.com\/wide\/2024\/03\/08\/the-road-to-the-tour-episode-1-the-weather-and-vingegaard-dominate\/#primaryimage\"},\"thumbnailUrl\":\"https:\/\/d2p6e6u75xmxt8.cloudfront.net\/2\/2024\/03\/Jonas-Vingegaard-profimedia-0855007094-CVR.webp\",\"datePublished\":\"2024-03-08T17:24:12+00:00\",\"author\":{\"@id\":\"https:\/\/www.welovecycling.com\/wide\/#\/schema\/person\/50f01ecd18718d2333cf72e823c4f926\"},\"description\":\"The Road to the Tour is a new series that will follow the four favourites for the 2024 Tour de France \u2013 Tadej Poga\u010dar, Jonas Vingegaard, Remco Evenepoel\",\"breadcrumb\":{\"@id\":\"https:\/\/www.welovecycling.com\/wide\/2024\/03\/08\/the-road-to-the-tour-episode-1-the-weather-and-vingegaard-dominate\/#breadcrumb\"},\"inLanguage\":\"en-US\",\"potentialAction\":[{\"@type\":\"ReadAction\",\"target\":[\"https:\/\/www.welovecycling.com\/wide\/2024\/03\/08\/the-road-to-the-tour-episode-1-the-weather-and-vingegaard-dominate\/\"]}]},{\"@type\":\"ImageObject\",\"inLanguage\":\"en-US\",\"@id\":\"https:\/\/www.welovecycling.com\/wide\/2024\/03\/08\/the-road-to-the-tour-episode-1-the-weather-and-vingegaard-dominate\/#primaryimage\",\"url\":\"https:\/\/d2p6e6u75xmxt8.cloudfront.net\/2\/2024\/03\/Jonas-Vingegaard-profimedia-0855007094-CVR.webp\",\"contentUrl\":\"https:\/\/d2p6e6u75xmxt8.cloudfront.net\/2\/2024\/03\/Jonas-Vingegaard-profimedia-0855007094-CVR.webp\",\"width\":990,\"height\":660,\"caption\":\"Jonas Vingegaard\"},{\"@type\":\"BreadcrumbList\",\"@id\":\"https:\/\/www.welovecycling.com\/wide\/2024\/03\/08\/the-road-to-the-tour-episode-1-the-weather-and-vingegaard-dominate\/#breadcrumb\",\"itemListElement\":[{\"@type\":\"ListItem\",\"position\":1,\"name\":\"Home\",\"item\":\"https:\/\/www.welovecycling.com\/wide\/\"},{\"@type\":\"ListItem\",\"position\":2,\"name\":\"The Road to the Tour\u2014Episode 1: The Weather and Vingegaard Dominate\"}]},{\"@type\":\"WebSite\",\"@id\":\"https:\/\/www.welovecycling.com\/wide\/#website\",\"url\":\"https:\/\/www.welovecycling.com\/wide\/\",\"name\":\"\u0160koda We Love Cycling\",\"description\":\"\u0160koda We Love Cycling magazine\",\"alternateName\":\"\u0160koda WLC\",\"potentialAction\":[{\"@type\":\"SearchAction\",\"target\":{\"@type\":\"EntryPoint\",\"urlTemplate\":\"https:\/\/www.welovecycling.com\/wide\/?s={search_term_string}\"},\"query-input\":{\"@type\":\"PropertyValueSpecification\",\"valueRequired\":true,\"valueName\":\"search_term_string\"}}],\"inLanguage\":\"en-US\"},{\"@type\":\"Person\",\"@id\":\"https:\/\/www.welovecycling.com\/wide\/#\/schema\/person\/50f01ecd18718d2333cf72e823c4f926\",\"name\":\"tereza\",\"image\":{\"@type\":\"ImageObject\",\"inLanguage\":\"en-US\",\"@id\":\"https:\/\/www.welovecycling.com\/wide\/#\/schema\/person\/image\/\",\"url\":\"https:\/\/secure.gravatar.com\/avatar\/1f9eb71be33845f0afabce3791bc1c58ecdb0a25c62964987e5dbcf7a20d2ec7?s=96&d=mm&r=g\",\"contentUrl\":\"https:\/\/secure.gravatar.com\/avatar\/1f9eb71be33845f0afabce3791bc1c58ecdb0a25c62964987e5dbcf7a20d2ec7?s=96&d=mm&r=g\",\"caption\":\"tereza\"},\"url\":\"https:\/\/www.welovecycling.com\/wide\/author\/tereza\/\"}]}<\/script>\n<!-- \/ Yoast SEO Premium plugin. -->","yoast_head_json":{"title":"The Road to the Tour de France","description":"The Road to the Tour is a new series that will follow the four favourites for the 2024 Tour de France \u2013 Tadej Poga\u010dar, Jonas Vingegaard, Remco Evenepoel","robots":{"index":"index","follow":"follow","max-snippet":"max-snippet:-1","max-image-preview":"max-image-preview:large","max-video-preview":"max-video-preview:-1"},"canonical":"https:\/\/www.welovecycling.com\/wide\/2024\/03\/08\/the-road-to-the-tour-episode-1-the-weather-and-vingegaard-dominate\/","og_locale":"en_US","og_type":"article","og_title":"The Road to the Tour\u2014Episode 1: The Weather and Vingegaard Dominate","og_description":"The Road to the Tour is a new series that will follow the four favourites for the 2024 Tour de France \u2013 Tadej Poga\u010dar, Jonas Vingegaard, Remco Evenepoel","og_url":"https:\/\/www.welovecycling.com\/wide\/2024\/03\/08\/the-road-to-the-tour-episode-1-the-weather-and-vingegaard-dominate\/","og_site_name":"\u0160koda We Love Cycling","article_published_time":"2024-03-08T17:24:12+00:00","og_image":[{"width":990,"height":660,"url":"https:\/\/d2p6e6u75xmxt8.cloudfront.net\/2\/2024\/03\/Jonas-Vingegaard-profimedia-0855007094-CVR.webp","type":"image\/webp"}],"author":"tereza","twitter_card":"summary_large_image","twitter_misc":{"Written by":"Siegfried Mortkowitz","Est. reading time":"4"},"schema":{"@context":"https:\/\/schema.org","@graph":[{"@type":"WebPage","@id":"https:\/\/www.welovecycling.com\/wide\/2024\/03\/08\/the-road-to-the-tour-episode-1-the-weather-and-vingegaard-dominate\/","url":"https:\/\/www.welovecycling.com\/wide\/2024\/03\/08\/the-road-to-the-tour-episode-1-the-weather-and-vingegaard-dominate\/","name":"The Road to the Tour de France","isPartOf":{"@id":"https:\/\/www.welovecycling.com\/wide\/#website"},"primaryImageOfPage":{"@id":"https:\/\/www.welovecycling.com\/wide\/2024\/03\/08\/the-road-to-the-tour-episode-1-the-weather-and-vingegaard-dominate\/#primaryimage"},"image":{"@id":"https:\/\/www.welovecycling.com\/wide\/2024\/03\/08\/the-road-to-the-tour-episode-1-the-weather-and-vingegaard-dominate\/#primaryimage"},"thumbnailUrl":"https:\/\/d2p6e6u75xmxt8.cloudfront.net\/2\/2024\/03\/Jonas-Vingegaard-profimedia-0855007094-CVR.webp","datePublished":"2024-03-08T17:24:12+00:00","author":{"@id":"https:\/\/www.welovecycling.com\/wide\/#\/schema\/person\/50f01ecd18718d2333cf72e823c4f926"},"description":"The Road to the Tour is a new series that will follow the four favourites for the 2024 Tour de France \u2013 Tadej Poga\u010dar, Jonas Vingegaard, Remco Evenepoel","breadcrumb":{"@id":"https:\/\/www.welovecycling.com\/wide\/2024\/03\/08\/the-road-to-the-tour-episode-1-the-weather-and-vingegaard-dominate\/#breadcrumb"},"inLanguage":"en-US","potentialAction":[{"@type":"ReadAction","target":["https:\/\/www.welovecycling.com\/wide\/2024\/03\/08\/the-road-to-the-tour-episode-1-the-weather-and-vingegaard-dominate\/"]}]},{"@type":"ImageObject","inLanguage":"en-US","@id":"https:\/\/www.welovecycling.com\/wide\/2024\/03\/08\/the-road-to-the-tour-episode-1-the-weather-and-vingegaard-dominate\/#primaryimage","url":"https:\/\/d2p6e6u75xmxt8.cloudfront.net\/2\/2024\/03\/Jonas-Vingegaard-profimedia-0855007094-CVR.webp","contentUrl":"https:\/\/d2p6e6u75xmxt8.cloudfront.net\/2\/2024\/03\/Jonas-Vingegaard-profimedia-0855007094-CVR.webp","width":990,"height":660,"caption":"Jonas Vingegaard"},{"@type":"BreadcrumbList","@id":"https:\/\/www.welovecycling.com\/wide\/2024\/03\/08\/the-road-to-the-tour-episode-1-the-weather-and-vingegaard-dominate\/#breadcrumb","itemListElement":[{"@type":"ListItem","position":1,"name":"Home","item":"https:\/\/www.welovecycling.com\/wide\/"},{"@type":"ListItem","position":2,"name":"The Road to the Tour\u2014Episode 1: The Weather and Vingegaard Dominate"}]},{"@type":"WebSite","@id":"https:\/\/www.welovecycling.com\/wide\/#website","url":"https:\/\/www.welovecycling.com\/wide\/","name":"\u0160koda We Love Cycling","description":"\u0160koda We Love Cycling magazine","alternateName":"\u0160koda WLC","potentialAction":[{"@type":"SearchAction","target":{"@type":"EntryPoint","urlTemplate":"https:\/\/www.welovecycling.com\/wide\/?s={search_term_string}"},"query-input":{"@type":"PropertyValueSpecification","valueRequired":true,"valueName":"search_term_string"}}],"inLanguage":"en-US"},{"@type":"Person","@id":"https:\/\/www.welovecycling.com\/wide\/#\/schema\/person\/50f01ecd18718d2333cf72e823c4f926","name":"tereza","image":{"@type":"ImageObject","inLanguage":"en-US","@id":"https:\/\/www.welovecycling.com\/wide\/#\/schema\/person\/image\/","url":"https:\/\/secure.gravatar.com\/avatar\/1f9eb71be33845f0afabce3791bc1c58ecdb0a25c62964987e5dbcf7a20d2ec7?s=96&d=mm&r=g","contentUrl":"https:\/\/secure.gravatar.com\/avatar\/1f9eb71be33845f0afabce3791bc1c58ecdb0a25c62964987e5dbcf7a20d2ec7?s=96&d=mm&r=g","caption":"tereza"},"url":"https:\/\/www.welovecycling.com\/wide\/author\/tereza\/"}]}},"_links":{"self":[{"href":"https:\/\/www.welovecycling.com\/wide\/wp-json\/wp\/v2\/posts\/195175","targetHints":{"allow":["GET"]}}],"collection":[{"href":"https:\/\/www.welovecycling.com\/wide\/wp-json\/wp\/v2\/posts"}],"about":[{"href":"https:\/\/www.welovecycling.com\/wide\/wp-json\/wp\/v2\/types\/post"}],"author":[{"embeddable":true,"href":"https:\/\/www.welovecycling.com\/wide\/wp-json\/wp\/v2\/users\/99"}],"replies":[{"embeddable":true,"href":"https:\/\/www.welovecycling.com\/wide\/wp-json\/wp\/v2\/comments?post=195175"}],"version-history":[{"count":1,"href":"https:\/\/www.welovecycling.com\/wide\/wp-json\/wp\/v2\/posts\/195175\/revisions"}],"predecessor-version":[{"id":195178,"href":"https:\/\/www.welovecycling.com\/wide\/wp-json\/wp\/v2\/posts\/195175\/revisions\/195178"}],"wp:featuredmedia":[{"embeddable":true,"href":"https:\/\/www.welovecycling.com\/wide\/wp-json\/wp\/v2\/media\/195176"}],"wp:attachment":[{"href":"https:\/\/www.welovecycling.com\/wide\/wp-json\/wp\/v2\/media?parent=195175"}],"wp:term":[{"taxonomy":"category","embeddable":true,"href":"https:\/\/www.welovecycling.com\/wide\/wp-json\/wp\/v2\/categories?post=195175"},{"taxonomy":"post_tag","embeddable":true,"href":"https:\/\/www.welovecycling.com\/wide\/wp-json\/wp\/v2\/tags?post=195175"},{"taxonomy":"global-categories","embeddable":true,"href":"https:\/\/www.welovecycling.com\/wide\/wp-json\/wp\/v2\/global-categories?post=195175"}],"curies":[{"name":"wp","href":"https:\/\/api.w.org\/{rel}","templated":true}]}}