{"id":195160,"date":"2024-03-07T11:01:47","date_gmt":"2024-03-07T11:01:47","guid":{"rendered":"https:\/\/www.welovecycling.com\/wide\/?p=195160"},"modified":"2024-03-07T14:36:55","modified_gmt":"2024-03-07T14:36:55","slug":"uci-helmet-move-has-teams-scratching-their-heads","status":"publish","type":"post","link":"https:\/\/www.welovecycling.com\/wide\/2024\/03\/07\/uci-helmet-move-has-teams-scratching-their-heads\/","title":{"rendered":"UCI Helmet Move Has Teams Scratching Their Heads"},"content":{"rendered":"<p style=\"font-weight: 400;\"><strong>Cycling\u2019s governing body the UCI has frustrated a number of teams by outlawing Specialized\u2019s new \u2018head sock\u2019 helmet and preparing an \u201cin-depth analysis of the regulations governing the design and use of time trial helmets,\u201d some of which\u00a0were introduced in this week\u2019s\u00a0time trials at the Tirreno-Adriatico and Paris-Nice.\u00a0<\/strong><\/p>\n<p><!--more--><\/p>\n<p>\u201cAfter conducting a thorough process, which included consultation with Specialized, as well as examination of documentation linked to the helmet\u2019s certification, safety instructions, and information from public sources, it was concluded that the head sock is a \u2018non-essential\u2019 component (article 1.3.033 of the UCI Regulations),&#8221; the UCI said in a <a href=\"https:\/\/www.uci.org\/pressrelease\/the-uci-to-carry-out-an-in-depth-analysis-of-the-regulations-governing-the\/4AkyRPvZtsssES1DPdk3db\">statement.<\/a> \u201cAs a result, the head sock integrated into the TT5 helmet will no longer be permitted for use at events on the UCI International Calendar, effective from 2 April 2024.\u201d<\/p>\n<p style=\"font-weight: 400;\">This was bad news for Remco Evenepoel and his Soudal\u2013Quick-Step team and for BORA-hansgrohe and Primo\u017e Rogli\u010d,\u00a0Evenepoel\u2019s rival in the currently running Paris-Nice and the upcoming Tour de France. Both teams have been using the head sock. Evenepoel, who has been very vocal about all aspects of his experience in the Paris-Nice, was quick to criticise the UCI.<\/p>\n<p style=\"font-weight: 400;\">\u201cIt&#8217;s laughable,\u201d Evenepoel told\u00a0<a href=\"https:\/\/sporza.be\/nl\/2024\/03\/06\/remco-evenepoel-hekelt-interventie-en-verbod-van-uci-ze-willen-met-onze-kl-spelen~1709721504247\/\"><em>Sporza<\/em><\/a>\u00a0ahead of stage 4 of the race. \u201cThere are rules around brake levers, but I still see riders riding around with their brake levers tilting inwards. Two years ago, they authorised our helmet, and now they\u2019re taking it out. I kind of feel like they want to play with our [heads]. It&#8217;s not very friendly what they&#8217;re doing. There are other teams that are almost riding with a time trial helmet in the peloton. I\u2019m thinking of EF Education-EasyPost. They\u2019re dragging cycling into the ridiculous and they\u2019re making all the riders turn against the UCI.\u201d<\/p>\n<figure id=\"attachment_195163\" aria-describedby=\"caption-attachment-195163\" style=\"width: 990px\" class=\"wp-caption alignnone\"><a href=\"https:\/\/d2p6e6u75xmxt8.cloudfront.net\/2\/2024\/03\/Jonas-Vingegaard-Helmet-Tirreno-profimedia-0853847509-CVR-1.webp\"><img loading=\"lazy\" decoding=\"async\" class=\"wp-image-195163 size-full\" src=\"https:\/\/d2p6e6u75xmxt8.cloudfront.net\/2\/2024\/03\/Jonas-Vingegaard-Helmet-Tirreno-profimedia-0853847509-CVR-1.webp\" alt=\"Jonas Vingegaard\" width=\"990\" height=\"660\" srcset=\"https:\/\/d2p6e6u75xmxt8.cloudfront.net\/2\/2024\/03\/Jonas-Vingegaard-Helmet-Tirreno-profimedia-0853847509-CVR-1.webp 990w, https:\/\/d2p6e6u75xmxt8.cloudfront.net\/2\/2024\/03\/Jonas-Vingegaard-Helmet-Tirreno-profimedia-0853847509-CVR-1-300x200.webp 300w, https:\/\/d2p6e6u75xmxt8.cloudfront.net\/2\/2024\/03\/Jonas-Vingegaard-Helmet-Tirreno-profimedia-0853847509-CVR-1-768x512.webp 768w, https:\/\/d2p6e6u75xmxt8.cloudfront.net\/2\/2024\/03\/Jonas-Vingegaard-Helmet-Tirreno-profimedia-0853847509-CVR-1-400x267.webp 400w, https:\/\/d2p6e6u75xmxt8.cloudfront.net\/2\/2024\/03\/Jonas-Vingegaard-Helmet-Tirreno-profimedia-0853847509-CVR-1-272x182.webp 272w\" sizes=\"auto, (max-width: 990px) 100vw, 990px\" \/><\/a><figcaption id=\"caption-attachment-195163\" class=\"wp-caption-text\">Cycling\u2019s governing body the UCI has frustrated a number of teams by outlawing Specialized\u2019s new helmet head sock. \u00a9 Profimedia<\/figcaption><\/figure>\n<p>But the UCI didn\u2019t stop there. \u201cRegarding the helmet manufactured by Giro Sport Design, which was used by Team Visma\u2013Lease a Bike at the Tirreno-Adriatico prologue, as well as the Rudy Project Windgream HL 85 helmet (used by Bahrain Victorious) and Poc Tempor helmet (used by several teams), the UCI acknowledges that while this may not directly contravene existing UCI Regulations, it raises a significant issue concerning the current and wider trend in time trial helmet design, which focuses more on performance than the primary function of a helmet, namely to ensure the safety of the wearer in the event of a fall.\u201d<\/p>\n<p style=\"font-weight: 400;\">As a result, the authority will be carrying out a review of its own rules and regulations of the design and use of helmets in competition in order to have what it called \u201ca clear framework\u201d for its targeted objectives, which is to ensure that helmets are designed and used primarily to ensure the safety of the rider rather than performance improvement. Any modification of therules, the statement said, would be rapidly communicated.<\/p>\n<p style=\"font-weight: 400;\">This suggests that Visma\u2013Lease a Bike, Bahrain Victorious and several unnamed teams will probably also be scrambling to find new helmets for the upcoming Grand Tours. The team of Jonas Vingegaard and Wout van Aert also reacted quickly. Visma\u2019s performance manager Mathieu Heijboer told <a href=\"https:\/\/www.ad.nl\/wielrennen\/napoleon-helm-van-visma-is-naast-grappige-attractie-plots-bittere-ernst-frappant-dat-nu-dit-statement-komt~a7004db3\/\"><em>AD<\/em><\/a>: \u201cIt\u2019s quite striking that this statement has come out now. The rules regarding dimensions and safety were drawn up a year ago. We and the helmet manufacturer Giro started working within those frameworks.\u201d<\/p>\n<p style=\"font-weight: 400;\">He went on to say that there is a strong likelihood that their helmet will be banned by the UCI and said that the UCI move was \u201cdriven by emotions and all the reactions on social media,\u201d adding, \u201cif the UCI has a problem with the design, they should have indicated this when the helmet was submitted for approval.\u201d<\/p>\n<p>Vingegaard wore the new, space-age-looking helmet for the Tirreno-Adriatica\u2019s stage 1 time trial and finished ninth, 22 seconds behind the winner, Juan Ayuso of UAE Team Emirates. Soudal\u2019s Josef Cerny wore the head sock and finished fifth, 14 seconds adrift.<\/p>\n","protected":false},"excerpt":{"rendered":"<p>Cycling\u2019s governing body the UCI has frustrated a number of teams by outlawing Specialized\u2019s new \u2018head sock\u2019 helmet and preparing [&hellip;]<\/p>\n","protected":false},"author":99,"featured_media":195162,"comment_status":"closed","ping_status":"open","sticky":false,"template":"","format":"standard","meta":{"footnotes":""},"categories":[329],"tags":[2816,7676,7675,5027,7674,7571],"global-categories":[3366],"class_list":["post-195160","post","type-post","status-publish","format-standard","has-post-thumbnail","hentry","category-road-cycling","tag-paris-nice","tag-specialized-helmet","tag-specialized-helmet-head-sock","tag-tirreno-adriatico","tag-uci-helmet-ban","tag-visma-lease-a-bike","global-categories-cycling"],"yoast_head":"<!-- This site is optimized with the Yoast SEO Premium plugin v25.3 (Yoast SEO v25.9) - https:\/\/yoast.com\/wordpress\/plugins\/seo\/ -->\n<title>UCI Helmet Move Has Teams Scratching Their Heads - \u0160koda We Love Cycling<\/title>\n<meta name=\"description\" content=\"Cycling\u2019s governing body the UCI has frustrated a number of teams by outlawing Specialized\u2019s new \u2018head sock\u2019 helmet and preparing an \u201cin-depth analysis of\" \/>\n<meta name=\"robots\" content=\"index, follow, max-snippet:-1, max-image-preview:large, max-video-preview:-1\" \/>\n<link rel=\"canonical\" href=\"https:\/\/www.welovecycling.com\/wide\/2024\/03\/07\/uci-helmet-move-has-teams-scratching-their-heads\/\" \/>\n<meta property=\"og:locale\" content=\"en_US\" \/>\n<meta property=\"og:type\" content=\"article\" \/>\n<meta property=\"og:title\" content=\"UCI Helmet Move Has Teams Scratching Their Heads\" \/>\n<meta property=\"og:description\" content=\"Cycling\u2019s governing body the UCI has frustrated a number of teams by outlawing Specialized\u2019s new \u2018head sock\u2019 helmet and preparing an \u201cin-depth analysis of\" \/>\n<meta property=\"og:url\" content=\"https:\/\/www.welovecycling.com\/wide\/2024\/03\/07\/uci-helmet-move-has-teams-scratching-their-heads\/\" \/>\n<meta property=\"og:site_name\" content=\"\u0160koda We Love Cycling\" \/>\n<meta property=\"article:published_time\" content=\"2024-03-07T11:01:47+00:00\" \/>\n<meta property=\"article:modified_time\" content=\"2024-03-07T14:36:55+00:00\" \/>\n<meta property=\"og:image\" content=\"https:\/\/d2p6e6u75xmxt8.cloudfront.net\/2\/2024\/03\/Jonas-Vingegaard-Helmet-Tirreno-profimedia-0853535574-CVR.webp\" \/>\n\t<meta property=\"og:image:width\" content=\"990\" \/>\n\t<meta property=\"og:image:height\" content=\"660\" \/>\n\t<meta property=\"og:image:type\" content=\"image\/webp\" \/>\n<meta name=\"author\" content=\"tereza\" \/>\n<meta name=\"twitter:card\" content=\"summary_large_image\" \/>\n<meta name=\"twitter:label1\" content=\"Written by\" \/>\n\t<meta name=\"twitter:data1\" content=\"Siegfried Mortkowitz\" \/>\n\t<meta name=\"twitter:label2\" content=\"Est. reading time\" \/>\n\t<meta name=\"twitter:data2\" content=\"4\" \/>\n<script type=\"application\/ld+json\" class=\"yoast-schema-graph\">{\"@context\":\"https:\/\/schema.org\",\"@graph\":[{\"@type\":\"WebPage\",\"@id\":\"https:\/\/www.welovecycling.com\/wide\/2024\/03\/07\/uci-helmet-move-has-teams-scratching-their-heads\/\",\"url\":\"https:\/\/www.welovecycling.com\/wide\/2024\/03\/07\/uci-helmet-move-has-teams-scratching-their-heads\/\",\"name\":\"UCI Helmet Move Has Teams Scratching Their Heads - \u0160koda We Love Cycling\",\"isPartOf\":{\"@id\":\"https:\/\/www.welovecycling.com\/wide\/#website\"},\"primaryImageOfPage\":{\"@id\":\"https:\/\/www.welovecycling.com\/wide\/2024\/03\/07\/uci-helmet-move-has-teams-scratching-their-heads\/#primaryimage\"},\"image\":{\"@id\":\"https:\/\/www.welovecycling.com\/wide\/2024\/03\/07\/uci-helmet-move-has-teams-scratching-their-heads\/#primaryimage\"},\"thumbnailUrl\":\"https:\/\/d2p6e6u75xmxt8.cloudfront.net\/2\/2024\/03\/Jonas-Vingegaard-Helmet-Tirreno-profimedia-0853535574-CVR.webp\",\"datePublished\":\"2024-03-07T11:01:47+00:00\",\"dateModified\":\"2024-03-07T14:36:55+00:00\",\"author\":{\"@id\":\"https:\/\/www.welovecycling.com\/wide\/#\/schema\/person\/50f01ecd18718d2333cf72e823c4f926\"},\"description\":\"Cycling\u2019s governing body the UCI has frustrated a number of teams by outlawing Specialized\u2019s new \u2018head sock\u2019 helmet and preparing an \u201cin-depth analysis of\",\"breadcrumb\":{\"@id\":\"https:\/\/www.welovecycling.com\/wide\/2024\/03\/07\/uci-helmet-move-has-teams-scratching-their-heads\/#breadcrumb\"},\"inLanguage\":\"en-US\",\"potentialAction\":[{\"@type\":\"ReadAction\",\"target\":[\"https:\/\/www.welovecycling.com\/wide\/2024\/03\/07\/uci-helmet-move-has-teams-scratching-their-heads\/\"]}]},{\"@type\":\"ImageObject\",\"inLanguage\":\"en-US\",\"@id\":\"https:\/\/www.welovecycling.com\/wide\/2024\/03\/07\/uci-helmet-move-has-teams-scratching-their-heads\/#primaryimage\",\"url\":\"https:\/\/d2p6e6u75xmxt8.cloudfront.net\/2\/2024\/03\/Jonas-Vingegaard-Helmet-Tirreno-profimedia-0853535574-CVR.webp\",\"contentUrl\":\"https:\/\/d2p6e6u75xmxt8.cloudfront.net\/2\/2024\/03\/Jonas-Vingegaard-Helmet-Tirreno-profimedia-0853535574-CVR.webp\",\"width\":990,\"height\":660,\"caption\":\"Jonas Vingeegaard\"},{\"@type\":\"BreadcrumbList\",\"@id\":\"https:\/\/www.welovecycling.com\/wide\/2024\/03\/07\/uci-helmet-move-has-teams-scratching-their-heads\/#breadcrumb\",\"itemListElement\":[{\"@type\":\"ListItem\",\"position\":1,\"name\":\"Home\",\"item\":\"https:\/\/www.welovecycling.com\/wide\/\"},{\"@type\":\"ListItem\",\"position\":2,\"name\":\"UCI Helmet Move Has Teams Scratching Their Heads\"}]},{\"@type\":\"WebSite\",\"@id\":\"https:\/\/www.welovecycling.com\/wide\/#website\",\"url\":\"https:\/\/www.welovecycling.com\/wide\/\",\"name\":\"\u0160koda We Love Cycling\",\"description\":\"\u0160koda We Love Cycling magazine\",\"alternateName\":\"\u0160koda WLC\",\"potentialAction\":[{\"@type\":\"SearchAction\",\"target\":{\"@type\":\"EntryPoint\",\"urlTemplate\":\"https:\/\/www.welovecycling.com\/wide\/?s={search_term_string}\"},\"query-input\":{\"@type\":\"PropertyValueSpecification\",\"valueRequired\":true,\"valueName\":\"search_term_string\"}}],\"inLanguage\":\"en-US\"},{\"@type\":\"Person\",\"@id\":\"https:\/\/www.welovecycling.com\/wide\/#\/schema\/person\/50f01ecd18718d2333cf72e823c4f926\",\"name\":\"tereza\",\"image\":{\"@type\":\"ImageObject\",\"inLanguage\":\"en-US\",\"@id\":\"https:\/\/www.welovecycling.com\/wide\/#\/schema\/person\/image\/\",\"url\":\"https:\/\/secure.gravatar.com\/avatar\/1f9eb71be33845f0afabce3791bc1c58ecdb0a25c62964987e5dbcf7a20d2ec7?s=96&d=mm&r=g\",\"contentUrl\":\"https:\/\/secure.gravatar.com\/avatar\/1f9eb71be33845f0afabce3791bc1c58ecdb0a25c62964987e5dbcf7a20d2ec7?s=96&d=mm&r=g\",\"caption\":\"tereza\"},\"url\":\"https:\/\/www.welovecycling.com\/wide\/author\/tereza\/\"}]}<\/script>\n<!-- \/ Yoast SEO Premium plugin. -->","yoast_head_json":{"title":"UCI Helmet Move Has Teams Scratching Their Heads - \u0160koda We Love Cycling","description":"Cycling\u2019s governing body the UCI has frustrated a number of teams by outlawing Specialized\u2019s new \u2018head sock\u2019 helmet and preparing an \u201cin-depth analysis of","robots":{"index":"index","follow":"follow","max-snippet":"max-snippet:-1","max-image-preview":"max-image-preview:large","max-video-preview":"max-video-preview:-1"},"canonical":"https:\/\/www.welovecycling.com\/wide\/2024\/03\/07\/uci-helmet-move-has-teams-scratching-their-heads\/","og_locale":"en_US","og_type":"article","og_title":"UCI Helmet Move Has Teams Scratching Their Heads","og_description":"Cycling\u2019s governing body the UCI has frustrated a number of teams by outlawing Specialized\u2019s new \u2018head sock\u2019 helmet and preparing an \u201cin-depth analysis of","og_url":"https:\/\/www.welovecycling.com\/wide\/2024\/03\/07\/uci-helmet-move-has-teams-scratching-their-heads\/","og_site_name":"\u0160koda We Love Cycling","article_published_time":"2024-03-07T11:01:47+00:00","article_modified_time":"2024-03-07T14:36:55+00:00","og_image":[{"width":990,"height":660,"url":"https:\/\/d2p6e6u75xmxt8.cloudfront.net\/2\/2024\/03\/Jonas-Vingegaard-Helmet-Tirreno-profimedia-0853535574-CVR.webp","type":"image\/webp"}],"author":"tereza","twitter_card":"summary_large_image","twitter_misc":{"Written by":"Siegfried Mortkowitz","Est. reading time":"4"},"schema":{"@context":"https:\/\/schema.org","@graph":[{"@type":"WebPage","@id":"https:\/\/www.welovecycling.com\/wide\/2024\/03\/07\/uci-helmet-move-has-teams-scratching-their-heads\/","url":"https:\/\/www.welovecycling.com\/wide\/2024\/03\/07\/uci-helmet-move-has-teams-scratching-their-heads\/","name":"UCI Helmet Move Has Teams Scratching Their Heads - \u0160koda We Love Cycling","isPartOf":{"@id":"https:\/\/www.welovecycling.com\/wide\/#website"},"primaryImageOfPage":{"@id":"https:\/\/www.welovecycling.com\/wide\/2024\/03\/07\/uci-helmet-move-has-teams-scratching-their-heads\/#primaryimage"},"image":{"@id":"https:\/\/www.welovecycling.com\/wide\/2024\/03\/07\/uci-helmet-move-has-teams-scratching-their-heads\/#primaryimage"},"thumbnailUrl":"https:\/\/d2p6e6u75xmxt8.cloudfront.net\/2\/2024\/03\/Jonas-Vingegaard-Helmet-Tirreno-profimedia-0853535574-CVR.webp","datePublished":"2024-03-07T11:01:47+00:00","dateModified":"2024-03-07T14:36:55+00:00","author":{"@id":"https:\/\/www.welovecycling.com\/wide\/#\/schema\/person\/50f01ecd18718d2333cf72e823c4f926"},"description":"Cycling\u2019s governing body the UCI has frustrated a number of teams by outlawing Specialized\u2019s new \u2018head sock\u2019 helmet and preparing an \u201cin-depth analysis of","breadcrumb":{"@id":"https:\/\/www.welovecycling.com\/wide\/2024\/03\/07\/uci-helmet-move-has-teams-scratching-their-heads\/#breadcrumb"},"inLanguage":"en-US","potentialAction":[{"@type":"ReadAction","target":["https:\/\/www.welovecycling.com\/wide\/2024\/03\/07\/uci-helmet-move-has-teams-scratching-their-heads\/"]}]},{"@type":"ImageObject","inLanguage":"en-US","@id":"https:\/\/www.welovecycling.com\/wide\/2024\/03\/07\/uci-helmet-move-has-teams-scratching-their-heads\/#primaryimage","url":"https:\/\/d2p6e6u75xmxt8.cloudfront.net\/2\/2024\/03\/Jonas-Vingegaard-Helmet-Tirreno-profimedia-0853535574-CVR.webp","contentUrl":"https:\/\/d2p6e6u75xmxt8.cloudfront.net\/2\/2024\/03\/Jonas-Vingegaard-Helmet-Tirreno-profimedia-0853535574-CVR.webp","width":990,"height":660,"caption":"Jonas Vingeegaard"},{"@type":"BreadcrumbList","@id":"https:\/\/www.welovecycling.com\/wide\/2024\/03\/07\/uci-helmet-move-has-teams-scratching-their-heads\/#breadcrumb","itemListElement":[{"@type":"ListItem","position":1,"name":"Home","item":"https:\/\/www.welovecycling.com\/wide\/"},{"@type":"ListItem","position":2,"name":"UCI Helmet Move Has Teams Scratching Their Heads"}]},{"@type":"WebSite","@id":"https:\/\/www.welovecycling.com\/wide\/#website","url":"https:\/\/www.welovecycling.com\/wide\/","name":"\u0160koda We Love Cycling","description":"\u0160koda We Love Cycling magazine","alternateName":"\u0160koda WLC","potentialAction":[{"@type":"SearchAction","target":{"@type":"EntryPoint","urlTemplate":"https:\/\/www.welovecycling.com\/wide\/?s={search_term_string}"},"query-input":{"@type":"PropertyValueSpecification","valueRequired":true,"valueName":"search_term_string"}}],"inLanguage":"en-US"},{"@type":"Person","@id":"https:\/\/www.welovecycling.com\/wide\/#\/schema\/person\/50f01ecd18718d2333cf72e823c4f926","name":"tereza","image":{"@type":"ImageObject","inLanguage":"en-US","@id":"https:\/\/www.welovecycling.com\/wide\/#\/schema\/person\/image\/","url":"https:\/\/secure.gravatar.com\/avatar\/1f9eb71be33845f0afabce3791bc1c58ecdb0a25c62964987e5dbcf7a20d2ec7?s=96&d=mm&r=g","contentUrl":"https:\/\/secure.gravatar.com\/avatar\/1f9eb71be33845f0afabce3791bc1c58ecdb0a25c62964987e5dbcf7a20d2ec7?s=96&d=mm&r=g","caption":"tereza"},"url":"https:\/\/www.welovecycling.com\/wide\/author\/tereza\/"}]}},"_links":{"self":[{"href":"https:\/\/www.welovecycling.com\/wide\/wp-json\/wp\/v2\/posts\/195160","targetHints":{"allow":["GET"]}}],"collection":[{"href":"https:\/\/www.welovecycling.com\/wide\/wp-json\/wp\/v2\/posts"}],"about":[{"href":"https:\/\/www.welovecycling.com\/wide\/wp-json\/wp\/v2\/types\/post"}],"author":[{"embeddable":true,"href":"https:\/\/www.welovecycling.com\/wide\/wp-json\/wp\/v2\/users\/99"}],"replies":[{"embeddable":true,"href":"https:\/\/www.welovecycling.com\/wide\/wp-json\/wp\/v2\/comments?post=195160"}],"version-history":[{"count":3,"href":"https:\/\/www.welovecycling.com\/wide\/wp-json\/wp\/v2\/posts\/195160\/revisions"}],"predecessor-version":[{"id":195167,"href":"https:\/\/www.welovecycling.com\/wide\/wp-json\/wp\/v2\/posts\/195160\/revisions\/195167"}],"wp:featuredmedia":[{"embeddable":true,"href":"https:\/\/www.welovecycling.com\/wide\/wp-json\/wp\/v2\/media\/195162"}],"wp:attachment":[{"href":"https:\/\/www.welovecycling.com\/wide\/wp-json\/wp\/v2\/media?parent=195160"}],"wp:term":[{"taxonomy":"category","embeddable":true,"href":"https:\/\/www.welovecycling.com\/wide\/wp-json\/wp\/v2\/categories?post=195160"},{"taxonomy":"post_tag","embeddable":true,"href":"https:\/\/www.welovecycling.com\/wide\/wp-json\/wp\/v2\/tags?post=195160"},{"taxonomy":"global-categories","embeddable":true,"href":"https:\/\/www.welovecycling.com\/wide\/wp-json\/wp\/v2\/global-categories?post=195160"}],"curies":[{"name":"wp","href":"https:\/\/api.w.org\/{rel}","templated":true}]}}