{"id":195022,"date":"2024-02-16T08:10:32","date_gmt":"2024-02-16T08:10:32","guid":{"rendered":"https:\/\/www.welovecycling.com\/wide\/?p=195022"},"modified":"2024-02-16T17:03:19","modified_gmt":"2024-02-16T17:03:19","slug":"kopecky-reaches-another-pinnacle-and-lays-claim-to-being-the-worlds-best","status":"publish","type":"post","link":"https:\/\/www.welovecycling.com\/wide\/2024\/02\/16\/kopecky-reaches-another-pinnacle-and-lays-claim-to-being-the-worlds-best\/","title":{"rendered":"Kopecky Reaches Another Pinnacle and Lays Claim to Being the World\u2019s Best"},"content":{"rendered":"<p><strong>Who wins track world championships like Filippo Ganna, road race world championships like Mathieu van der Poel, leads out like Danny van Poppel and climbs like Wout van Aert? Here\u2019s a clue: it\u2019s not a rider of the male persuasion.<\/strong><\/p>\n<p><!--more--><\/p>\n<p>Easy, right? Of course, it\u2019s Lotte Kopecky of SD Worx, who added to her reputation as the best all-around rider in the world when she won stage 3 of the recent UAE Tour by winning her first-ever mountain climb, the ascent to the summit of the tough Jebel Hafeet (10.8km @ 6.8%). She had already proved that she could climb in last year\u2019s <a href=\"http:\/\/letourfemmes.fr\">Tour de France Femmes avec Zwift,<\/a> when she finished a respectable sixth in the queen stage, which ended with an ascent of the formidable Tourmalet (17.2km @ 7.3%).<\/p>\n<p>But winning a long, steep climb was always a challenge for the 28-year-old Belgian because, let\u2019s face it, she does not have the ideal build of a natural climber, standing 1.7m and weighing in at 66kg. Climbers are generally built like two-time Tour winners Tadej Poga\u010dar, who also weighs 66kg but is 6cm taller than Kopecky, and Jonas Vingegaard (only 60kg @ 1.75m). They both carry less weight per cm and are therefore able to generate more power with every pedal stroke.<\/p>\n<p>Put another way, all things being equal, Kopecky carries more weight up the mountain. Her SD Worx teammate Demi Vollering, who won the climb up the Tourmalet last year, stands at 172m and weighs an estimated 58kg. So Kopecky will probably never beat her or others of similar build on the Tourmalet, but based on her performance on the Jebel Hafeet she will come closer this year and will be a worry for her rivals on other mountains.<\/p>\n<p>In the UAE Tour, she also led out Lorena Wiebes in the first two stages to two sprint victories, enabling her teammate to dominate the points classification. And who finished second in the green jersey race? Yup, Kopecky. And let\u2019s recall that she won last year\u2019s TdFF \u0160koda Green Jersey, came in third in the last-stage ITT, behind teammates Marlen Reusser and Vollering, and finished second in the GC.<\/p>\n<figure id=\"attachment_193562\" aria-describedby=\"caption-attachment-193562\" style=\"width: 990px\" class=\"wp-caption alignnone\"><a href=\"https:\/\/d2p6e6u75xmxt8.cloudfront.net\/2\/2023\/07\/Lotte-Kopecky-profimedia-0791809450-CVR.webp\"><img loading=\"lazy\" decoding=\"async\" class=\"wp-image-193562 size-full\" src=\"https:\/\/d2p6e6u75xmxt8.cloudfront.net\/2\/2023\/07\/Lotte-Kopecky-profimedia-0791809450-CVR.webp\" alt=\"Lotte Kopecky\" width=\"990\" height=\"660\" srcset=\"https:\/\/d2p6e6u75xmxt8.cloudfront.net\/2\/2023\/07\/Lotte-Kopecky-profimedia-0791809450-CVR.webp 990w, https:\/\/d2p6e6u75xmxt8.cloudfront.net\/2\/2023\/07\/Lotte-Kopecky-profimedia-0791809450-CVR-300x200.webp 300w, https:\/\/d2p6e6u75xmxt8.cloudfront.net\/2\/2023\/07\/Lotte-Kopecky-profimedia-0791809450-CVR-768x512.webp 768w, https:\/\/d2p6e6u75xmxt8.cloudfront.net\/2\/2023\/07\/Lotte-Kopecky-profimedia-0791809450-CVR-400x267.webp 400w, https:\/\/d2p6e6u75xmxt8.cloudfront.net\/2\/2023\/07\/Lotte-Kopecky-profimedia-0791809450-CVR-272x182.webp 272w\" sizes=\"auto, (max-width: 990px) 100vw, 990px\" \/><\/a><figcaption id=\"caption-attachment-193562\" class=\"wp-caption-text\">Kopecky in the \u0160koda Green Jersey she won at the 2023 Tour de France Femmes avec Zwift. \u00a9 Profimedia<\/figcaption><\/figure>\n<p>Naturally, the reigning women\u2019s road race world champion was delighted that she had reached another milestone in her career. \u201cThis is my first mountain victory ever. This is crazy,\u201d Kopecky said after the stage. &#8220;I was very motivated. I felt the team had a lot of confidence in me and I had also studied the climb well in terms of the gradients. Of course I had hoped for this beforehand, but to live up to it\u2026 This is very good for [my] confidence.\u201d<\/p>\n<p>She explained that, in addition to strength and stamina, a difficult climb also requires constant self-awareness. \u201cOn a climb, you can feel good one minute and practically explode 30 seconds later,\u201d she said. \u201cThat&#8217;s why I wasn&#8217;t thinking about the victory and just watched kilometer by kilometer how I felt.\u201d<\/p>\n<p>The UAE Tour win was her second World Tour stage-race win. Her first was in last year\u2019s Simac Ladies Tour, in which she won the ITT, beating Vollering and Wiebes as well as the strong British duo of Zoe B\u00e4ckstedt (Canyon-SRAM Racing) and Anna Henderson (Visma\u2013Lease a Bike). She began this year with a bang, winning two European Track Championships in January in 19 minutes(!).<\/p>\n<p>Of course, she is targeting gold in this year\u2019s Paris Olympics in both track and road racing \u2013 after she has added to her career a total of three Classics and two Monuments. Kopecky is optimistic about her chances. \u201cThe Tour of Flanders and Paris-Roubaix are still far away,\u201d she said, \u201cbut I do think I\u2019m well on track given the training buildup I\u2019ve had and the training sessions that are still to come.\u201d<\/p>\n","protected":false},"excerpt":{"rendered":"<p>Who wins track world championships like Filippo Ganna, road race world championships like Mathieu van der Poel, leads out like [&hellip;]<\/p>\n","protected":false},"author":99,"featured_media":195024,"comment_status":"closed","ping_status":"open","sticky":false,"template":"","format":"standard","meta":{"footnotes":""},"categories":[329],"tags":[3771,3773,5724,5518,538,2264,6079],"global-categories":[3366],"class_list":["post-195022","post","type-post","status-publish","format-standard","has-post-thumbnail","hentry","category-road-cycling","tag-demi-vollering","tag-lorena-wiebes","tag-lotte-kopecky","tag-marlen-reusser","tag-women-cycling","tag-womens-cycling","tag-zoe-backstedt","global-categories-cycling"],"yoast_head":"<!-- This site is optimized with the Yoast SEO Premium plugin v25.3 (Yoast SEO v25.9) - https:\/\/yoast.com\/wordpress\/plugins\/seo\/ -->\n<title>Lotte Kopecky Lays Claim to Being the World\u2019s Best<\/title>\n<meta name=\"description\" content=\"Who wins track world championships like Filippo Ganna, road race world championships like Mathieu van der Poel, leads out like Danny van Poppel and climbs\" \/>\n<meta name=\"robots\" content=\"index, follow, max-snippet:-1, max-image-preview:large, max-video-preview:-1\" \/>\n<link rel=\"canonical\" href=\"https:\/\/www.welovecycling.com\/wide\/2024\/02\/16\/kopecky-reaches-another-pinnacle-and-lays-claim-to-being-the-worlds-best\/\" \/>\n<meta property=\"og:locale\" content=\"en_US\" \/>\n<meta property=\"og:type\" content=\"article\" \/>\n<meta property=\"og:title\" content=\"Kopecky Reaches Another Pinnacle and Lays Claim to Being the World\u2019s Best\" \/>\n<meta property=\"og:description\" content=\"Who wins track world championships like Filippo Ganna, road race world championships like Mathieu van der Poel, leads out like Danny van Poppel and climbs\" \/>\n<meta property=\"og:url\" content=\"https:\/\/www.welovecycling.com\/wide\/2024\/02\/16\/kopecky-reaches-another-pinnacle-and-lays-claim-to-being-the-worlds-best\/\" \/>\n<meta property=\"og:site_name\" content=\"\u0160koda We Love Cycling\" \/>\n<meta property=\"article:published_time\" content=\"2024-02-16T08:10:32+00:00\" \/>\n<meta property=\"article:modified_time\" content=\"2024-02-16T17:03:19+00:00\" \/>\n<meta property=\"og:image\" content=\"https:\/\/d2p6e6u75xmxt8.cloudfront.net\/2\/2024\/02\/Lotte-Kopecky-profimedia-0822733483-CVR.webp\" \/>\n\t<meta property=\"og:image:width\" content=\"990\" \/>\n\t<meta property=\"og:image:height\" content=\"660\" \/>\n\t<meta property=\"og:image:type\" content=\"image\/webp\" \/>\n<meta name=\"author\" content=\"tereza\" \/>\n<meta name=\"twitter:card\" content=\"summary_large_image\" \/>\n<meta name=\"twitter:label1\" content=\"Written by\" \/>\n\t<meta name=\"twitter:data1\" content=\"Siegfried Mortkowitz\" \/>\n\t<meta name=\"twitter:label2\" content=\"Est. reading time\" \/>\n\t<meta name=\"twitter:data2\" content=\"4\" \/>\n<script type=\"application\/ld+json\" class=\"yoast-schema-graph\">{\"@context\":\"https:\/\/schema.org\",\"@graph\":[{\"@type\":\"WebPage\",\"@id\":\"https:\/\/www.welovecycling.com\/wide\/2024\/02\/16\/kopecky-reaches-another-pinnacle-and-lays-claim-to-being-the-worlds-best\/\",\"url\":\"https:\/\/www.welovecycling.com\/wide\/2024\/02\/16\/kopecky-reaches-another-pinnacle-and-lays-claim-to-being-the-worlds-best\/\",\"name\":\"Lotte Kopecky Lays Claim to Being the World\u2019s Best\",\"isPartOf\":{\"@id\":\"https:\/\/www.welovecycling.com\/wide\/#website\"},\"primaryImageOfPage\":{\"@id\":\"https:\/\/www.welovecycling.com\/wide\/2024\/02\/16\/kopecky-reaches-another-pinnacle-and-lays-claim-to-being-the-worlds-best\/#primaryimage\"},\"image\":{\"@id\":\"https:\/\/www.welovecycling.com\/wide\/2024\/02\/16\/kopecky-reaches-another-pinnacle-and-lays-claim-to-being-the-worlds-best\/#primaryimage\"},\"thumbnailUrl\":\"https:\/\/d2p6e6u75xmxt8.cloudfront.net\/2\/2024\/02\/Lotte-Kopecky-profimedia-0822733483-CVR.webp\",\"datePublished\":\"2024-02-16T08:10:32+00:00\",\"dateModified\":\"2024-02-16T17:03:19+00:00\",\"author\":{\"@id\":\"https:\/\/www.welovecycling.com\/wide\/#\/schema\/person\/50f01ecd18718d2333cf72e823c4f926\"},\"description\":\"Who wins track world championships like Filippo Ganna, road race world championships like Mathieu van der Poel, leads out like Danny van Poppel and climbs\",\"breadcrumb\":{\"@id\":\"https:\/\/www.welovecycling.com\/wide\/2024\/02\/16\/kopecky-reaches-another-pinnacle-and-lays-claim-to-being-the-worlds-best\/#breadcrumb\"},\"inLanguage\":\"en-US\",\"potentialAction\":[{\"@type\":\"ReadAction\",\"target\":[\"https:\/\/www.welovecycling.com\/wide\/2024\/02\/16\/kopecky-reaches-another-pinnacle-and-lays-claim-to-being-the-worlds-best\/\"]}]},{\"@type\":\"ImageObject\",\"inLanguage\":\"en-US\",\"@id\":\"https:\/\/www.welovecycling.com\/wide\/2024\/02\/16\/kopecky-reaches-another-pinnacle-and-lays-claim-to-being-the-worlds-best\/#primaryimage\",\"url\":\"https:\/\/d2p6e6u75xmxt8.cloudfront.net\/2\/2024\/02\/Lotte-Kopecky-profimedia-0822733483-CVR.webp\",\"contentUrl\":\"https:\/\/d2p6e6u75xmxt8.cloudfront.net\/2\/2024\/02\/Lotte-Kopecky-profimedia-0822733483-CVR.webp\",\"width\":990,\"height\":660,\"caption\":\"Lotte Kopecky\"},{\"@type\":\"BreadcrumbList\",\"@id\":\"https:\/\/www.welovecycling.com\/wide\/2024\/02\/16\/kopecky-reaches-another-pinnacle-and-lays-claim-to-being-the-worlds-best\/#breadcrumb\",\"itemListElement\":[{\"@type\":\"ListItem\",\"position\":1,\"name\":\"Home\",\"item\":\"https:\/\/www.welovecycling.com\/wide\/\"},{\"@type\":\"ListItem\",\"position\":2,\"name\":\"Kopecky Reaches Another Pinnacle and Lays Claim to Being the World\u2019s Best\"}]},{\"@type\":\"WebSite\",\"@id\":\"https:\/\/www.welovecycling.com\/wide\/#website\",\"url\":\"https:\/\/www.welovecycling.com\/wide\/\",\"name\":\"\u0160koda We Love Cycling\",\"description\":\"\u0160koda We Love Cycling magazine\",\"alternateName\":\"\u0160koda WLC\",\"potentialAction\":[{\"@type\":\"SearchAction\",\"target\":{\"@type\":\"EntryPoint\",\"urlTemplate\":\"https:\/\/www.welovecycling.com\/wide\/?s={search_term_string}\"},\"query-input\":{\"@type\":\"PropertyValueSpecification\",\"valueRequired\":true,\"valueName\":\"search_term_string\"}}],\"inLanguage\":\"en-US\"},{\"@type\":\"Person\",\"@id\":\"https:\/\/www.welovecycling.com\/wide\/#\/schema\/person\/50f01ecd18718d2333cf72e823c4f926\",\"name\":\"tereza\",\"image\":{\"@type\":\"ImageObject\",\"inLanguage\":\"en-US\",\"@id\":\"https:\/\/www.welovecycling.com\/wide\/#\/schema\/person\/image\/\",\"url\":\"https:\/\/secure.gravatar.com\/avatar\/1f9eb71be33845f0afabce3791bc1c58ecdb0a25c62964987e5dbcf7a20d2ec7?s=96&d=mm&r=g\",\"contentUrl\":\"https:\/\/secure.gravatar.com\/avatar\/1f9eb71be33845f0afabce3791bc1c58ecdb0a25c62964987e5dbcf7a20d2ec7?s=96&d=mm&r=g\",\"caption\":\"tereza\"},\"url\":\"https:\/\/www.welovecycling.com\/wide\/author\/tereza\/\"}]}<\/script>\n<!-- \/ Yoast SEO Premium plugin. -->","yoast_head_json":{"title":"Lotte Kopecky Lays Claim to Being the World\u2019s Best","description":"Who wins track world championships like Filippo Ganna, road race world championships like Mathieu van der Poel, leads out like Danny van Poppel and climbs","robots":{"index":"index","follow":"follow","max-snippet":"max-snippet:-1","max-image-preview":"max-image-preview:large","max-video-preview":"max-video-preview:-1"},"canonical":"https:\/\/www.welovecycling.com\/wide\/2024\/02\/16\/kopecky-reaches-another-pinnacle-and-lays-claim-to-being-the-worlds-best\/","og_locale":"en_US","og_type":"article","og_title":"Kopecky Reaches Another Pinnacle and Lays Claim to Being the World\u2019s Best","og_description":"Who wins track world championships like Filippo Ganna, road race world championships like Mathieu van der Poel, leads out like Danny van Poppel and climbs","og_url":"https:\/\/www.welovecycling.com\/wide\/2024\/02\/16\/kopecky-reaches-another-pinnacle-and-lays-claim-to-being-the-worlds-best\/","og_site_name":"\u0160koda We Love Cycling","article_published_time":"2024-02-16T08:10:32+00:00","article_modified_time":"2024-02-16T17:03:19+00:00","og_image":[{"width":990,"height":660,"url":"https:\/\/d2p6e6u75xmxt8.cloudfront.net\/2\/2024\/02\/Lotte-Kopecky-profimedia-0822733483-CVR.webp","type":"image\/webp"}],"author":"tereza","twitter_card":"summary_large_image","twitter_misc":{"Written by":"Siegfried Mortkowitz","Est. reading time":"4"},"schema":{"@context":"https:\/\/schema.org","@graph":[{"@type":"WebPage","@id":"https:\/\/www.welovecycling.com\/wide\/2024\/02\/16\/kopecky-reaches-another-pinnacle-and-lays-claim-to-being-the-worlds-best\/","url":"https:\/\/www.welovecycling.com\/wide\/2024\/02\/16\/kopecky-reaches-another-pinnacle-and-lays-claim-to-being-the-worlds-best\/","name":"Lotte Kopecky Lays Claim to Being the World\u2019s Best","isPartOf":{"@id":"https:\/\/www.welovecycling.com\/wide\/#website"},"primaryImageOfPage":{"@id":"https:\/\/www.welovecycling.com\/wide\/2024\/02\/16\/kopecky-reaches-another-pinnacle-and-lays-claim-to-being-the-worlds-best\/#primaryimage"},"image":{"@id":"https:\/\/www.welovecycling.com\/wide\/2024\/02\/16\/kopecky-reaches-another-pinnacle-and-lays-claim-to-being-the-worlds-best\/#primaryimage"},"thumbnailUrl":"https:\/\/d2p6e6u75xmxt8.cloudfront.net\/2\/2024\/02\/Lotte-Kopecky-profimedia-0822733483-CVR.webp","datePublished":"2024-02-16T08:10:32+00:00","dateModified":"2024-02-16T17:03:19+00:00","author":{"@id":"https:\/\/www.welovecycling.com\/wide\/#\/schema\/person\/50f01ecd18718d2333cf72e823c4f926"},"description":"Who wins track world championships like Filippo Ganna, road race world championships like Mathieu van der Poel, leads out like Danny van Poppel and climbs","breadcrumb":{"@id":"https:\/\/www.welovecycling.com\/wide\/2024\/02\/16\/kopecky-reaches-another-pinnacle-and-lays-claim-to-being-the-worlds-best\/#breadcrumb"},"inLanguage":"en-US","potentialAction":[{"@type":"ReadAction","target":["https:\/\/www.welovecycling.com\/wide\/2024\/02\/16\/kopecky-reaches-another-pinnacle-and-lays-claim-to-being-the-worlds-best\/"]}]},{"@type":"ImageObject","inLanguage":"en-US","@id":"https:\/\/www.welovecycling.com\/wide\/2024\/02\/16\/kopecky-reaches-another-pinnacle-and-lays-claim-to-being-the-worlds-best\/#primaryimage","url":"https:\/\/d2p6e6u75xmxt8.cloudfront.net\/2\/2024\/02\/Lotte-Kopecky-profimedia-0822733483-CVR.webp","contentUrl":"https:\/\/d2p6e6u75xmxt8.cloudfront.net\/2\/2024\/02\/Lotte-Kopecky-profimedia-0822733483-CVR.webp","width":990,"height":660,"caption":"Lotte Kopecky"},{"@type":"BreadcrumbList","@id":"https:\/\/www.welovecycling.com\/wide\/2024\/02\/16\/kopecky-reaches-another-pinnacle-and-lays-claim-to-being-the-worlds-best\/#breadcrumb","itemListElement":[{"@type":"ListItem","position":1,"name":"Home","item":"https:\/\/www.welovecycling.com\/wide\/"},{"@type":"ListItem","position":2,"name":"Kopecky Reaches Another Pinnacle and Lays Claim to Being the World\u2019s Best"}]},{"@type":"WebSite","@id":"https:\/\/www.welovecycling.com\/wide\/#website","url":"https:\/\/www.welovecycling.com\/wide\/","name":"\u0160koda We Love Cycling","description":"\u0160koda We Love Cycling magazine","alternateName":"\u0160koda WLC","potentialAction":[{"@type":"SearchAction","target":{"@type":"EntryPoint","urlTemplate":"https:\/\/www.welovecycling.com\/wide\/?s={search_term_string}"},"query-input":{"@type":"PropertyValueSpecification","valueRequired":true,"valueName":"search_term_string"}}],"inLanguage":"en-US"},{"@type":"Person","@id":"https:\/\/www.welovecycling.com\/wide\/#\/schema\/person\/50f01ecd18718d2333cf72e823c4f926","name":"tereza","image":{"@type":"ImageObject","inLanguage":"en-US","@id":"https:\/\/www.welovecycling.com\/wide\/#\/schema\/person\/image\/","url":"https:\/\/secure.gravatar.com\/avatar\/1f9eb71be33845f0afabce3791bc1c58ecdb0a25c62964987e5dbcf7a20d2ec7?s=96&d=mm&r=g","contentUrl":"https:\/\/secure.gravatar.com\/avatar\/1f9eb71be33845f0afabce3791bc1c58ecdb0a25c62964987e5dbcf7a20d2ec7?s=96&d=mm&r=g","caption":"tereza"},"url":"https:\/\/www.welovecycling.com\/wide\/author\/tereza\/"}]}},"_links":{"self":[{"href":"https:\/\/www.welovecycling.com\/wide\/wp-json\/wp\/v2\/posts\/195022","targetHints":{"allow":["GET"]}}],"collection":[{"href":"https:\/\/www.welovecycling.com\/wide\/wp-json\/wp\/v2\/posts"}],"about":[{"href":"https:\/\/www.welovecycling.com\/wide\/wp-json\/wp\/v2\/types\/post"}],"author":[{"embeddable":true,"href":"https:\/\/www.welovecycling.com\/wide\/wp-json\/wp\/v2\/users\/99"}],"replies":[{"embeddable":true,"href":"https:\/\/www.welovecycling.com\/wide\/wp-json\/wp\/v2\/comments?post=195022"}],"version-history":[{"count":3,"href":"https:\/\/www.welovecycling.com\/wide\/wp-json\/wp\/v2\/posts\/195022\/revisions"}],"predecessor-version":[{"id":195026,"href":"https:\/\/www.welovecycling.com\/wide\/wp-json\/wp\/v2\/posts\/195022\/revisions\/195026"}],"wp:featuredmedia":[{"embeddable":true,"href":"https:\/\/www.welovecycling.com\/wide\/wp-json\/wp\/v2\/media\/195024"}],"wp:attachment":[{"href":"https:\/\/www.welovecycling.com\/wide\/wp-json\/wp\/v2\/media?parent=195022"}],"wp:term":[{"taxonomy":"category","embeddable":true,"href":"https:\/\/www.welovecycling.com\/wide\/wp-json\/wp\/v2\/categories?post=195022"},{"taxonomy":"post_tag","embeddable":true,"href":"https:\/\/www.welovecycling.com\/wide\/wp-json\/wp\/v2\/tags?post=195022"},{"taxonomy":"global-categories","embeddable":true,"href":"https:\/\/www.welovecycling.com\/wide\/wp-json\/wp\/v2\/global-categories?post=195022"}],"curies":[{"name":"wp","href":"https:\/\/api.w.org\/{rel}","templated":true}]}}