{"id":194760,"date":"2024-01-08T10:11:21","date_gmt":"2024-01-08T10:11:21","guid":{"rendered":"https:\/\/www.welovecycling.com\/wide\/?p=194760"},"modified":"2024-03-04T11:53:04","modified_gmt":"2024-03-04T11:53:04","slug":"mathieu-van-der-poels-on-zonhoven-world-cup-win-im-always-happy-to-win","status":"publish","type":"post","link":"https:\/\/www.welovecycling.com\/wide\/2024\/01\/08\/mathieu-van-der-poels-on-zonhoven-world-cup-win-im-always-happy-to-win\/","title":{"rendered":"Mathieu van der Poel on Zonhoven World Cup Win:\u00a0\u201cI\u2019m Always Happy to Win\u201d"},"content":{"rendered":"<p class=\"-wm-MsoNormal\"><strong>Mathieu van der Poel demonstrated his unrivaled talent in cyclo-cross by clinching his fourth consecutive World Cup victory in Zonhoven. This win marks his tenth victory in as many starts this season.<\/strong><\/p>\n<p><!--more--><\/p>\n<p class=\"-wm-MsoNormal\">The race, marked by van der Poel&#8217;s tactical brilliance, saw him breaking away from his main competitors, teams Baloise Trek Lions and Crelan-Corendon, early on. They couldn&#8217;t match the pace of the reigning World Champion. Van der Poel initiated his decisive move in the fourth lap of the eight-lap race, ultimately finishing with a commanding 20-second lead.<\/p>\n<p class=\"-wm-MsoNormal\">Joris Nieuwenhuis, representing Baloise Trek Lions, secured second place in a tight finish, edging out Laurens Sweeck of Crelan-Corendon, who had to settle for third. Pim Ronhaar, also from Baloise Trek Lions, came in fourth.<\/p>\n<figure id=\"attachment_194763\" aria-describedby=\"caption-attachment-194763\" style=\"width: 1250px\" class=\"wp-caption alignnone\"><a href=\"https:\/\/d2p6e6u75xmxt8.cloudfront.net\/2\/2024\/01\/Van-der-Poel-CX-Zonhoven-profimedia-0834933260.webp\"><img loading=\"lazy\" decoding=\"async\" class=\"wp-image-194763 size-full\" src=\"https:\/\/d2p6e6u75xmxt8.cloudfront.net\/2\/2024\/01\/Van-der-Poel-CX-Zonhoven-profimedia-0834933260.webp\" alt=\"Mathieu van der Poel\" width=\"1250\" height=\"831\" srcset=\"https:\/\/d2p6e6u75xmxt8.cloudfront.net\/2\/2024\/01\/Van-der-Poel-CX-Zonhoven-profimedia-0834933260.webp 1250w, https:\/\/d2p6e6u75xmxt8.cloudfront.net\/2\/2024\/01\/Van-der-Poel-CX-Zonhoven-profimedia-0834933260-300x199.webp 300w, https:\/\/d2p6e6u75xmxt8.cloudfront.net\/2\/2024\/01\/Van-der-Poel-CX-Zonhoven-profimedia-0834933260-1024x681.webp 1024w, https:\/\/d2p6e6u75xmxt8.cloudfront.net\/2\/2024\/01\/Van-der-Poel-CX-Zonhoven-profimedia-0834933260-768x511.webp 768w, https:\/\/d2p6e6u75xmxt8.cloudfront.net\/2\/2024\/01\/Van-der-Poel-CX-Zonhoven-profimedia-0834933260-400x266.webp 400w, https:\/\/d2p6e6u75xmxt8.cloudfront.net\/2\/2024\/01\/Van-der-Poel-CX-Zonhoven-profimedia-0834933260-272x182.webp 272w\" sizes=\"auto, (max-width: 1250px) 100vw, 1250px\" \/><\/a><figcaption id=\"caption-attachment-194763\" class=\"wp-caption-text\">Mathieu van der Poel demonstrated his unrivaled talent in cyclo-cross by clinching his fourth consecutive World Cup victory in Zonhoven. \u00a9 Profimedia<\/figcaption><\/figure>\n<p class=\"-wm-MsoNormal\">The race wasn&#8217;t without its share of drama. Toon Vandebosch of Crelan-Corendon, initially in contention for second, suffered a crash in the race&#8217;s final stages, resulting in a fifth-place finish, 59 seconds behind. The current World Cup leader, Eli Iserbyt from Pauwels Sauzen-Bingoal, faced challenges with the high pace and finished sixth, 1:11 off the pace.<\/p>\n<p class=\"-wm-MsoNormal\">Van der Poel reflected on his performance and the season, saying, \u201cI\u2019m super happy with how this part of the cyclo-cross season went, but I\u2019m also happy that I can go to Spain and work on the form again.\u201d He also noted his initial cautious approach due to the cold, stating, \u201cI wanted to see how the race developed. It was cold and took me a while before I got into my own rhythm. It\u2019s a tough race, and I didn\u2019t want to waste too much energy today.\u201d He concluded, &#8220;I\u2019m always happy to win, of course. I felt OK, and I\u2019m happy I can go and do more training.\u201d<\/p>\n<h4 class=\"-wm-MsoNormal\"><b>CX Zondhoven results<\/b><\/h4>\n<ol start=\"1\" type=\"1\">\n<li class=\"-wm-MsoNormal\">Mathieu van der Poel &#8211; 59:35<\/li>\n<li class=\"-wm-MsoNormal\">Joris Nieuwenhuis &#8211; +20 seconds<\/li>\n<li class=\"-wm-MsoNormal\">Laurens Sweeck &#8211; +22 seconds<\/li>\n<li class=\"-wm-MsoNormal\">Pim Ronhaar &#8211; +29 seconds<\/li>\n<li class=\"-wm-MsoNormal\">Toon Vandebosch &#8211; +59 seconds<\/li>\n<li class=\"-wm-MsoNormal\">Eli Iserbyt &#8211; +1:11<\/li>\n<li class=\"-wm-MsoNormal\">Emiel Verstrynge &#8211; +1:17<\/li>\n<li class=\"-wm-MsoNormal\">Lars van der Haar &#8211; +1:39<\/li>\n<li class=\"-wm-MsoNormal\">Joran Wyseure &#8211; +1:55<\/li>\n<li class=\"-wm-MsoNormal\">Ryan Kamp &#8211; +1:58<\/li>\n<\/ol>\n","protected":false},"excerpt":{"rendered":"<p>Mathieu van der Poel demonstrated his unrivaled talent in cyclo-cross by clinching his fourth consecutive World Cup victory in Zonhoven. [&hellip;]<\/p>\n","protected":false},"author":99,"featured_media":194761,"comment_status":"closed","ping_status":"open","sticky":false,"template":"","format":"standard","meta":{"footnotes":""},"categories":[328,329],"tags":[631,632,2933,7553],"global-categories":[3366],"class_list":["post-194760","post","type-post","status-publish","format-standard","has-post-thumbnail","hentry","category-outdoor-mountain","category-road-cycling","tag-cyclo-cross","tag-cyclocross","tag-mathieu-van-der-poel","tag-zonhoven-world-cup","global-categories-cycling"],"yoast_head":"<!-- This site is optimized with the Yoast SEO Premium plugin v25.3 (Yoast SEO v25.9) - https:\/\/yoast.com\/wordpress\/plugins\/seo\/ -->\n<title>Mathieu van der Poel&#039;s on Zonhoven World Cup Win<\/title>\n<meta name=\"description\" content=\"Mathieu van der Poel demonstrated his unrivaled talent in cyclo-cross by clinching his fourth consecutive World Cup victory in Zonhoven.\" \/>\n<meta name=\"robots\" content=\"index, follow, max-snippet:-1, max-image-preview:large, max-video-preview:-1\" \/>\n<link rel=\"canonical\" href=\"https:\/\/www.welovecycling.com\/wide\/2024\/01\/08\/mathieu-van-der-poels-on-zonhoven-world-cup-win-im-always-happy-to-win\/\" \/>\n<meta property=\"og:locale\" content=\"en_US\" \/>\n<meta property=\"og:type\" content=\"article\" \/>\n<meta property=\"og:title\" content=\"Mathieu van der Poel on Zonhoven World Cup Win:\u00a0\u201cI\u2019m Always Happy to Win\u201d\" \/>\n<meta property=\"og:description\" content=\"Mathieu van der Poel demonstrated his unrivaled talent in cyclo-cross by clinching his fourth consecutive World Cup victory in Zonhoven.\" \/>\n<meta property=\"og:url\" content=\"https:\/\/www.welovecycling.com\/wide\/2024\/01\/08\/mathieu-van-der-poels-on-zonhoven-world-cup-win-im-always-happy-to-win\/\" \/>\n<meta property=\"og:site_name\" content=\"\u0160koda We Love Cycling\" \/>\n<meta property=\"article:published_time\" content=\"2024-01-08T10:11:21+00:00\" \/>\n<meta property=\"article:modified_time\" content=\"2024-03-04T11:53:04+00:00\" \/>\n<meta property=\"og:image\" content=\"https:\/\/d2p6e6u75xmxt8.cloudfront.net\/2\/2024\/01\/Van-der-Poel-Zonhoven-CX-profimedia-0834299668-CVR.webp\" \/>\n\t<meta property=\"og:image:width\" content=\"990\" \/>\n\t<meta property=\"og:image:height\" content=\"660\" \/>\n\t<meta property=\"og:image:type\" content=\"image\/webp\" \/>\n<meta name=\"author\" content=\"tereza\" \/>\n<meta name=\"twitter:card\" content=\"summary_large_image\" \/>\n<meta name=\"twitter:label1\" content=\"Written by\" \/>\n\t<meta name=\"twitter:data1\" content=\"Monica Buck\" \/>\n\t<meta name=\"twitter:label2\" content=\"Est. reading time\" \/>\n\t<meta name=\"twitter:data2\" content=\"3\" \/>\n<script type=\"application\/ld+json\" class=\"yoast-schema-graph\">{\"@context\":\"https:\/\/schema.org\",\"@graph\":[{\"@type\":\"WebPage\",\"@id\":\"https:\/\/www.welovecycling.com\/wide\/2024\/01\/08\/mathieu-van-der-poels-on-zonhoven-world-cup-win-im-always-happy-to-win\/\",\"url\":\"https:\/\/www.welovecycling.com\/wide\/2024\/01\/08\/mathieu-van-der-poels-on-zonhoven-world-cup-win-im-always-happy-to-win\/\",\"name\":\"Mathieu van der Poel's on Zonhoven World Cup Win\",\"isPartOf\":{\"@id\":\"https:\/\/www.welovecycling.com\/wide\/#website\"},\"primaryImageOfPage\":{\"@id\":\"https:\/\/www.welovecycling.com\/wide\/2024\/01\/08\/mathieu-van-der-poels-on-zonhoven-world-cup-win-im-always-happy-to-win\/#primaryimage\"},\"image\":{\"@id\":\"https:\/\/www.welovecycling.com\/wide\/2024\/01\/08\/mathieu-van-der-poels-on-zonhoven-world-cup-win-im-always-happy-to-win\/#primaryimage\"},\"thumbnailUrl\":\"https:\/\/d2p6e6u75xmxt8.cloudfront.net\/2\/2024\/01\/Van-der-Poel-Zonhoven-CX-profimedia-0834299668-CVR.webp\",\"datePublished\":\"2024-01-08T10:11:21+00:00\",\"dateModified\":\"2024-03-04T11:53:04+00:00\",\"author\":{\"@id\":\"https:\/\/www.welovecycling.com\/wide\/#\/schema\/person\/50f01ecd18718d2333cf72e823c4f926\"},\"description\":\"Mathieu van der Poel demonstrated his unrivaled talent in cyclo-cross by clinching his fourth consecutive World Cup victory in Zonhoven.\",\"breadcrumb\":{\"@id\":\"https:\/\/www.welovecycling.com\/wide\/2024\/01\/08\/mathieu-van-der-poels-on-zonhoven-world-cup-win-im-always-happy-to-win\/#breadcrumb\"},\"inLanguage\":\"en-US\",\"potentialAction\":[{\"@type\":\"ReadAction\",\"target\":[\"https:\/\/www.welovecycling.com\/wide\/2024\/01\/08\/mathieu-van-der-poels-on-zonhoven-world-cup-win-im-always-happy-to-win\/\"]}]},{\"@type\":\"ImageObject\",\"inLanguage\":\"en-US\",\"@id\":\"https:\/\/www.welovecycling.com\/wide\/2024\/01\/08\/mathieu-van-der-poels-on-zonhoven-world-cup-win-im-always-happy-to-win\/#primaryimage\",\"url\":\"https:\/\/d2p6e6u75xmxt8.cloudfront.net\/2\/2024\/01\/Van-der-Poel-Zonhoven-CX-profimedia-0834299668-CVR.webp\",\"contentUrl\":\"https:\/\/d2p6e6u75xmxt8.cloudfront.net\/2\/2024\/01\/Van-der-Poel-Zonhoven-CX-profimedia-0834299668-CVR.webp\",\"width\":990,\"height\":660,\"caption\":\"Mathieu Van der Poel\"},{\"@type\":\"BreadcrumbList\",\"@id\":\"https:\/\/www.welovecycling.com\/wide\/2024\/01\/08\/mathieu-van-der-poels-on-zonhoven-world-cup-win-im-always-happy-to-win\/#breadcrumb\",\"itemListElement\":[{\"@type\":\"ListItem\",\"position\":1,\"name\":\"Home\",\"item\":\"https:\/\/www.welovecycling.com\/wide\/\"},{\"@type\":\"ListItem\",\"position\":2,\"name\":\"Mathieu van der Poel on Zonhoven World Cup Win:\u00a0\u201cI\u2019m Always Happy to Win\u201d\"}]},{\"@type\":\"WebSite\",\"@id\":\"https:\/\/www.welovecycling.com\/wide\/#website\",\"url\":\"https:\/\/www.welovecycling.com\/wide\/\",\"name\":\"\u0160koda We Love Cycling\",\"description\":\"\u0160koda We Love Cycling magazine\",\"alternateName\":\"\u0160koda WLC\",\"potentialAction\":[{\"@type\":\"SearchAction\",\"target\":{\"@type\":\"EntryPoint\",\"urlTemplate\":\"https:\/\/www.welovecycling.com\/wide\/?s={search_term_string}\"},\"query-input\":{\"@type\":\"PropertyValueSpecification\",\"valueRequired\":true,\"valueName\":\"search_term_string\"}}],\"inLanguage\":\"en-US\"},{\"@type\":\"Person\",\"@id\":\"https:\/\/www.welovecycling.com\/wide\/#\/schema\/person\/50f01ecd18718d2333cf72e823c4f926\",\"name\":\"tereza\",\"image\":{\"@type\":\"ImageObject\",\"inLanguage\":\"en-US\",\"@id\":\"https:\/\/www.welovecycling.com\/wide\/#\/schema\/person\/image\/\",\"url\":\"https:\/\/secure.gravatar.com\/avatar\/1f9eb71be33845f0afabce3791bc1c58ecdb0a25c62964987e5dbcf7a20d2ec7?s=96&d=mm&r=g\",\"contentUrl\":\"https:\/\/secure.gravatar.com\/avatar\/1f9eb71be33845f0afabce3791bc1c58ecdb0a25c62964987e5dbcf7a20d2ec7?s=96&d=mm&r=g\",\"caption\":\"tereza\"},\"url\":\"https:\/\/www.welovecycling.com\/wide\/author\/tereza\/\"}]}<\/script>\n<!-- \/ Yoast SEO Premium plugin. -->","yoast_head_json":{"title":"Mathieu van der Poel's on Zonhoven World Cup Win","description":"Mathieu van der Poel demonstrated his unrivaled talent in cyclo-cross by clinching his fourth consecutive World Cup victory in Zonhoven.","robots":{"index":"index","follow":"follow","max-snippet":"max-snippet:-1","max-image-preview":"max-image-preview:large","max-video-preview":"max-video-preview:-1"},"canonical":"https:\/\/www.welovecycling.com\/wide\/2024\/01\/08\/mathieu-van-der-poels-on-zonhoven-world-cup-win-im-always-happy-to-win\/","og_locale":"en_US","og_type":"article","og_title":"Mathieu van der Poel on Zonhoven World Cup Win:\u00a0\u201cI\u2019m Always Happy to Win\u201d","og_description":"Mathieu van der Poel demonstrated his unrivaled talent in cyclo-cross by clinching his fourth consecutive World Cup victory in Zonhoven.","og_url":"https:\/\/www.welovecycling.com\/wide\/2024\/01\/08\/mathieu-van-der-poels-on-zonhoven-world-cup-win-im-always-happy-to-win\/","og_site_name":"\u0160koda We Love Cycling","article_published_time":"2024-01-08T10:11:21+00:00","article_modified_time":"2024-03-04T11:53:04+00:00","og_image":[{"width":990,"height":660,"url":"https:\/\/d2p6e6u75xmxt8.cloudfront.net\/2\/2024\/01\/Van-der-Poel-Zonhoven-CX-profimedia-0834299668-CVR.webp","type":"image\/webp"}],"author":"tereza","twitter_card":"summary_large_image","twitter_misc":{"Written by":"Monica Buck","Est. reading time":"3"},"schema":{"@context":"https:\/\/schema.org","@graph":[{"@type":"WebPage","@id":"https:\/\/www.welovecycling.com\/wide\/2024\/01\/08\/mathieu-van-der-poels-on-zonhoven-world-cup-win-im-always-happy-to-win\/","url":"https:\/\/www.welovecycling.com\/wide\/2024\/01\/08\/mathieu-van-der-poels-on-zonhoven-world-cup-win-im-always-happy-to-win\/","name":"Mathieu van der Poel's on Zonhoven World Cup Win","isPartOf":{"@id":"https:\/\/www.welovecycling.com\/wide\/#website"},"primaryImageOfPage":{"@id":"https:\/\/www.welovecycling.com\/wide\/2024\/01\/08\/mathieu-van-der-poels-on-zonhoven-world-cup-win-im-always-happy-to-win\/#primaryimage"},"image":{"@id":"https:\/\/www.welovecycling.com\/wide\/2024\/01\/08\/mathieu-van-der-poels-on-zonhoven-world-cup-win-im-always-happy-to-win\/#primaryimage"},"thumbnailUrl":"https:\/\/d2p6e6u75xmxt8.cloudfront.net\/2\/2024\/01\/Van-der-Poel-Zonhoven-CX-profimedia-0834299668-CVR.webp","datePublished":"2024-01-08T10:11:21+00:00","dateModified":"2024-03-04T11:53:04+00:00","author":{"@id":"https:\/\/www.welovecycling.com\/wide\/#\/schema\/person\/50f01ecd18718d2333cf72e823c4f926"},"description":"Mathieu van der Poel demonstrated his unrivaled talent in cyclo-cross by clinching his fourth consecutive World Cup victory in Zonhoven.","breadcrumb":{"@id":"https:\/\/www.welovecycling.com\/wide\/2024\/01\/08\/mathieu-van-der-poels-on-zonhoven-world-cup-win-im-always-happy-to-win\/#breadcrumb"},"inLanguage":"en-US","potentialAction":[{"@type":"ReadAction","target":["https:\/\/www.welovecycling.com\/wide\/2024\/01\/08\/mathieu-van-der-poels-on-zonhoven-world-cup-win-im-always-happy-to-win\/"]}]},{"@type":"ImageObject","inLanguage":"en-US","@id":"https:\/\/www.welovecycling.com\/wide\/2024\/01\/08\/mathieu-van-der-poels-on-zonhoven-world-cup-win-im-always-happy-to-win\/#primaryimage","url":"https:\/\/d2p6e6u75xmxt8.cloudfront.net\/2\/2024\/01\/Van-der-Poel-Zonhoven-CX-profimedia-0834299668-CVR.webp","contentUrl":"https:\/\/d2p6e6u75xmxt8.cloudfront.net\/2\/2024\/01\/Van-der-Poel-Zonhoven-CX-profimedia-0834299668-CVR.webp","width":990,"height":660,"caption":"Mathieu Van der Poel"},{"@type":"BreadcrumbList","@id":"https:\/\/www.welovecycling.com\/wide\/2024\/01\/08\/mathieu-van-der-poels-on-zonhoven-world-cup-win-im-always-happy-to-win\/#breadcrumb","itemListElement":[{"@type":"ListItem","position":1,"name":"Home","item":"https:\/\/www.welovecycling.com\/wide\/"},{"@type":"ListItem","position":2,"name":"Mathieu van der Poel on Zonhoven World Cup Win:\u00a0\u201cI\u2019m Always Happy to Win\u201d"}]},{"@type":"WebSite","@id":"https:\/\/www.welovecycling.com\/wide\/#website","url":"https:\/\/www.welovecycling.com\/wide\/","name":"\u0160koda We Love Cycling","description":"\u0160koda We Love Cycling magazine","alternateName":"\u0160koda WLC","potentialAction":[{"@type":"SearchAction","target":{"@type":"EntryPoint","urlTemplate":"https:\/\/www.welovecycling.com\/wide\/?s={search_term_string}"},"query-input":{"@type":"PropertyValueSpecification","valueRequired":true,"valueName":"search_term_string"}}],"inLanguage":"en-US"},{"@type":"Person","@id":"https:\/\/www.welovecycling.com\/wide\/#\/schema\/person\/50f01ecd18718d2333cf72e823c4f926","name":"tereza","image":{"@type":"ImageObject","inLanguage":"en-US","@id":"https:\/\/www.welovecycling.com\/wide\/#\/schema\/person\/image\/","url":"https:\/\/secure.gravatar.com\/avatar\/1f9eb71be33845f0afabce3791bc1c58ecdb0a25c62964987e5dbcf7a20d2ec7?s=96&d=mm&r=g","contentUrl":"https:\/\/secure.gravatar.com\/avatar\/1f9eb71be33845f0afabce3791bc1c58ecdb0a25c62964987e5dbcf7a20d2ec7?s=96&d=mm&r=g","caption":"tereza"},"url":"https:\/\/www.welovecycling.com\/wide\/author\/tereza\/"}]}},"_links":{"self":[{"href":"https:\/\/www.welovecycling.com\/wide\/wp-json\/wp\/v2\/posts\/194760","targetHints":{"allow":["GET"]}}],"collection":[{"href":"https:\/\/www.welovecycling.com\/wide\/wp-json\/wp\/v2\/posts"}],"about":[{"href":"https:\/\/www.welovecycling.com\/wide\/wp-json\/wp\/v2\/types\/post"}],"author":[{"embeddable":true,"href":"https:\/\/www.welovecycling.com\/wide\/wp-json\/wp\/v2\/users\/99"}],"replies":[{"embeddable":true,"href":"https:\/\/www.welovecycling.com\/wide\/wp-json\/wp\/v2\/comments?post=194760"}],"version-history":[{"count":3,"href":"https:\/\/www.welovecycling.com\/wide\/wp-json\/wp\/v2\/posts\/194760\/revisions"}],"predecessor-version":[{"id":195129,"href":"https:\/\/www.welovecycling.com\/wide\/wp-json\/wp\/v2\/posts\/194760\/revisions\/195129"}],"wp:featuredmedia":[{"embeddable":true,"href":"https:\/\/www.welovecycling.com\/wide\/wp-json\/wp\/v2\/media\/194761"}],"wp:attachment":[{"href":"https:\/\/www.welovecycling.com\/wide\/wp-json\/wp\/v2\/media?parent=194760"}],"wp:term":[{"taxonomy":"category","embeddable":true,"href":"https:\/\/www.welovecycling.com\/wide\/wp-json\/wp\/v2\/categories?post=194760"},{"taxonomy":"post_tag","embeddable":true,"href":"https:\/\/www.welovecycling.com\/wide\/wp-json\/wp\/v2\/tags?post=194760"},{"taxonomy":"global-categories","embeddable":true,"href":"https:\/\/www.welovecycling.com\/wide\/wp-json\/wp\/v2\/global-categories?post=194760"}],"curies":[{"name":"wp","href":"https:\/\/api.w.org\/{rel}","templated":true}]}}