{"id":194700,"date":"2023-12-21T12:55:04","date_gmt":"2023-12-21T12:55:04","guid":{"rendered":"https:\/\/www.welovecycling.com\/wide\/?p=194700"},"modified":"2023-12-21T12:55:04","modified_gmt":"2023-12-21T12:55:04","slug":"pogacar-sets-out-ambitious-2024-to-reclaim-title-as-king-of-the-road","status":"publish","type":"post","link":"https:\/\/www.welovecycling.com\/wide\/2023\/12\/21\/pogacar-sets-out-ambitious-2024-to-reclaim-title-as-king-of-the-road\/","title":{"rendered":"Poga\u010dar Sets out Ambitious 2024 to Reclaim Title as King of the Road"},"content":{"rendered":"<p><strong>It\u2019s not surprising that Tadej Poga\u010dar has planned a very ambitious racing schedule for 2024, a schedule that, if everything falls right, could have him potentially win the Tour de France, the Giro d\u2019Italia, the World Championship, and an Olympic gold medal. That would certainly make him the undisputed \u2018King of the Road\u2019 again as he was after winning the second of his two Tour de France yellow jerseys in 2021. <\/strong><\/p>\n<p><!--more--><\/p>\n<p>Those were heady days for the now 25-year-old UAE Team Emirates leader when he was widely regarded as the second coming of the legendary <a href=\"https:\/\/www.welovecycling.com\/wide\/2020\/09\/21\/eddy-merckx-versus-the-world-at-the-1971-tour-de-france\/\" target=\"_blank\" rel=\"noopener\">Eddy Merckx<\/a> and many pundits were already counting his future Tour victories on two hands.<\/p>\n<p>But that is not how it has panned out. While no one doubts his unique cycling abilities, and many cycling aficionados still consider him the best road racer of his generation, he has not been able to confirm his early domination, not in the Tour de France, in any case. He has won a lot of one-day races since his last Tour victory but no Grand Tours, no World Championships, no prize that is equal to his reputation. He finished second on the last two Tours, well beaten by Jumbo-Visma\u2019s Jonas Vingegaard, and he has won an Olympic bronze and a World Championship bronze. But Poga\u010dar knows that podium finishes don\u2019t create legends, and anyone who has seen him race knows that he always races to win and is never satisfied when finishing second.<\/p>\n<p>The Giro-Tour double is a kind of Grand Tour Holy Grail and could refurbish his standing as the best cyclist in the world. It has not been accomplished since Marco Pantani did it in 1998. The list of the riders who have achieved it over the years reads like a Who\u2019s Who of cycling legends: Fausto Coppi, Jacques Anquetil, Bernard Hinault, Miguel Indurain, Stephen Roche and Merckx, the only rider to do it twice. It is an exploit difficult to resist for someone as ambitious and talented as Poga\u010dar.<\/p>\n<figure id=\"attachment_193532\" aria-describedby=\"caption-attachment-193532\" style=\"width: 990px\" class=\"wp-caption alignnone\"><a href=\"https:\/\/d2p6e6u75xmxt8.cloudfront.net\/2\/2023\/07\/Vingegaard-Pogacar-profimedia-0791196925.webp\"><img loading=\"lazy\" decoding=\"async\" class=\"wp-image-193532 size-full\" src=\"https:\/\/d2p6e6u75xmxt8.cloudfront.net\/2\/2023\/07\/Vingegaard-Pogacar-profimedia-0791196925.webp\" alt=\"Vingegaard and Poga\u010dar\" width=\"990\" height=\"660\" srcset=\"https:\/\/d2p6e6u75xmxt8.cloudfront.net\/2\/2023\/07\/Vingegaard-Pogacar-profimedia-0791196925.webp 990w, https:\/\/d2p6e6u75xmxt8.cloudfront.net\/2\/2023\/07\/Vingegaard-Pogacar-profimedia-0791196925-300x200.webp 300w, https:\/\/d2p6e6u75xmxt8.cloudfront.net\/2\/2023\/07\/Vingegaard-Pogacar-profimedia-0791196925-768x512.webp 768w, https:\/\/d2p6e6u75xmxt8.cloudfront.net\/2\/2023\/07\/Vingegaard-Pogacar-profimedia-0791196925-400x267.webp 400w, https:\/\/d2p6e6u75xmxt8.cloudfront.net\/2\/2023\/07\/Vingegaard-Pogacar-profimedia-0791196925-272x182.webp 272w\" sizes=\"auto, (max-width: 990px) 100vw, 990px\" \/><\/a><figcaption id=\"caption-attachment-193532\" class=\"wp-caption-text\">The 2024 season presents unique challenges for Poga\u010dar, with the Paris Olympics following the Tour de France. \u00a9 Profimedia<\/figcaption><\/figure>\n<p>\u201cI think everybody wants to do the double and it is one of the hardest things to achieve,&#8221; <a href=\"https:\/\/www.globalcyclingnetwork.com\/racing\/news\/tadej-pogacar-to-race-tour-de-france-olympics-and-worlds-after-giro-debut\">he told journalists<\/a> at the UAE Team Emirates training camp in Spain. But he is not riding the Giro purely out of personal ambition, or so he said. \u201cI could feel the team would also want me to try something else, not to repeat every year the same\u2026 and to try new challenges. Because if you do every year the same story, then I think for my body it would not be good. I think also in the team they saw this and when I proposed this to them, they immediately said, \u2018Yes, let\u2019s prepare for this.\u2019<\/p>\n<p>But, going by his schedule, there is an even greater prize to be won, the Triple Crown, which consists of the Tour, the Giro and the Road Race World Championship. Only two male riders have ever accomplished that, Merckx and Stephen Roche, and only one woman, <a href=\"https:\/\/www.welovecycling.com\/wide\/2023\/09\/01\/annemiek-van-vleutens-remarkable-cycling-career\/\" target=\"_blank\" rel=\"noopener\">Annemiek van Vleuten.<\/a><\/p>\n<p>Riding in the Giro next year, against notably Wout van Aert (Jumbo\u2013Lease a Bike) and Geraint Thomas (Ineos Grenadiers), also fulfils a boyhood dream, Poga\u010dar said. \u201cI always wanted to do the Giro. It is one of my favourite races because it is close to Slovenia and as a kid, I really loved to go to the stages of the Giro. I had one of the nicest memories from the Giro when Luka Mezgec won a stage in Trieste and I was there. It was an unforgettable moment, so it was always a dream.\u201d<\/p>\n<p>Mezgec\u2019s win was the first for a Slovenian in the Giro, and since then, there have been more Slovenian stage wins in the race. And there was Primo\u017e Rogli\u010d\u2019s GC win this year, which surely must have given Poga\u010dar added motivation. His team is providing all the support he could possibly want in his 2024 quest. Jay Vine, Rafal Majka and Felix Gro\u00dfschartner will give him ample support in the Giro mountain stages while Pavel Sivakov, Adam Yates, Juan Ayuso, Jo\u00e3o Almeida, Marc Soler, Nils Politt and Tim Wellens comprise the Dream Team that will have his back in next year\u2019s ultra-hard Tour de France.<\/p>\n<p>Naturally, Poga\u010dar\u2019s spring schedule will be far less ambitious than last year. He will ride in the Strade Bianche, Milan-Sanremo and Volta Ciclista a Catalunya in March and only Li\u00e8ge-Bastogne-Li\u00e8ge in April before he tackles the Giro. And no racing between the Giro and the Tour.<\/p>\n<p>Poga\u010dar seemed to suggest that, depending on how he does next year, he might have a bigger goal in the future. \u201cI think I know myself pretty much now that if nothing goes wrong in my head, I can do even all three Grand Tours if I want,\u201d he said. \u201cBut to race 100 per cent mentally focused is a little bit different, and you don\u2019t know until you try.\u201d<\/p>\n<p>It sounds as if he has taken stock of his last few years of racing and decided to focus on accomplishments that will best display his prodigious talents. If he even comes close to achieving his ambitious goals while competing against Vingegaard, Rogli\u010d and Remco Evenepoel, he will certainly have fulfilled his early promise.S<\/p>\n","protected":false},"excerpt":{"rendered":"<p>It\u2019s not surprising that Tadej Poga\u010dar has planned a very ambitious racing schedule for 2024, a schedule that, if everything [&hellip;]<\/p>\n","protected":false},"author":99,"featured_media":194701,"comment_status":"closed","ping_status":"open","sticky":false,"template":"","format":"standard","meta":{"footnotes":""},"categories":[329],"tags":[1575,954,402,5450,3415,2885],"global-categories":[3366],"class_list":["post-194700","post","type-post","status-publish","format-standard","has-post-thumbnail","hentry","category-road-cycling","tag-bernard-hinault","tag-eddy-merckx","tag-giro-ditalia","tag-jonas-vingegaard","tag-tadej-pogacar","tag-uae-team-emirates","global-categories-cycling"],"yoast_head":"<!-- This site is optimized with the Yoast SEO Premium plugin v25.3 (Yoast SEO v25.9) - https:\/\/yoast.com\/wordpress\/plugins\/seo\/ -->\n<title>Poga\u010dar Sets out to Reclaim Title as King of the Road<\/title>\n<meta name=\"description\" content=\"It\u2019s not surprising that Tadej Poga\u010dar has planned a very ambitious racing schedule for 2024, a schedule that, if everything falls right, could have him\" \/>\n<meta name=\"robots\" content=\"index, follow, max-snippet:-1, max-image-preview:large, max-video-preview:-1\" \/>\n<link rel=\"canonical\" href=\"https:\/\/www.welovecycling.com\/wide\/2023\/12\/21\/pogacar-sets-out-ambitious-2024-to-reclaim-title-as-king-of-the-road\/\" \/>\n<meta property=\"og:locale\" content=\"en_US\" \/>\n<meta property=\"og:type\" content=\"article\" \/>\n<meta property=\"og:title\" content=\"Poga\u010dar Sets out Ambitious 2024 to Reclaim Title as King of the Road\" \/>\n<meta property=\"og:description\" content=\"It\u2019s not surprising that Tadej Poga\u010dar has planned a very ambitious racing schedule for 2024, a schedule that, if everything falls right, could have him\" \/>\n<meta property=\"og:url\" content=\"https:\/\/www.welovecycling.com\/wide\/2023\/12\/21\/pogacar-sets-out-ambitious-2024-to-reclaim-title-as-king-of-the-road\/\" \/>\n<meta property=\"og:site_name\" content=\"\u0160koda We Love Cycling\" \/>\n<meta property=\"article:published_time\" content=\"2023-12-21T12:55:04+00:00\" \/>\n<meta property=\"og:image\" content=\"https:\/\/d2p6e6u75xmxt8.cloudfront.net\/2\/2023\/12\/Tadej-Pogacar-profimedia-0830602442-CVR.webp\" \/>\n\t<meta property=\"og:image:width\" content=\"990\" \/>\n\t<meta property=\"og:image:height\" content=\"660\" \/>\n\t<meta property=\"og:image:type\" content=\"image\/webp\" \/>\n<meta name=\"author\" content=\"tereza\" \/>\n<meta name=\"twitter:card\" content=\"summary_large_image\" \/>\n<meta name=\"twitter:label1\" content=\"Written by\" \/>\n\t<meta name=\"twitter:data1\" content=\"Siegfried Mortkowitz\" \/>\n\t<meta name=\"twitter:label2\" content=\"Est. reading time\" \/>\n\t<meta name=\"twitter:data2\" content=\"4\" \/>\n<script type=\"application\/ld+json\" class=\"yoast-schema-graph\">{\"@context\":\"https:\/\/schema.org\",\"@graph\":[{\"@type\":\"WebPage\",\"@id\":\"https:\/\/www.welovecycling.com\/wide\/2023\/12\/21\/pogacar-sets-out-ambitious-2024-to-reclaim-title-as-king-of-the-road\/\",\"url\":\"https:\/\/www.welovecycling.com\/wide\/2023\/12\/21\/pogacar-sets-out-ambitious-2024-to-reclaim-title-as-king-of-the-road\/\",\"name\":\"Poga\u010dar Sets out to Reclaim Title as King of the Road\",\"isPartOf\":{\"@id\":\"https:\/\/www.welovecycling.com\/wide\/#website\"},\"primaryImageOfPage\":{\"@id\":\"https:\/\/www.welovecycling.com\/wide\/2023\/12\/21\/pogacar-sets-out-ambitious-2024-to-reclaim-title-as-king-of-the-road\/#primaryimage\"},\"image\":{\"@id\":\"https:\/\/www.welovecycling.com\/wide\/2023\/12\/21\/pogacar-sets-out-ambitious-2024-to-reclaim-title-as-king-of-the-road\/#primaryimage\"},\"thumbnailUrl\":\"https:\/\/d2p6e6u75xmxt8.cloudfront.net\/2\/2023\/12\/Tadej-Pogacar-profimedia-0830602442-CVR.webp\",\"datePublished\":\"2023-12-21T12:55:04+00:00\",\"author\":{\"@id\":\"https:\/\/www.welovecycling.com\/wide\/#\/schema\/person\/50f01ecd18718d2333cf72e823c4f926\"},\"description\":\"It\u2019s not surprising that Tadej Poga\u010dar has planned a very ambitious racing schedule for 2024, a schedule that, if everything falls right, could have him\",\"breadcrumb\":{\"@id\":\"https:\/\/www.welovecycling.com\/wide\/2023\/12\/21\/pogacar-sets-out-ambitious-2024-to-reclaim-title-as-king-of-the-road\/#breadcrumb\"},\"inLanguage\":\"en-US\",\"potentialAction\":[{\"@type\":\"ReadAction\",\"target\":[\"https:\/\/www.welovecycling.com\/wide\/2023\/12\/21\/pogacar-sets-out-ambitious-2024-to-reclaim-title-as-king-of-the-road\/\"]}]},{\"@type\":\"ImageObject\",\"inLanguage\":\"en-US\",\"@id\":\"https:\/\/www.welovecycling.com\/wide\/2023\/12\/21\/pogacar-sets-out-ambitious-2024-to-reclaim-title-as-king-of-the-road\/#primaryimage\",\"url\":\"https:\/\/d2p6e6u75xmxt8.cloudfront.net\/2\/2023\/12\/Tadej-Pogacar-profimedia-0830602442-CVR.webp\",\"contentUrl\":\"https:\/\/d2p6e6u75xmxt8.cloudfront.net\/2\/2023\/12\/Tadej-Pogacar-profimedia-0830602442-CVR.webp\",\"width\":990,\"height\":660,\"caption\":\"Tadej Poga\u010dar\"},{\"@type\":\"BreadcrumbList\",\"@id\":\"https:\/\/www.welovecycling.com\/wide\/2023\/12\/21\/pogacar-sets-out-ambitious-2024-to-reclaim-title-as-king-of-the-road\/#breadcrumb\",\"itemListElement\":[{\"@type\":\"ListItem\",\"position\":1,\"name\":\"Home\",\"item\":\"https:\/\/www.welovecycling.com\/wide\/\"},{\"@type\":\"ListItem\",\"position\":2,\"name\":\"Poga\u010dar Sets out Ambitious 2024 to Reclaim Title as King of the Road\"}]},{\"@type\":\"WebSite\",\"@id\":\"https:\/\/www.welovecycling.com\/wide\/#website\",\"url\":\"https:\/\/www.welovecycling.com\/wide\/\",\"name\":\"\u0160koda We Love Cycling\",\"description\":\"\u0160koda We Love Cycling magazine\",\"alternateName\":\"\u0160koda WLC\",\"potentialAction\":[{\"@type\":\"SearchAction\",\"target\":{\"@type\":\"EntryPoint\",\"urlTemplate\":\"https:\/\/www.welovecycling.com\/wide\/?s={search_term_string}\"},\"query-input\":{\"@type\":\"PropertyValueSpecification\",\"valueRequired\":true,\"valueName\":\"search_term_string\"}}],\"inLanguage\":\"en-US\"},{\"@type\":\"Person\",\"@id\":\"https:\/\/www.welovecycling.com\/wide\/#\/schema\/person\/50f01ecd18718d2333cf72e823c4f926\",\"name\":\"tereza\",\"image\":{\"@type\":\"ImageObject\",\"inLanguage\":\"en-US\",\"@id\":\"https:\/\/www.welovecycling.com\/wide\/#\/schema\/person\/image\/\",\"url\":\"https:\/\/secure.gravatar.com\/avatar\/1f9eb71be33845f0afabce3791bc1c58ecdb0a25c62964987e5dbcf7a20d2ec7?s=96&d=mm&r=g\",\"contentUrl\":\"https:\/\/secure.gravatar.com\/avatar\/1f9eb71be33845f0afabce3791bc1c58ecdb0a25c62964987e5dbcf7a20d2ec7?s=96&d=mm&r=g\",\"caption\":\"tereza\"},\"url\":\"https:\/\/www.welovecycling.com\/wide\/author\/tereza\/\"}]}<\/script>\n<!-- \/ Yoast SEO Premium plugin. -->","yoast_head_json":{"title":"Poga\u010dar Sets out to Reclaim Title as King of the Road","description":"It\u2019s not surprising that Tadej Poga\u010dar has planned a very ambitious racing schedule for 2024, a schedule that, if everything falls right, could have him","robots":{"index":"index","follow":"follow","max-snippet":"max-snippet:-1","max-image-preview":"max-image-preview:large","max-video-preview":"max-video-preview:-1"},"canonical":"https:\/\/www.welovecycling.com\/wide\/2023\/12\/21\/pogacar-sets-out-ambitious-2024-to-reclaim-title-as-king-of-the-road\/","og_locale":"en_US","og_type":"article","og_title":"Poga\u010dar Sets out Ambitious 2024 to Reclaim Title as King of the Road","og_description":"It\u2019s not surprising that Tadej Poga\u010dar has planned a very ambitious racing schedule for 2024, a schedule that, if everything falls right, could have him","og_url":"https:\/\/www.welovecycling.com\/wide\/2023\/12\/21\/pogacar-sets-out-ambitious-2024-to-reclaim-title-as-king-of-the-road\/","og_site_name":"\u0160koda We Love Cycling","article_published_time":"2023-12-21T12:55:04+00:00","og_image":[{"width":990,"height":660,"url":"https:\/\/d2p6e6u75xmxt8.cloudfront.net\/2\/2023\/12\/Tadej-Pogacar-profimedia-0830602442-CVR.webp","type":"image\/webp"}],"author":"tereza","twitter_card":"summary_large_image","twitter_misc":{"Written by":"Siegfried Mortkowitz","Est. reading time":"4"},"schema":{"@context":"https:\/\/schema.org","@graph":[{"@type":"WebPage","@id":"https:\/\/www.welovecycling.com\/wide\/2023\/12\/21\/pogacar-sets-out-ambitious-2024-to-reclaim-title-as-king-of-the-road\/","url":"https:\/\/www.welovecycling.com\/wide\/2023\/12\/21\/pogacar-sets-out-ambitious-2024-to-reclaim-title-as-king-of-the-road\/","name":"Poga\u010dar Sets out to Reclaim Title as King of the Road","isPartOf":{"@id":"https:\/\/www.welovecycling.com\/wide\/#website"},"primaryImageOfPage":{"@id":"https:\/\/www.welovecycling.com\/wide\/2023\/12\/21\/pogacar-sets-out-ambitious-2024-to-reclaim-title-as-king-of-the-road\/#primaryimage"},"image":{"@id":"https:\/\/www.welovecycling.com\/wide\/2023\/12\/21\/pogacar-sets-out-ambitious-2024-to-reclaim-title-as-king-of-the-road\/#primaryimage"},"thumbnailUrl":"https:\/\/d2p6e6u75xmxt8.cloudfront.net\/2\/2023\/12\/Tadej-Pogacar-profimedia-0830602442-CVR.webp","datePublished":"2023-12-21T12:55:04+00:00","author":{"@id":"https:\/\/www.welovecycling.com\/wide\/#\/schema\/person\/50f01ecd18718d2333cf72e823c4f926"},"description":"It\u2019s not surprising that Tadej Poga\u010dar has planned a very ambitious racing schedule for 2024, a schedule that, if everything falls right, could have him","breadcrumb":{"@id":"https:\/\/www.welovecycling.com\/wide\/2023\/12\/21\/pogacar-sets-out-ambitious-2024-to-reclaim-title-as-king-of-the-road\/#breadcrumb"},"inLanguage":"en-US","potentialAction":[{"@type":"ReadAction","target":["https:\/\/www.welovecycling.com\/wide\/2023\/12\/21\/pogacar-sets-out-ambitious-2024-to-reclaim-title-as-king-of-the-road\/"]}]},{"@type":"ImageObject","inLanguage":"en-US","@id":"https:\/\/www.welovecycling.com\/wide\/2023\/12\/21\/pogacar-sets-out-ambitious-2024-to-reclaim-title-as-king-of-the-road\/#primaryimage","url":"https:\/\/d2p6e6u75xmxt8.cloudfront.net\/2\/2023\/12\/Tadej-Pogacar-profimedia-0830602442-CVR.webp","contentUrl":"https:\/\/d2p6e6u75xmxt8.cloudfront.net\/2\/2023\/12\/Tadej-Pogacar-profimedia-0830602442-CVR.webp","width":990,"height":660,"caption":"Tadej Poga\u010dar"},{"@type":"BreadcrumbList","@id":"https:\/\/www.welovecycling.com\/wide\/2023\/12\/21\/pogacar-sets-out-ambitious-2024-to-reclaim-title-as-king-of-the-road\/#breadcrumb","itemListElement":[{"@type":"ListItem","position":1,"name":"Home","item":"https:\/\/www.welovecycling.com\/wide\/"},{"@type":"ListItem","position":2,"name":"Poga\u010dar Sets out Ambitious 2024 to Reclaim Title as King of the Road"}]},{"@type":"WebSite","@id":"https:\/\/www.welovecycling.com\/wide\/#website","url":"https:\/\/www.welovecycling.com\/wide\/","name":"\u0160koda We Love Cycling","description":"\u0160koda We Love Cycling magazine","alternateName":"\u0160koda WLC","potentialAction":[{"@type":"SearchAction","target":{"@type":"EntryPoint","urlTemplate":"https:\/\/www.welovecycling.com\/wide\/?s={search_term_string}"},"query-input":{"@type":"PropertyValueSpecification","valueRequired":true,"valueName":"search_term_string"}}],"inLanguage":"en-US"},{"@type":"Person","@id":"https:\/\/www.welovecycling.com\/wide\/#\/schema\/person\/50f01ecd18718d2333cf72e823c4f926","name":"tereza","image":{"@type":"ImageObject","inLanguage":"en-US","@id":"https:\/\/www.welovecycling.com\/wide\/#\/schema\/person\/image\/","url":"https:\/\/secure.gravatar.com\/avatar\/1f9eb71be33845f0afabce3791bc1c58ecdb0a25c62964987e5dbcf7a20d2ec7?s=96&d=mm&r=g","contentUrl":"https:\/\/secure.gravatar.com\/avatar\/1f9eb71be33845f0afabce3791bc1c58ecdb0a25c62964987e5dbcf7a20d2ec7?s=96&d=mm&r=g","caption":"tereza"},"url":"https:\/\/www.welovecycling.com\/wide\/author\/tereza\/"}]}},"_links":{"self":[{"href":"https:\/\/www.welovecycling.com\/wide\/wp-json\/wp\/v2\/posts\/194700","targetHints":{"allow":["GET"]}}],"collection":[{"href":"https:\/\/www.welovecycling.com\/wide\/wp-json\/wp\/v2\/posts"}],"about":[{"href":"https:\/\/www.welovecycling.com\/wide\/wp-json\/wp\/v2\/types\/post"}],"author":[{"embeddable":true,"href":"https:\/\/www.welovecycling.com\/wide\/wp-json\/wp\/v2\/users\/99"}],"replies":[{"embeddable":true,"href":"https:\/\/www.welovecycling.com\/wide\/wp-json\/wp\/v2\/comments?post=194700"}],"version-history":[{"count":1,"href":"https:\/\/www.welovecycling.com\/wide\/wp-json\/wp\/v2\/posts\/194700\/revisions"}],"predecessor-version":[{"id":194702,"href":"https:\/\/www.welovecycling.com\/wide\/wp-json\/wp\/v2\/posts\/194700\/revisions\/194702"}],"wp:featuredmedia":[{"embeddable":true,"href":"https:\/\/www.welovecycling.com\/wide\/wp-json\/wp\/v2\/media\/194701"}],"wp:attachment":[{"href":"https:\/\/www.welovecycling.com\/wide\/wp-json\/wp\/v2\/media?parent=194700"}],"wp:term":[{"taxonomy":"category","embeddable":true,"href":"https:\/\/www.welovecycling.com\/wide\/wp-json\/wp\/v2\/categories?post=194700"},{"taxonomy":"post_tag","embeddable":true,"href":"https:\/\/www.welovecycling.com\/wide\/wp-json\/wp\/v2\/tags?post=194700"},{"taxonomy":"global-categories","embeddable":true,"href":"https:\/\/www.welovecycling.com\/wide\/wp-json\/wp\/v2\/global-categories?post=194700"}],"curies":[{"name":"wp","href":"https:\/\/api.w.org\/{rel}","templated":true}]}}