{"id":194688,"date":"2023-12-20T14:16:10","date_gmt":"2023-12-20T14:16:10","guid":{"rendered":"https:\/\/www.welovecycling.com\/wide\/?p=194688"},"modified":"2023-12-20T14:16:10","modified_gmt":"2023-12-20T14:16:10","slug":"the-thrilling-route-of-la-vuelta-24-a-journey-across-portugal-and-spain","status":"publish","type":"post","link":"https:\/\/www.welovecycling.com\/wide\/2023\/12\/20\/the-thrilling-route-of-la-vuelta-24-a-journey-across-portugal-and-spain\/","title":{"rendered":"The Thrilling Route of La Vuelta 24: A Journey Across Portugal and Spain"},"content":{"rendered":"<p style=\"font-weight: 400;\"><strong>The highly-anticipated 79th edition of La Vuelta, Spain&#8217;s premier cycling tour, is set to captivate audiences with its challenging and scenic route. Unveiled at a grand event in the Madrid Marriott Auditorium Hotel, La Vuelta 24 promises a blend of traditional and innovative stages that will test the mettle of the world&#8217;s best cyclists.<\/strong><\/p>\n<p><!--more--><\/p>\n<h2 style=\"font-weight: 400;\"><strong>A Grand Departure from Lisbon and the journey through Portugal<\/strong><\/h2>\n<p style=\"font-weight: 400;\">Kicking off on August 17th, the race will begin with an exhilarating individual time trial, weaving from Lisbon to Oeiras. As the cyclists pedal through the picturesque <a href=\"https:\/\/www.welovecycling.com\/wide\/2023\/06\/17\/family-cycling-vacation-exploring-the-charm-of-the-algarve\/\" target=\"_blank\" rel=\"noopener\">landscapes of Portugal,<\/a> they&#8217;ll tackle stages from Cascais to Our\u00e9m and from Lous\u00e3 to Castello Branco. This marks the second time Portugal has hosted the Grand Departure of <a href=\"https:\/\/www.lavuelta.es\/en\/\">La Vuelta,<\/a> the first being in 1997, again from Lisbon.<\/p>\n<h2 style=\"font-weight: 400;\"><strong>The Spanish Leg: A diverse and demanding terrain<\/strong><\/h2>\n<p style=\"font-weight: 400;\">Crossing into Spain via Extremadura, the riders will face a challenging mountain stage between Plasencia and Villuercas Peak, revisiting a stage first introduced in 2021. The route then winds south to Seville, marking the return of Andalusia as a key player in the race. Here, the cyclists will encounter varied terrains, including a potential sprint finish from Archidona to C\u00f3rdoba and a high-mountain stage featuring three Category 1 mountain passes.<\/p>\n<lite-youtube videoid=0LI4ruSNOac params=\"enablejsapi=1\" style=\"background-image: url('https:\/\/i.ytimg.com\/vi_webp\/0LI4ruSNOac\/maxresdefault.webp');\"><\/lite-youtube>\n<h2 style=\"font-weight: 400;\"><strong>Galicia&#8217;s majestic mountains and the Northern adventure<\/strong><\/h2>\n<p style=\"font-weight: 400;\">The race&#8217;s second week is a celebration of mountainous terrain, starting in Pontevedra and moving through iconic locations like the Manzaneda Ski Resort and the Ancares Mountain Pass, known for its memorable victories. The challenging stages continue in Le\u00f3n and Asturias, with the formidable Cuitu Negru awaiting the riders.<\/p>\n<h2 style=\"font-weight: 400;\"><strong>The final sprint to Madrid: A tribute to tradition<\/strong><\/h2>\n<p style=\"font-weight: 400;\">In the race&#8217;s third week, Asturias and Cantabria take center stage, with stages culminating at the legendary Lagos de Covadonga. The journey towards Madrid includes stages through the Cantabrian Coast, Vitoria-Gasteiz, and the breathtaking climbs of Alto de Moncalvillo and Pic\u00f3n Blanco. The grand finale, a time trial in Madrid, coincides with the 100th anniversary of Telef\u00f3nica, ending the race on a note of historical significance.<\/p>\n<h2 style=\"font-weight: 400;\"><strong>Elevating the race with mid-mountain challenges and virtual participation<\/strong><\/h2>\n<p style=\"font-weight: 400;\">La Vuelta 24 stays true to its essence of innovation and toughness, featuring not just high-altitude finishes but also a critical mid-mountain stage. For cycling enthusiasts around the world, <a href=\"https:\/\/www.lavuelta.es\/en\/rouvy\">ROUVY<\/a> offers a virtual experience of the race, allowing fans to ride the stages using smart indoor bike trainers.<\/p>\n<h2 style=\"font-weight: 400;\"><strong>A historical nod to Portugal&#8217;s role in La Vuelta<\/strong><\/h2>\n<p style=\"font-weight: 400;\">As La Vuelta returns to Portugal, it celebrates a historical bond dating back to 1997, when the race first started outside Spain. Lisbon&#8217;s double honor of hosting the Grand Departure cements its place in La Vuelta&#8217;s storied legacy.<\/p>\n<h2 style=\"font-weight: 400;\"><strong>La Vuelta 24: A fusion of tradition, innovation, and scenic beauty<\/strong><\/h2>\n<p style=\"font-weight: 400;\">As the cycling world gears up for La Vuelta 24, the race promises to be a thrilling display of endurance, strategy, and the sheer beauty of the Iberian landscape. From the historic streets of Lisbon to the grand finale in Madrid, this edition of La Vuelta is poised to be a spectacular showcase of cycling at its finest.<\/p>\n","protected":false},"excerpt":{"rendered":"<p>The highly-anticipated 79th edition of La Vuelta, Spain&#8217;s premier cycling tour, is set to captivate audiences with its challenging and [&hellip;]<\/p>\n","protected":false},"author":99,"featured_media":194690,"comment_status":"closed","ping_status":"open","sticky":false,"template":"","format":"standard","meta":{"footnotes":""},"categories":[329],"tags":[7534,5591,3807],"global-categories":[3366],"class_list":["post-194688","post","type-post","status-publish","format-standard","has-post-thumbnail","hentry","category-road-cycling","tag-2024-la-vuelta","tag-la-vuelta-route","tag-rouvy","global-categories-cycling"],"yoast_head":"<!-- This site is optimized with the Yoast SEO Premium plugin v25.3 (Yoast SEO v25.9) - https:\/\/yoast.com\/wordpress\/plugins\/seo\/ -->\n<title>The Thrilling Route of La Vuelta 24 Revealed<\/title>\n<meta name=\"description\" content=\"The highly-anticipated 79th edition of La Vuelta is set to captivate audiences with its challenging and scenic route.\" \/>\n<meta name=\"robots\" content=\"index, follow, max-snippet:-1, max-image-preview:large, max-video-preview:-1\" \/>\n<link rel=\"canonical\" href=\"https:\/\/www.welovecycling.com\/wide\/2023\/12\/20\/the-thrilling-route-of-la-vuelta-24-a-journey-across-portugal-and-spain\/\" \/>\n<meta property=\"og:locale\" content=\"en_US\" \/>\n<meta property=\"og:type\" content=\"article\" \/>\n<meta property=\"og:title\" content=\"The Thrilling Route of La Vuelta 24: A Journey Across Portugal and Spain\" \/>\n<meta property=\"og:description\" content=\"The highly-anticipated 79th edition of La Vuelta is set to captivate audiences with its challenging and scenic route.\" \/>\n<meta property=\"og:url\" content=\"https:\/\/www.welovecycling.com\/wide\/2023\/12\/20\/the-thrilling-route-of-la-vuelta-24-a-journey-across-portugal-and-spain\/\" \/>\n<meta property=\"og:site_name\" content=\"\u0160koda We Love Cycling\" \/>\n<meta property=\"article:published_time\" content=\"2023-12-20T14:16:10+00:00\" \/>\n<meta property=\"og:image\" content=\"https:\/\/d2p6e6u75xmxt8.cloudfront.net\/2\/2023\/12\/La-Vuelta-2024-Reveal-profimedia-0830975412-CVR.webp\" \/>\n\t<meta property=\"og:image:width\" content=\"990\" \/>\n\t<meta property=\"og:image:height\" content=\"660\" \/>\n\t<meta property=\"og:image:type\" content=\"image\/webp\" \/>\n<meta name=\"author\" content=\"tereza\" \/>\n<meta name=\"twitter:card\" content=\"summary_large_image\" \/>\n<meta name=\"twitter:label1\" content=\"Written by\" \/>\n\t<meta name=\"twitter:data1\" content=\"Monica Buck\" \/>\n\t<meta name=\"twitter:label2\" content=\"Est. reading time\" \/>\n\t<meta name=\"twitter:data2\" content=\"3\" \/>\n<script type=\"application\/ld+json\" class=\"yoast-schema-graph\">{\"@context\":\"https:\/\/schema.org\",\"@graph\":[{\"@type\":\"WebPage\",\"@id\":\"https:\/\/www.welovecycling.com\/wide\/2023\/12\/20\/the-thrilling-route-of-la-vuelta-24-a-journey-across-portugal-and-spain\/\",\"url\":\"https:\/\/www.welovecycling.com\/wide\/2023\/12\/20\/the-thrilling-route-of-la-vuelta-24-a-journey-across-portugal-and-spain\/\",\"name\":\"The Thrilling Route of La Vuelta 24 Revealed\",\"isPartOf\":{\"@id\":\"https:\/\/www.welovecycling.com\/wide\/#website\"},\"primaryImageOfPage\":{\"@id\":\"https:\/\/www.welovecycling.com\/wide\/2023\/12\/20\/the-thrilling-route-of-la-vuelta-24-a-journey-across-portugal-and-spain\/#primaryimage\"},\"image\":{\"@id\":\"https:\/\/www.welovecycling.com\/wide\/2023\/12\/20\/the-thrilling-route-of-la-vuelta-24-a-journey-across-portugal-and-spain\/#primaryimage\"},\"thumbnailUrl\":\"https:\/\/d2p6e6u75xmxt8.cloudfront.net\/2\/2023\/12\/La-Vuelta-2024-Reveal-profimedia-0830975412-CVR.webp\",\"datePublished\":\"2023-12-20T14:16:10+00:00\",\"author\":{\"@id\":\"https:\/\/www.welovecycling.com\/wide\/#\/schema\/person\/50f01ecd18718d2333cf72e823c4f926\"},\"description\":\"The highly-anticipated 79th edition of La Vuelta is set to captivate audiences with its challenging and scenic route.\",\"breadcrumb\":{\"@id\":\"https:\/\/www.welovecycling.com\/wide\/2023\/12\/20\/the-thrilling-route-of-la-vuelta-24-a-journey-across-portugal-and-spain\/#breadcrumb\"},\"inLanguage\":\"en-US\",\"potentialAction\":[{\"@type\":\"ReadAction\",\"target\":[\"https:\/\/www.welovecycling.com\/wide\/2023\/12\/20\/the-thrilling-route-of-la-vuelta-24-a-journey-across-portugal-and-spain\/\"]}]},{\"@type\":\"ImageObject\",\"inLanguage\":\"en-US\",\"@id\":\"https:\/\/www.welovecycling.com\/wide\/2023\/12\/20\/the-thrilling-route-of-la-vuelta-24-a-journey-across-portugal-and-spain\/#primaryimage\",\"url\":\"https:\/\/d2p6e6u75xmxt8.cloudfront.net\/2\/2023\/12\/La-Vuelta-2024-Reveal-profimedia-0830975412-CVR.webp\",\"contentUrl\":\"https:\/\/d2p6e6u75xmxt8.cloudfront.net\/2\/2023\/12\/La-Vuelta-2024-Reveal-profimedia-0830975412-CVR.webp\",\"width\":990,\"height\":660,\"caption\":\"La Vuelta 2024\"},{\"@type\":\"BreadcrumbList\",\"@id\":\"https:\/\/www.welovecycling.com\/wide\/2023\/12\/20\/the-thrilling-route-of-la-vuelta-24-a-journey-across-portugal-and-spain\/#breadcrumb\",\"itemListElement\":[{\"@type\":\"ListItem\",\"position\":1,\"name\":\"Home\",\"item\":\"https:\/\/www.welovecycling.com\/wide\/\"},{\"@type\":\"ListItem\",\"position\":2,\"name\":\"The Thrilling Route of La Vuelta 24: A Journey Across Portugal and Spain\"}]},{\"@type\":\"WebSite\",\"@id\":\"https:\/\/www.welovecycling.com\/wide\/#website\",\"url\":\"https:\/\/www.welovecycling.com\/wide\/\",\"name\":\"\u0160koda We Love Cycling\",\"description\":\"\u0160koda We Love Cycling magazine\",\"alternateName\":\"\u0160koda WLC\",\"potentialAction\":[{\"@type\":\"SearchAction\",\"target\":{\"@type\":\"EntryPoint\",\"urlTemplate\":\"https:\/\/www.welovecycling.com\/wide\/?s={search_term_string}\"},\"query-input\":{\"@type\":\"PropertyValueSpecification\",\"valueRequired\":true,\"valueName\":\"search_term_string\"}}],\"inLanguage\":\"en-US\"},{\"@type\":\"Person\",\"@id\":\"https:\/\/www.welovecycling.com\/wide\/#\/schema\/person\/50f01ecd18718d2333cf72e823c4f926\",\"name\":\"tereza\",\"image\":{\"@type\":\"ImageObject\",\"inLanguage\":\"en-US\",\"@id\":\"https:\/\/www.welovecycling.com\/wide\/#\/schema\/person\/image\/\",\"url\":\"https:\/\/secure.gravatar.com\/avatar\/1f9eb71be33845f0afabce3791bc1c58ecdb0a25c62964987e5dbcf7a20d2ec7?s=96&d=mm&r=g\",\"contentUrl\":\"https:\/\/secure.gravatar.com\/avatar\/1f9eb71be33845f0afabce3791bc1c58ecdb0a25c62964987e5dbcf7a20d2ec7?s=96&d=mm&r=g\",\"caption\":\"tereza\"},\"url\":\"https:\/\/www.welovecycling.com\/wide\/author\/tereza\/\"}]}<\/script>\n<!-- \/ Yoast SEO Premium plugin. -->","yoast_head_json":{"title":"The Thrilling Route of La Vuelta 24 Revealed","description":"The highly-anticipated 79th edition of La Vuelta is set to captivate audiences with its challenging and scenic route.","robots":{"index":"index","follow":"follow","max-snippet":"max-snippet:-1","max-image-preview":"max-image-preview:large","max-video-preview":"max-video-preview:-1"},"canonical":"https:\/\/www.welovecycling.com\/wide\/2023\/12\/20\/the-thrilling-route-of-la-vuelta-24-a-journey-across-portugal-and-spain\/","og_locale":"en_US","og_type":"article","og_title":"The Thrilling Route of La Vuelta 24: A Journey Across Portugal and Spain","og_description":"The highly-anticipated 79th edition of La Vuelta is set to captivate audiences with its challenging and scenic route.","og_url":"https:\/\/www.welovecycling.com\/wide\/2023\/12\/20\/the-thrilling-route-of-la-vuelta-24-a-journey-across-portugal-and-spain\/","og_site_name":"\u0160koda We Love Cycling","article_published_time":"2023-12-20T14:16:10+00:00","og_image":[{"width":990,"height":660,"url":"https:\/\/d2p6e6u75xmxt8.cloudfront.net\/2\/2023\/12\/La-Vuelta-2024-Reveal-profimedia-0830975412-CVR.webp","type":"image\/webp"}],"author":"tereza","twitter_card":"summary_large_image","twitter_misc":{"Written by":"Monica Buck","Est. reading time":"3"},"schema":{"@context":"https:\/\/schema.org","@graph":[{"@type":"WebPage","@id":"https:\/\/www.welovecycling.com\/wide\/2023\/12\/20\/the-thrilling-route-of-la-vuelta-24-a-journey-across-portugal-and-spain\/","url":"https:\/\/www.welovecycling.com\/wide\/2023\/12\/20\/the-thrilling-route-of-la-vuelta-24-a-journey-across-portugal-and-spain\/","name":"The Thrilling Route of La Vuelta 24 Revealed","isPartOf":{"@id":"https:\/\/www.welovecycling.com\/wide\/#website"},"primaryImageOfPage":{"@id":"https:\/\/www.welovecycling.com\/wide\/2023\/12\/20\/the-thrilling-route-of-la-vuelta-24-a-journey-across-portugal-and-spain\/#primaryimage"},"image":{"@id":"https:\/\/www.welovecycling.com\/wide\/2023\/12\/20\/the-thrilling-route-of-la-vuelta-24-a-journey-across-portugal-and-spain\/#primaryimage"},"thumbnailUrl":"https:\/\/d2p6e6u75xmxt8.cloudfront.net\/2\/2023\/12\/La-Vuelta-2024-Reveal-profimedia-0830975412-CVR.webp","datePublished":"2023-12-20T14:16:10+00:00","author":{"@id":"https:\/\/www.welovecycling.com\/wide\/#\/schema\/person\/50f01ecd18718d2333cf72e823c4f926"},"description":"The highly-anticipated 79th edition of La Vuelta is set to captivate audiences with its challenging and scenic route.","breadcrumb":{"@id":"https:\/\/www.welovecycling.com\/wide\/2023\/12\/20\/the-thrilling-route-of-la-vuelta-24-a-journey-across-portugal-and-spain\/#breadcrumb"},"inLanguage":"en-US","potentialAction":[{"@type":"ReadAction","target":["https:\/\/www.welovecycling.com\/wide\/2023\/12\/20\/the-thrilling-route-of-la-vuelta-24-a-journey-across-portugal-and-spain\/"]}]},{"@type":"ImageObject","inLanguage":"en-US","@id":"https:\/\/www.welovecycling.com\/wide\/2023\/12\/20\/the-thrilling-route-of-la-vuelta-24-a-journey-across-portugal-and-spain\/#primaryimage","url":"https:\/\/d2p6e6u75xmxt8.cloudfront.net\/2\/2023\/12\/La-Vuelta-2024-Reveal-profimedia-0830975412-CVR.webp","contentUrl":"https:\/\/d2p6e6u75xmxt8.cloudfront.net\/2\/2023\/12\/La-Vuelta-2024-Reveal-profimedia-0830975412-CVR.webp","width":990,"height":660,"caption":"La Vuelta 2024"},{"@type":"BreadcrumbList","@id":"https:\/\/www.welovecycling.com\/wide\/2023\/12\/20\/the-thrilling-route-of-la-vuelta-24-a-journey-across-portugal-and-spain\/#breadcrumb","itemListElement":[{"@type":"ListItem","position":1,"name":"Home","item":"https:\/\/www.welovecycling.com\/wide\/"},{"@type":"ListItem","position":2,"name":"The Thrilling Route of La Vuelta 24: A Journey Across Portugal and Spain"}]},{"@type":"WebSite","@id":"https:\/\/www.welovecycling.com\/wide\/#website","url":"https:\/\/www.welovecycling.com\/wide\/","name":"\u0160koda We Love Cycling","description":"\u0160koda We Love Cycling magazine","alternateName":"\u0160koda WLC","potentialAction":[{"@type":"SearchAction","target":{"@type":"EntryPoint","urlTemplate":"https:\/\/www.welovecycling.com\/wide\/?s={search_term_string}"},"query-input":{"@type":"PropertyValueSpecification","valueRequired":true,"valueName":"search_term_string"}}],"inLanguage":"en-US"},{"@type":"Person","@id":"https:\/\/www.welovecycling.com\/wide\/#\/schema\/person\/50f01ecd18718d2333cf72e823c4f926","name":"tereza","image":{"@type":"ImageObject","inLanguage":"en-US","@id":"https:\/\/www.welovecycling.com\/wide\/#\/schema\/person\/image\/","url":"https:\/\/secure.gravatar.com\/avatar\/1f9eb71be33845f0afabce3791bc1c58ecdb0a25c62964987e5dbcf7a20d2ec7?s=96&d=mm&r=g","contentUrl":"https:\/\/secure.gravatar.com\/avatar\/1f9eb71be33845f0afabce3791bc1c58ecdb0a25c62964987e5dbcf7a20d2ec7?s=96&d=mm&r=g","caption":"tereza"},"url":"https:\/\/www.welovecycling.com\/wide\/author\/tereza\/"}]}},"_links":{"self":[{"href":"https:\/\/www.welovecycling.com\/wide\/wp-json\/wp\/v2\/posts\/194688","targetHints":{"allow":["GET"]}}],"collection":[{"href":"https:\/\/www.welovecycling.com\/wide\/wp-json\/wp\/v2\/posts"}],"about":[{"href":"https:\/\/www.welovecycling.com\/wide\/wp-json\/wp\/v2\/types\/post"}],"author":[{"embeddable":true,"href":"https:\/\/www.welovecycling.com\/wide\/wp-json\/wp\/v2\/users\/99"}],"replies":[{"embeddable":true,"href":"https:\/\/www.welovecycling.com\/wide\/wp-json\/wp\/v2\/comments?post=194688"}],"version-history":[{"count":2,"href":"https:\/\/www.welovecycling.com\/wide\/wp-json\/wp\/v2\/posts\/194688\/revisions"}],"predecessor-version":[{"id":194691,"href":"https:\/\/www.welovecycling.com\/wide\/wp-json\/wp\/v2\/posts\/194688\/revisions\/194691"}],"wp:featuredmedia":[{"embeddable":true,"href":"https:\/\/www.welovecycling.com\/wide\/wp-json\/wp\/v2\/media\/194690"}],"wp:attachment":[{"href":"https:\/\/www.welovecycling.com\/wide\/wp-json\/wp\/v2\/media?parent=194688"}],"wp:term":[{"taxonomy":"category","embeddable":true,"href":"https:\/\/www.welovecycling.com\/wide\/wp-json\/wp\/v2\/categories?post=194688"},{"taxonomy":"post_tag","embeddable":true,"href":"https:\/\/www.welovecycling.com\/wide\/wp-json\/wp\/v2\/tags?post=194688"},{"taxonomy":"global-categories","embeddable":true,"href":"https:\/\/www.welovecycling.com\/wide\/wp-json\/wp\/v2\/global-categories?post=194688"}],"curies":[{"name":"wp","href":"https:\/\/api.w.org\/{rel}","templated":true}]}}