{"id":194657,"date":"2023-12-14T12:37:04","date_gmt":"2023-12-14T12:37:04","guid":{"rendered":"https:\/\/www.welovecycling.com\/wide\/?p=194657"},"modified":"2023-12-14T12:37:04","modified_gmt":"2023-12-14T12:37:04","slug":"why-are-the-dutch-belgians-and-danes-so-good-at-cycling-despite-having-no-mountains","status":"publish","type":"post","link":"https:\/\/www.welovecycling.com\/wide\/2023\/12\/14\/why-are-the-dutch-belgians-and-danes-so-good-at-cycling-despite-having-no-mountains\/","title":{"rendered":"Why Are the Dutch, Belgians, and Danes So Good at Cycling Despite Having No Mountains?"},"content":{"rendered":"<p style=\"font-weight: 400;\"><strong>There\u2019s something curious about so many famous names in pro cycling coming from countries that are essentially flat. All three Grand Tours are often decided in the mountains and even cycling monuments and classics feature a lot of climbing. Let\u2019s take a closer look at what makes these countries such cycling powerhouses.<\/strong><\/p>\n<p><!--more--><\/p>\n<h2><strong>From Merckx to Vingegaard<\/strong><\/h2>\n<p style=\"font-weight: 400;\">No cycling fan has to think too hard to name a famous cyclist from one of these countries. <a href=\"https:\/\/www.welovecycling.com\/wide\/2021\/06\/30\/the-fall-of-eddy-merckx-the-greatest-tour-de-france-champion\/\" target=\"_blank\" rel=\"noopener\">Eddy Merckx from Belgium<\/a> probably comes to mind first, and names like Joop Zoetemelk from the Netherlands or Bjarne Riis from Denmark have also left a deep mark on the sport. And it seems like nowadays, these three flatlands are producing more successful pro cyclists than ever. The obvious name from Denmark is Jonas Vingegaard, and his teammate Wout van Aert or rival Remco Evenepoel are representing Belgium remarkably well too. And the Netherlands is a hotbed for women\u2019s cycling talent with <a href=\"https:\/\/www.welovecycling.com\/wide\/2023\/09\/01\/annemiek-van-vleutens-remarkable-cycling-career\/\" target=\"_blank\" rel=\"noopener\">Annemiek van Vleuten,<\/a> Marianne Vos, and Demi Vollering just to name a few.<\/p>\n<p style=\"font-weight: 400;\">This can\u2019t be a coincidence or luck, there are some things about Belgium, the Netherlands, and Denmark that make them exceptionally good at producing cycling professionals despite having zero mountains. Here are four reasons that may contribute to it.<\/p>\n<figure id=\"attachment_193117\" aria-describedby=\"caption-attachment-193117\" style=\"width: 1250px\" class=\"wp-caption alignnone\"><a href=\"https:\/\/d2p6e6u75xmxt8.cloudfront.net\/2\/2023\/06\/Annemiek-Van-Vleuten-profimedia-0711099743.webp\"><img loading=\"lazy\" decoding=\"async\" class=\"wp-image-193117 size-full\" src=\"https:\/\/d2p6e6u75xmxt8.cloudfront.net\/2\/2023\/06\/Annemiek-Van-Vleuten-profimedia-0711099743.webp\" alt=\"Annemiek van Vleuten\" width=\"1250\" height=\"835\" srcset=\"https:\/\/d2p6e6u75xmxt8.cloudfront.net\/2\/2023\/06\/Annemiek-Van-Vleuten-profimedia-0711099743.webp 1250w, https:\/\/d2p6e6u75xmxt8.cloudfront.net\/2\/2023\/06\/Annemiek-Van-Vleuten-profimedia-0711099743-300x200.webp 300w, https:\/\/d2p6e6u75xmxt8.cloudfront.net\/2\/2023\/06\/Annemiek-Van-Vleuten-profimedia-0711099743-1024x684.webp 1024w, https:\/\/d2p6e6u75xmxt8.cloudfront.net\/2\/2023\/06\/Annemiek-Van-Vleuten-profimedia-0711099743-768x513.webp 768w, https:\/\/d2p6e6u75xmxt8.cloudfront.net\/2\/2023\/06\/Annemiek-Van-Vleuten-profimedia-0711099743-400x267.webp 400w, https:\/\/d2p6e6u75xmxt8.cloudfront.net\/2\/2023\/06\/Annemiek-Van-Vleuten-profimedia-0711099743-272x182.webp 272w\" sizes=\"auto, (max-width: 1250px) 100vw, 1250px\" \/><\/a><figcaption id=\"caption-attachment-193117\" class=\"wp-caption-text\">Dutch Annemiek van Vleuten soars to victory at the inaugural Tour de France Femmes avec Zwift.\u00a0\u00a9 Profimedia<\/figcaption><\/figure>\n<h2><strong>Cycling culture and infrastructure<\/strong><\/h2>\n<p style=\"font-weight: 400;\">All three countries have a strong cycling culture with a high number of people using bicycles for transportation and recreation. They also have well-developed cycling infrastructure, including dedicated bike paths and facilities, which makes it easier for people to cycle and train. This infrastructure and culture provide fertile grounds for the growth of the sport and the development of young cyclists. A much higher proportion of citizens in these countries come into contact with the sport, which increases the likelihood that a truly talented individual will be discovered.<\/p>\n<h2><strong>Cobbled roads and short, sharp hills<\/strong><\/h2>\n<p style=\"font-weight: 400;\">The Flemish Ardennes in Belgium and Limburg in the Netherlands have cobbled roads and short, sharp hills that are challenging for cyclists. These may not be mountains in the same sense as the Alps or Pyrenees are but they definitely are worthy testing grounds. They are also home to one of the cycling monuments, the <a href=\"https:\/\/www.rondevanvlaanderen.be\/en\">Tour of Flanders,<\/a> and other classics, which attract top riders and teams from around the world.<\/p>\n<h2><strong>Strategic racing<\/strong><\/h2>\n<p style=\"font-weight: 400;\">The nature of the races in these countries, with their challenging terrain and unpredictable weather, often requires strategic racing. This type of racing favours riders who can read the race, make tactical decisions, and work well in a team, which are skills that cyclists from these countries often excel at.<\/p>\n<h2><strong>Cyclo-cross<\/strong><\/h2>\n<p style=\"font-weight: 400;\"><a href=\"https:\/\/www.welovecycling.com\/wide\/2023\/11\/13\/wout-van-aert-confirmed-for-five-cyclo-cross-events\/\" target=\"_blank\" rel=\"noopener\">Cyclo-cross<\/a> is a popular form of racing in these countries, which involves a mix of road and off-road sections, often including short, steep climbs and technical descents. This discipline helps develop bike handling skills and explosive power, which can be beneficial for road racing as well.<\/p>\n<p style=\"font-weight: 400;\">Do you agree? Or do you think there\u2019s more to it?<\/p>\n","protected":false},"excerpt":{"rendered":"<p>There\u2019s something curious about so many famous names in pro cycling coming from countries that are essentially flat. All three [&hellip;]<\/p>\n","protected":false},"author":99,"featured_media":190174,"comment_status":"closed","ping_status":"open","sticky":false,"template":"","format":"standard","meta":{"footnotes":""},"categories":[329],"tags":[477,7524,3771,7523,954,2139,3544,583],"global-categories":[3366],"class_list":["post-194657","post","type-post","status-publish","format-standard","has-post-thumbnail","hentry","category-road-cycling","tag-annemiek-van-vleuten","tag-danes-cycling","tag-demi-vollering","tag-dutch-cycling","tag-eddy-merckx","tag-joop-zoetemelk","tag-remco-evenepoel","tag-road-cycling","global-categories-cycling"],"yoast_head":"<!-- This site is optimized with the Yoast SEO Premium plugin v25.3 (Yoast SEO v25.9) - https:\/\/yoast.com\/wordpress\/plugins\/seo\/ -->\n<title>Why Are the Dutch, Belgians, and Danes So Good at Cycling?<\/title>\n<meta name=\"description\" content=\"There\u2019s something curious about so many famous names in pro cycling coming from countries that are essentially flat. All three Grand Tours are often\" \/>\n<meta name=\"robots\" content=\"index, follow, max-snippet:-1, max-image-preview:large, max-video-preview:-1\" \/>\n<link rel=\"canonical\" href=\"https:\/\/www.welovecycling.com\/wide\/2023\/12\/14\/why-are-the-dutch-belgians-and-danes-so-good-at-cycling-despite-having-no-mountains\/\" \/>\n<meta property=\"og:locale\" content=\"en_US\" \/>\n<meta property=\"og:type\" content=\"article\" \/>\n<meta property=\"og:title\" content=\"Why Are the Dutch, Belgians, and Danes So Good at Cycling Despite Having No Mountains?\" \/>\n<meta property=\"og:description\" content=\"There\u2019s something curious about so many famous names in pro cycling coming from countries that are essentially flat. All three Grand Tours are often\" \/>\n<meta property=\"og:url\" content=\"https:\/\/www.welovecycling.com\/wide\/2023\/12\/14\/why-are-the-dutch-belgians-and-danes-so-good-at-cycling-despite-having-no-mountains\/\" \/>\n<meta property=\"og:site_name\" content=\"\u0160koda We Love Cycling\" \/>\n<meta property=\"article:published_time\" content=\"2023-12-14T12:37:04+00:00\" \/>\n<meta property=\"og:image\" content=\"https:\/\/d2p6e6u75xmxt8.cloudfront.net\/2\/2022\/07\/Wout-van-Aert-CVR-profimedia-0709536997.webp\" \/>\n\t<meta property=\"og:image:width\" content=\"990\" \/>\n\t<meta property=\"og:image:height\" content=\"660\" \/>\n\t<meta property=\"og:image:type\" content=\"image\/webp\" \/>\n<meta name=\"author\" content=\"tereza\" \/>\n<meta name=\"twitter:card\" content=\"summary_large_image\" \/>\n<meta name=\"twitter:label1\" content=\"Written by\" \/>\n\t<meta name=\"twitter:data1\" content=\"Jiri Kaloc\" \/>\n\t<meta name=\"twitter:label2\" content=\"Est. reading time\" \/>\n\t<meta name=\"twitter:data2\" content=\"4\" \/>\n<script type=\"application\/ld+json\" class=\"yoast-schema-graph\">{\"@context\":\"https:\/\/schema.org\",\"@graph\":[{\"@type\":\"WebPage\",\"@id\":\"https:\/\/www.welovecycling.com\/wide\/2023\/12\/14\/why-are-the-dutch-belgians-and-danes-so-good-at-cycling-despite-having-no-mountains\/\",\"url\":\"https:\/\/www.welovecycling.com\/wide\/2023\/12\/14\/why-are-the-dutch-belgians-and-danes-so-good-at-cycling-despite-having-no-mountains\/\",\"name\":\"Why Are the Dutch, Belgians, and Danes So Good at Cycling?\",\"isPartOf\":{\"@id\":\"https:\/\/www.welovecycling.com\/wide\/#website\"},\"primaryImageOfPage\":{\"@id\":\"https:\/\/www.welovecycling.com\/wide\/2023\/12\/14\/why-are-the-dutch-belgians-and-danes-so-good-at-cycling-despite-having-no-mountains\/#primaryimage\"},\"image\":{\"@id\":\"https:\/\/www.welovecycling.com\/wide\/2023\/12\/14\/why-are-the-dutch-belgians-and-danes-so-good-at-cycling-despite-having-no-mountains\/#primaryimage\"},\"thumbnailUrl\":\"https:\/\/d2p6e6u75xmxt8.cloudfront.net\/2\/2022\/07\/Wout-van-Aert-CVR-profimedia-0709536997.webp\",\"datePublished\":\"2023-12-14T12:37:04+00:00\",\"author\":{\"@id\":\"https:\/\/www.welovecycling.com\/wide\/#\/schema\/person\/50f01ecd18718d2333cf72e823c4f926\"},\"description\":\"There\u2019s something curious about so many famous names in pro cycling coming from countries that are essentially flat. All three Grand Tours are often\",\"breadcrumb\":{\"@id\":\"https:\/\/www.welovecycling.com\/wide\/2023\/12\/14\/why-are-the-dutch-belgians-and-danes-so-good-at-cycling-despite-having-no-mountains\/#breadcrumb\"},\"inLanguage\":\"en-US\",\"potentialAction\":[{\"@type\":\"ReadAction\",\"target\":[\"https:\/\/www.welovecycling.com\/wide\/2023\/12\/14\/why-are-the-dutch-belgians-and-danes-so-good-at-cycling-despite-having-no-mountains\/\"]}]},{\"@type\":\"ImageObject\",\"inLanguage\":\"en-US\",\"@id\":\"https:\/\/www.welovecycling.com\/wide\/2023\/12\/14\/why-are-the-dutch-belgians-and-danes-so-good-at-cycling-despite-having-no-mountains\/#primaryimage\",\"url\":\"https:\/\/d2p6e6u75xmxt8.cloudfront.net\/2\/2022\/07\/Wout-van-Aert-CVR-profimedia-0709536997.webp\",\"contentUrl\":\"https:\/\/d2p6e6u75xmxt8.cloudfront.net\/2\/2022\/07\/Wout-van-Aert-CVR-profimedia-0709536997.webp\",\"width\":990,\"height\":660,\"caption\":\"Tour de France\"},{\"@type\":\"BreadcrumbList\",\"@id\":\"https:\/\/www.welovecycling.com\/wide\/2023\/12\/14\/why-are-the-dutch-belgians-and-danes-so-good-at-cycling-despite-having-no-mountains\/#breadcrumb\",\"itemListElement\":[{\"@type\":\"ListItem\",\"position\":1,\"name\":\"Home\",\"item\":\"https:\/\/www.welovecycling.com\/wide\/\"},{\"@type\":\"ListItem\",\"position\":2,\"name\":\"Why Are the Dutch, Belgians, and Danes So Good at Cycling Despite Having No Mountains?\"}]},{\"@type\":\"WebSite\",\"@id\":\"https:\/\/www.welovecycling.com\/wide\/#website\",\"url\":\"https:\/\/www.welovecycling.com\/wide\/\",\"name\":\"\u0160koda We Love Cycling\",\"description\":\"\u0160koda We Love Cycling magazine\",\"alternateName\":\"\u0160koda WLC\",\"potentialAction\":[{\"@type\":\"SearchAction\",\"target\":{\"@type\":\"EntryPoint\",\"urlTemplate\":\"https:\/\/www.welovecycling.com\/wide\/?s={search_term_string}\"},\"query-input\":{\"@type\":\"PropertyValueSpecification\",\"valueRequired\":true,\"valueName\":\"search_term_string\"}}],\"inLanguage\":\"en-US\"},{\"@type\":\"Person\",\"@id\":\"https:\/\/www.welovecycling.com\/wide\/#\/schema\/person\/50f01ecd18718d2333cf72e823c4f926\",\"name\":\"tereza\",\"image\":{\"@type\":\"ImageObject\",\"inLanguage\":\"en-US\",\"@id\":\"https:\/\/www.welovecycling.com\/wide\/#\/schema\/person\/image\/\",\"url\":\"https:\/\/secure.gravatar.com\/avatar\/1f9eb71be33845f0afabce3791bc1c58ecdb0a25c62964987e5dbcf7a20d2ec7?s=96&d=mm&r=g\",\"contentUrl\":\"https:\/\/secure.gravatar.com\/avatar\/1f9eb71be33845f0afabce3791bc1c58ecdb0a25c62964987e5dbcf7a20d2ec7?s=96&d=mm&r=g\",\"caption\":\"tereza\"},\"url\":\"https:\/\/www.welovecycling.com\/wide\/author\/tereza\/\"}]}<\/script>\n<!-- \/ Yoast SEO Premium plugin. -->","yoast_head_json":{"title":"Why Are the Dutch, Belgians, and Danes So Good at Cycling?","description":"There\u2019s something curious about so many famous names in pro cycling coming from countries that are essentially flat. All three Grand Tours are often","robots":{"index":"index","follow":"follow","max-snippet":"max-snippet:-1","max-image-preview":"max-image-preview:large","max-video-preview":"max-video-preview:-1"},"canonical":"https:\/\/www.welovecycling.com\/wide\/2023\/12\/14\/why-are-the-dutch-belgians-and-danes-so-good-at-cycling-despite-having-no-mountains\/","og_locale":"en_US","og_type":"article","og_title":"Why Are the Dutch, Belgians, and Danes So Good at Cycling Despite Having No Mountains?","og_description":"There\u2019s something curious about so many famous names in pro cycling coming from countries that are essentially flat. All three Grand Tours are often","og_url":"https:\/\/www.welovecycling.com\/wide\/2023\/12\/14\/why-are-the-dutch-belgians-and-danes-so-good-at-cycling-despite-having-no-mountains\/","og_site_name":"\u0160koda We Love Cycling","article_published_time":"2023-12-14T12:37:04+00:00","og_image":[{"width":990,"height":660,"url":"https:\/\/d2p6e6u75xmxt8.cloudfront.net\/2\/2022\/07\/Wout-van-Aert-CVR-profimedia-0709536997.webp","type":"image\/webp"}],"author":"tereza","twitter_card":"summary_large_image","twitter_misc":{"Written by":"Jiri Kaloc","Est. reading time":"4"},"schema":{"@context":"https:\/\/schema.org","@graph":[{"@type":"WebPage","@id":"https:\/\/www.welovecycling.com\/wide\/2023\/12\/14\/why-are-the-dutch-belgians-and-danes-so-good-at-cycling-despite-having-no-mountains\/","url":"https:\/\/www.welovecycling.com\/wide\/2023\/12\/14\/why-are-the-dutch-belgians-and-danes-so-good-at-cycling-despite-having-no-mountains\/","name":"Why Are the Dutch, Belgians, and Danes So Good at Cycling?","isPartOf":{"@id":"https:\/\/www.welovecycling.com\/wide\/#website"},"primaryImageOfPage":{"@id":"https:\/\/www.welovecycling.com\/wide\/2023\/12\/14\/why-are-the-dutch-belgians-and-danes-so-good-at-cycling-despite-having-no-mountains\/#primaryimage"},"image":{"@id":"https:\/\/www.welovecycling.com\/wide\/2023\/12\/14\/why-are-the-dutch-belgians-and-danes-so-good-at-cycling-despite-having-no-mountains\/#primaryimage"},"thumbnailUrl":"https:\/\/d2p6e6u75xmxt8.cloudfront.net\/2\/2022\/07\/Wout-van-Aert-CVR-profimedia-0709536997.webp","datePublished":"2023-12-14T12:37:04+00:00","author":{"@id":"https:\/\/www.welovecycling.com\/wide\/#\/schema\/person\/50f01ecd18718d2333cf72e823c4f926"},"description":"There\u2019s something curious about so many famous names in pro cycling coming from countries that are essentially flat. All three Grand Tours are often","breadcrumb":{"@id":"https:\/\/www.welovecycling.com\/wide\/2023\/12\/14\/why-are-the-dutch-belgians-and-danes-so-good-at-cycling-despite-having-no-mountains\/#breadcrumb"},"inLanguage":"en-US","potentialAction":[{"@type":"ReadAction","target":["https:\/\/www.welovecycling.com\/wide\/2023\/12\/14\/why-are-the-dutch-belgians-and-danes-so-good-at-cycling-despite-having-no-mountains\/"]}]},{"@type":"ImageObject","inLanguage":"en-US","@id":"https:\/\/www.welovecycling.com\/wide\/2023\/12\/14\/why-are-the-dutch-belgians-and-danes-so-good-at-cycling-despite-having-no-mountains\/#primaryimage","url":"https:\/\/d2p6e6u75xmxt8.cloudfront.net\/2\/2022\/07\/Wout-van-Aert-CVR-profimedia-0709536997.webp","contentUrl":"https:\/\/d2p6e6u75xmxt8.cloudfront.net\/2\/2022\/07\/Wout-van-Aert-CVR-profimedia-0709536997.webp","width":990,"height":660,"caption":"Tour de France"},{"@type":"BreadcrumbList","@id":"https:\/\/www.welovecycling.com\/wide\/2023\/12\/14\/why-are-the-dutch-belgians-and-danes-so-good-at-cycling-despite-having-no-mountains\/#breadcrumb","itemListElement":[{"@type":"ListItem","position":1,"name":"Home","item":"https:\/\/www.welovecycling.com\/wide\/"},{"@type":"ListItem","position":2,"name":"Why Are the Dutch, Belgians, and Danes So Good at Cycling Despite Having No Mountains?"}]},{"@type":"WebSite","@id":"https:\/\/www.welovecycling.com\/wide\/#website","url":"https:\/\/www.welovecycling.com\/wide\/","name":"\u0160koda We Love Cycling","description":"\u0160koda We Love Cycling magazine","alternateName":"\u0160koda WLC","potentialAction":[{"@type":"SearchAction","target":{"@type":"EntryPoint","urlTemplate":"https:\/\/www.welovecycling.com\/wide\/?s={search_term_string}"},"query-input":{"@type":"PropertyValueSpecification","valueRequired":true,"valueName":"search_term_string"}}],"inLanguage":"en-US"},{"@type":"Person","@id":"https:\/\/www.welovecycling.com\/wide\/#\/schema\/person\/50f01ecd18718d2333cf72e823c4f926","name":"tereza","image":{"@type":"ImageObject","inLanguage":"en-US","@id":"https:\/\/www.welovecycling.com\/wide\/#\/schema\/person\/image\/","url":"https:\/\/secure.gravatar.com\/avatar\/1f9eb71be33845f0afabce3791bc1c58ecdb0a25c62964987e5dbcf7a20d2ec7?s=96&d=mm&r=g","contentUrl":"https:\/\/secure.gravatar.com\/avatar\/1f9eb71be33845f0afabce3791bc1c58ecdb0a25c62964987e5dbcf7a20d2ec7?s=96&d=mm&r=g","caption":"tereza"},"url":"https:\/\/www.welovecycling.com\/wide\/author\/tereza\/"}]}},"_links":{"self":[{"href":"https:\/\/www.welovecycling.com\/wide\/wp-json\/wp\/v2\/posts\/194657","targetHints":{"allow":["GET"]}}],"collection":[{"href":"https:\/\/www.welovecycling.com\/wide\/wp-json\/wp\/v2\/posts"}],"about":[{"href":"https:\/\/www.welovecycling.com\/wide\/wp-json\/wp\/v2\/types\/post"}],"author":[{"embeddable":true,"href":"https:\/\/www.welovecycling.com\/wide\/wp-json\/wp\/v2\/users\/99"}],"replies":[{"embeddable":true,"href":"https:\/\/www.welovecycling.com\/wide\/wp-json\/wp\/v2\/comments?post=194657"}],"version-history":[{"count":1,"href":"https:\/\/www.welovecycling.com\/wide\/wp-json\/wp\/v2\/posts\/194657\/revisions"}],"predecessor-version":[{"id":194658,"href":"https:\/\/www.welovecycling.com\/wide\/wp-json\/wp\/v2\/posts\/194657\/revisions\/194658"}],"wp:featuredmedia":[{"embeddable":true,"href":"https:\/\/www.welovecycling.com\/wide\/wp-json\/wp\/v2\/media\/190174"}],"wp:attachment":[{"href":"https:\/\/www.welovecycling.com\/wide\/wp-json\/wp\/v2\/media?parent=194657"}],"wp:term":[{"taxonomy":"category","embeddable":true,"href":"https:\/\/www.welovecycling.com\/wide\/wp-json\/wp\/v2\/categories?post=194657"},{"taxonomy":"post_tag","embeddable":true,"href":"https:\/\/www.welovecycling.com\/wide\/wp-json\/wp\/v2\/tags?post=194657"},{"taxonomy":"global-categories","embeddable":true,"href":"https:\/\/www.welovecycling.com\/wide\/wp-json\/wp\/v2\/global-categories?post=194657"}],"curies":[{"name":"wp","href":"https:\/\/api.w.org\/{rel}","templated":true}]}}