{"id":194626,"date":"2023-12-11T11:38:00","date_gmt":"2023-12-11T11:38:00","guid":{"rendered":"https:\/\/www.welovecycling.com\/wide\/?p=194626"},"modified":"2023-12-11T11:40:26","modified_gmt":"2023-12-11T11:40:26","slug":"van-aert-conquers-mud-and-rivals-in-2023-cyclo-cross-debut","status":"publish","type":"post","link":"https:\/\/www.welovecycling.com\/wide\/2023\/12\/11\/van-aert-conquers-mud-and-rivals-in-2023-cyclo-cross-debut\/","title":{"rendered":"Van Aert Conquers Mud and Rivals in 2023 Cyclo-cross Debut"},"content":{"rendered":"<p style=\"font-weight: 400;\"><strong>Wout van Aert began his 2023-24 cyclo-cross season with a relatively easy victory in the rain and mud of the Exact Cross in the Belgian town of Essen over the weekend. Despite complaining about his lack of form before the race kicked off, the 29-year-old three-time cyclocross world champion won the race by a hefty 1:36 margin over fellow Belgian Jens Adams with another compatriot, Thijs Aerts, coming third at 2:51.<\/strong><\/p>\n<p style=\"font-weight: 400;\"><!--more--><\/p>\n<p style=\"font-weight: 400;\">It is van Aert\u2019s fifth victory in the Belgian race, which is traditionally dominated by home riders who have now won 24 of the last 26 editions of the race. The two they failed to win in that stretch were won by \u2013 you guessed it, Mathieu van der Poel of the Netherlands.<\/p>\n<p style=\"font-weight: 400;\">This was van Aert\u2019s first race since the road season ended and, in his words, \u201cI don&#8217;t think I have ever started the \u2018cross winter as badly as I have now.\u201d He told <a href=\"https:\/\/www.wielerflits.nl\/nieuws\/wout-van-aert-eerder-geschrokken-na-mijn-eerste-crosstraining-dan-dat-ik-zin-kreeg-in-de-cross\/\"><em>Wielerflit<\/em><\/a><em>s<\/em>, \u201cAfter [my] first \u2018cross training, I was more frightened than actually looking forward to [the race]. I rode the \u2018cross bike one more time this week, but certainly not enough to reach a good level. I am much less in shape than I am used to [being] at the start of my \u2018cross winter, but it was a conscious choice to take a more relaxed approach this winter.\u201d<\/p>\n<p style=\"font-weight: 400;\">The Jumbo-Visma rider had announced earlier this year that he would reduce his winter schedule to save his energy for the spring Classics. He reiterated those plans in a pre-race <a href=\"https:\/\/sporza.be\/nl\/2023\/12\/09\/wout-van-aert-trekt-definitief-streep-door-wk-en-bk-bewuste-keuze-voor-rustige-winter~1702124598295\/\">interview with <em>Sporza<\/em><\/a>, doubling down on his plans to opt out of both the Belgian and world championships. \u201cIf the BC had been held closer to the Christmas period, I would have liked to participate but now it doesn\u2019t fit [in],\u201d he said. \u201cThe world championships are again at the beginning of February. I have already made the World Cup\u2013spring [Classics] combination but now I choose something else.&#8221;<\/p>\n<figure id=\"attachment_187786\" aria-describedby=\"caption-attachment-187786\" style=\"width: 1000px\" class=\"wp-caption alignnone\"><a href=\"https:\/\/d2p6e6u75xmxt8.cloudfront.net\/2\/2021\/12\/Wout-van-Aert-profimedia-0646359176.webp\"><img loading=\"lazy\" decoding=\"async\" class=\"wp-image-187786 size-full\" src=\"https:\/\/d2p6e6u75xmxt8.cloudfront.net\/2\/2021\/12\/Wout-van-Aert-profimedia-0646359176.webp\" alt=\"Wout van Aert\" width=\"1000\" height=\"666\" srcset=\"https:\/\/d2p6e6u75xmxt8.cloudfront.net\/2\/2021\/12\/Wout-van-Aert-profimedia-0646359176.webp 1000w, https:\/\/d2p6e6u75xmxt8.cloudfront.net\/2\/2021\/12\/Wout-van-Aert-profimedia-0646359176-300x200.webp 300w, https:\/\/d2p6e6u75xmxt8.cloudfront.net\/2\/2021\/12\/Wout-van-Aert-profimedia-0646359176-768x511.webp 768w, https:\/\/d2p6e6u75xmxt8.cloudfront.net\/2\/2021\/12\/Wout-van-Aert-profimedia-0646359176-272x182.webp 272w\" sizes=\"auto, (max-width: 1000px) 100vw, 1000px\" \/><\/a><figcaption id=\"caption-attachment-187786\" class=\"wp-caption-text\">Wout van Aert began his 2023-24 cyclocross season with a relatively easy victory. \u00a9 Profimedia<\/figcaption><\/figure>\n<p style=\"font-weight: 400;\">As for the race itself, due to the rain and deep mud, there was almost as much running as cycling, as riders chose to dismount to traverse the worst sections. Van Aert\u2019s ability to navigate several of those sections on the fourth of seven laps helped him open up a lead after it had taken him about half of the race to gauge his form and that of his rivals and to find his rhythm.<\/p>\n<p style=\"font-weight: 400;\">\u201cI needed the first few laps to assess my form and assess the competition,\u201d van Aert <a href=\"https:\/\/sporza.be\/nl\/2023\/12\/09\/wout-van-aert-amuseerde-zich-bij-terugkeer-in-het-veld-gevoel-was-beter-dan-verwacht~1702135280627\/\">told journalists<\/a> after his victory. \u201cEvery lap, the conditions got harder and harder\u2026 Then I found my rhythm, which allowed me to build up a lead. I struggled a bit at the end but that is not unusual on a course like this. I didn&#8217;t get an easy \u2018cross [race] to start [the season] but the feeling was better than I expected.\u00a0I am happy that I was able to please the crowd.\u201d<\/p>\n<p style=\"font-weight: 400;\">He now heads to Spain for ten days of training, returning to face the challenging part of his winter schedule when he faces his arch-nemesis, Mathieu van der Poel, in the Exact Cross in Mol on December 22. That race was supposed to be the Dutchman\u2019s first race of the season but he has now changed his schedule and will return to cyclocross six days earlier, at the X20 Trofee Herentals.<\/p>\n<p style=\"font-weight: 400;\">This is van Aert\u2019s home race but he will be at the Jumbo-Visma camp in Spain. However, the third member of the cyclocross Big Three, Tom Pidcock, is scheduled to race at Herentals, so there should be sparks. Did van der Poel add the race because of van Aert\u2019s performance at Essen and so to have a race under his belt when the two meet in Mol? We\u2019ll never know but he sort of suggested as much, <a href=\"https:\/\/www.cyclingnews.com\/news\/mathieu-van-der-poel-moves-cyclocross-season-debut-up-to-december-16\/\">saying<\/a>: \u201cAn extra competition hour ahead of the busy Christmas period can only be positive.\u201d<\/p>\n<p style=\"font-weight: 400;\">Van Aert and van der Poel will also face each other in the UCI World Cup rounds in Antwerp, Gavere and Hulst, as well as in the Superprestige round at Heusden-Zolder on December 27.<\/p>\n","protected":false},"excerpt":{"rendered":"<p>Wout van Aert began his 2023-24 cyclo-cross season with a relatively easy victory in the rain and mud of the [&hellip;]<\/p>\n","protected":false},"author":99,"featured_media":194627,"comment_status":"closed","ping_status":"open","sticky":false,"template":"","format":"standard","meta":{"footnotes":""},"categories":[328],"tags":[631,7515,7517,7516,831],"global-categories":[3366],"class_list":["post-194626","post","type-post","status-publish","format-standard","has-post-thumbnail","hentry","category-outdoor-mountain","tag-cyclo-cross","tag-jens-adams","tag-mathieu-van-der-poe","tag-thijs-aerts","tag-wout-van-aert","global-categories-cycling"],"yoast_head":"<!-- This site is optimized with the Yoast SEO Premium plugin v25.3 (Yoast SEO v25.9) - https:\/\/yoast.com\/wordpress\/plugins\/seo\/ -->\n<title>Van Aert Conquers Mud and Rivals in 2023 Cyclo-cross Debut - \u0160koda We Love Cycling<\/title>\n<meta name=\"description\" content=\"Wout van Aert began his 2023-24 cyclo-cross season with a relatively easy victory in the rain and mud of the Exact Cross in the Belgian town of Essen over\" \/>\n<meta name=\"robots\" content=\"index, follow, max-snippet:-1, max-image-preview:large, max-video-preview:-1\" \/>\n<link rel=\"canonical\" href=\"https:\/\/www.welovecycling.com\/wide\/2023\/12\/11\/van-aert-conquers-mud-and-rivals-in-2023-cyclo-cross-debut\/\" \/>\n<meta property=\"og:locale\" content=\"en_US\" \/>\n<meta property=\"og:type\" content=\"article\" \/>\n<meta property=\"og:title\" content=\"Van Aert Conquers Mud and Rivals in 2023 Cyclo-cross Debut\" \/>\n<meta property=\"og:description\" content=\"Wout van Aert began his 2023-24 cyclo-cross season with a relatively easy victory in the rain and mud of the Exact Cross in the Belgian town of Essen over\" \/>\n<meta property=\"og:url\" content=\"https:\/\/www.welovecycling.com\/wide\/2023\/12\/11\/van-aert-conquers-mud-and-rivals-in-2023-cyclo-cross-debut\/\" \/>\n<meta property=\"og:site_name\" content=\"\u0160koda We Love Cycling\" \/>\n<meta property=\"article:published_time\" content=\"2023-12-11T11:38:00+00:00\" \/>\n<meta property=\"article:modified_time\" content=\"2023-12-11T11:40:26+00:00\" \/>\n<meta property=\"og:image\" content=\"https:\/\/d2p6e6u75xmxt8.cloudfront.net\/2\/2023\/12\/Wout-van-Aert-profimedia-0828292284-CVR.webp\" \/>\n\t<meta property=\"og:image:width\" content=\"990\" \/>\n\t<meta property=\"og:image:height\" content=\"660\" \/>\n\t<meta property=\"og:image:type\" content=\"image\/webp\" \/>\n<meta name=\"author\" content=\"tereza\" \/>\n<meta name=\"twitter:card\" content=\"summary_large_image\" \/>\n<meta name=\"twitter:label1\" content=\"Written by\" \/>\n\t<meta name=\"twitter:data1\" content=\"Siegfried Mortkowitz\" \/>\n\t<meta name=\"twitter:label2\" content=\"Est. reading time\" \/>\n\t<meta name=\"twitter:data2\" content=\"4\" \/>\n<script type=\"application\/ld+json\" class=\"yoast-schema-graph\">{\"@context\":\"https:\/\/schema.org\",\"@graph\":[{\"@type\":\"WebPage\",\"@id\":\"https:\/\/www.welovecycling.com\/wide\/2023\/12\/11\/van-aert-conquers-mud-and-rivals-in-2023-cyclo-cross-debut\/\",\"url\":\"https:\/\/www.welovecycling.com\/wide\/2023\/12\/11\/van-aert-conquers-mud-and-rivals-in-2023-cyclo-cross-debut\/\",\"name\":\"Van Aert Conquers Mud and Rivals in 2023 Cyclo-cross Debut - \u0160koda We Love Cycling\",\"isPartOf\":{\"@id\":\"https:\/\/www.welovecycling.com\/wide\/#website\"},\"primaryImageOfPage\":{\"@id\":\"https:\/\/www.welovecycling.com\/wide\/2023\/12\/11\/van-aert-conquers-mud-and-rivals-in-2023-cyclo-cross-debut\/#primaryimage\"},\"image\":{\"@id\":\"https:\/\/www.welovecycling.com\/wide\/2023\/12\/11\/van-aert-conquers-mud-and-rivals-in-2023-cyclo-cross-debut\/#primaryimage\"},\"thumbnailUrl\":\"https:\/\/d2p6e6u75xmxt8.cloudfront.net\/2\/2023\/12\/Wout-van-Aert-profimedia-0828292284-CVR.webp\",\"datePublished\":\"2023-12-11T11:38:00+00:00\",\"dateModified\":\"2023-12-11T11:40:26+00:00\",\"author\":{\"@id\":\"https:\/\/www.welovecycling.com\/wide\/#\/schema\/person\/50f01ecd18718d2333cf72e823c4f926\"},\"description\":\"Wout van Aert began his 2023-24 cyclo-cross season with a relatively easy victory in the rain and mud of the Exact Cross in the Belgian town of Essen over\",\"breadcrumb\":{\"@id\":\"https:\/\/www.welovecycling.com\/wide\/2023\/12\/11\/van-aert-conquers-mud-and-rivals-in-2023-cyclo-cross-debut\/#breadcrumb\"},\"inLanguage\":\"en-US\",\"potentialAction\":[{\"@type\":\"ReadAction\",\"target\":[\"https:\/\/www.welovecycling.com\/wide\/2023\/12\/11\/van-aert-conquers-mud-and-rivals-in-2023-cyclo-cross-debut\/\"]}]},{\"@type\":\"ImageObject\",\"inLanguage\":\"en-US\",\"@id\":\"https:\/\/www.welovecycling.com\/wide\/2023\/12\/11\/van-aert-conquers-mud-and-rivals-in-2023-cyclo-cross-debut\/#primaryimage\",\"url\":\"https:\/\/d2p6e6u75xmxt8.cloudfront.net\/2\/2023\/12\/Wout-van-Aert-profimedia-0828292284-CVR.webp\",\"contentUrl\":\"https:\/\/d2p6e6u75xmxt8.cloudfront.net\/2\/2023\/12\/Wout-van-Aert-profimedia-0828292284-CVR.webp\",\"width\":990,\"height\":660,\"caption\":\"Wout van Aert\"},{\"@type\":\"BreadcrumbList\",\"@id\":\"https:\/\/www.welovecycling.com\/wide\/2023\/12\/11\/van-aert-conquers-mud-and-rivals-in-2023-cyclo-cross-debut\/#breadcrumb\",\"itemListElement\":[{\"@type\":\"ListItem\",\"position\":1,\"name\":\"Home\",\"item\":\"https:\/\/www.welovecycling.com\/wide\/\"},{\"@type\":\"ListItem\",\"position\":2,\"name\":\"Van Aert Conquers Mud and Rivals in 2023 Cyclo-cross Debut\"}]},{\"@type\":\"WebSite\",\"@id\":\"https:\/\/www.welovecycling.com\/wide\/#website\",\"url\":\"https:\/\/www.welovecycling.com\/wide\/\",\"name\":\"\u0160koda We Love Cycling\",\"description\":\"\u0160koda We Love Cycling magazine\",\"alternateName\":\"\u0160koda WLC\",\"potentialAction\":[{\"@type\":\"SearchAction\",\"target\":{\"@type\":\"EntryPoint\",\"urlTemplate\":\"https:\/\/www.welovecycling.com\/wide\/?s={search_term_string}\"},\"query-input\":{\"@type\":\"PropertyValueSpecification\",\"valueRequired\":true,\"valueName\":\"search_term_string\"}}],\"inLanguage\":\"en-US\"},{\"@type\":\"Person\",\"@id\":\"https:\/\/www.welovecycling.com\/wide\/#\/schema\/person\/50f01ecd18718d2333cf72e823c4f926\",\"name\":\"tereza\",\"image\":{\"@type\":\"ImageObject\",\"inLanguage\":\"en-US\",\"@id\":\"https:\/\/www.welovecycling.com\/wide\/#\/schema\/person\/image\/\",\"url\":\"https:\/\/secure.gravatar.com\/avatar\/1f9eb71be33845f0afabce3791bc1c58ecdb0a25c62964987e5dbcf7a20d2ec7?s=96&d=mm&r=g\",\"contentUrl\":\"https:\/\/secure.gravatar.com\/avatar\/1f9eb71be33845f0afabce3791bc1c58ecdb0a25c62964987e5dbcf7a20d2ec7?s=96&d=mm&r=g\",\"caption\":\"tereza\"},\"url\":\"https:\/\/www.welovecycling.com\/wide\/author\/tereza\/\"}]}<\/script>\n<!-- \/ Yoast SEO Premium plugin. -->","yoast_head_json":{"title":"Van Aert Conquers Mud and Rivals in 2023 Cyclo-cross Debut - \u0160koda We Love Cycling","description":"Wout van Aert began his 2023-24 cyclo-cross season with a relatively easy victory in the rain and mud of the Exact Cross in the Belgian town of Essen over","robots":{"index":"index","follow":"follow","max-snippet":"max-snippet:-1","max-image-preview":"max-image-preview:large","max-video-preview":"max-video-preview:-1"},"canonical":"https:\/\/www.welovecycling.com\/wide\/2023\/12\/11\/van-aert-conquers-mud-and-rivals-in-2023-cyclo-cross-debut\/","og_locale":"en_US","og_type":"article","og_title":"Van Aert Conquers Mud and Rivals in 2023 Cyclo-cross Debut","og_description":"Wout van Aert began his 2023-24 cyclo-cross season with a relatively easy victory in the rain and mud of the Exact Cross in the Belgian town of Essen over","og_url":"https:\/\/www.welovecycling.com\/wide\/2023\/12\/11\/van-aert-conquers-mud-and-rivals-in-2023-cyclo-cross-debut\/","og_site_name":"\u0160koda We Love Cycling","article_published_time":"2023-12-11T11:38:00+00:00","article_modified_time":"2023-12-11T11:40:26+00:00","og_image":[{"width":990,"height":660,"url":"https:\/\/d2p6e6u75xmxt8.cloudfront.net\/2\/2023\/12\/Wout-van-Aert-profimedia-0828292284-CVR.webp","type":"image\/webp"}],"author":"tereza","twitter_card":"summary_large_image","twitter_misc":{"Written by":"Siegfried Mortkowitz","Est. reading time":"4"},"schema":{"@context":"https:\/\/schema.org","@graph":[{"@type":"WebPage","@id":"https:\/\/www.welovecycling.com\/wide\/2023\/12\/11\/van-aert-conquers-mud-and-rivals-in-2023-cyclo-cross-debut\/","url":"https:\/\/www.welovecycling.com\/wide\/2023\/12\/11\/van-aert-conquers-mud-and-rivals-in-2023-cyclo-cross-debut\/","name":"Van Aert Conquers Mud and Rivals in 2023 Cyclo-cross Debut - \u0160koda We Love Cycling","isPartOf":{"@id":"https:\/\/www.welovecycling.com\/wide\/#website"},"primaryImageOfPage":{"@id":"https:\/\/www.welovecycling.com\/wide\/2023\/12\/11\/van-aert-conquers-mud-and-rivals-in-2023-cyclo-cross-debut\/#primaryimage"},"image":{"@id":"https:\/\/www.welovecycling.com\/wide\/2023\/12\/11\/van-aert-conquers-mud-and-rivals-in-2023-cyclo-cross-debut\/#primaryimage"},"thumbnailUrl":"https:\/\/d2p6e6u75xmxt8.cloudfront.net\/2\/2023\/12\/Wout-van-Aert-profimedia-0828292284-CVR.webp","datePublished":"2023-12-11T11:38:00+00:00","dateModified":"2023-12-11T11:40:26+00:00","author":{"@id":"https:\/\/www.welovecycling.com\/wide\/#\/schema\/person\/50f01ecd18718d2333cf72e823c4f926"},"description":"Wout van Aert began his 2023-24 cyclo-cross season with a relatively easy victory in the rain and mud of the Exact Cross in the Belgian town of Essen over","breadcrumb":{"@id":"https:\/\/www.welovecycling.com\/wide\/2023\/12\/11\/van-aert-conquers-mud-and-rivals-in-2023-cyclo-cross-debut\/#breadcrumb"},"inLanguage":"en-US","potentialAction":[{"@type":"ReadAction","target":["https:\/\/www.welovecycling.com\/wide\/2023\/12\/11\/van-aert-conquers-mud-and-rivals-in-2023-cyclo-cross-debut\/"]}]},{"@type":"ImageObject","inLanguage":"en-US","@id":"https:\/\/www.welovecycling.com\/wide\/2023\/12\/11\/van-aert-conquers-mud-and-rivals-in-2023-cyclo-cross-debut\/#primaryimage","url":"https:\/\/d2p6e6u75xmxt8.cloudfront.net\/2\/2023\/12\/Wout-van-Aert-profimedia-0828292284-CVR.webp","contentUrl":"https:\/\/d2p6e6u75xmxt8.cloudfront.net\/2\/2023\/12\/Wout-van-Aert-profimedia-0828292284-CVR.webp","width":990,"height":660,"caption":"Wout van Aert"},{"@type":"BreadcrumbList","@id":"https:\/\/www.welovecycling.com\/wide\/2023\/12\/11\/van-aert-conquers-mud-and-rivals-in-2023-cyclo-cross-debut\/#breadcrumb","itemListElement":[{"@type":"ListItem","position":1,"name":"Home","item":"https:\/\/www.welovecycling.com\/wide\/"},{"@type":"ListItem","position":2,"name":"Van Aert Conquers Mud and Rivals in 2023 Cyclo-cross Debut"}]},{"@type":"WebSite","@id":"https:\/\/www.welovecycling.com\/wide\/#website","url":"https:\/\/www.welovecycling.com\/wide\/","name":"\u0160koda We Love Cycling","description":"\u0160koda We Love Cycling magazine","alternateName":"\u0160koda WLC","potentialAction":[{"@type":"SearchAction","target":{"@type":"EntryPoint","urlTemplate":"https:\/\/www.welovecycling.com\/wide\/?s={search_term_string}"},"query-input":{"@type":"PropertyValueSpecification","valueRequired":true,"valueName":"search_term_string"}}],"inLanguage":"en-US"},{"@type":"Person","@id":"https:\/\/www.welovecycling.com\/wide\/#\/schema\/person\/50f01ecd18718d2333cf72e823c4f926","name":"tereza","image":{"@type":"ImageObject","inLanguage":"en-US","@id":"https:\/\/www.welovecycling.com\/wide\/#\/schema\/person\/image\/","url":"https:\/\/secure.gravatar.com\/avatar\/1f9eb71be33845f0afabce3791bc1c58ecdb0a25c62964987e5dbcf7a20d2ec7?s=96&d=mm&r=g","contentUrl":"https:\/\/secure.gravatar.com\/avatar\/1f9eb71be33845f0afabce3791bc1c58ecdb0a25c62964987e5dbcf7a20d2ec7?s=96&d=mm&r=g","caption":"tereza"},"url":"https:\/\/www.welovecycling.com\/wide\/author\/tereza\/"}]}},"_links":{"self":[{"href":"https:\/\/www.welovecycling.com\/wide\/wp-json\/wp\/v2\/posts\/194626","targetHints":{"allow":["GET"]}}],"collection":[{"href":"https:\/\/www.welovecycling.com\/wide\/wp-json\/wp\/v2\/posts"}],"about":[{"href":"https:\/\/www.welovecycling.com\/wide\/wp-json\/wp\/v2\/types\/post"}],"author":[{"embeddable":true,"href":"https:\/\/www.welovecycling.com\/wide\/wp-json\/wp\/v2\/users\/99"}],"replies":[{"embeddable":true,"href":"https:\/\/www.welovecycling.com\/wide\/wp-json\/wp\/v2\/comments?post=194626"}],"version-history":[{"count":1,"href":"https:\/\/www.welovecycling.com\/wide\/wp-json\/wp\/v2\/posts\/194626\/revisions"}],"predecessor-version":[{"id":194628,"href":"https:\/\/www.welovecycling.com\/wide\/wp-json\/wp\/v2\/posts\/194626\/revisions\/194628"}],"wp:featuredmedia":[{"embeddable":true,"href":"https:\/\/www.welovecycling.com\/wide\/wp-json\/wp\/v2\/media\/194627"}],"wp:attachment":[{"href":"https:\/\/www.welovecycling.com\/wide\/wp-json\/wp\/v2\/media?parent=194626"}],"wp:term":[{"taxonomy":"category","embeddable":true,"href":"https:\/\/www.welovecycling.com\/wide\/wp-json\/wp\/v2\/categories?post=194626"},{"taxonomy":"post_tag","embeddable":true,"href":"https:\/\/www.welovecycling.com\/wide\/wp-json\/wp\/v2\/tags?post=194626"},{"taxonomy":"global-categories","embeddable":true,"href":"https:\/\/www.welovecycling.com\/wide\/wp-json\/wp\/v2\/global-categories?post=194626"}],"curies":[{"name":"wp","href":"https:\/\/api.w.org\/{rel}","templated":true}]}}