{"id":194559,"date":"2023-12-04T09:15:55","date_gmt":"2023-12-04T09:15:55","guid":{"rendered":"https:\/\/www.welovecycling.com\/wide\/?p=194559"},"modified":"2023-12-04T09:15:55","modified_gmt":"2023-12-04T09:15:55","slug":"eli-iserbyt-triumphs-in-flamanville-securing-second-world-cup-cyclo-cross-series-victory","status":"publish","type":"post","link":"https:\/\/www.welovecycling.com\/wide\/2023\/12\/04\/eli-iserbyt-triumphs-in-flamanville-securing-second-world-cup-cyclo-cross-series-victory\/","title":{"rendered":"Eli Iserbyt Triumphs in Flamanville, Securing Second World Cup Cyclo-cross Series Victory"},"content":{"rendered":"<p><strong>In an exhilarating sixth round of the World Cup Cyclo-cross series, Eli Iserbyt of Pauwels Sauzen-Bingoal emerged victorious at Flamanville. Battling through challenging conditions, Iserbyt showcased exceptional skill and endurance to clinch his second series victory, maintaining his lead in the overall standings.<\/strong><\/p>\n<p><!--more--><\/p>\n<p>Despite a poor start, Iserbyt&#8217;s determination saw him fight his way from the back to the forefront, eventually finding his rhythm on the tricky course. &#8220;My start was very bad. I had to go through the whole field to get to the front. Then after 30 minutes I found good lines on the track, so I\u2019m pretty happy that I could grow into the race and do a final good set of laps,&#8221; Iserbyt reflected.<\/p>\n<p>The race also featured a compelling performance from the Baloise Trek Lions duo, Lars van der Haar and Pim Ronhaar. Van der Haar put on a late surge, surpassing his teammate and others to take second place, 13 seconds behind Iserbyt. This effort elevated him to second in the World Cup standings, pushing Ronhaar to third. &#8220;I was struggling a little bit in the first lap, to find my rhythm. Once I had it, I tried to go as fast as I could to the front, but Eli was a little bit faster. In the end he was just the best today. He had it under control,&#8221; admitted Van der Haar.<\/p>\n<p>Ronhaar, initially leading solo for over four laps, displayed remarkable resilience but ultimately secured the third spot, 34 seconds behind Van der Haar. He commented on his performance and the intense finish: \u201cI was totally done. I was riding strong lap times, every lap 8:35. I was not feeling that great, but my basic tempo was high. I saw that Eli had a bad start, so I wanted to push from the beginning. Then three laps from the end he sprinted to my wheel and I tried to stay with him, but I was done.&#8221;<\/p>\n<p>The race was marked by challenging conditions, with deep mud hindering early advances. Kevin Kuhn initially took the lead in a field of 43 riders, with others like Joris Nieuwenhuis and Niels Vandeputte also making notable appearances. However, as the race progressed, it was the strategic moves and sheer perseverance of Iserbyt that ultimately paid off, earning him the coveted victory.<\/p>\n<p>Reflecting on his win, Iserbyt expressed satisfaction and relief: \u201cIt was very important for me to win today. Also, to win in the [World Cup] leader\u2019s jersey is not easy.\u201d His victory in Flamanville solidifies his standing as a formidable competitor in the series, setting the stage for an exciting continuation of the <a href=\"https:\/\/www.uci.org\/race-hub\/2023-2024-uci-cyclo-cross-world-cup-flamanville\/6NFzc5Qg1DslPcwLM1Viqm\">World Cup Cyclo-cross series.<\/a><\/p>\n<h4><strong>Cyclo-cross \u2013 World Cup 2023 | Flamanville, Men\u2019s Elite Race Results<\/strong><\/h4>\n<p>Eli Iserbyt, 1:00:09<br \/>\nLars van der Haar, +00:13<br \/>\nPim Ronhaar, +00:47<br \/>\nJoris Nieuwenhuis, +00:54<br \/>\nNiels Vandeputte, +01:23<br \/>\nKevin Kuhn, +01:36<br \/>\nEmiel Verstrynge, +01:47<br \/>\nRyan Kamp, +02:04<br \/>\nJens Adams, +02:16<br \/>\nJoran Wyseure, +02:31<\/p>\n","protected":false},"excerpt":{"rendered":"<p>In an exhilarating sixth round of the World Cup Cyclo-cross series, Eli Iserbyt of Pauwels Sauzen-Bingoal emerged victorious at Flamanville. [&hellip;]<\/p>\n","protected":false},"author":99,"featured_media":194573,"comment_status":"closed","ping_status":"open","sticky":false,"template":"","format":"standard","meta":{"footnotes":""},"categories":[328],"tags":[7503,3691,5865,7502],"global-categories":[3366],"class_list":["post-194559","post","type-post","status-publish","format-standard","has-post-thumbnail","hentry","category-outdoor-mountain","tag-cyclo-cross-world-cup-2023","tag-eli-iserbyt","tag-lars-van-der-haar","tag-world-cup-cyclo-cross-series","global-categories-cycling"],"yoast_head":"<!-- This site is optimized with the Yoast SEO Premium plugin v25.3 (Yoast SEO v25.9) - https:\/\/yoast.com\/wordpress\/plugins\/seo\/ -->\n<title>Eli Iserbyt Secures Second World Cup Cyclo-cross Series Victory<\/title>\n<meta name=\"description\" content=\"In an exhilarating sixth round of the World Cup Cyclo-cross series, Eli Iserbyt of Pauwels Sauzen-Bingoal emerged victorious at Flamanville. Battling\" \/>\n<meta name=\"robots\" content=\"index, follow, max-snippet:-1, max-image-preview:large, max-video-preview:-1\" \/>\n<link rel=\"canonical\" href=\"https:\/\/www.welovecycling.com\/wide\/2023\/12\/04\/eli-iserbyt-triumphs-in-flamanville-securing-second-world-cup-cyclo-cross-series-victory\/\" \/>\n<meta property=\"og:locale\" content=\"en_US\" \/>\n<meta property=\"og:type\" content=\"article\" \/>\n<meta property=\"og:title\" content=\"Eli Iserbyt Triumphs in Flamanville, Securing Second World Cup Cyclo-cross Series Victory\" \/>\n<meta property=\"og:description\" content=\"In an exhilarating sixth round of the World Cup Cyclo-cross series, Eli Iserbyt of Pauwels Sauzen-Bingoal emerged victorious at Flamanville. Battling\" \/>\n<meta property=\"og:url\" content=\"https:\/\/www.welovecycling.com\/wide\/2023\/12\/04\/eli-iserbyt-triumphs-in-flamanville-securing-second-world-cup-cyclo-cross-series-victory\/\" \/>\n<meta property=\"og:site_name\" content=\"\u0160koda We Love Cycling\" \/>\n<meta property=\"article:published_time\" content=\"2023-12-04T09:15:55+00:00\" \/>\n<meta property=\"og:image\" content=\"https:\/\/d2p6e6u75xmxt8.cloudfront.net\/2\/2023\/12\/Eli-Iserbyt-profimedia-0826391171-CVR.webp\" \/>\n\t<meta property=\"og:image:width\" content=\"990\" \/>\n\t<meta property=\"og:image:height\" content=\"660\" \/>\n\t<meta property=\"og:image:type\" content=\"image\/webp\" \/>\n<meta name=\"author\" content=\"tereza\" \/>\n<meta name=\"twitter:card\" content=\"summary_large_image\" \/>\n<meta name=\"twitter:label1\" content=\"Written by\" \/>\n\t<meta name=\"twitter:data1\" content=\"Monica Buck\" \/>\n\t<meta name=\"twitter:label2\" content=\"Est. reading time\" \/>\n\t<meta name=\"twitter:data2\" content=\"3\" \/>\n<script type=\"application\/ld+json\" class=\"yoast-schema-graph\">{\"@context\":\"https:\/\/schema.org\",\"@graph\":[{\"@type\":\"WebPage\",\"@id\":\"https:\/\/www.welovecycling.com\/wide\/2023\/12\/04\/eli-iserbyt-triumphs-in-flamanville-securing-second-world-cup-cyclo-cross-series-victory\/\",\"url\":\"https:\/\/www.welovecycling.com\/wide\/2023\/12\/04\/eli-iserbyt-triumphs-in-flamanville-securing-second-world-cup-cyclo-cross-series-victory\/\",\"name\":\"Eli Iserbyt Secures Second World Cup Cyclo-cross Series Victory\",\"isPartOf\":{\"@id\":\"https:\/\/www.welovecycling.com\/wide\/#website\"},\"primaryImageOfPage\":{\"@id\":\"https:\/\/www.welovecycling.com\/wide\/2023\/12\/04\/eli-iserbyt-triumphs-in-flamanville-securing-second-world-cup-cyclo-cross-series-victory\/#primaryimage\"},\"image\":{\"@id\":\"https:\/\/www.welovecycling.com\/wide\/2023\/12\/04\/eli-iserbyt-triumphs-in-flamanville-securing-second-world-cup-cyclo-cross-series-victory\/#primaryimage\"},\"thumbnailUrl\":\"https:\/\/d2p6e6u75xmxt8.cloudfront.net\/2\/2023\/12\/Eli-Iserbyt-profimedia-0826391171-CVR.webp\",\"datePublished\":\"2023-12-04T09:15:55+00:00\",\"author\":{\"@id\":\"https:\/\/www.welovecycling.com\/wide\/#\/schema\/person\/50f01ecd18718d2333cf72e823c4f926\"},\"description\":\"In an exhilarating sixth round of the World Cup Cyclo-cross series, Eli Iserbyt of Pauwels Sauzen-Bingoal emerged victorious at Flamanville. Battling\",\"breadcrumb\":{\"@id\":\"https:\/\/www.welovecycling.com\/wide\/2023\/12\/04\/eli-iserbyt-triumphs-in-flamanville-securing-second-world-cup-cyclo-cross-series-victory\/#breadcrumb\"},\"inLanguage\":\"en-US\",\"potentialAction\":[{\"@type\":\"ReadAction\",\"target\":[\"https:\/\/www.welovecycling.com\/wide\/2023\/12\/04\/eli-iserbyt-triumphs-in-flamanville-securing-second-world-cup-cyclo-cross-series-victory\/\"]}]},{\"@type\":\"ImageObject\",\"inLanguage\":\"en-US\",\"@id\":\"https:\/\/www.welovecycling.com\/wide\/2023\/12\/04\/eli-iserbyt-triumphs-in-flamanville-securing-second-world-cup-cyclo-cross-series-victory\/#primaryimage\",\"url\":\"https:\/\/d2p6e6u75xmxt8.cloudfront.net\/2\/2023\/12\/Eli-Iserbyt-profimedia-0826391171-CVR.webp\",\"contentUrl\":\"https:\/\/d2p6e6u75xmxt8.cloudfront.net\/2\/2023\/12\/Eli-Iserbyt-profimedia-0826391171-CVR.webp\",\"width\":990,\"height\":660},{\"@type\":\"BreadcrumbList\",\"@id\":\"https:\/\/www.welovecycling.com\/wide\/2023\/12\/04\/eli-iserbyt-triumphs-in-flamanville-securing-second-world-cup-cyclo-cross-series-victory\/#breadcrumb\",\"itemListElement\":[{\"@type\":\"ListItem\",\"position\":1,\"name\":\"Home\",\"item\":\"https:\/\/www.welovecycling.com\/wide\/\"},{\"@type\":\"ListItem\",\"position\":2,\"name\":\"Eli Iserbyt Triumphs in Flamanville, Securing Second World Cup Cyclo-cross Series Victory\"}]},{\"@type\":\"WebSite\",\"@id\":\"https:\/\/www.welovecycling.com\/wide\/#website\",\"url\":\"https:\/\/www.welovecycling.com\/wide\/\",\"name\":\"\u0160koda We Love Cycling\",\"description\":\"\u0160koda We Love Cycling magazine\",\"alternateName\":\"\u0160koda WLC\",\"potentialAction\":[{\"@type\":\"SearchAction\",\"target\":{\"@type\":\"EntryPoint\",\"urlTemplate\":\"https:\/\/www.welovecycling.com\/wide\/?s={search_term_string}\"},\"query-input\":{\"@type\":\"PropertyValueSpecification\",\"valueRequired\":true,\"valueName\":\"search_term_string\"}}],\"inLanguage\":\"en-US\"},{\"@type\":\"Person\",\"@id\":\"https:\/\/www.welovecycling.com\/wide\/#\/schema\/person\/50f01ecd18718d2333cf72e823c4f926\",\"name\":\"tereza\",\"image\":{\"@type\":\"ImageObject\",\"inLanguage\":\"en-US\",\"@id\":\"https:\/\/www.welovecycling.com\/wide\/#\/schema\/person\/image\/\",\"url\":\"https:\/\/secure.gravatar.com\/avatar\/1f9eb71be33845f0afabce3791bc1c58ecdb0a25c62964987e5dbcf7a20d2ec7?s=96&d=mm&r=g\",\"contentUrl\":\"https:\/\/secure.gravatar.com\/avatar\/1f9eb71be33845f0afabce3791bc1c58ecdb0a25c62964987e5dbcf7a20d2ec7?s=96&d=mm&r=g\",\"caption\":\"tereza\"},\"url\":\"https:\/\/www.welovecycling.com\/wide\/author\/tereza\/\"}]}<\/script>\n<!-- \/ Yoast SEO Premium plugin. -->","yoast_head_json":{"title":"Eli Iserbyt Secures Second World Cup Cyclo-cross Series Victory","description":"In an exhilarating sixth round of the World Cup Cyclo-cross series, Eli Iserbyt of Pauwels Sauzen-Bingoal emerged victorious at Flamanville. Battling","robots":{"index":"index","follow":"follow","max-snippet":"max-snippet:-1","max-image-preview":"max-image-preview:large","max-video-preview":"max-video-preview:-1"},"canonical":"https:\/\/www.welovecycling.com\/wide\/2023\/12\/04\/eli-iserbyt-triumphs-in-flamanville-securing-second-world-cup-cyclo-cross-series-victory\/","og_locale":"en_US","og_type":"article","og_title":"Eli Iserbyt Triumphs in Flamanville, Securing Second World Cup Cyclo-cross Series Victory","og_description":"In an exhilarating sixth round of the World Cup Cyclo-cross series, Eli Iserbyt of Pauwels Sauzen-Bingoal emerged victorious at Flamanville. Battling","og_url":"https:\/\/www.welovecycling.com\/wide\/2023\/12\/04\/eli-iserbyt-triumphs-in-flamanville-securing-second-world-cup-cyclo-cross-series-victory\/","og_site_name":"\u0160koda We Love Cycling","article_published_time":"2023-12-04T09:15:55+00:00","og_image":[{"width":990,"height":660,"url":"https:\/\/d2p6e6u75xmxt8.cloudfront.net\/2\/2023\/12\/Eli-Iserbyt-profimedia-0826391171-CVR.webp","type":"image\/webp"}],"author":"tereza","twitter_card":"summary_large_image","twitter_misc":{"Written by":"Monica Buck","Est. reading time":"3"},"schema":{"@context":"https:\/\/schema.org","@graph":[{"@type":"WebPage","@id":"https:\/\/www.welovecycling.com\/wide\/2023\/12\/04\/eli-iserbyt-triumphs-in-flamanville-securing-second-world-cup-cyclo-cross-series-victory\/","url":"https:\/\/www.welovecycling.com\/wide\/2023\/12\/04\/eli-iserbyt-triumphs-in-flamanville-securing-second-world-cup-cyclo-cross-series-victory\/","name":"Eli Iserbyt Secures Second World Cup Cyclo-cross Series Victory","isPartOf":{"@id":"https:\/\/www.welovecycling.com\/wide\/#website"},"primaryImageOfPage":{"@id":"https:\/\/www.welovecycling.com\/wide\/2023\/12\/04\/eli-iserbyt-triumphs-in-flamanville-securing-second-world-cup-cyclo-cross-series-victory\/#primaryimage"},"image":{"@id":"https:\/\/www.welovecycling.com\/wide\/2023\/12\/04\/eli-iserbyt-triumphs-in-flamanville-securing-second-world-cup-cyclo-cross-series-victory\/#primaryimage"},"thumbnailUrl":"https:\/\/d2p6e6u75xmxt8.cloudfront.net\/2\/2023\/12\/Eli-Iserbyt-profimedia-0826391171-CVR.webp","datePublished":"2023-12-04T09:15:55+00:00","author":{"@id":"https:\/\/www.welovecycling.com\/wide\/#\/schema\/person\/50f01ecd18718d2333cf72e823c4f926"},"description":"In an exhilarating sixth round of the World Cup Cyclo-cross series, Eli Iserbyt of Pauwels Sauzen-Bingoal emerged victorious at Flamanville. Battling","breadcrumb":{"@id":"https:\/\/www.welovecycling.com\/wide\/2023\/12\/04\/eli-iserbyt-triumphs-in-flamanville-securing-second-world-cup-cyclo-cross-series-victory\/#breadcrumb"},"inLanguage":"en-US","potentialAction":[{"@type":"ReadAction","target":["https:\/\/www.welovecycling.com\/wide\/2023\/12\/04\/eli-iserbyt-triumphs-in-flamanville-securing-second-world-cup-cyclo-cross-series-victory\/"]}]},{"@type":"ImageObject","inLanguage":"en-US","@id":"https:\/\/www.welovecycling.com\/wide\/2023\/12\/04\/eli-iserbyt-triumphs-in-flamanville-securing-second-world-cup-cyclo-cross-series-victory\/#primaryimage","url":"https:\/\/d2p6e6u75xmxt8.cloudfront.net\/2\/2023\/12\/Eli-Iserbyt-profimedia-0826391171-CVR.webp","contentUrl":"https:\/\/d2p6e6u75xmxt8.cloudfront.net\/2\/2023\/12\/Eli-Iserbyt-profimedia-0826391171-CVR.webp","width":990,"height":660},{"@type":"BreadcrumbList","@id":"https:\/\/www.welovecycling.com\/wide\/2023\/12\/04\/eli-iserbyt-triumphs-in-flamanville-securing-second-world-cup-cyclo-cross-series-victory\/#breadcrumb","itemListElement":[{"@type":"ListItem","position":1,"name":"Home","item":"https:\/\/www.welovecycling.com\/wide\/"},{"@type":"ListItem","position":2,"name":"Eli Iserbyt Triumphs in Flamanville, Securing Second World Cup Cyclo-cross Series Victory"}]},{"@type":"WebSite","@id":"https:\/\/www.welovecycling.com\/wide\/#website","url":"https:\/\/www.welovecycling.com\/wide\/","name":"\u0160koda We Love Cycling","description":"\u0160koda We Love Cycling magazine","alternateName":"\u0160koda WLC","potentialAction":[{"@type":"SearchAction","target":{"@type":"EntryPoint","urlTemplate":"https:\/\/www.welovecycling.com\/wide\/?s={search_term_string}"},"query-input":{"@type":"PropertyValueSpecification","valueRequired":true,"valueName":"search_term_string"}}],"inLanguage":"en-US"},{"@type":"Person","@id":"https:\/\/www.welovecycling.com\/wide\/#\/schema\/person\/50f01ecd18718d2333cf72e823c4f926","name":"tereza","image":{"@type":"ImageObject","inLanguage":"en-US","@id":"https:\/\/www.welovecycling.com\/wide\/#\/schema\/person\/image\/","url":"https:\/\/secure.gravatar.com\/avatar\/1f9eb71be33845f0afabce3791bc1c58ecdb0a25c62964987e5dbcf7a20d2ec7?s=96&d=mm&r=g","contentUrl":"https:\/\/secure.gravatar.com\/avatar\/1f9eb71be33845f0afabce3791bc1c58ecdb0a25c62964987e5dbcf7a20d2ec7?s=96&d=mm&r=g","caption":"tereza"},"url":"https:\/\/www.welovecycling.com\/wide\/author\/tereza\/"}]}},"_links":{"self":[{"href":"https:\/\/www.welovecycling.com\/wide\/wp-json\/wp\/v2\/posts\/194559","targetHints":{"allow":["GET"]}}],"collection":[{"href":"https:\/\/www.welovecycling.com\/wide\/wp-json\/wp\/v2\/posts"}],"about":[{"href":"https:\/\/www.welovecycling.com\/wide\/wp-json\/wp\/v2\/types\/post"}],"author":[{"embeddable":true,"href":"https:\/\/www.welovecycling.com\/wide\/wp-json\/wp\/v2\/users\/99"}],"replies":[{"embeddable":true,"href":"https:\/\/www.welovecycling.com\/wide\/wp-json\/wp\/v2\/comments?post=194559"}],"version-history":[{"count":3,"href":"https:\/\/www.welovecycling.com\/wide\/wp-json\/wp\/v2\/posts\/194559\/revisions"}],"predecessor-version":[{"id":194574,"href":"https:\/\/www.welovecycling.com\/wide\/wp-json\/wp\/v2\/posts\/194559\/revisions\/194574"}],"wp:featuredmedia":[{"embeddable":true,"href":"https:\/\/www.welovecycling.com\/wide\/wp-json\/wp\/v2\/media\/194573"}],"wp:attachment":[{"href":"https:\/\/www.welovecycling.com\/wide\/wp-json\/wp\/v2\/media?parent=194559"}],"wp:term":[{"taxonomy":"category","embeddable":true,"href":"https:\/\/www.welovecycling.com\/wide\/wp-json\/wp\/v2\/categories?post=194559"},{"taxonomy":"post_tag","embeddable":true,"href":"https:\/\/www.welovecycling.com\/wide\/wp-json\/wp\/v2\/tags?post=194559"},{"taxonomy":"global-categories","embeddable":true,"href":"https:\/\/www.welovecycling.com\/wide\/wp-json\/wp\/v2\/global-categories?post=194559"}],"curies":[{"name":"wp","href":"https:\/\/api.w.org\/{rel}","templated":true}]}}