{"id":194491,"date":"2023-11-23T12:23:37","date_gmt":"2023-11-23T12:23:37","guid":{"rendered":"https:\/\/www.welovecycling.com\/wide\/?p=194491"},"modified":"2023-11-23T12:23:37","modified_gmt":"2023-11-23T12:23:37","slug":"what-to-look-for-this-black-friday","status":"publish","type":"post","link":"https:\/\/www.welovecycling.com\/wide\/2023\/11\/23\/what-to-look-for-this-black-friday\/","title":{"rendered":"What to Look for This Black Friday"},"content":{"rendered":"<p style=\"font-weight: 400;\"><strong>Black Friday is upon us. May God have mercy on our souls. Well, yes, I&#8217;m a bit overdramatic. After all, Black Friday is not black at all. It&#8217;s the brightest of all days when we can get some new gear, accessories, and tech with huge discounts. What&#8217;s not to love?<\/strong><\/p>\n<p><!--more--><\/p>\n<p style=\"font-weight: 400;\">Naturally, searching far and wide can be a bit overwhelming, so we did it for you. Now, you can have the best deals without wasting time scrolling endlessly on Google or hoping an ad will target you at the precise moment. So, let&#8217;s have a look at what to look for this Black Friday.<\/p>\n<h2><strong>New bike<\/strong><\/h2>\n<p style=\"font-weight: 400;\">Is there any time of the year when a new bike is not appropriate? Well, I can&#8217;t think of one. However, perhaps the best time to get a new bike is Black Friday, as there are some awesome offers all around.<\/p>\n<p style=\"font-weight: 400;\">If you are looking for an entry-level bike, perhaps the best place to find a significant discount is <a href=\"https:\/\/www.amazon.de\/-\/en\/s?k=Bikes&amp;rh=p_n_deal_type%3A26902993031&amp;dc&amp;language=en&amp;crid=3CPA2TPYDT0WC&amp;qid=1700601121&amp;rnid=26902991031&amp;sprefix=bikes%2Caps%2C183&amp;ref=sr_pg_1\">Amazon.de<\/a>. Just don&#8217;t expect to see some of the high-quality stuff here. It&#8217;s predominantly entry-level bikes. Moreover, if you are interested in getting your kid their first bike, <a href=\"https:\/\/www.decathlon.com\/collections\/bike-kids-gear\">Decathlon<\/a> is probably the place to check. You will find a vast collection of entry-level kid bikes with at least a 30% discount.<\/p>\n<p style=\"font-weight: 400;\">If you want to check out the real deal, <a href=\"https:\/\/www.bike24.com\/topics\/black-friday\/category-0\">Bike24<\/a> offers up to 60% discounts on mid-range and high-end bikes like Specialized, BMC, Cannondale, and others. If you are more into MTB, you can also find some Norco models for up to 39% discount and all sorts of other bikes.<\/p>\n<p style=\"font-weight: 400;\">Finally, you can also visit <a href=\"https:\/\/www.merlincycles.com\/black-friday-bikes-1-279652\/?source=PHG&amp;utm_medium=Affiliates&amp;utm_campaign=skimlinks_phg\">Merlin Cycles<\/a>, where you will find all sorts of bikes with huge discounts ranging from 40 to 60%.<\/p>\n<h2><strong>New smart trainer<\/strong><\/h2>\n<p style=\"font-weight: 400;\">A bike is nice but winter is upon us and maybe having something to ride at home is not a bad idea. So, why not buy a new smart trainer to keep you company on these long, cold winter nights?<\/p>\n<p style=\"font-weight: 400;\">As usual, Black Friday is plentiful on this end. Let&#8217;s start with the obvious ones. <a href=\"https:\/\/eu.wahoofitness.com\/devices\/indoor-cycling\/bike-trainer-bundles\/zwift-bundles\">Wahoo<\/a> is offering some pretty sweet deals for all of their smart trainers. To make it even more alluring, they even made a collaboration with Zwift. Now, isn&#8217;t that nice?<\/p>\n<p style=\"font-weight: 400;\"><a href=\"https:\/\/www.garmin.com\/en-US\/c\/sports-fitness\/indoor-trainers\/?FILTER_FEATURE_SMARTTRAINER=true#indoorcyclingproducts\">Garmin&#8217;s<\/a> Tacx smart trainer is also a great choice. However, Garmin offers various deals depending on where you live. In general, you can get up to 15% discount on a smart trainer, which is a great way to improve your equipment if you are still on an entry-level technology.<\/p>\n<figure id=\"attachment_194493\" aria-describedby=\"caption-attachment-194493\" style=\"width: 1402px\" class=\"wp-caption alignnone\"><a href=\"https:\/\/d2p6e6u75xmxt8.cloudfront.net\/2\/2023\/11\/TacX-Smart-Trainer.webp\"><img loading=\"lazy\" decoding=\"async\" class=\"size-full wp-image-194493\" src=\"https:\/\/d2p6e6u75xmxt8.cloudfront.net\/2\/2023\/11\/TacX-Smart-Trainer.webp\" alt=\"Tacx\u00ae NEO 2T Smart Trainer\" width=\"1402\" height=\"1216\" srcset=\"https:\/\/d2p6e6u75xmxt8.cloudfront.net\/2\/2023\/11\/TacX-Smart-Trainer.webp 1402w, https:\/\/d2p6e6u75xmxt8.cloudfront.net\/2\/2023\/11\/TacX-Smart-Trainer-300x260.webp 300w, https:\/\/d2p6e6u75xmxt8.cloudfront.net\/2\/2023\/11\/TacX-Smart-Trainer-1024x888.webp 1024w, https:\/\/d2p6e6u75xmxt8.cloudfront.net\/2\/2023\/11\/TacX-Smart-Trainer-768x666.webp 768w, https:\/\/d2p6e6u75xmxt8.cloudfront.net\/2\/2023\/11\/TacX-Smart-Trainer-400x347.webp 400w\" sizes=\"auto, (max-width: 1402px) 100vw, 1402px\" \/><\/a><figcaption id=\"caption-attachment-194493\" class=\"wp-caption-text\">The Tacx\u00ae NEO 2T Smart Trainer<\/figcaption><\/figure>\n<p style=\"font-weight: 400;\">Or you can trust the Italians and go with Elite Direto XR-T Direct Drive Drainer, which you can find with a 22% discount on <a href=\"https:\/\/www.bike-discount.de\/en\/elite-direto-xr-t-direct-drive-trainer\">Bike Discount<\/a>. You can&#8217;t go wrong.<\/p>\n<p style=\"font-weight: 400;\">Actually, Bike Discount has some serious discounts on smart trainers, among which is the gorgeous Garmin Neo 2, which you can take with a 400-euro discount. Or the Elite Suito-T, which can be yours for as little as 420 euros.<\/p>\n<h2><strong>New bike computer<\/strong><\/h2>\n<p style=\"font-weight: 400;\">Speaking of<a href=\"https:\/\/www.bike-discount.de\/en\/search?sSearch=Bike+computers\"> Bike Discount<\/a>, it&#8217;s not a bad idea to check out there for a new bike computer. The <a href=\"https:\/\/www.bike-discount.de\/en\/garmin-edge-830-gps-bike-computer\">Garmin Edge 830 bike computer<\/a> is now just 240 euros, while its regular price is around 400 euros. <a href=\"https:\/\/www.bike-discount.de\/en\/garmin-edge-830-mtb-bundle-gps-bike-computer\">The bundle<\/a> with MTB lock and other accessories will cost you only 300 euros, so if you are up for a more expensive gift for yourself this Christmas, chances are you won&#8217;t find a better deal.<\/p>\n<p><a href=\"https:\/\/d2p6e6u75xmxt8.cloudfront.net\/2\/2023\/11\/Garmin-Edge_830_MTB_Bundle-010-02061-21_800x800@2x.webp\"><img loading=\"lazy\" decoding=\"async\" class=\"alignnone size-full wp-image-194492\" src=\"https:\/\/d2p6e6u75xmxt8.cloudfront.net\/2\/2023\/11\/Garmin-Edge_830_MTB_Bundle-010-02061-21_800x800@2x.webp\" alt=\"Garmin edge bundle\" width=\"982\" height=\"1000\" srcset=\"https:\/\/d2p6e6u75xmxt8.cloudfront.net\/2\/2023\/11\/Garmin-Edge_830_MTB_Bundle-010-02061-21_800x800@2x.webp 982w, https:\/\/d2p6e6u75xmxt8.cloudfront.net\/2\/2023\/11\/Garmin-Edge_830_MTB_Bundle-010-02061-21_800x800@2x-295x300.webp 295w, https:\/\/d2p6e6u75xmxt8.cloudfront.net\/2\/2023\/11\/Garmin-Edge_830_MTB_Bundle-010-02061-21_800x800@2x-768x782.webp 768w, https:\/\/d2p6e6u75xmxt8.cloudfront.net\/2\/2023\/11\/Garmin-Edge_830_MTB_Bundle-010-02061-21_800x800@2x-393x400.webp 393w\" sizes=\"auto, (max-width: 982px) 100vw, 982px\" \/><\/a><\/p>\n<p style=\"font-weight: 400;\">If you are looking for more entry-level computers, <a href=\"https:\/\/www.amazon.de\/-\/en\/s?k=bike+computers&amp;rh=p_n_deal_type%3A26902993031&amp;dc&amp;language=en_GB&amp;adgrpid=81761237746&amp;hvadid=394700612864&amp;hvdev=c&amp;hvlocphy=1001448&amp;hvnetw=g&amp;hvqmt=b&amp;hvrand=4830019397234596262&amp;hvtargid=kwd-46302233&amp;hydadcr=8838_1946688&amp;qid=1700603775&amp;rnid=26902991031&amp;tag=googdemozdesk-21&amp;ref=sr_nr_p_n_deal_type_1&amp;ds=v1%3AH5nL9qILzCFYkCqQHiMPOeTcsEvpfkQaGDImEzRRwEk\">Amazon.de<\/a> is always an option, though I&#8217;d suggest not splitting cents when searching for a bike computer, as quality is instrumental here.<\/p>\n<p style=\"font-weight: 400;\">Bike24.com will expand your choice with two Wahoo models at a massive discount. With the <a href=\"https:\/\/www.bike24.com\/p2665091.html?source=SBP&amp;indexName=production_SEARCH_INDEX_EN&amp;objectId=665091&amp;queryId=b84f795774a29428d7cb0b2628bf021d&amp;userToken=0df341d0-de1b-4d2a-aa3a-8370709cad61\">Elemnt Roam 2<\/a>, you will save around 7%, while with the <a href=\"https:\/\/www.bike24.com\/p2469306.html?source=SBP&amp;indexName=production_SEARCH_INDEX_EN&amp;objectId=469306&amp;queryId=b84f795774a29428d7cb0b2628bf021d&amp;userToken=0df341d0-de1b-4d2a-aa3a-8370709cad61\">ELEMNT BOLT 2.0<\/a>, you will save 17%.<\/p>\n<h2><strong>New bike lights<\/strong><\/h2>\n<p style=\"font-weight: 400;\">While we are talking about things to hang on your handlebars, let&#8217;s talk about lights. Good lights are a must, especially during the winter months, and if you don&#8217;t have a good pair, it&#8217;s time to fix that mistake. Of course, there&#8217;s no better moment for this than Black Friday.<\/p>\n<p style=\"font-weight: 400;\">If you are planning on riding MTB at night this winter, you need a high-end flooder. <a href=\"https:\/\/www.bike24.com\/p2531317.html?source=SBP&amp;indexName=production_SEARCH_INDEX_EN&amp;objectId=531317&amp;queryId=a9a5215683d1f61681090da4b80fdea1&amp;userToken=0df341d0-de1b-4d2a-aa3a-8370709cad61\">The SupernovaM99 DY Pro<\/a> is precisely what you need, and you can get it with a massive 38% discount on Bike24.com. There, you will find a bunch of other solutions if you don&#8217;t need such a professional light. Still, the Supernova is among this Black Friday&#8217;s best deals. Otherwise, you can also get a nice Sigma Sport Aura front and back bundle with a 42% discount or a low-end Fionic combo for just under 20 euros, with a 58% discount.<\/p>\n<figure id=\"attachment_194494\" aria-describedby=\"caption-attachment-194494\" style=\"width: 1100px\" class=\"wp-caption alignnone\"><a href=\"https:\/\/d2p6e6u75xmxt8.cloudfront.net\/2\/2023\/11\/Supernova-Bike-Lights.webp\"><img loading=\"lazy\" decoding=\"async\" class=\"size-full wp-image-194494\" src=\"https:\/\/d2p6e6u75xmxt8.cloudfront.net\/2\/2023\/11\/Supernova-Bike-Lights.webp\" alt=\"Bike Light\" width=\"1100\" height=\"1100\" srcset=\"https:\/\/d2p6e6u75xmxt8.cloudfront.net\/2\/2023\/11\/Supernova-Bike-Lights.webp 1100w, https:\/\/d2p6e6u75xmxt8.cloudfront.net\/2\/2023\/11\/Supernova-Bike-Lights-300x300.webp 300w, https:\/\/d2p6e6u75xmxt8.cloudfront.net\/2\/2023\/11\/Supernova-Bike-Lights-1024x1024.webp 1024w, https:\/\/d2p6e6u75xmxt8.cloudfront.net\/2\/2023\/11\/Supernova-Bike-Lights-150x150.webp 150w, https:\/\/d2p6e6u75xmxt8.cloudfront.net\/2\/2023\/11\/Supernova-Bike-Lights-768x768.webp 768w, https:\/\/d2p6e6u75xmxt8.cloudfront.net\/2\/2023\/11\/Supernova-Bike-Lights-400x400.webp 400w\" sizes=\"auto, (max-width: 1100px) 100vw, 1100px\" \/><\/a><figcaption id=\"caption-attachment-194494\" class=\"wp-caption-text\">Supernova M99 DY Pro<\/figcaption><\/figure>\n<h2><strong>New protection<\/strong><\/h2>\n<p style=\"font-weight: 400;\">Along with the lights, you might want to upgrade your protective gear. <a href=\"https:\/\/www.chainreactioncycles.com\/de-en\/m\/blackfridaywk423c?index=n&amp;categoryNames=Bike+Helmets&amp;categoryNames=Body+Armour&amp;categoryNames=Mountain+Bike+Helmets\">Chain Reaction<\/a> is the place to go, as they offer up to 60% off on protective equipment. Whether it&#8217;s a full-face MTB helmet, road helmet, knee guards, or body armour, you can find generous discounts all around. It&#8217;s a good idea to browse a bit in <a href=\"https:\/\/www.sigmasports.com\/black-friday\/helmets\">SigmaSports<\/a> where you will find some great discounts for helmets not just for you but also for your kid.<\/p>\n<figure id=\"attachment_194495\" aria-describedby=\"caption-attachment-194495\" style=\"width: 1134px\" class=\"wp-caption alignnone\"><a href=\"https:\/\/d2p6e6u75xmxt8.cloudfront.net\/2\/2023\/11\/Specialized-Helmet.webp\"><img loading=\"lazy\" decoding=\"async\" class=\"size-full wp-image-194495\" src=\"https:\/\/d2p6e6u75xmxt8.cloudfront.net\/2\/2023\/11\/Specialized-Helmet.webp\" alt=\"Specialized helmet\" width=\"1134\" height=\"1134\" srcset=\"https:\/\/d2p6e6u75xmxt8.cloudfront.net\/2\/2023\/11\/Specialized-Helmet.webp 1134w, https:\/\/d2p6e6u75xmxt8.cloudfront.net\/2\/2023\/11\/Specialized-Helmet-300x300.webp 300w, https:\/\/d2p6e6u75xmxt8.cloudfront.net\/2\/2023\/11\/Specialized-Helmet-1024x1024.webp 1024w, https:\/\/d2p6e6u75xmxt8.cloudfront.net\/2\/2023\/11\/Specialized-Helmet-150x150.webp 150w, https:\/\/d2p6e6u75xmxt8.cloudfront.net\/2\/2023\/11\/Specialized-Helmet-768x768.webp 768w, https:\/\/d2p6e6u75xmxt8.cloudfront.net\/2\/2023\/11\/Specialized-Helmet-400x400.webp 400w\" sizes=\"auto, (max-width: 1134px) 100vw, 1134px\" \/><\/a><figcaption id=\"caption-attachment-194495\" class=\"wp-caption-text\">At Sigma Sports, you can find the Specialized S-WORKS PREVAIL 3 helmet in sale.<\/figcaption><\/figure>\n<h2><strong>New clothing<\/strong><\/h2>\n<p style=\"font-weight: 400;\">Finally, let&#8217;s not forget clothing. There are hundreds of brands that will try to dispose of their stock this week, so it&#8217;s time to pick and choose your brand. <a href=\"https:\/\/foxracing.ie\/sale\/\">Fox Racing<\/a>, one of the most familiar brands in MTB riding, offers countless discounts of up to 50%. You can get premium jackets, shirts, gloves, and pants at a massive discount.<\/p>\n<p style=\"font-weight: 400;\">If you don&#8217;t want to go brand by brand, however, you can always trust <a href=\"https:\/\/www.bike-discount.de\/cat\/index\/sCategory\/30918\">Bike Discount<\/a>, where you can find top-notch clothes at lucrative prices and some premium cycling shoes with massive discounts.<\/p>\n<p style=\"font-weight: 400;\"><a href=\"https:\/\/www.tredz.co.uk\/cycling-clothing?product_black_friday=true\">Tredz<\/a>, on the other hand, will offer you up to 65% off all clothing, including shoes, goggles, jackets, and others. And, of course, there are <a href=\"https:\/\/www.chainreactioncycles.com\/de-en\/m\/blackfridaywk423c?index=n&amp;categoryNames=Clothing\">Chain Reaction<\/a> with up to 60% discounts and Bike24 with up to 50% off on products across the wardrobe.<\/p>\n<h2><strong>Are you ready to buy?<\/strong><\/h2>\n<p style=\"font-weight: 400;\">Black Friday is the best time for being a cyclist. You will always spend a lot of money on this hobby (or should I say craze) but at least once a year, you can take advantage of the American culture. Yay, capitalism. So, get your credit card ready, and let&#8217;s get this shopping therapy going.<\/p>\n","protected":false},"excerpt":{"rendered":"<p>Black Friday is upon us. May God have mercy on our souls. Well, yes, I&#8217;m a bit overdramatic. After all, [&hellip;]<\/p>\n","protected":false},"author":99,"featured_media":187546,"comment_status":"closed","ping_status":"open","sticky":false,"template":"","format":"standard","meta":{"footnotes":""},"categories":[334],"tags":[4640,7482,7483,1552,517,7484],"global-categories":[3366],"class_list":["post-194491","post","type-post","status-publish","format-standard","has-post-thumbnail","hentry","category-socialising-and-culture","tag-black-friday","tag-black-friday-cycling","tag-elite","tag-garmin","tag-specialized","tag-supernova","global-categories-cycling"],"yoast_head":"<!-- This site is optimized with the Yoast SEO Premium plugin v25.3 (Yoast SEO v25.9) - https:\/\/yoast.com\/wordpress\/plugins\/seo\/ -->\n<title>What to Look for This Black Friday - \u0160koda We Love Cycling<\/title>\n<meta name=\"description\" content=\"Black Friday is upon us. May God have mercy on our souls. Well, yes, I&#039;m a bit overdramatic. After all, Black Friday is not black at all. It&#039;s the\" \/>\n<meta name=\"robots\" content=\"index, follow, max-snippet:-1, max-image-preview:large, max-video-preview:-1\" \/>\n<link rel=\"canonical\" href=\"https:\/\/www.welovecycling.com\/wide\/2023\/11\/23\/what-to-look-for-this-black-friday\/\" \/>\n<meta property=\"og:locale\" content=\"en_US\" \/>\n<meta property=\"og:type\" content=\"article\" \/>\n<meta property=\"og:title\" content=\"What to Look for This Black Friday\" \/>\n<meta property=\"og:description\" content=\"Black Friday is upon us. May God have mercy on our souls. Well, yes, I&#039;m a bit overdramatic. After all, Black Friday is not black at all. It&#039;s the\" \/>\n<meta property=\"og:url\" content=\"https:\/\/www.welovecycling.com\/wide\/2023\/11\/23\/what-to-look-for-this-black-friday\/\" \/>\n<meta property=\"og:site_name\" content=\"\u0160koda We Love Cycling\" \/>\n<meta property=\"article:published_time\" content=\"2023-11-23T12:23:37+00:00\" \/>\n<meta property=\"og:image\" content=\"https:\/\/d2p6e6u75xmxt8.cloudfront.net\/2\/2021\/11\/Black-Friday-CVR-profimedia-0475962453.webp\" \/>\n\t<meta property=\"og:image:width\" content=\"900\" \/>\n\t<meta property=\"og:image:height\" content=\"600\" \/>\n\t<meta property=\"og:image:type\" content=\"image\/webp\" \/>\n<meta name=\"author\" content=\"tereza\" \/>\n<meta name=\"twitter:card\" content=\"summary_large_image\" \/>\n<meta name=\"twitter:label1\" content=\"Written by\" \/>\n\t<meta name=\"twitter:data1\" content=\"Martin Atanasov\" \/>\n\t<meta name=\"twitter:label2\" content=\"Est. reading time\" \/>\n\t<meta name=\"twitter:data2\" content=\"5\" \/>\n<script type=\"application\/ld+json\" class=\"yoast-schema-graph\">{\"@context\":\"https:\/\/schema.org\",\"@graph\":[{\"@type\":\"WebPage\",\"@id\":\"https:\/\/www.welovecycling.com\/wide\/2023\/11\/23\/what-to-look-for-this-black-friday\/\",\"url\":\"https:\/\/www.welovecycling.com\/wide\/2023\/11\/23\/what-to-look-for-this-black-friday\/\",\"name\":\"What to Look for This Black Friday - \u0160koda We Love Cycling\",\"isPartOf\":{\"@id\":\"https:\/\/www.welovecycling.com\/wide\/#website\"},\"primaryImageOfPage\":{\"@id\":\"https:\/\/www.welovecycling.com\/wide\/2023\/11\/23\/what-to-look-for-this-black-friday\/#primaryimage\"},\"image\":{\"@id\":\"https:\/\/www.welovecycling.com\/wide\/2023\/11\/23\/what-to-look-for-this-black-friday\/#primaryimage\"},\"thumbnailUrl\":\"https:\/\/d2p6e6u75xmxt8.cloudfront.net\/2\/2021\/11\/Black-Friday-CVR-profimedia-0475962453.webp\",\"datePublished\":\"2023-11-23T12:23:37+00:00\",\"author\":{\"@id\":\"https:\/\/www.welovecycling.com\/wide\/#\/schema\/person\/50f01ecd18718d2333cf72e823c4f926\"},\"description\":\"Black Friday is upon us. May God have mercy on our souls. Well, yes, I'm a bit overdramatic. After all, Black Friday is not black at all. It's the\",\"breadcrumb\":{\"@id\":\"https:\/\/www.welovecycling.com\/wide\/2023\/11\/23\/what-to-look-for-this-black-friday\/#breadcrumb\"},\"inLanguage\":\"en-US\",\"potentialAction\":[{\"@type\":\"ReadAction\",\"target\":[\"https:\/\/www.welovecycling.com\/wide\/2023\/11\/23\/what-to-look-for-this-black-friday\/\"]}]},{\"@type\":\"ImageObject\",\"inLanguage\":\"en-US\",\"@id\":\"https:\/\/www.welovecycling.com\/wide\/2023\/11\/23\/what-to-look-for-this-black-friday\/#primaryimage\",\"url\":\"https:\/\/d2p6e6u75xmxt8.cloudfront.net\/2\/2021\/11\/Black-Friday-CVR-profimedia-0475962453.webp\",\"contentUrl\":\"https:\/\/d2p6e6u75xmxt8.cloudfront.net\/2\/2021\/11\/Black-Friday-CVR-profimedia-0475962453.webp\",\"width\":900,\"height\":600,\"caption\":\"Black Friday\"},{\"@type\":\"BreadcrumbList\",\"@id\":\"https:\/\/www.welovecycling.com\/wide\/2023\/11\/23\/what-to-look-for-this-black-friday\/#breadcrumb\",\"itemListElement\":[{\"@type\":\"ListItem\",\"position\":1,\"name\":\"Home\",\"item\":\"https:\/\/www.welovecycling.com\/wide\/\"},{\"@type\":\"ListItem\",\"position\":2,\"name\":\"What to Look for This Black Friday\"}]},{\"@type\":\"WebSite\",\"@id\":\"https:\/\/www.welovecycling.com\/wide\/#website\",\"url\":\"https:\/\/www.welovecycling.com\/wide\/\",\"name\":\"\u0160koda We Love Cycling\",\"description\":\"\u0160koda We Love Cycling magazine\",\"alternateName\":\"\u0160koda WLC\",\"potentialAction\":[{\"@type\":\"SearchAction\",\"target\":{\"@type\":\"EntryPoint\",\"urlTemplate\":\"https:\/\/www.welovecycling.com\/wide\/?s={search_term_string}\"},\"query-input\":{\"@type\":\"PropertyValueSpecification\",\"valueRequired\":true,\"valueName\":\"search_term_string\"}}],\"inLanguage\":\"en-US\"},{\"@type\":\"Person\",\"@id\":\"https:\/\/www.welovecycling.com\/wide\/#\/schema\/person\/50f01ecd18718d2333cf72e823c4f926\",\"name\":\"tereza\",\"image\":{\"@type\":\"ImageObject\",\"inLanguage\":\"en-US\",\"@id\":\"https:\/\/www.welovecycling.com\/wide\/#\/schema\/person\/image\/\",\"url\":\"https:\/\/secure.gravatar.com\/avatar\/1f9eb71be33845f0afabce3791bc1c58ecdb0a25c62964987e5dbcf7a20d2ec7?s=96&d=mm&r=g\",\"contentUrl\":\"https:\/\/secure.gravatar.com\/avatar\/1f9eb71be33845f0afabce3791bc1c58ecdb0a25c62964987e5dbcf7a20d2ec7?s=96&d=mm&r=g\",\"caption\":\"tereza\"},\"url\":\"https:\/\/www.welovecycling.com\/wide\/author\/tereza\/\"}]}<\/script>\n<!-- \/ Yoast SEO Premium plugin. -->","yoast_head_json":{"title":"What to Look for This Black Friday - \u0160koda We Love Cycling","description":"Black Friday is upon us. May God have mercy on our souls. Well, yes, I'm a bit overdramatic. After all, Black Friday is not black at all. It's the","robots":{"index":"index","follow":"follow","max-snippet":"max-snippet:-1","max-image-preview":"max-image-preview:large","max-video-preview":"max-video-preview:-1"},"canonical":"https:\/\/www.welovecycling.com\/wide\/2023\/11\/23\/what-to-look-for-this-black-friday\/","og_locale":"en_US","og_type":"article","og_title":"What to Look for This Black Friday","og_description":"Black Friday is upon us. May God have mercy on our souls. Well, yes, I'm a bit overdramatic. After all, Black Friday is not black at all. It's the","og_url":"https:\/\/www.welovecycling.com\/wide\/2023\/11\/23\/what-to-look-for-this-black-friday\/","og_site_name":"\u0160koda We Love Cycling","article_published_time":"2023-11-23T12:23:37+00:00","og_image":[{"width":900,"height":600,"url":"https:\/\/d2p6e6u75xmxt8.cloudfront.net\/2\/2021\/11\/Black-Friday-CVR-profimedia-0475962453.webp","type":"image\/webp"}],"author":"tereza","twitter_card":"summary_large_image","twitter_misc":{"Written by":"Martin Atanasov","Est. reading time":"5"},"schema":{"@context":"https:\/\/schema.org","@graph":[{"@type":"WebPage","@id":"https:\/\/www.welovecycling.com\/wide\/2023\/11\/23\/what-to-look-for-this-black-friday\/","url":"https:\/\/www.welovecycling.com\/wide\/2023\/11\/23\/what-to-look-for-this-black-friday\/","name":"What to Look for This Black Friday - \u0160koda We Love Cycling","isPartOf":{"@id":"https:\/\/www.welovecycling.com\/wide\/#website"},"primaryImageOfPage":{"@id":"https:\/\/www.welovecycling.com\/wide\/2023\/11\/23\/what-to-look-for-this-black-friday\/#primaryimage"},"image":{"@id":"https:\/\/www.welovecycling.com\/wide\/2023\/11\/23\/what-to-look-for-this-black-friday\/#primaryimage"},"thumbnailUrl":"https:\/\/d2p6e6u75xmxt8.cloudfront.net\/2\/2021\/11\/Black-Friday-CVR-profimedia-0475962453.webp","datePublished":"2023-11-23T12:23:37+00:00","author":{"@id":"https:\/\/www.welovecycling.com\/wide\/#\/schema\/person\/50f01ecd18718d2333cf72e823c4f926"},"description":"Black Friday is upon us. May God have mercy on our souls. Well, yes, I'm a bit overdramatic. After all, Black Friday is not black at all. It's the","breadcrumb":{"@id":"https:\/\/www.welovecycling.com\/wide\/2023\/11\/23\/what-to-look-for-this-black-friday\/#breadcrumb"},"inLanguage":"en-US","potentialAction":[{"@type":"ReadAction","target":["https:\/\/www.welovecycling.com\/wide\/2023\/11\/23\/what-to-look-for-this-black-friday\/"]}]},{"@type":"ImageObject","inLanguage":"en-US","@id":"https:\/\/www.welovecycling.com\/wide\/2023\/11\/23\/what-to-look-for-this-black-friday\/#primaryimage","url":"https:\/\/d2p6e6u75xmxt8.cloudfront.net\/2\/2021\/11\/Black-Friday-CVR-profimedia-0475962453.webp","contentUrl":"https:\/\/d2p6e6u75xmxt8.cloudfront.net\/2\/2021\/11\/Black-Friday-CVR-profimedia-0475962453.webp","width":900,"height":600,"caption":"Black Friday"},{"@type":"BreadcrumbList","@id":"https:\/\/www.welovecycling.com\/wide\/2023\/11\/23\/what-to-look-for-this-black-friday\/#breadcrumb","itemListElement":[{"@type":"ListItem","position":1,"name":"Home","item":"https:\/\/www.welovecycling.com\/wide\/"},{"@type":"ListItem","position":2,"name":"What to Look for This Black Friday"}]},{"@type":"WebSite","@id":"https:\/\/www.welovecycling.com\/wide\/#website","url":"https:\/\/www.welovecycling.com\/wide\/","name":"\u0160koda We Love Cycling","description":"\u0160koda We Love Cycling magazine","alternateName":"\u0160koda WLC","potentialAction":[{"@type":"SearchAction","target":{"@type":"EntryPoint","urlTemplate":"https:\/\/www.welovecycling.com\/wide\/?s={search_term_string}"},"query-input":{"@type":"PropertyValueSpecification","valueRequired":true,"valueName":"search_term_string"}}],"inLanguage":"en-US"},{"@type":"Person","@id":"https:\/\/www.welovecycling.com\/wide\/#\/schema\/person\/50f01ecd18718d2333cf72e823c4f926","name":"tereza","image":{"@type":"ImageObject","inLanguage":"en-US","@id":"https:\/\/www.welovecycling.com\/wide\/#\/schema\/person\/image\/","url":"https:\/\/secure.gravatar.com\/avatar\/1f9eb71be33845f0afabce3791bc1c58ecdb0a25c62964987e5dbcf7a20d2ec7?s=96&d=mm&r=g","contentUrl":"https:\/\/secure.gravatar.com\/avatar\/1f9eb71be33845f0afabce3791bc1c58ecdb0a25c62964987e5dbcf7a20d2ec7?s=96&d=mm&r=g","caption":"tereza"},"url":"https:\/\/www.welovecycling.com\/wide\/author\/tereza\/"}]}},"_links":{"self":[{"href":"https:\/\/www.welovecycling.com\/wide\/wp-json\/wp\/v2\/posts\/194491","targetHints":{"allow":["GET"]}}],"collection":[{"href":"https:\/\/www.welovecycling.com\/wide\/wp-json\/wp\/v2\/posts"}],"about":[{"href":"https:\/\/www.welovecycling.com\/wide\/wp-json\/wp\/v2\/types\/post"}],"author":[{"embeddable":true,"href":"https:\/\/www.welovecycling.com\/wide\/wp-json\/wp\/v2\/users\/99"}],"replies":[{"embeddable":true,"href":"https:\/\/www.welovecycling.com\/wide\/wp-json\/wp\/v2\/comments?post=194491"}],"version-history":[{"count":2,"href":"https:\/\/www.welovecycling.com\/wide\/wp-json\/wp\/v2\/posts\/194491\/revisions"}],"predecessor-version":[{"id":194497,"href":"https:\/\/www.welovecycling.com\/wide\/wp-json\/wp\/v2\/posts\/194491\/revisions\/194497"}],"wp:featuredmedia":[{"embeddable":true,"href":"https:\/\/www.welovecycling.com\/wide\/wp-json\/wp\/v2\/media\/187546"}],"wp:attachment":[{"href":"https:\/\/www.welovecycling.com\/wide\/wp-json\/wp\/v2\/media?parent=194491"}],"wp:term":[{"taxonomy":"category","embeddable":true,"href":"https:\/\/www.welovecycling.com\/wide\/wp-json\/wp\/v2\/categories?post=194491"},{"taxonomy":"post_tag","embeddable":true,"href":"https:\/\/www.welovecycling.com\/wide\/wp-json\/wp\/v2\/tags?post=194491"},{"taxonomy":"global-categories","embeddable":true,"href":"https:\/\/www.welovecycling.com\/wide\/wp-json\/wp\/v2\/global-categories?post=194491"}],"curies":[{"name":"wp","href":"https:\/\/api.w.org\/{rel}","templated":true}]}}